{"id":11352,"date":"2020-05-07T03:09:08","date_gmt":"2020-05-07T03:09:08","guid":{"rendered":"https:\/\/correiodasemana.com\/site\/?p=11352"},"modified":"2020-05-07T03:09:08","modified_gmt":"2020-05-07T03:09:08","slug":"maria-e-a-ressurreicao-de-jesus","status":"publish","type":"post","link":"https:\/\/correiodasemana.com\/site\/maria-e-a-ressurreicao-de-jesus\/","title":{"rendered":"Maria e a Ressurrei\u00e7\u00e3o de Jesus"},"content":{"rendered":"<p>Neste ano, o tempo pascal transcorre pelo m\u00eas de maio, dedicado a presen\u00e7a de Maria na Igreja. A devo\u00e7\u00e3o \u00e0 Maria d\u00e1 cor, alegria e beleza em nosso Apostolado. O tempo pascal prolonga as alegrias da Ressurrei\u00e7\u00e3o de Jesus Cristo. O m\u00eas de maio \u00e9 um grande convite para aprofundar-nos a espiritualidade mariana e h\u00e1 uma liga\u00e7\u00e3o profunda entre esses dois mist\u00e9rios de nossa f\u00e9: Maria e P\u00e1scoa.<br \/>\nCrer na ressurrei\u00e7\u00e3o \u00e9 professar que Jesus est\u00e1 vivo, que Ele \u00e9 o Filho de Deus, que Ele venceu a morte, que sua vida de entrega a Deus e aos irm\u00e3os \u00e9 modelo definitivo para todos n\u00f3s. Maria foi quem primeiro professou tal f\u00e9, mesmo quando ela viu seu Filho na cruz. Ela sabia, tamb\u00e9m que seu amor por Jesus era tal que a morte n\u00e3o podia venc\u00ea-lo. De alguma maneira, ela iria reencontrar esse grande amor.<br \/>\nAssim, foi a manh\u00e3 de P\u00e1scoa. Deus Pai, vencido pelo duplo amor de Jesus e de Maria, arrancou Jesus das garras da morte, ressuscitando-o. P\u00e1scoa e Maria se unem pela for\u00e7a do amor.<br \/>\nS\u00f3 o amor intui a vida, portanto, Maria desde a concep\u00e7\u00e3o at\u00e9 a ressurrei\u00e7\u00e3o tinha certeza e confiava no amor de Deus. Maria refugiava-se no amor da contempla\u00e7\u00e3o e l\u00e1 encontrava a serenidade da certeza (Lc 2, 51). A P\u00e1scoa foi o momento auge dessa atitude mariana.<br \/>\nO amor de Maria antecipou a P\u00e1scoa de Jesus. \u00c0 P\u00e1scoa segue-se o m\u00eas de maio e d\u00e1 um profundo sentido de celebrarmos as a\u00e7\u00f5es de Deus junto com a humanidade. Unindo essas duas realidades: Maria e a Ressurrei\u00e7\u00e3o de Jesus na nossa vida de ora\u00e7\u00e3o e com muita devo\u00e7\u00e3o estaremos vivenciando os mist\u00e9rios da nossa f\u00e9 crist\u00e3.<br \/>\nEstimados irm\u00e3os do Apostolado da Ora\u00e7\u00e3o, Vivendo Maio com piedade, rezando o ter\u00e7o e alimentando o nosso cora\u00e7\u00e3o com o amor de Maria iremos crescer na conviv\u00eancia com os irm\u00e3os e nas a\u00e7\u00f5es de caridade em nossas comunidades paroquiais.<br \/>\nCora\u00e7\u00e3o de Maria, intercedei, por n\u00f3s!<\/p>\n","protected":false},"excerpt":{"rendered":"<p>Neste ano, o tempo pascal transcorre pelo m\u00eas de maio, dedicado a presen\u00e7a de Maria&#8230;<\/p>\n","protected":false},"author":1,"featured_media":7865,"comment_status":"open","ping_status":"open","sticky":false,"template":"","format":"standard","meta":{"_jetpack_memberships_contains_paid_content":false,"footnotes":"","jetpack_publicize_message":"","jetpack_publicize_feature_enabled":true,"jetpack_social_post_already_shared":true,"jetpack_social_options":{"image_generator_settings":{"template":"highway","default_image_id":0,"font":"","enabled":false},"version":2}},"categories":[20],"tags":[],"class_list":["post-11352","post","type-post","status-publish","format-standard","has-post-thumbnail","hentry","category-editorial"],"jetpack_publicize_connections":[],"jetpack_featured_media_url":"https:\/\/correiodasemana.com\/site\/wp-content\/uploads\/2018\/02\/editorial-cs.jpg","jetpack-related-posts":[{"id":19535,"url":"https:\/\/correiodasemana.com\/site\/entre-glorias-e-aleluias-a-pascoa-da-ressurreicao-2\/","url_meta":{"origin":11352,"position":0},"title":"Entre gl\u00f3rias e aleluias: a P\u00e1scoa da Ressurrei\u00e7\u00e3o.","author":"","date":"Abril 17, 2022","format":false,"excerpt":"Neste Domingo de P\u00e1scoa, a Igreja do mundo inteiro festeja alegremente a Ressurrei\u00e7\u00e3o do Senhor. Ap\u00f3s passarmos pelos seus sofrimentos e morte de cruz, proclamamos solenemente que Ele est\u00e1 vivo e permanece entre n\u00f3s! Essa \u00e9 a grande verdade que d\u00e1 sentido a nossa f\u00e9 e renova a esperan\u00e7a crist\u00e3.\u2026","rel":"","context":"In &quot;Artigos&quot;","block_context":{"text":"Artigos","link":"https:\/\/correiodasemana.com\/site\/category\/artigos\/"},"img":{"alt_text":"","src":"https:\/\/i0.wp.com\/correiodasemana.com\/site\/wp-content\/uploads\/2018\/02\/editorial-cs.jpg?resize=350%2C200&ssl=1","width":350,"height":200,"srcset":"https:\/\/i0.wp.com\/correiodasemana.com\/site\/wp-content\/uploads\/2018\/02\/editorial-cs.jpg?resize=350%2C200&ssl=1 1x, https:\/\/i0.wp.com\/correiodasemana.com\/site\/wp-content\/uploads\/2018\/02\/editorial-cs.jpg?resize=525%2C300&ssl=1 1.5x"},"classes":[]},{"id":16146,"url":"https:\/\/correiodasemana.com\/site\/entre-glorias-e-aleluias-a-pascoa-da-ressurreicao\/","url_meta":{"origin":11352,"position":1},"title":"Entre gl\u00f3rias e aleluias: a P\u00e1scoa da Ressurrei\u00e7\u00e3o.","author":"","date":"Abril 5, 2021","format":false,"excerpt":"Neste Domingo de P\u00e1scoa, a Igreja do mundo inteiro festeja alegremente a Ressurrei\u00e7\u00e3o do Senhor. Ap\u00f3s passarmos pelos seus sofrimentos e morte de cruz, proclamamos solenemente que Ele est\u00e1 vivo e permanece entre n\u00f3s! Essa \u00e9 a grande verdade que d\u00e1 sentido a nossa f\u00e9 e renova a esperan\u00e7a crist\u00e3.\u2026","rel":"","context":"In &quot;Artigos&quot;","block_context":{"text":"Artigos","link":"https:\/\/correiodasemana.com\/site\/category\/artigos\/"},"img":{"alt_text":"","src":"https:\/\/i0.wp.com\/correiodasemana.com\/site\/wp-content\/uploads\/2018\/02\/editorial-cs.jpg?resize=350%2C200&ssl=1","width":350,"height":200,"srcset":"https:\/\/i0.wp.com\/correiodasemana.com\/site\/wp-content\/uploads\/2018\/02\/editorial-cs.jpg?resize=350%2C200&ssl=1 1x, https:\/\/i0.wp.com\/correiodasemana.com\/site\/wp-content\/uploads\/2018\/02\/editorial-cs.jpg?resize=525%2C300&ssl=1 1.5x"},"classes":[]},{"id":16144,"url":"https:\/\/correiodasemana.com\/site\/o-papa-neste-calvario-de-morte-jesus-sofre-nos-seus-discipulos\/","url_meta":{"origin":11352,"position":2},"title":"O Papa: neste Calv\u00e1rio de morte, Jesus sofre nos seus disc\u00edpulos","author":"","date":"Abril 5, 2021","format":false,"excerpt":"\u201cJ\u00e1 imersos na atmosfera espiritual da Semana Santa, estamos na vig\u00edlia do Tr\u00edduo pascal. De amanh\u00e3 at\u00e9 domingo, viveremos os dias centrais do Ano\u201d lit\u00fargico, celebrando o mist\u00e9rio da Paix\u00e3o, Morte e Ressurrei\u00e7\u00e3o do Senhor\u201d, disse Francisco no in\u00edcio de sua catequese na Audi\u00eancia Geral desta quarta-feira. \u201cJ\u00e1 imersos na\u2026","rel":"","context":"In &quot;A voz do Pastor&quot;","block_context":{"text":"A voz do Pastor","link":"https:\/\/correiodasemana.com\/site\/category\/a-voz-do-pastor\/"},"img":{"alt_text":"","src":"https:\/\/i0.wp.com\/correiodasemana.com\/site\/wp-content\/uploads\/2018\/02\/Dom-Vasconcelos-posses.jpg?resize=350%2C200&ssl=1","width":350,"height":200,"srcset":"https:\/\/i0.wp.com\/correiodasemana.com\/site\/wp-content\/uploads\/2018\/02\/Dom-Vasconcelos-posses.jpg?resize=350%2C200&ssl=1 1x, https:\/\/i0.wp.com\/correiodasemana.com\/site\/wp-content\/uploads\/2018\/02\/Dom-Vasconcelos-posses.jpg?resize=525%2C300&ssl=1 1.5x, https:\/\/i0.wp.com\/correiodasemana.com\/site\/wp-content\/uploads\/2018\/02\/Dom-Vasconcelos-posses.jpg?resize=700%2C400&ssl=1 2x"},"classes":[]},{"id":23951,"url":"https:\/\/correiodasemana.com\/site\/domingo-de-pascoa-a-alegria-da-ressurreicao-e-celebrada-com-festa-na-igreja-mae-da-diocese-de-sobral\/","url_meta":{"origin":11352,"position":3},"title":"Domingo de P\u00e1scoa: A alegria da ressurrei\u00e7\u00e3o \u00e9 celebrada com festa na igreja m\u00e3e da Diocese de Sobral","author":"adminredacao","date":"Abril 11, 2023","format":false,"excerpt":"Na madrugada deste domingo, 09\/04, houve a prociss\u00e3o com a imagem do Cristo Ressuscitado saindo da S\u00c9 Catedral e passando pelas principais ruas do centro da cidade. Durante o dia houve quatro celebra\u00e7\u00f5es na igreja m\u00e3e. A P\u00e1scoa \u00e9 uma grande festa crist\u00e3, na qual os crist\u00e3os se re\u00fanem para\u2026","rel":"","context":"In &quot;Atualidade&quot;","block_context":{"text":"Atualidade","link":"https:\/\/correiodasemana.com\/site\/category\/atualidade\/"},"img":{"alt_text":"","src":"https:\/\/i0.wp.com\/correiodasemana.com\/site\/wp-content\/uploads\/2023\/04\/domingo-7.jpeg?resize=350%2C200&ssl=1","width":350,"height":200,"srcset":"https:\/\/i0.wp.com\/correiodasemana.com\/site\/wp-content\/uploads\/2023\/04\/domingo-7.jpeg?resize=350%2C200&ssl=1 1x, https:\/\/i0.wp.com\/correiodasemana.com\/site\/wp-content\/uploads\/2023\/04\/domingo-7.jpeg?resize=525%2C300&ssl=1 1.5x, https:\/\/i0.wp.com\/correiodasemana.com\/site\/wp-content\/uploads\/2023\/04\/domingo-7.jpeg?resize=700%2C400&ssl=1 2x, https:\/\/i0.wp.com\/correiodasemana.com\/site\/wp-content\/uploads\/2023\/04\/domingo-7.jpeg?resize=1050%2C600&ssl=1 3x"},"classes":[]},{"id":24198,"url":"https:\/\/correiodasemana.com\/site\/lancar-as-sementes-da-ressurreicao\/","url_meta":{"origin":11352,"position":4},"title":"Lan\u00e7ar as sementes da Ressurrei\u00e7\u00e3o","author":"adminredacao","date":"Abril 24, 2023","format":false,"excerpt":"Jesus Ressuscitado, aparecendo aos ap\u00f3stolos, transmite-lhes o mandato mission\u00e1rio: \u201cAssim como o Pai me enviou, eu tamb\u00e9m envio voc\u00eas\u201d (Jo 20,21). A Ressurrei\u00e7\u00e3o est\u00e1 vinculada \u00e0 miss\u00e3o. Os ap\u00f3stolos partem para testemunhar, pelo mundo afora, a novidade de que a morte foi vencida, pois aquele Jesus que fora crucificado est\u00e1\u2026","rel":"","context":"In &quot;Atualidade&quot;","block_context":{"text":"Atualidade","link":"https:\/\/correiodasemana.com\/site\/category\/atualidade\/"},"img":{"alt_text":"","src":"https:\/\/i0.wp.com\/correiodasemana.com\/site\/wp-content\/uploads\/2019\/07\/editorial-cs.jpg?resize=350%2C200&ssl=1","width":350,"height":200,"srcset":"https:\/\/i0.wp.com\/correiodasemana.com\/site\/wp-content\/uploads\/2019\/07\/editorial-cs.jpg?resize=350%2C200&ssl=1 1x, https:\/\/i0.wp.com\/correiodasemana.com\/site\/wp-content\/uploads\/2019\/07\/editorial-cs.jpg?resize=525%2C300&ssl=1 1.5x"},"classes":[]},{"id":28900,"url":"https:\/\/correiodasemana.com\/site\/lancar-as-sementes-da-ressurreicao-2\/","url_meta":{"origin":11352,"position":5},"title":"Lan\u00e7ar as sementes da Ressurrei\u00e7\u00e3o","author":"adminredacao","date":"Abril 15, 2024","format":false,"excerpt":"Jesus Ressuscitado, aparecendo aos ap\u00f3stolos, transmite-lhes o mandato mission\u00e1rio: \u201cAssim como o Pai me enviou, eu tamb\u00e9m envio voc\u00eas\u201d (Jo 20,21). A Ressurrei\u00e7\u00e3o est\u00e1 vinculada \u00e0 miss\u00e3o. Os ap\u00f3stolos partem para testemunhar, pelo mundo afora, a novidade de que a morte foi vencida, pois aquele Jesus que fora crucificado est\u00e1\u2026","rel":"","context":"In &quot;Artigos&quot;","block_context":{"text":"Artigos","link":"https:\/\/correiodasemana.com\/site\/category\/artigos\/"},"img":{"alt_text":"","src":"https:\/\/i0.wp.com\/correiodasemana.com\/site\/wp-content\/uploads\/2019\/07\/editorial-cs.jpg?resize=350%2C200&ssl=1","width":350,"height":200,"srcset":"https:\/\/i0.wp.com\/correiodasemana.com\/site\/wp-content\/uploads\/2019\/07\/editorial-cs.jpg?resize=350%2C200&ssl=1 1x, https:\/\/i0.wp.com\/correiodasemana.com\/site\/wp-content\/uploads\/2019\/07\/editorial-cs.jpg?resize=525%2C300&ssl=1 1.5x"},"classes":[]}],"jetpack_sharing_enabled":true,"_links":{"self":[{"href":"https:\/\/correiodasemana.com\/site\/wp-json\/wp\/v2\/posts\/11352","targetHints":{"allow":["GET"]}}],"collection":[{"href":"https:\/\/correiodasemana.com\/site\/wp-json\/wp\/v2\/posts"}],"about":[{"href":"https:\/\/correiodasemana.com\/site\/wp-json\/wp\/v2\/types\/post"}],"author":[{"embeddable":true,"href":"https:\/\/correiodasemana.com\/site\/wp-json\/wp\/v2\/users\/1"}],"replies":[{"embeddable":true,"href":"https:\/\/correiodasemana.com\/site\/wp-json\/wp\/v2\/comments?post=11352"}],"version-history":[{"count":1,"href":"https:\/\/correiodasemana.com\/site\/wp-json\/wp\/v2\/posts\/11352\/revisions"}],"predecessor-version":[{"id":11353,"href":"https:\/\/correiodasemana.com\/site\/wp-json\/wp\/v2\/posts\/11352\/revisions\/11353"}],"wp:featuredmedia":[{"embeddable":true,"href":"https:\/\/correiodasemana.com\/site\/wp-json\/wp\/v2\/media\/7865"}],"wp:attachment":[{"href":"https:\/\/correiodasemana.com\/site\/wp-json\/wp\/v2\/media?parent=11352"}],"wp:term":[{"taxonomy":"category","embeddable":true,"href":"https:\/\/correiodasemana.com\/site\/wp-json\/wp\/v2\/categories?post=11352"},{"taxonomy":"post_tag","embeddable":true,"href":"https:\/\/correiodasemana.com\/site\/wp-json\/wp\/v2\/tags?post=11352"}],"curies":[{"name":"wp","href":"https:\/\/api.w.org\/{rel}","templated":true}]}}