{"id":11385,"date":"2020-05-18T17:43:17","date_gmt":"2020-05-18T17:43:17","guid":{"rendered":"https:\/\/correiodasemana.com\/site\/?p=11385"},"modified":"2020-05-18T17:56:43","modified_gmt":"2020-05-18T17:56:43","slug":"numero-de-casos-de-coronavirus-cresce-em-sobral-2","status":"publish","type":"post","link":"https:\/\/correiodasemana.com\/site\/numero-de-casos-de-coronavirus-cresce-em-sobral-2\/","title":{"rendered":"N\u00famero de casos de coronav\u00edrus cresce em Sobral"},"content":{"rendered":"<blockquote>\n<p class=\"p1\"><span class=\"s1\"><img fetchpriority=\"high\" decoding=\"async\" class=\"size-medium wp-image-11364 aligncenter\" src=\"https:\/\/correiodasemana.com\/site\/wp-content\/uploads\/2020\/05\/B319D7CC-1C2C-422D-B398-DA8ED43417DF-300x169.jpeg\" alt=\"\" width=\"300\" height=\"169\" srcset=\"https:\/\/correiodasemana.com\/site\/wp-content\/uploads\/2020\/05\/B319D7CC-1C2C-422D-B398-DA8ED43417DF-300x169.jpeg 300w, https:\/\/correiodasemana.com\/site\/wp-content\/uploads\/2020\/05\/B319D7CC-1C2C-422D-B398-DA8ED43417DF.jpeg 711w\" sizes=\"(max-width: 300px) 100vw, 300px\" \/><br \/>\n<\/span><\/p>\n<\/blockquote>\n<p class=\"p1\"><span class=\"s1\"><span class=\"s1\">A curva da epidemia acelerou na \u00faltima semana. De acordo com o boletim epidemiol\u00f3gico divulgado no \u00faltimo domingo (17) atrav\u00e9s da Secretaria da Sa\u00fade de Sobral,\u00a0<\/span><span class=\"s1\">o munic\u00edpio soma 940 casos confirmados e 26 mortes. A maioria dos casos se concentra na sede, com 821 positivos. At\u00e9 domingo (10) \u00a0o munic\u00edpio registrava 450 casos, com 15 \u00f3bitos.<\/span><br \/>\n<\/span><\/p>\n<p class=\"p1\"><span class=\"s1\">A assessoria de imprensa da prefeitura informa que o aumento \u00e9 consequ\u00eancia do maior n\u00famero de testes. \u201cQuanto mais se testa, mais casos confirmados surgem\u201d, destacou. <\/span><\/p>\n<p class=\"p1\"><strong><span class=\"s1\">Cear\u00e1 registra quase 26 mil casos positivos<\/span><\/strong><\/p>\n<p class=\"p1\"><span class=\"s1\">Segundo o boletim da Secretaria de Sa\u00fade do Cear\u00e1 (Sesa) atualizado nesta segunda-feira (18) o Cear\u00e1 aponta 25.910 casos de coronav\u00edrus e 1.648 mortes. O estado \u00e9 o segundo do pa\u00eds com mais casos de covid19, ficando atr\u00e1s somente de S\u00e3o Paulo, estado considerado o epicentro da doen\u00e7a no Brasil.<\/span><\/p>\n","protected":false},"excerpt":{"rendered":"<p>A curva da epidemia acelerou na \u00faltima semana. De acordo com o boletim epidemiol\u00f3gico divulgado&#8230;<\/p>\n","protected":false},"author":1,"featured_media":11364,"comment_status":"open","ping_status":"open","sticky":false,"template":"","format":"standard","meta":{"_jetpack_memberships_contains_paid_content":false,"footnotes":"","jetpack_publicize_message":"","jetpack_publicize_feature_enabled":true,"jetpack_social_post_already_shared":true,"jetpack_social_options":{"image_generator_settings":{"template":"highway","default_image_id":0,"font":"","enabled":false},"version":2}},"categories":[1],"tags":[],"class_list":["post-11385","post","type-post","status-publish","format-standard","has-post-thumbnail","hentry","category-atualidade"],"jetpack_publicize_connections":[],"jetpack_featured_media_url":"https:\/\/correiodasemana.com\/site\/wp-content\/uploads\/2020\/05\/B319D7CC-1C2C-422D-B398-DA8ED43417DF.jpeg","jetpack-related-posts":[{"id":11488,"url":"https:\/\/correiodasemana.com\/site\/sobral-realiza-mais-testes-para-o-coronavirus\/","url_meta":{"origin":11385,"position":0},"title":"Sobral realiza mais testes para o coronav\u00edrus","author":"","date":"Maio 30, 2020","format":false,"excerpt":"A Secret\u00e1ria de Sa\u00fade atribui o crescimento dos n\u00fameros ao avan\u00e7o da pandemia e a maior aquisi\u00e7\u00e3o de testes nas \u00faltimas semanas em Sobral Por Correio da Semana Em um dos pa\u00edses que menos realiza testes para Covid-19 como o Brasil, a cidade de Sobral supera quatro estados na realiza\u00e7\u00e3o\u2026","rel":"","context":"In &quot;Atualidade&quot;","block_context":{"text":"Atualidade","link":"https:\/\/correiodasemana.com\/site\/category\/atualidade\/"},"img":{"alt_text":"","src":"https:\/\/i0.wp.com\/correiodasemana.com\/site\/wp-content\/uploads\/2020\/05\/WhatsApp-Image-2020-05-28-at-22.30.01.jpeg?resize=350%2C200&ssl=1","width":350,"height":200,"srcset":"https:\/\/i0.wp.com\/correiodasemana.com\/site\/wp-content\/uploads\/2020\/05\/WhatsApp-Image-2020-05-28-at-22.30.01.jpeg?resize=350%2C200&ssl=1 1x, https:\/\/i0.wp.com\/correiodasemana.com\/site\/wp-content\/uploads\/2020\/05\/WhatsApp-Image-2020-05-28-at-22.30.01.jpeg?resize=525%2C300&ssl=1 1.5x"},"classes":[]},{"id":11322,"url":"https:\/\/correiodasemana.com\/site\/casos-de-coronavirus-avancam-em-sobral\/","url_meta":{"origin":11385,"position":1},"title":"Casos de coronav\u00edrus avan\u00e7am em Sobral","author":"","date":"Maio 7, 2020","format":false,"excerpt":"At\u00e9 o momento, o boletim epidemiol\u00f3gico da Secretaria da Sa\u00fade de Sobral, apresenta 210 casos com quatro \u00f3bitos. Correio da Semana O primeiro caso de coronav\u00edrus em Sobral foi registrado no dia 17 de mar\u00e7o. At\u00e9 o momento, o boletim epidemiol\u00f3gico da Secretaria da Sa\u00fade de Sobral apresenta 210 casos\u2026","rel":"","context":"In &quot;Atualidade&quot;","block_context":{"text":"Atualidade","link":"https:\/\/correiodasemana.com\/site\/category\/atualidade\/"},"img":{"alt_text":"","src":"https:\/\/i0.wp.com\/correiodasemana.com\/site\/wp-content\/uploads\/2020\/05\/WhatsApp-Image-2020-04-30-at-15.18.08.jpeg?resize=350%2C200&ssl=1","width":350,"height":200,"srcset":"https:\/\/i0.wp.com\/correiodasemana.com\/site\/wp-content\/uploads\/2020\/05\/WhatsApp-Image-2020-04-30-at-15.18.08.jpeg?resize=350%2C200&ssl=1 1x, https:\/\/i0.wp.com\/correiodasemana.com\/site\/wp-content\/uploads\/2020\/05\/WhatsApp-Image-2020-04-30-at-15.18.08.jpeg?resize=525%2C300&ssl=1 1.5x, https:\/\/i0.wp.com\/correiodasemana.com\/site\/wp-content\/uploads\/2020\/05\/WhatsApp-Image-2020-04-30-at-15.18.08.jpeg?resize=700%2C400&ssl=1 2x"},"classes":[]},{"id":16837,"url":"https:\/\/correiodasemana.com\/site\/sesa-registra-queda-de-18-no-numero-de-cidades-cearenses-em-alerta-altissimo-no-ultimo-mes\/","url_meta":{"origin":11385,"position":2},"title":"Sesa registra queda de 18% no n\u00famero de cidades cearenses em alerta \u2018alt\u00edssimo\u2019 no ultimo m\u00eas","author":"","date":"Junho 27, 2021","format":false,"excerpt":"Por Samuel Carvalho - Reda\u00e7\u00e3o Correio da Semana Conforme informa\u00e7\u00f5es disponibilizadas no boletim epidemiol\u00f3gico da Secretaria da Sa\u00fade (Sesa) do Cear\u00e1, 150 cidades est\u00e3o em alerta \u201calt\u00edssimo\u201d, 14 a menos do que o verificado h\u00e1 duas semanas. Esta \u00e9 a segunda vez consecutiva que o risco de transmiss\u00e3o da Covid-19\u2026","rel":"","context":"In &quot;Atualidade&quot;","block_context":{"text":"Atualidade","link":"https:\/\/correiodasemana.com\/site\/category\/atualidade\/"},"img":{"alt_text":"","src":"https:\/\/i0.wp.com\/correiodasemana.com\/site\/wp-content\/uploads\/2021\/06\/covid.jpg?resize=350%2C200&ssl=1","width":350,"height":200,"srcset":"https:\/\/i0.wp.com\/correiodasemana.com\/site\/wp-content\/uploads\/2021\/06\/covid.jpg?resize=350%2C200&ssl=1 1x, https:\/\/i0.wp.com\/correiodasemana.com\/site\/wp-content\/uploads\/2021\/06\/covid.jpg?resize=525%2C300&ssl=1 1.5x, https:\/\/i0.wp.com\/correiodasemana.com\/site\/wp-content\/uploads\/2021\/06\/covid.jpg?resize=700%2C400&ssl=1 2x, https:\/\/i0.wp.com\/correiodasemana.com\/site\/wp-content\/uploads\/2021\/06\/covid.jpg?resize=1050%2C600&ssl=1 3x"},"classes":[]},{"id":11155,"url":"https:\/\/correiodasemana.com\/site\/boletim-da-semana-12\/","url_meta":{"origin":11385,"position":3},"title":"Boletim da Semana","author":"","date":"Mar\u00e7o 9, 2020","format":false,"excerpt":"Programa de Resid\u00eancia Universit\u00e1ria da UVA recebe inscri\u00e7\u00f5es at\u00e9 18 de mar\u00e7o As inscri\u00e7\u00f5es de estudantes interessados em ingressar no Programa de Resid\u00eancia Universit\u00e1ria da Universidade Estadual Vale do Acara\u00fa (PRU\/UVA) encerrar\u00e3o no dia 18 de mar\u00e7o de 2020. De acordo com o Edital n\u00ba 002\/2020, publicado em 18 de\u2026","rel":"","context":"In &quot;Atualidade&quot;","block_context":{"text":"Atualidade","link":"https:\/\/correiodasemana.com\/site\/category\/atualidade\/"},"img":{"alt_text":"","src":"https:\/\/i0.wp.com\/correiodasemana.com\/site\/wp-content\/uploads\/2020\/03\/GettyImages-476433472.jpg?resize=350%2C200&ssl=1","width":350,"height":200,"srcset":"https:\/\/i0.wp.com\/correiodasemana.com\/site\/wp-content\/uploads\/2020\/03\/GettyImages-476433472.jpg?resize=350%2C200&ssl=1 1x, https:\/\/i0.wp.com\/correiodasemana.com\/site\/wp-content\/uploads\/2020\/03\/GettyImages-476433472.jpg?resize=525%2C300&ssl=1 1.5x, https:\/\/i0.wp.com\/correiodasemana.com\/site\/wp-content\/uploads\/2020\/03\/GettyImages-476433472.jpg?resize=700%2C400&ssl=1 2x"},"classes":[]},{"id":11420,"url":"https:\/\/correiodasemana.com\/site\/secretaria-da-saude-de-sobral-explica-o-crescimento-dos-casos-positivos-de-coronavirus\/","url_meta":{"origin":11385,"position":4},"title":"Secret\u00e1ria da Sa\u00fade de Sobral explica o crescimento dos casos positivos de coronav\u00edrus","author":"","date":"Maio 19, 2020","format":false,"excerpt":"Frequentemente a Prefeitura Municipal de Sobral recebe questionamentos pela alta dos casos positivos de pessoas com coronav\u00edrus. Pensando nisso, a Secret\u00e1ria da Sa\u00fade, Regina Carvalho, esclareceu algumas quest\u00f5es. A Secret\u00e1ria de Sa\u00fade atribuiu o crescimento dos n\u00fameros ao avan\u00e7o da pandemia e tamb\u00e9m destacou a maior aquisi\u00e7\u00e3o de testes em\u2026","rel":"","context":"In &quot;Sa\u00fade&quot;","block_context":{"text":"Sa\u00fade","link":"https:\/\/correiodasemana.com\/site\/category\/saude\/"},"img":{"alt_text":"","src":"https:\/\/i0.wp.com\/correiodasemana.com\/site\/wp-content\/uploads\/2020\/05\/E5BAEF93-ACA6-43E8-B192-7EFA8A1B4F1B.jpeg?resize=350%2C200&ssl=1","width":350,"height":200,"srcset":"https:\/\/i0.wp.com\/correiodasemana.com\/site\/wp-content\/uploads\/2020\/05\/E5BAEF93-ACA6-43E8-B192-7EFA8A1B4F1B.jpeg?resize=350%2C200&ssl=1 1x, https:\/\/i0.wp.com\/correiodasemana.com\/site\/wp-content\/uploads\/2020\/05\/E5BAEF93-ACA6-43E8-B192-7EFA8A1B4F1B.jpeg?resize=525%2C300&ssl=1 1.5x"},"classes":[]},{"id":12537,"url":"https:\/\/correiodasemana.com\/site\/casos-de-covid-19-no-sistema-prisional-crescem-82-em-um-mes\/","url_meta":{"origin":11385,"position":5},"title":"Casos de Covid-19 no sistema prisional crescem 82% em um m\u00eas","author":"","date":"Agosto 6, 2020","format":false,"excerpt":"O n\u00famero de infectados por coronav\u00edrus em unidades do sistema prisional brasileiro registrou um aumento de 82,3% nos \u00faltimos 30 dias, chegando a 19.683 casos, al\u00e9m de 150 \u00f3bitos. O acompanhamento \u00e9 uma iniciativa do Departamento de Monitoramento e Fiscaliza\u00e7\u00e3o do Sistema Carcer\u00e1rio e do Sistema de Execu\u00e7\u00e3o de Medidas\u2026","rel":"","context":"In &quot;Atualidade&quot;","block_context":{"text":"Atualidade","link":"https:\/\/correiodasemana.com\/site\/category\/atualidade\/"},"img":{"alt_text":"","src":"https:\/\/i0.wp.com\/correiodasemana.com\/site\/wp-content\/uploads\/2020\/08\/presos.jpg?resize=350%2C200&ssl=1","width":350,"height":200,"srcset":"https:\/\/i0.wp.com\/correiodasemana.com\/site\/wp-content\/uploads\/2020\/08\/presos.jpg?resize=350%2C200&ssl=1 1x, https:\/\/i0.wp.com\/correiodasemana.com\/site\/wp-content\/uploads\/2020\/08\/presos.jpg?resize=525%2C300&ssl=1 1.5x, https:\/\/i0.wp.com\/correiodasemana.com\/site\/wp-content\/uploads\/2020\/08\/presos.jpg?resize=700%2C400&ssl=1 2x"},"classes":[]}],"jetpack_sharing_enabled":true,"_links":{"self":[{"href":"https:\/\/correiodasemana.com\/site\/wp-json\/wp\/v2\/posts\/11385","targetHints":{"allow":["GET"]}}],"collection":[{"href":"https:\/\/correiodasemana.com\/site\/wp-json\/wp\/v2\/posts"}],"about":[{"href":"https:\/\/correiodasemana.com\/site\/wp-json\/wp\/v2\/types\/post"}],"author":[{"embeddable":true,"href":"https:\/\/correiodasemana.com\/site\/wp-json\/wp\/v2\/users\/1"}],"replies":[{"embeddable":true,"href":"https:\/\/correiodasemana.com\/site\/wp-json\/wp\/v2\/comments?post=11385"}],"version-history":[{"count":8,"href":"https:\/\/correiodasemana.com\/site\/wp-json\/wp\/v2\/posts\/11385\/revisions"}],"predecessor-version":[{"id":11393,"href":"https:\/\/correiodasemana.com\/site\/wp-json\/wp\/v2\/posts\/11385\/revisions\/11393"}],"wp:featuredmedia":[{"embeddable":true,"href":"https:\/\/correiodasemana.com\/site\/wp-json\/wp\/v2\/media\/11364"}],"wp:attachment":[{"href":"https:\/\/correiodasemana.com\/site\/wp-json\/wp\/v2\/media?parent=11385"}],"wp:term":[{"taxonomy":"category","embeddable":true,"href":"https:\/\/correiodasemana.com\/site\/wp-json\/wp\/v2\/categories?post=11385"},{"taxonomy":"post_tag","embeddable":true,"href":"https:\/\/correiodasemana.com\/site\/wp-json\/wp\/v2\/tags?post=11385"}],"curies":[{"name":"wp","href":"https:\/\/api.w.org\/{rel}","templated":true}]}}