{"id":11394,"date":"2020-05-18T19:15:54","date_gmt":"2020-05-18T19:15:54","guid":{"rendered":"https:\/\/correiodasemana.com\/site\/?p=11394"},"modified":"2020-05-18T19:15:54","modified_gmt":"2020-05-18T19:15:54","slug":"vacina-para-covid-19-da-moderna-mostra-resultado-promissor-e-faz-acoes-dispararem","status":"publish","type":"post","link":"https:\/\/correiodasemana.com\/site\/vacina-para-covid-19-da-moderna-mostra-resultado-promissor-e-faz-acoes-dispararem\/","title":{"rendered":"Vacina para Covid-19 da Moderna mostra resultado promissor e faz a\u00e7\u00f5es dispararem"},"content":{"rendered":"<p><img fetchpriority=\"high\" decoding=\"async\" class=\"aligncenter size-medium wp-image-11395\" src=\"https:\/\/correiodasemana.com\/site\/wp-content\/uploads\/2020\/05\/6A9A0579-2297-45BA-84DB-83A0238999C1-300x185.jpeg\" alt=\"\" width=\"300\" height=\"185\" srcset=\"https:\/\/correiodasemana.com\/site\/wp-content\/uploads\/2020\/05\/6A9A0579-2297-45BA-84DB-83A0238999C1-300x185.jpeg 300w, https:\/\/correiodasemana.com\/site\/wp-content\/uploads\/2020\/05\/6A9A0579-2297-45BA-84DB-83A0238999C1.jpeg 768w\" sizes=\"(max-width: 300px) 100vw, 300px\" \/><\/p>\n<p>A Moderna informou nesta segunda-feira que sua vacina experimental contra a Covid-19 mostrou potencial em um estudo de est\u00e1gio inicial, j\u00e1 que produziu anticorpos neutralizadores do v\u00edrus semelhantes \u00e0queles encontrados em pacientes recuperados, o que fez o pre\u00e7o das a\u00e7\u00f5es dispararem cerca de 25%.<\/p>\n<p>A vacina da empresa est\u00e1 na vanguarda dos esfor\u00e7os de desenvolvimento de um tratamento para o v\u00edrus de dissemina\u00e7\u00e3o veloz e, na semana passada, recebeu o selo de \u201caprova\u00e7\u00e3o r\u00e1pida\u201d da ag\u00eancia de sa\u00fade dos Estados Unidos para que a revis\u00e3o regulat\u00f3ria seja acelerada. A Moderna espera iniciar um estudo de est\u00e1gio final mais amplo em julho.<\/p>\n<p>Atualmente n\u00e3o existem tratamentos ou vacinas aprovados para a Covid-19, causada pelo coronav\u00edrus, e especialistas preveem que uma vacina segura e eficiente pode demorar de 12 a 18 meses.<\/p>\n<p>Oito pacientes que receberam a vacina da Moderna mostraram n\u00edveis de anticorpos similares \u00e0queles de pessoas que se recuperaram da Covid-19, segundo resultados iniciais do estudo feito pelo Instituto Nacional de Sa\u00fade dos EUA.<\/p>\n<p>Todos os 45 participantes do estudo receberam tr\u00eas doses diferentes da vacina, e a Moderna disse que viu um aumento de depend\u00eancia da dose na imunogenicidade, a capacidade de provocar uma rea\u00e7\u00e3o imune no corpo.<\/p>\n<p>\u201cEssas s\u00e3o descobertas significativas, mas \u00e9 um ensaio cl\u00ednico de est\u00e1gio inicial que incluiu apenas oito pessoas. Foi projetado para a seguran\u00e7a. N\u00e3o para a efic\u00e1cia\u201d, disse Amesh Adalja, especialista em doen\u00e7as infecciosas do Johns Hopkins Center for Health Security, que n\u00e3o estava envolvido no estudo.<\/p>\n<p>Os dados iniciais oferecem um vislumbre de esperan\u00e7a para uma vacina entre as mais avan\u00e7adas em desenvolvimento.<\/p>\n<p>Adalja disse que muitas falhas podem ocorrer entre agora e o momento em que a vacina for testada quanto \u00e0 efic\u00e1cia em milhares de pessoas. \u201cO que vemos \u00e9 encorajador\u201d, disse ele.<\/p>\n<div>\n<h3>MAXIMIZANDO DOSES<\/h3>\n<p class=\"p1\"><span class=\"s1\">\u201cNo contexto de uma pandemia, esperamos que a demanda exceda em muito a oferta e, quanto menor a dose, mais pessoas esperamos poder proteger\u201d, disse o m\u00e9dico chefe Tal Zaks.<\/span><\/p>\n<p class=\"p1\"><span class=\"s1\">Em abril, o governo dos EUA fez uma aposta na Moderna, apoiando sua vacina com 483 milh\u00f5es de d\u00f3lares da Autoridade Biom\u00e9dica de Pesquisa e Desenvolvimento Avan\u00e7ado (Barda), parte do Departamento de Sa\u00fade e Servi\u00e7os Humanos dos EUA (HHS).\u00a0<\/span><span class=\"s1\">A empresa disse que o avan\u00e7o permitir\u00e1 fornecer milh\u00f5es de doses por m\u00eas em 2020 e, com investimentos adicionais, dezenas de milh\u00f5es por m\u00eas em 2021, se a vacina for bem-sucedida.<\/span><\/p>\n<p class=\"p1\"><span class=\"s1\">\u201cEstamos investindo para intensificar a fabrica\u00e7\u00e3o para que possamos maximizar o n\u00famero de doses que conseguimos produzir para ajudar a proteger tantas pessoas quanto pudermos da SARS-CoV-2\u201d, disse o executivo-chefe da Moderna, St\u00e9phane Bancel.<\/span><\/p>\n<p class=\"p1\"><span class=\"s1\">A empresa assinou contratos com a farmac\u00eautica su\u00ed\u00e7a Lonza Group e com o governo dos EUA para produzir em grande quantidade a vacina, que se mostrou segura e bem tolerada no estudo de est\u00e1gio inicial.<\/span><\/p>\n<p class=\"p1\"><span class=\"s1\">Um participante do teste teve vermelhid\u00e3o no local da inje\u00e7\u00e3o, o que foi caracterizado como um efeito de \u201cgrau 3\u201d. N\u00e3o foi relatado nenhum efeito colateral grave, segundo a empresa.<\/span><\/p>\n<p class=\"p1\"><span class=\"s1\">As a\u00e7\u00f5es da Moderna subiram 240% no espa\u00e7o de 12 meses encerrado na \u00faltima sexta-feira.<\/span><\/p>\n<\/div>\n<div>\n<p style=\"text-align: right;\"><em>FONTE: Ag\u00eancia Reuters<\/em><\/p>\n<\/div>\n","protected":false},"excerpt":{"rendered":"<p>A Moderna informou nesta segunda-feira que sua vacina experimental contra a Covid-19 mostrou potencial em&#8230;<\/p>\n","protected":false},"author":1,"featured_media":11395,"comment_status":"open","ping_status":"open","sticky":false,"template":"","format":"standard","meta":{"_jetpack_memberships_contains_paid_content":false,"footnotes":"","jetpack_publicize_message":"","jetpack_publicize_feature_enabled":true,"jetpack_social_post_already_shared":true,"jetpack_social_options":{"image_generator_settings":{"template":"highway","default_image_id":0,"font":"","enabled":false},"version":2}},"categories":[52],"tags":[],"class_list":["post-11394","post","type-post","status-publish","format-standard","has-post-thumbnail","hentry","category-saude"],"jetpack_publicize_connections":[],"jetpack_featured_media_url":"https:\/\/correiodasemana.com\/site\/wp-content\/uploads\/2020\/05\/6A9A0579-2297-45BA-84DB-83A0238999C1.jpeg","jetpack-related-posts":[{"id":21796,"url":"https:\/\/correiodasemana.com\/site\/anvisa-aprova-vacinas-bivalentes-para-dose-de-reforco-contra-covid-19\/","url_meta":{"origin":11394,"position":0},"title":"Anvisa aprova vacinas bivalentes para dose de refor\u00e7o contra Covid-19","author":"","date":"Novembro 23, 2022","format":false,"excerpt":"Vacinas da Pfizer protegem contra novas variantes do v\u00edrus. \u00a0 A Diretoria Colegiada da Anvisa aprovou, nesta ter\u00e7a-feira (22\/11), o uso tempor\u00e1rio e emergencial de duas vacinas bivalentes contra Covid-19 da empresa Pfizer (Comirnaty). As vacinas aprovadas s\u00e3o para uso como dose de refor\u00e7o na popula\u00e7\u00e3o a partir de 12\u2026","rel":"","context":"In &quot;Atualidade&quot;","block_context":{"text":"Atualidade","link":"https:\/\/correiodasemana.com\/site\/category\/atualidade\/"},"img":{"alt_text":"","src":"https:\/\/i0.wp.com\/correiodasemana.com\/site\/wp-content\/uploads\/2022\/11\/anvisa.jpg?resize=350%2C200&ssl=1","width":350,"height":200,"srcset":"https:\/\/i0.wp.com\/correiodasemana.com\/site\/wp-content\/uploads\/2022\/11\/anvisa.jpg?resize=350%2C200&ssl=1 1x, https:\/\/i0.wp.com\/correiodasemana.com\/site\/wp-content\/uploads\/2022\/11\/anvisa.jpg?resize=525%2C300&ssl=1 1.5x, https:\/\/i0.wp.com\/correiodasemana.com\/site\/wp-content\/uploads\/2022\/11\/anvisa.jpg?resize=700%2C400&ssl=1 2x, https:\/\/i0.wp.com\/correiodasemana.com\/site\/wp-content\/uploads\/2022\/11\/anvisa.jpg?resize=1050%2C600&ssl=1 3x"},"classes":[]},{"id":12769,"url":"https:\/\/correiodasemana.com\/site\/o-mundo-em-busca-de-uma-vacina-que-consiga-frear-a-covid-19\/","url_meta":{"origin":11394,"position":1},"title":"O mundo em busca de uma vacina que consiga frear a Covid-19","author":"","date":"Agosto 17, 2020","format":false,"excerpt":"S\u00e3o mais de 160 candidatas \u00e0 vacina Por Priscila Duarte Ap\u00f3s o primeiro caso de coronav\u00edrus ser registrado na China, em dezembro do ano passado, pesquisadores sequenciaram o genoma do v\u00edrus para detectar muta\u00e7\u00f5es e, a partir disso iniciou uma verdadeira corrida em busca da cura. Atualmente, s\u00e3o mais de\u2026","rel":"","context":"In &quot;Atualidade&quot;","block_context":{"text":"Atualidade","link":"https:\/\/correiodasemana.com\/site\/category\/atualidade\/"},"img":{"alt_text":"","src":"https:\/\/i0.wp.com\/correiodasemana.com\/site\/wp-content\/uploads\/2020\/08\/WhatsApp-Image-2020-08-13-at-21.27.45.jpeg?resize=350%2C200&ssl=1","width":350,"height":200,"srcset":"https:\/\/i0.wp.com\/correiodasemana.com\/site\/wp-content\/uploads\/2020\/08\/WhatsApp-Image-2020-08-13-at-21.27.45.jpeg?resize=350%2C200&ssl=1 1x, https:\/\/i0.wp.com\/correiodasemana.com\/site\/wp-content\/uploads\/2020\/08\/WhatsApp-Image-2020-08-13-at-21.27.45.jpeg?resize=525%2C300&ssl=1 1.5x, https:\/\/i0.wp.com\/correiodasemana.com\/site\/wp-content\/uploads\/2020\/08\/WhatsApp-Image-2020-08-13-at-21.27.45.jpeg?resize=700%2C400&ssl=1 2x, https:\/\/i0.wp.com\/correiodasemana.com\/site\/wp-content\/uploads\/2020\/08\/WhatsApp-Image-2020-08-13-at-21.27.45.jpeg?resize=1050%2C600&ssl=1 3x"},"classes":[]},{"id":12748,"url":"https:\/\/correiodasemana.com\/site\/soros-produzidos-por-cavalos-tem-anticorpos-potentes-para-covid-19\/","url_meta":{"origin":11394,"position":2},"title":"Soros produzidos por cavalos t\u00eam anticorpos potentes para covid-19","author":"","date":"Agosto 13, 2020","format":false,"excerpt":"Estudo mostra que soro \u00e9 at\u00e9 100 vezes mais potente que v\u00edrus Trabalhos\u00a0iniciados em maio deste ano por pesquisadores brasileiros de v\u00e1rias institui\u00e7\u00f5es cient\u00edficas verificaram que soros produzidos por cavalos para o tratamento da covid-19 t\u00eam, em alguns casos, at\u00e9 100 vezes mais pot\u00eancia em termos de anticorpos neutralizantes do\u2026","rel":"","context":"In &quot;Atualidade&quot;","block_context":{"text":"Atualidade","link":"https:\/\/correiodasemana.com\/site\/category\/atualidade\/"},"img":{"alt_text":"","src":"https:\/\/i0.wp.com\/correiodasemana.com\/site\/wp-content\/uploads\/2020\/08\/cavalos_soro_0.jpg?resize=350%2C200&ssl=1","width":350,"height":200,"srcset":"https:\/\/i0.wp.com\/correiodasemana.com\/site\/wp-content\/uploads\/2020\/08\/cavalos_soro_0.jpg?resize=350%2C200&ssl=1 1x, https:\/\/i0.wp.com\/correiodasemana.com\/site\/wp-content\/uploads\/2020\/08\/cavalos_soro_0.jpg?resize=525%2C300&ssl=1 1.5x, https:\/\/i0.wp.com\/correiodasemana.com\/site\/wp-content\/uploads\/2020\/08\/cavalos_soro_0.jpg?resize=700%2C400&ssl=1 2x, https:\/\/i0.wp.com\/correiodasemana.com\/site\/wp-content\/uploads\/2020\/08\/cavalos_soro_0.jpg?resize=1050%2C600&ssl=1 3x"},"classes":[]},{"id":12752,"url":"https:\/\/correiodasemana.com\/site\/russia-medicos-serao-vacinados-contra-covid-19-em-duas-semanas\/","url_meta":{"origin":11394,"position":3},"title":"R\u00fassia: m\u00e9dicos ser\u00e3o vacinados contra covid-19 em duas semanas","author":"","date":"Agosto 13, 2020","format":false,"excerpt":"Testes em est\u00e1gio avan\u00e7ado, no entanto, ainda n\u00e3o foram conclu\u00eddos A R\u00fassia anunciou nessa\u00a0quarta-feira (12) que o primeiro lote de sua vacina contra covid-19 estar\u00e1 pronto para ser aplicado em alguns m\u00e9dicos em duas semanas. O pa\u00eds rejeitou as preocupa\u00e7\u00f5es \"sem fundamento\" em rela\u00e7\u00e3o \u00e0 seguran\u00e7a do imunizante, levantadas por\u2026","rel":"","context":"In &quot;Atualidade&quot;","block_context":{"text":"Atualidade","link":"https:\/\/correiodasemana.com\/site\/category\/atualidade\/"},"img":{"alt_text":"","src":"https:\/\/i0.wp.com\/correiodasemana.com\/site\/wp-content\/uploads\/2020\/08\/2020-03-24t213915z_1_lynxmpeg2n2bw_rtroptp_4_health-coronavirus-russia-putin.jpg?resize=350%2C200&ssl=1","width":350,"height":200,"srcset":"https:\/\/i0.wp.com\/correiodasemana.com\/site\/wp-content\/uploads\/2020\/08\/2020-03-24t213915z_1_lynxmpeg2n2bw_rtroptp_4_health-coronavirus-russia-putin.jpg?resize=350%2C200&ssl=1 1x, https:\/\/i0.wp.com\/correiodasemana.com\/site\/wp-content\/uploads\/2020\/08\/2020-03-24t213915z_1_lynxmpeg2n2bw_rtroptp_4_health-coronavirus-russia-putin.jpg?resize=525%2C300&ssl=1 1.5x, https:\/\/i0.wp.com\/correiodasemana.com\/site\/wp-content\/uploads\/2020\/08\/2020-03-24t213915z_1_lynxmpeg2n2bw_rtroptp_4_health-coronavirus-russia-putin.jpg?resize=700%2C400&ssl=1 2x, https:\/\/i0.wp.com\/correiodasemana.com\/site\/wp-content\/uploads\/2020\/08\/2020-03-24t213915z_1_lynxmpeg2n2bw_rtroptp_4_health-coronavirus-russia-putin.jpg?resize=1050%2C600&ssl=1 3x"},"classes":[]},{"id":21859,"url":"https:\/\/correiodasemana.com\/site\/covid-19-sbra-faz-alerta-apos-aumento-de-casos-decorrentes-de-nova-variante\/","url_meta":{"origin":11394,"position":4},"title":"Covid-19: SBRA faz alerta ap\u00f3s aumento de casos decorrentes de nova variante","author":"","date":"Novembro 28, 2022","format":false,"excerpt":"A nova variante, a BQ1, \u00e9 uma sublinhagem da \u00d4micon e dados indicam grande potencial de prolifera\u00e7\u00e3o do v\u00edrus. O presidente da Associa\u00e7\u00e3o Brasileira de Reprodu\u00e7\u00e3o Assistida (SBRA), o especialista em reprodu\u00e7\u00e3o humana Alvaro Pigatto Ceschin, orienta aos m\u00e9dicos da \u00e1rea que ampliem os cuidados em suas rotinas de atendimento\u2026","rel":"","context":"In &quot;Atualidade&quot;","block_context":{"text":"Atualidade","link":"https:\/\/correiodasemana.com\/site\/category\/atualidade\/"},"img":{"alt_text":"","src":"https:\/\/i0.wp.com\/correiodasemana.com\/site\/wp-content\/uploads\/2022\/11\/covid-19.jpg?resize=350%2C200&ssl=1","width":350,"height":200,"srcset":"https:\/\/i0.wp.com\/correiodasemana.com\/site\/wp-content\/uploads\/2022\/11\/covid-19.jpg?resize=350%2C200&ssl=1 1x, https:\/\/i0.wp.com\/correiodasemana.com\/site\/wp-content\/uploads\/2022\/11\/covid-19.jpg?resize=525%2C300&ssl=1 1.5x, https:\/\/i0.wp.com\/correiodasemana.com\/site\/wp-content\/uploads\/2022\/11\/covid-19.jpg?resize=700%2C400&ssl=1 2x, https:\/\/i0.wp.com\/correiodasemana.com\/site\/wp-content\/uploads\/2022\/11\/covid-19.jpg?resize=1050%2C600&ssl=1 3x"},"classes":[]},{"id":12085,"url":"https:\/\/correiodasemana.com\/site\/anvisa-aprova-mais-dois-testes-de-vacinas-contra-covid-19-no-brasil\/","url_meta":{"origin":11394,"position":5},"title":"Anvisa aprova mais dois testes de vacinas contra covid-19 no Brasil","author":"","date":"Julho 21, 2020","format":false,"excerpt":"Quatro diferentes testes de potenciais imuniza\u00e7\u00f5es contam com volunt\u00e1rios brasileiros na corrida para encontrar m\u00e9todos eficazes de combate \u00e0 pandemia. No mesmo dia em que os testes da vacina chinesa Coronavac iniciaram no estado de S\u00e3o Paulo, a Ag\u00eancia Nacional de Vigil\u00e2ncia Sanit\u00e1ria (Anvisa) aprovou mais um ensaio cl\u00ednico para\u2026","rel":"","context":"In &quot;Atualidade&quot;","block_context":{"text":"Atualidade","link":"https:\/\/correiodasemana.com\/site\/category\/atualidade\/"},"img":{"alt_text":"","src":"https:\/\/i0.wp.com\/correiodasemana.com\/site\/wp-content\/uploads\/2020\/07\/novas-descobertas.jpg?resize=350%2C200&ssl=1","width":350,"height":200,"srcset":"https:\/\/i0.wp.com\/correiodasemana.com\/site\/wp-content\/uploads\/2020\/07\/novas-descobertas.jpg?resize=350%2C200&ssl=1 1x, https:\/\/i0.wp.com\/correiodasemana.com\/site\/wp-content\/uploads\/2020\/07\/novas-descobertas.jpg?resize=525%2C300&ssl=1 1.5x, https:\/\/i0.wp.com\/correiodasemana.com\/site\/wp-content\/uploads\/2020\/07\/novas-descobertas.jpg?resize=700%2C400&ssl=1 2x"},"classes":[]}],"jetpack_sharing_enabled":true,"_links":{"self":[{"href":"https:\/\/correiodasemana.com\/site\/wp-json\/wp\/v2\/posts\/11394","targetHints":{"allow":["GET"]}}],"collection":[{"href":"https:\/\/correiodasemana.com\/site\/wp-json\/wp\/v2\/posts"}],"about":[{"href":"https:\/\/correiodasemana.com\/site\/wp-json\/wp\/v2\/types\/post"}],"author":[{"embeddable":true,"href":"https:\/\/correiodasemana.com\/site\/wp-json\/wp\/v2\/users\/1"}],"replies":[{"embeddable":true,"href":"https:\/\/correiodasemana.com\/site\/wp-json\/wp\/v2\/comments?post=11394"}],"version-history":[{"count":1,"href":"https:\/\/correiodasemana.com\/site\/wp-json\/wp\/v2\/posts\/11394\/revisions"}],"predecessor-version":[{"id":11396,"href":"https:\/\/correiodasemana.com\/site\/wp-json\/wp\/v2\/posts\/11394\/revisions\/11396"}],"wp:featuredmedia":[{"embeddable":true,"href":"https:\/\/correiodasemana.com\/site\/wp-json\/wp\/v2\/media\/11395"}],"wp:attachment":[{"href":"https:\/\/correiodasemana.com\/site\/wp-json\/wp\/v2\/media?parent=11394"}],"wp:term":[{"taxonomy":"category","embeddable":true,"href":"https:\/\/correiodasemana.com\/site\/wp-json\/wp\/v2\/categories?post=11394"},{"taxonomy":"post_tag","embeddable":true,"href":"https:\/\/correiodasemana.com\/site\/wp-json\/wp\/v2\/tags?post=11394"}],"curies":[{"name":"wp","href":"https:\/\/api.w.org\/{rel}","templated":true}]}}