{"id":11401,"date":"2020-05-19T01:38:09","date_gmt":"2020-05-19T01:38:09","guid":{"rendered":"https:\/\/correiodasemana.com\/site\/?p=11401"},"modified":"2020-05-19T01:38:09","modified_gmt":"2020-05-19T01:38:09","slug":"camilo-santana-confirma-reuniao-de-bolsonaro-com-governadores","status":"publish","type":"post","link":"https:\/\/correiodasemana.com\/site\/camilo-santana-confirma-reuniao-de-bolsonaro-com-governadores\/","title":{"rendered":"Camilo Santana confirma reuni\u00e3o de Bolsonaro com governadores"},"content":{"rendered":"<p class=\"p1\">O<span class=\"s1\"> governador do Cear\u00e1, Camilo Santana (PT) confirmou uma reuni\u00e3o com o presidente Jair Bolsonaro (sem partido) por videoconfer\u00eancia na pr\u00f3xima quinta-feira (21). Entre as pautas da reuni\u00e3o \u00e9 aguardada a san\u00e7\u00e3o imediata do projeto de socorro emergencial de cidades e munic\u00edpios para o enfrentamento da pandemia. <\/span><\/p>\n<p class=\"p1\"><span class=\"s1\">A reuni\u00e3o tamb\u00e9m espera a presen\u00e7a dos demais governadores, com quem o presidente da rep\u00fablica coleciona impasses. Bolsonaro quer o fim do isolamento social, enquanto as medidas restritivas dos governadores s\u00e3o pautadas na ci\u00eancia. <\/span><\/p>\n<p class=\"p1\"><span class=\"s1\">\u201c\u00c9 uma reuni\u00e3o importante para que a gente possa alinhar as a\u00e7\u00f5es dos estados. Eu sempre tenho dito que \u00e9 um momento de todos estarmos unidos nesse enfrentamento e procurar minimizar os impactos dessa pandemia e salvar vidas. Esse \u00e9 o grande objetivo do trabalho que n\u00f3s temos procurado fazer todos os dias aqui, no governo do estado do Cear\u00e1\u201d, declarou Camilo Santana em uma live nas redes sociais. <\/span><\/p>\n","protected":false},"excerpt":{"rendered":"<p>O governador do Cear\u00e1, Camilo Santana (PT) confirmou uma reuni\u00e3o com o presidente Jair Bolsonaro&#8230;<\/p>\n","protected":false},"author":1,"featured_media":0,"comment_status":"open","ping_status":"open","sticky":false,"template":"","format":"standard","meta":{"_jetpack_memberships_contains_paid_content":false,"footnotes":"","jetpack_publicize_message":"","jetpack_publicize_feature_enabled":true,"jetpack_social_post_already_shared":true,"jetpack_social_options":{"image_generator_settings":{"template":"highway","default_image_id":0,"font":"","enabled":false},"version":2}},"categories":[72],"tags":[],"class_list":["post-11401","post","type-post","status-publish","format-standard","hentry","category-politica"],"jetpack_publicize_connections":[],"jetpack_featured_media_url":"","jetpack-related-posts":[{"id":15415,"url":"https:\/\/correiodasemana.com\/site\/camilo-santana-reune-130-dos-184-prefeitos-do-ceara-para-tratar-de-volta-as-aulas-e-vacinacao\/","url_meta":{"origin":11401,"position":0},"title":"Camilo Santana re\u00fane 130 dos 184 prefeitos do Cear\u00e1 para tratar de volta \u00e0s aulas e vacina\u00e7\u00e3o","author":"","date":"Janeiro 18, 2021","format":false,"excerpt":"A reuni\u00e3o foi uma esp\u00e9cie de boas vindas aos gestores que assumiram as prefeituras em 1\u00ba de janeiro e uma reaproxima\u00e7\u00e3o com os que foram reeleitos Por Joc\u00e9lio Tavares. Com informa\u00e7\u00f5es do Di\u00e1rio do Nordeste. O Governo do Estado quer que os 184 prefeitos do Cear\u00e1 comecem a se preparar\u2026","rel":"","context":"In &quot;Atualidade&quot;","block_context":{"text":"Atualidade","link":"https:\/\/correiodasemana.com\/site\/category\/atualidade\/"},"img":{"alt_text":"","src":"https:\/\/i0.wp.com\/correiodasemana.com\/site\/wp-content\/uploads\/2021\/01\/Camilo-Santana-em-reuni-o-virtual-com-prefeitos.jpg?resize=350%2C200&ssl=1","width":350,"height":200,"srcset":"https:\/\/i0.wp.com\/correiodasemana.com\/site\/wp-content\/uploads\/2021\/01\/Camilo-Santana-em-reuni-o-virtual-com-prefeitos.jpg?resize=350%2C200&ssl=1 1x, https:\/\/i0.wp.com\/correiodasemana.com\/site\/wp-content\/uploads\/2021\/01\/Camilo-Santana-em-reuni-o-virtual-com-prefeitos.jpg?resize=525%2C300&ssl=1 1.5x, https:\/\/i0.wp.com\/correiodasemana.com\/site\/wp-content\/uploads\/2021\/01\/Camilo-Santana-em-reuni-o-virtual-com-prefeitos.jpg?resize=700%2C400&ssl=1 2x, https:\/\/i0.wp.com\/correiodasemana.com\/site\/wp-content\/uploads\/2021\/01\/Camilo-Santana-em-reuni-o-virtual-com-prefeitos.jpg?resize=1050%2C600&ssl=1 3x"},"classes":[]},{"id":15017,"url":"https:\/\/correiodasemana.com\/site\/o-mais-importante-e-que-tenhamos-a-vacina-o-mais-rapido-diz-camilo-apos-reuniao-com-ministro-da-saude\/","url_meta":{"origin":11401,"position":1},"title":"\u201cO mais importante \u00e9 que tenhamos a vacina o mais r\u00e1pido\u201d, diz Camilo, ap\u00f3s reuni\u00e3o com ministro da Sa\u00fade","author":"","date":"Dezembro 15, 2020","format":false,"excerpt":"Em reuni\u00e3o realizada em Bras\u00edlia, o governador do Cear\u00e1, Camilo Santana esteve na tarde desta segunda-feira (14) com o ministro da Sa\u00fade, Eduardo Pazuello. Em pauta as demandas do Cear\u00e1, mas principalmente, sobre a vacina da Covid-19. \u201cTenho lutado para que a vacina chegue ao nosso estado o mais r\u00e1pido\u2026","rel":"","context":"In &quot;Atualidade&quot;","block_context":{"text":"Atualidade","link":"https:\/\/correiodasemana.com\/site\/category\/atualidade\/"},"img":{"alt_text":"","src":"https:\/\/i0.wp.com\/correiodasemana.com\/site\/wp-content\/uploads\/2020\/12\/pazuello.jpg?resize=350%2C200&ssl=1","width":350,"height":200,"srcset":"https:\/\/i0.wp.com\/correiodasemana.com\/site\/wp-content\/uploads\/2020\/12\/pazuello.jpg?resize=350%2C200&ssl=1 1x, https:\/\/i0.wp.com\/correiodasemana.com\/site\/wp-content\/uploads\/2020\/12\/pazuello.jpg?resize=525%2C300&ssl=1 1.5x, https:\/\/i0.wp.com\/correiodasemana.com\/site\/wp-content\/uploads\/2020\/12\/pazuello.jpg?resize=700%2C400&ssl=1 2x, https:\/\/i0.wp.com\/correiodasemana.com\/site\/wp-content\/uploads\/2020\/12\/pazuello.jpg?resize=1050%2C600&ssl=1 3x, https:\/\/i0.wp.com\/correiodasemana.com\/site\/wp-content\/uploads\/2020\/12\/pazuello.jpg?resize=1400%2C800&ssl=1 4x"},"classes":[]},{"id":9748,"url":"https:\/\/correiodasemana.com\/site\/governador-camilo-santana-se-compromete-a-revogar-a-desapropriacao-da-uva\/","url_meta":{"origin":11401,"position":2},"title":"Governador Camilo Santana se compromete a revogar a desapropria\u00e7\u00e3o da UVA","author":"","date":"Novembro 11, 2019","format":false,"excerpt":"Nesta quinta-feira, dia 07 de novembro de 2019 os representantes da Diocese de Sobral estiveram no Pal\u00e1cio da Aboli\u00e7\u00e3o para reuni\u00e3o com o governador do Estado do Cear\u00e1, Camilo Sobreira de Santana. A reuni\u00e3o teve como pauta o pedido da revoga\u00e7\u00e3o do Decreto n\u00ba 33.281, de 23 de setembro de\u2026","rel":"","context":"In &quot;Atualidade&quot;","block_context":{"text":"Atualidade","link":"https:\/\/correiodasemana.com\/site\/category\/atualidade\/"},"img":{"alt_text":"","src":"https:\/\/i0.wp.com\/correiodasemana.com\/site\/wp-content\/uploads\/2019\/11\/foto-capa-principal.jpeg?resize=350%2C200&ssl=1","width":350,"height":200,"srcset":"https:\/\/i0.wp.com\/correiodasemana.com\/site\/wp-content\/uploads\/2019\/11\/foto-capa-principal.jpeg?resize=350%2C200&ssl=1 1x, https:\/\/i0.wp.com\/correiodasemana.com\/site\/wp-content\/uploads\/2019\/11\/foto-capa-principal.jpeg?resize=525%2C300&ssl=1 1.5x, https:\/\/i0.wp.com\/correiodasemana.com\/site\/wp-content\/uploads\/2019\/11\/foto-capa-principal.jpeg?resize=700%2C400&ssl=1 2x, https:\/\/i0.wp.com\/correiodasemana.com\/site\/wp-content\/uploads\/2019\/11\/foto-capa-principal.jpeg?resize=1050%2C600&ssl=1 3x"},"classes":[]},{"id":13315,"url":"https:\/\/correiodasemana.com\/site\/governo-prorroga-auxilio-emergencial-de-r-300-ate-o-fim-do-ano\/","url_meta":{"origin":11401,"position":3},"title":"Governo prorroga aux\u00edlio emergencial de R$ 300 at\u00e9 o fim do ano","author":"","date":"Setembro 1, 2020","format":false,"excerpt":"An\u00fancio foi feito pelo presidente Jair Bolsonaro O presidente Jair Bolsonaro anunciou hoje (1\u00ba) que o aux\u00edlio emergencial ser\u00e1 prorrogado em mais quatro parcelas de R$ 300. Ele se reuniu na manh\u00e3 desta ter\u00e7a-feira (1\u00ba) com ministros e parlamentares da base do governo, no Pal\u00e1cio da Alvorada, para alinhar as\u2026","rel":"","context":"In &quot;Atualidade&quot;","block_context":{"text":"Atualidade","link":"https:\/\/correiodasemana.com\/site\/category\/atualidade\/"},"img":{"alt_text":"","src":"https:\/\/i0.wp.com\/correiodasemana.com\/site\/wp-content\/uploads\/2020\/09\/50293821921_746fa87a92_o.jpg?resize=350%2C200&ssl=1","width":350,"height":200,"srcset":"https:\/\/i0.wp.com\/correiodasemana.com\/site\/wp-content\/uploads\/2020\/09\/50293821921_746fa87a92_o.jpg?resize=350%2C200&ssl=1 1x, https:\/\/i0.wp.com\/correiodasemana.com\/site\/wp-content\/uploads\/2020\/09\/50293821921_746fa87a92_o.jpg?resize=525%2C300&ssl=1 1.5x, https:\/\/i0.wp.com\/correiodasemana.com\/site\/wp-content\/uploads\/2020\/09\/50293821921_746fa87a92_o.jpg?resize=700%2C400&ssl=1 2x, https:\/\/i0.wp.com\/correiodasemana.com\/site\/wp-content\/uploads\/2020\/09\/50293821921_746fa87a92_o.jpg?resize=1050%2C600&ssl=1 3x"},"classes":[]},{"id":12873,"url":"https:\/\/correiodasemana.com\/site\/governo-do-ceara-renova-decreto-e-municipios-do-interior-avancam-de-fase\/","url_meta":{"origin":11401,"position":4},"title":"Governo do Cear\u00e1 renova decreto e munic\u00edpios do interior avan\u00e7am de fase","author":"","date":"Agosto 17, 2020","format":false,"excerpt":"Macrorregi\u00f5es de Sobral, Sert\u00e3o Central e Litoral Leste seguem para a fase 3; Cariri avan\u00e7a para a fase 2 Ap\u00f3s encerrar mais uma reuni\u00e3o com o Comit\u00ea Cient\u00edfico que avalia e define as medidas adotadas nos decretos estaduais relativos \u00e0 pandemia, o governador Camilo Santana anunciou nesta sexta-feira (14) a\u2026","rel":"","context":"In &quot;Atualidade&quot;","block_context":{"text":"Atualidade","link":"https:\/\/correiodasemana.com\/site\/category\/atualidade\/"},"img":{"alt_text":"","src":"https:\/\/i0.wp.com\/correiodasemana.com\/site\/wp-content\/uploads\/2020\/08\/117717327_2793793750853200_625468417075881654_n.jpg?resize=350%2C200&ssl=1","width":350,"height":200,"srcset":"https:\/\/i0.wp.com\/correiodasemana.com\/site\/wp-content\/uploads\/2020\/08\/117717327_2793793750853200_625468417075881654_n.jpg?resize=350%2C200&ssl=1 1x, https:\/\/i0.wp.com\/correiodasemana.com\/site\/wp-content\/uploads\/2020\/08\/117717327_2793793750853200_625468417075881654_n.jpg?resize=525%2C300&ssl=1 1.5x, https:\/\/i0.wp.com\/correiodasemana.com\/site\/wp-content\/uploads\/2020\/08\/117717327_2793793750853200_625468417075881654_n.jpg?resize=700%2C400&ssl=1 2x"},"classes":[]},{"id":19254,"url":"https:\/\/correiodasemana.com\/site\/tendencia-e-que-mascara-nao-seja-mais-exigida-em-ambientes-abertos-no-ceara-ja-na-proxima-semana\/","url_meta":{"origin":11401,"position":5},"title":"Tend\u00eancia \u00e9 que m\u00e1scara n\u00e3o seja mais exigida em ambientes abertos no Cear\u00e1 j\u00e1 na pr\u00f3xima semana","author":"","date":"Mar\u00e7o 20, 2022","format":false,"excerpt":"Por Samuel Carvalho Reda\u00e7\u00e3o Correio da Semana O governador Camilo Santana declarou em entrevista, na \u00faltima segunda-feira (16), que a tend\u00eancia \u00e9 que, em breve, m\u00e1scaras n\u00e3o sejam mais exigidas em ambientes abertos. Nas palavras do governador \u201cH\u00e1 uma tend\u00eancia de retirar a m\u00e1scara para ambientes abertos no pr\u00f3ximo decreto\u201d,\u2026","rel":"","context":"In &quot;Atualidade&quot;","block_context":{"text":"Atualidade","link":"https:\/\/correiodasemana.com\/site\/category\/atualidade\/"},"img":{"alt_text":"","src":"https:\/\/i0.wp.com\/correiodasemana.com\/site\/wp-content\/uploads\/2022\/03\/pff2-mascara-1641576934110_v2_615x300.jpg?resize=350%2C200&ssl=1","width":350,"height":200,"srcset":"https:\/\/i0.wp.com\/correiodasemana.com\/site\/wp-content\/uploads\/2022\/03\/pff2-mascara-1641576934110_v2_615x300.jpg?resize=350%2C200&ssl=1 1x, https:\/\/i0.wp.com\/correiodasemana.com\/site\/wp-content\/uploads\/2022\/03\/pff2-mascara-1641576934110_v2_615x300.jpg?resize=525%2C300&ssl=1 1.5x"},"classes":[]}],"jetpack_sharing_enabled":true,"_links":{"self":[{"href":"https:\/\/correiodasemana.com\/site\/wp-json\/wp\/v2\/posts\/11401","targetHints":{"allow":["GET"]}}],"collection":[{"href":"https:\/\/correiodasemana.com\/site\/wp-json\/wp\/v2\/posts"}],"about":[{"href":"https:\/\/correiodasemana.com\/site\/wp-json\/wp\/v2\/types\/post"}],"author":[{"embeddable":true,"href":"https:\/\/correiodasemana.com\/site\/wp-json\/wp\/v2\/users\/1"}],"replies":[{"embeddable":true,"href":"https:\/\/correiodasemana.com\/site\/wp-json\/wp\/v2\/comments?post=11401"}],"version-history":[{"count":4,"href":"https:\/\/correiodasemana.com\/site\/wp-json\/wp\/v2\/posts\/11401\/revisions"}],"predecessor-version":[{"id":11405,"href":"https:\/\/correiodasemana.com\/site\/wp-json\/wp\/v2\/posts\/11401\/revisions\/11405"}],"wp:attachment":[{"href":"https:\/\/correiodasemana.com\/site\/wp-json\/wp\/v2\/media?parent=11401"}],"wp:term":[{"taxonomy":"category","embeddable":true,"href":"https:\/\/correiodasemana.com\/site\/wp-json\/wp\/v2\/categories?post=11401"},{"taxonomy":"post_tag","embeddable":true,"href":"https:\/\/correiodasemana.com\/site\/wp-json\/wp\/v2\/tags?post=11401"}],"curies":[{"name":"wp","href":"https:\/\/api.w.org\/{rel}","templated":true}]}}