{"id":11413,"date":"2020-05-19T20:18:22","date_gmt":"2020-05-19T20:18:22","guid":{"rendered":"https:\/\/correiodasemana.com\/site\/?p=11413"},"modified":"2020-05-19T20:18:22","modified_gmt":"2020-05-19T20:18:22","slug":"unimed-fortaleza-inicia-distribuicao-de-cloroquina-e-ivermectina-aos-seus-clientes","status":"publish","type":"post","link":"https:\/\/correiodasemana.com\/site\/unimed-fortaleza-inicia-distribuicao-de-cloroquina-e-ivermectina-aos-seus-clientes\/","title":{"rendered":"Unimed Fortaleza inicia distribui\u00e7\u00e3o de Cloroquina e Ivermectina aos seus clientes"},"content":{"rendered":"<p class=\"p1\"><span class=\"s1\"><img fetchpriority=\"high\" decoding=\"async\" class=\"aligncenter size-medium wp-image-11412\" src=\"https:\/\/correiodasemana.com\/site\/wp-content\/uploads\/2020\/05\/B84FB056-6CF7-4F3D-86E8-75698953CC54-300x300.jpeg\" alt=\"\" width=\"300\" height=\"300\" srcset=\"https:\/\/correiodasemana.com\/site\/wp-content\/uploads\/2020\/05\/B84FB056-6CF7-4F3D-86E8-75698953CC54-300x300.jpeg 300w, https:\/\/correiodasemana.com\/site\/wp-content\/uploads\/2020\/05\/B84FB056-6CF7-4F3D-86E8-75698953CC54-150x150.jpeg 150w, https:\/\/correiodasemana.com\/site\/wp-content\/uploads\/2020\/05\/B84FB056-6CF7-4F3D-86E8-75698953CC54.jpeg 357w\" sizes=\"(max-width: 300px) 100vw, 300px\" \/><\/span><\/p>\n<p class=\"p1\"><span class=\"s1\">A Unimed Fortaleza iniciou nesta ter\u00e7a-feira (19) o fornecimento gratuito dos medicamentos cloroquina e ivermectina para auxiliar no tratamento da Covid19 em seus clientes. De acordo com o comunicado emitido pelo hospital, a medica\u00e7\u00e3o ser\u00e1 distribu\u00edda somente aos clientes que possuem receita m\u00e9dica, comprovando, assim, quem realmente necessita do medicamento. <\/span><\/p>\n<p class=\"p1\"><span class=\"s1\">Ainda de acordo com o comunicado, a Unimed Fortaleza reitera que a decis\u00e3o para a prescri\u00e7\u00e3o do medicamento \u00e9 exclusivamente do m\u00e9dico e, que a decis\u00e3o deve ser tomada de comum acordo com o paciente por meio de um termo de consentimento assinado pelo mesmo. <\/span><\/p>\n<p class=\"p1\"><span class=\"s1\">At\u00e9 o momento, a retirada do medicamento \u00e9 exclusivamente para clientes da Unimed Fortaleza. Segundo o plano de sa\u00fade, clientes da Unimed Fortaleza que est\u00e3o em outras localidades t\u00eam direito a medica\u00e7\u00e3o, por\u00e9m, a retirada precisa ser feita nos pontos indicados em Fortaleza, pelo cliente ou representante portando o receitu\u00e1rio m\u00e9dico com duas vias, cart\u00e3o da Unimed Fortaleza, documento com foto do benefici\u00e1rio e o termo de consentimento assinado pelo paciente. <\/span><\/p>\n<p class=\"p1\"><span class=\"s1\">Antes de procurar atendimento m\u00e9dico presencial, a Unimed Fortaleza sugere que os clientes entrem em contato com a Central Coronav\u00edrus 24h atrav\u00e9s \u00a0do 0800 940 7800 para receber orienta\u00e7\u00f5es m\u00e9dicas.\u00a0<\/span><\/p>\n","protected":false},"excerpt":{"rendered":"<p>A Unimed Fortaleza iniciou nesta ter\u00e7a-feira (19) o fornecimento gratuito dos medicamentos cloroquina e ivermectina&#8230;<\/p>\n","protected":false},"author":1,"featured_media":11412,"comment_status":"open","ping_status":"open","sticky":false,"template":"","format":"standard","meta":{"_jetpack_memberships_contains_paid_content":false,"footnotes":"","jetpack_publicize_message":"","jetpack_publicize_feature_enabled":true,"jetpack_social_post_already_shared":true,"jetpack_social_options":{"image_generator_settings":{"template":"highway","default_image_id":0,"font":"","enabled":false},"version":2}},"categories":[1],"tags":[],"class_list":["post-11413","post","type-post","status-publish","format-standard","has-post-thumbnail","hentry","category-atualidade"],"jetpack_publicize_connections":[],"jetpack_featured_media_url":"https:\/\/correiodasemana.com\/site\/wp-content\/uploads\/2020\/05\/B84FB056-6CF7-4F3D-86E8-75698953CC54.jpeg","jetpack-related-posts":[{"id":8552,"url":"https:\/\/correiodasemana.com\/site\/unimed-sobral-comemora-35-anos\/","url_meta":{"origin":11413,"position":0},"title":"Unimed Sobral comemora 35 anos","author":"","date":"Agosto 6, 2019","format":false,"excerpt":"A diretoria da Unimed Sobral parabeniza os ex-diretores, m\u00e9dicos fundadores, cooperados, colaboradores e clientes pelos 35 anos da nossa cooperativa. A Unimed Sobral nasceu do sonho de cuidar de voc\u00ea e o nosso maior presente \u00e9 t\u00ea-lo conosco.\u00a035 anos se passaram, hoje somos 198 m\u00e9dicos cooperados com mais de 17\u2026","rel":"","context":"In &quot;Atualidade&quot;","block_context":{"text":"Atualidade","link":"https:\/\/correiodasemana.com\/site\/category\/atualidade\/"},"img":{"alt_text":"","src":"https:\/\/i0.wp.com\/correiodasemana.com\/site\/wp-content\/uploads\/2019\/08\/DIRETORIA_EXECUTIVA.jpg?resize=350%2C200&ssl=1","width":350,"height":200},"classes":[]},{"id":11431,"url":"https:\/\/correiodasemana.com\/site\/governo-inclui-cloroquina-em-tratamento-de-casos-leves-de-covid-19\/","url_meta":{"origin":11413,"position":1},"title":"Governo inclui cloroquina em tratamento de casos leves de covid-19","author":"","date":"Maio 20, 2020","format":false,"excerpt":"O Minist\u00e9rio da Sa\u00fade incluiu hoje (20) a cloroquina, e seu derivado hidroxicloroquina, no protocolo de tratamento para pacientes com sintomas leves de covid-19. De acordo com o documento divulgado pela pasta, cabe ao m\u00e9dico a decis\u00e3o sobre prescrever ou n\u00e3o a subst\u00e2ncia, sendo necess\u00e1ria tamb\u00e9m a vontade declarada do\u2026","rel":"","context":"In &quot;Sa\u00fade&quot;","block_context":{"text":"Sa\u00fade","link":"https:\/\/correiodasemana.com\/site\/category\/saude\/"},"img":{"alt_text":"","src":"","width":0,"height":0},"classes":[]},{"id":9574,"url":"https:\/\/correiodasemana.com\/site\/hospital-unimed-sobral-inaugura-novo-observatorio-pediatrico-e-nova-ala-cardiologica\/","url_meta":{"origin":11413,"position":2},"title":"HOSPITAL UNIMED SOBRAL INAUGURA NOVO OBSERVAT\u00d3RIO PEDI\u00c1TRICO E NOVA ALA CARDIOL\u00d3GICA","author":"","date":"Outubro 28, 2019","format":false,"excerpt":"Em solenidade realizada na noite desta ter\u00e7a-feira (15\/10), a Unimed Sobral inaugurou no Hospital Unimed Sobral a nova ala pedi\u00e1trica, que agora passa a contar com uma estrutura mais ampla e avan\u00e7ada, contando com 6 leitos ambulatoriais, entre eles 1 leito preparado para casos de emerg\u00eancia; al\u00e9m da nova ala\u2026","rel":"","context":"In &quot;Atualidade&quot;","block_context":{"text":"Atualidade","link":"https:\/\/correiodasemana.com\/site\/category\/atualidade\/"},"img":{"alt_text":"","src":"https:\/\/i0.wp.com\/correiodasemana.com\/site\/wp-content\/uploads\/2019\/10\/12.jpeg?resize=350%2C200&ssl=1","width":350,"height":200,"srcset":"https:\/\/i0.wp.com\/correiodasemana.com\/site\/wp-content\/uploads\/2019\/10\/12.jpeg?resize=350%2C200&ssl=1 1x, https:\/\/i0.wp.com\/correiodasemana.com\/site\/wp-content\/uploads\/2019\/10\/12.jpeg?resize=525%2C300&ssl=1 1.5x, https:\/\/i0.wp.com\/correiodasemana.com\/site\/wp-content\/uploads\/2019\/10\/12.jpeg?resize=700%2C400&ssl=1 2x, https:\/\/i0.wp.com\/correiodasemana.com\/site\/wp-content\/uploads\/2019\/10\/12.jpeg?resize=1050%2C600&ssl=1 3x"},"classes":[]},{"id":9844,"url":"https:\/\/correiodasemana.com\/site\/entrega-da-1a-etapa-dos-processos-financeiros-do-hospital-unimed-sobral\/","url_meta":{"origin":11413,"position":3},"title":"Entrega da 1\u00aa Etapa dos Processos Financeiros do Hospital Unimed Sobral","author":"","date":"Novembro 18, 2019","format":false,"excerpt":"Foi realizado nesta segunda-feira (11), a entrega dos POPs (Procedimento Operacional Padr\u00e3o) do setor financeiro do HUS, sendo composto na entrega do fluxograma, desenho dos processos e manual de utiliza\u00e7\u00e3o de ferramentas. O setor Administrativo, representado pela gerente Margarida Melo, e os setores da Qualidade e Financeiro foram contemplados com\u2026","rel":"","context":"In &quot;Atualidade&quot;","block_context":{"text":"Atualidade","link":"https:\/\/correiodasemana.com\/site\/category\/atualidade\/"},"img":{"alt_text":"","src":"https:\/\/i0.wp.com\/correiodasemana.com\/site\/wp-content\/uploads\/2019\/11\/Colaborados-do-HUS-recebendo-em-m%C3%A3os-c%C3%B3pias-dos-novos-Processos-Operacionais.jpeg?resize=350%2C200&ssl=1","width":350,"height":200,"srcset":"https:\/\/i0.wp.com\/correiodasemana.com\/site\/wp-content\/uploads\/2019\/11\/Colaborados-do-HUS-recebendo-em-m%C3%A3os-c%C3%B3pias-dos-novos-Processos-Operacionais.jpeg?resize=350%2C200&ssl=1 1x, https:\/\/i0.wp.com\/correiodasemana.com\/site\/wp-content\/uploads\/2019\/11\/Colaborados-do-HUS-recebendo-em-m%C3%A3os-c%C3%B3pias-dos-novos-Processos-Operacionais.jpeg?resize=525%2C300&ssl=1 1.5x, https:\/\/i0.wp.com\/correiodasemana.com\/site\/wp-content\/uploads\/2019\/11\/Colaborados-do-HUS-recebendo-em-m%C3%A3os-c%C3%B3pias-dos-novos-Processos-Operacionais.jpeg?resize=700%2C400&ssl=1 2x"},"classes":[]},{"id":9936,"url":"https:\/\/correiodasemana.com\/site\/unimed-sobral-e-eleita-pelo-segundo-ano-consecutivo-como-a-melhor-empresa-para-trabalhar\/","url_meta":{"origin":11413,"position":4},"title":"Unimed Sobral \u00e9 eleita pelo segundo ano consecutivo como a melhor empresa para trabalhar","author":"","date":"Novembro 27, 2019","format":false,"excerpt":"Unimed Sobral \u00e9 eleita pelo segundo ano consecutivo como a melhor empresa para trabalhar escolhida no Pr\u00eamio Great Place to Work (GPTW) na categoria pequena empresa (at\u00e9 99 colaboradores). A divulga\u00e7\u00e3o do resultado aconteceu em Fortaleza na tarde desta quarta-feira, 20, em evento no Palatium Buffet, no Parque Manibura, com\u2026","rel":"","context":"In &quot;Atualidade&quot;","block_context":{"text":"Atualidade","link":"https:\/\/correiodasemana.com\/site\/category\/atualidade\/"},"img":{"alt_text":"","src":"https:\/\/i0.wp.com\/correiodasemana.com\/site\/wp-content\/uploads\/2019\/11\/Colaboradores-da-Unimed-Sobral-recebendo-o-1%C2%BA-lugar-na-premia%C3%A7%C3%A3o-do-GPTW-Cear%C3%A1.jpeg?resize=350%2C200&ssl=1","width":350,"height":200,"srcset":"https:\/\/i0.wp.com\/correiodasemana.com\/site\/wp-content\/uploads\/2019\/11\/Colaboradores-da-Unimed-Sobral-recebendo-o-1%C2%BA-lugar-na-premia%C3%A7%C3%A3o-do-GPTW-Cear%C3%A1.jpeg?resize=350%2C200&ssl=1 1x, https:\/\/i0.wp.com\/correiodasemana.com\/site\/wp-content\/uploads\/2019\/11\/Colaboradores-da-Unimed-Sobral-recebendo-o-1%C2%BA-lugar-na-premia%C3%A7%C3%A3o-do-GPTW-Cear%C3%A1.jpeg?resize=525%2C300&ssl=1 1.5x, https:\/\/i0.wp.com\/correiodasemana.com\/site\/wp-content\/uploads\/2019\/11\/Colaboradores-da-Unimed-Sobral-recebendo-o-1%C2%BA-lugar-na-premia%C3%A7%C3%A3o-do-GPTW-Cear%C3%A1.jpeg?resize=700%2C400&ssl=1 2x, https:\/\/i0.wp.com\/correiodasemana.com\/site\/wp-content\/uploads\/2019\/11\/Colaboradores-da-Unimed-Sobral-recebendo-o-1%C2%BA-lugar-na-premia%C3%A7%C3%A3o-do-GPTW-Cear%C3%A1.jpeg?resize=1050%2C600&ssl=1 3x"},"classes":[]},{"id":8469,"url":"https:\/\/correiodasemana.com\/site\/unimed-sobral-marca-presenca-na-18a-maratona-pao-de-acucar\/","url_meta":{"origin":11413,"position":5},"title":"Unimed Sobral marca presen\u00e7a na 18\u00aa maratona P\u00e3o de A\u00e7\u00facar","author":"","date":"Julho 30, 2019","format":false,"excerpt":"A Unimed Sobral esteve presente na 18\u00aa maratona P\u00e3o de A\u00e7\u00facar. A maratona j\u00e1 bastante conhecida e concorrida pelos amantes da vida saud\u00e1vel, teve sua largada \u00e0s 6h30 na pra\u00e7a 31 de mar\u00e7o na Praia do futuro e esse ano reuniu quase 5 mil inscritos que aceitaram o desafio de\u2026","rel":"","context":"In &quot;Atualidade&quot;","block_context":{"text":"Atualidade","link":"https:\/\/correiodasemana.com\/site\/category\/atualidade\/"},"img":{"alt_text":"","src":"https:\/\/i0.wp.com\/correiodasemana.com\/site\/wp-content\/uploads\/2019\/07\/2.jpg?resize=350%2C200&ssl=1","width":350,"height":200,"srcset":"https:\/\/i0.wp.com\/correiodasemana.com\/site\/wp-content\/uploads\/2019\/07\/2.jpg?resize=350%2C200&ssl=1 1x, https:\/\/i0.wp.com\/correiodasemana.com\/site\/wp-content\/uploads\/2019\/07\/2.jpg?resize=525%2C300&ssl=1 1.5x, https:\/\/i0.wp.com\/correiodasemana.com\/site\/wp-content\/uploads\/2019\/07\/2.jpg?resize=700%2C400&ssl=1 2x, https:\/\/i0.wp.com\/correiodasemana.com\/site\/wp-content\/uploads\/2019\/07\/2.jpg?resize=1050%2C600&ssl=1 3x, https:\/\/i0.wp.com\/correiodasemana.com\/site\/wp-content\/uploads\/2019\/07\/2.jpg?resize=1400%2C800&ssl=1 4x"},"classes":[]}],"jetpack_sharing_enabled":true,"_links":{"self":[{"href":"https:\/\/correiodasemana.com\/site\/wp-json\/wp\/v2\/posts\/11413","targetHints":{"allow":["GET"]}}],"collection":[{"href":"https:\/\/correiodasemana.com\/site\/wp-json\/wp\/v2\/posts"}],"about":[{"href":"https:\/\/correiodasemana.com\/site\/wp-json\/wp\/v2\/types\/post"}],"author":[{"embeddable":true,"href":"https:\/\/correiodasemana.com\/site\/wp-json\/wp\/v2\/users\/1"}],"replies":[{"embeddable":true,"href":"https:\/\/correiodasemana.com\/site\/wp-json\/wp\/v2\/comments?post=11413"}],"version-history":[{"count":6,"href":"https:\/\/correiodasemana.com\/site\/wp-json\/wp\/v2\/posts\/11413\/revisions"}],"predecessor-version":[{"id":11419,"href":"https:\/\/correiodasemana.com\/site\/wp-json\/wp\/v2\/posts\/11413\/revisions\/11419"}],"wp:featuredmedia":[{"embeddable":true,"href":"https:\/\/correiodasemana.com\/site\/wp-json\/wp\/v2\/media\/11412"}],"wp:attachment":[{"href":"https:\/\/correiodasemana.com\/site\/wp-json\/wp\/v2\/media?parent=11413"}],"wp:term":[{"taxonomy":"category","embeddable":true,"href":"https:\/\/correiodasemana.com\/site\/wp-json\/wp\/v2\/categories?post=11413"},{"taxonomy":"post_tag","embeddable":true,"href":"https:\/\/correiodasemana.com\/site\/wp-json\/wp\/v2\/tags?post=11413"}],"curies":[{"name":"wp","href":"https:\/\/api.w.org\/{rel}","templated":true}]}}