{"id":11424,"date":"2020-05-20T14:55:43","date_gmt":"2020-05-20T14:55:43","guid":{"rendered":"https:\/\/correiodasemana.com\/site\/?p=11424"},"modified":"2020-05-20T14:55:43","modified_gmt":"2020-05-20T14:55:43","slug":"regina-duarte-e-remanejada-da-secretaria-da-cultura","status":"publish","type":"post","link":"https:\/\/correiodasemana.com\/site\/regina-duarte-e-remanejada-da-secretaria-da-cultura\/","title":{"rendered":"Regina Duarte \u00e9 remanejada da Secretaria da Cultura"},"content":{"rendered":"<p class=\"p1\"><span class=\"s1\"><img fetchpriority=\"high\" decoding=\"async\" class=\"aligncenter size-medium wp-image-11425\" src=\"https:\/\/correiodasemana.com\/site\/wp-content\/uploads\/2020\/05\/1910C3CC-0BB1-46D8-AD28-A782C528537B-300x180.jpeg\" alt=\"\" width=\"300\" height=\"180\" srcset=\"https:\/\/correiodasemana.com\/site\/wp-content\/uploads\/2020\/05\/1910C3CC-0BB1-46D8-AD28-A782C528537B-300x180.jpeg 300w, https:\/\/correiodasemana.com\/site\/wp-content\/uploads\/2020\/05\/1910C3CC-0BB1-46D8-AD28-A782C528537B.jpeg 715w\" sizes=\"(max-width: 300px) 100vw, 300px\" \/><\/span><\/p>\n<p class=\"p1\"><span class=\"s1\">Com apenas dois meses, a Secret\u00e1ria de Cultura, Regina Duarte, deixa a pasta e passa a assumir a Cinemateca Brasileira, tamb\u00e9m vinculada a Secretaria da Cultura. <\/span><\/p>\n<p class=\"p1\"><span class=\"s1\">O an\u00fancio foi feito na manh\u00e3 desta quarta-feira (20) pelo presidente Jair Bolsonaro atrav\u00e9s da sua conta oficial no Twitter. \u201cRegina Duarte relatou que sente falta de sua fam\u00edlia, mas para que ela possa continuar contribuindo com o Governo e a Cultura Brasileira assumir\u00e1, em alguns dias, a Cinemateca em S\u00e3o Paulo. Nos pr\u00f3ximos dias, durante a transi\u00e7\u00e3o, ser\u00e1 mostrado o trabalho j\u00e1 realizado nos \u00faltimos 60 dias\u201d, escreveu o presidente. <\/span><\/p>\n<p class=\"p1\"><span class=\"s1\">Os dois aparecem em um v\u00eddeo postado pelo presidente, quando a agora ex-secret\u00e1ria de Cultura pergunta em tom de brincadeira se estava sendo \u201cfritada\u201d. &#8220;Regina, toda semana tem um ou dois ministros que, segundo a m\u00eddia, est\u00e3o sendo fritados. Objetivo \u00e9 desestabilizar a gente e tentar jogar o governo no ch\u00e3o. N\u00e3o v\u00e3o conseguir. Jamais ia fritar voc\u00ea&#8221;, responde o presidente. <\/span><\/p>\n<p class=\"p1\"><span class=\"s1\">Na sequ\u00eancia, Regina Duarte agradece pelo convite e diz ser um \u201csonho\u201d secretariar o Governo em um bra\u00e7o da cultura e um museu de toda a filmografia, em SP, do lado de casa. <\/span><\/p>\n","protected":false},"excerpt":{"rendered":"<p>Com apenas dois meses, a Secret\u00e1ria de Cultura, Regina Duarte, deixa a pasta e passa&#8230;<\/p>\n","protected":false},"author":1,"featured_media":11425,"comment_status":"open","ping_status":"open","sticky":false,"template":"","format":"standard","meta":{"_jetpack_memberships_contains_paid_content":false,"footnotes":"","jetpack_publicize_message":"","jetpack_publicize_feature_enabled":true,"jetpack_social_post_already_shared":true,"jetpack_social_options":{"image_generator_settings":{"template":"highway","default_image_id":0,"font":"","enabled":false},"version":2}},"categories":[1],"tags":[],"class_list":["post-11424","post","type-post","status-publish","format-standard","has-post-thumbnail","hentry","category-atualidade"],"jetpack_publicize_connections":[],"jetpack_featured_media_url":"https:\/\/correiodasemana.com\/site\/wp-content\/uploads\/2020\/05\/1910C3CC-0BB1-46D8-AD28-A782C528537B.jpeg","jetpack-related-posts":[{"id":11470,"url":"https:\/\/correiodasemana.com\/site\/com-apenas-dois-meses-a-secretaria-de-cultura-regina-duarte-deixa-a-pasta-e-passa-a-assumir-a-cinemateca-brasileira\/","url_meta":{"origin":11424,"position":0},"title":"Com apenas dois meses, a Secret\u00e1ria de Cultura, Regina Duarte, deixa a pasta e passa a assumir a Cinemateca Brasileira","author":"","date":"Maio 30, 2020","format":false,"excerpt":"O an\u00fancio foi feito na manh\u00e3 da quarta-feira (20) pelo presidente Jair Bolsonaro atrav\u00e9s da sua conta oficial no Twitter. Correio da Semana O an\u00fancio foi feito na manh\u00e3 da quarta-feira (20) pelo presidente Jair Bolsonaro atrav\u00e9s da sua conta oficial no Twitter. \u201cRegina Duarte relatou que sente falta de\u2026","rel":"","context":"In &quot;Atualidade&quot;","block_context":{"text":"Atualidade","link":"https:\/\/correiodasemana.com\/site\/category\/atualidade\/"},"img":{"alt_text":"","src":"https:\/\/i0.wp.com\/correiodasemana.com\/site\/wp-content\/uploads\/2020\/05\/1910C3CC-0BB1-46D8-AD28-A782C528537B.jpeg?resize=350%2C200&ssl=1","width":350,"height":200,"srcset":"https:\/\/i0.wp.com\/correiodasemana.com\/site\/wp-content\/uploads\/2020\/05\/1910C3CC-0BB1-46D8-AD28-A782C528537B.jpeg?resize=350%2C200&ssl=1 1x, https:\/\/i0.wp.com\/correiodasemana.com\/site\/wp-content\/uploads\/2020\/05\/1910C3CC-0BB1-46D8-AD28-A782C528537B.jpeg?resize=525%2C300&ssl=1 1.5x, https:\/\/i0.wp.com\/correiodasemana.com\/site\/wp-content\/uploads\/2020\/05\/1910C3CC-0BB1-46D8-AD28-A782C528537B.jpeg?resize=700%2C400&ssl=1 2x"},"classes":[]},{"id":10714,"url":"https:\/\/correiodasemana.com\/site\/regina-duarte-anuncia-que-aceitou-convite-de-bolsonaro-para-assumir-secretaria-de-cultura\/","url_meta":{"origin":11424,"position":1},"title":"Regina Duarte anuncia que aceitou convite de Bolsonaro para assumir Secretaria de Cultura","author":"","date":"Fevereiro 3, 2020","format":false,"excerpt":"A atriz Regina Duarte afirmou na quarta-feira (29), ap\u00f3s encontro com o presidente Jair Bolsonaro no Pal\u00e1cio do Planalto, que aceitou o convite para assumir a Secretaria Especial da Cultura. Ao deixar o pal\u00e1cio, no fim da tarde, a atriz afirmou aos jornalistas: \u201cSim, t\u00e1? S\u00f3 que agora v\u00e3o correr\u2026","rel":"","context":"In &quot;Atualidade&quot;","block_context":{"text":"Atualidade","link":"https:\/\/correiodasemana.com\/site\/category\/atualidade\/"},"img":{"alt_text":"","src":"https:\/\/i0.wp.com\/correiodasemana.com\/site\/wp-content\/uploads\/2020\/02\/regina-bolsonaro-22012020161325674.jpeg?resize=350%2C200&ssl=1","width":350,"height":200,"srcset":"https:\/\/i0.wp.com\/correiodasemana.com\/site\/wp-content\/uploads\/2020\/02\/regina-bolsonaro-22012020161325674.jpeg?resize=350%2C200&ssl=1 1x, https:\/\/i0.wp.com\/correiodasemana.com\/site\/wp-content\/uploads\/2020\/02\/regina-bolsonaro-22012020161325674.jpeg?resize=525%2C300&ssl=1 1.5x"},"classes":[]},{"id":10605,"url":"https:\/\/correiodasemana.com\/site\/a-cultura-brasileira-merece-respeito\/","url_meta":{"origin":11424,"position":2},"title":"A Cultura brasileira merece respeito","author":"","date":"Janeiro 27, 2020","format":false,"excerpt":"Depois da defini\u00e7\u00e3o do primeiro escal\u00e3o governo Bolsonaro, a pasta da Cultura se tornou uma esp\u00e9cie de entrave para a nova gest\u00e3o. Deixou de ser minist\u00e9rio e se transformou em secretaria. No meio de um entra e sai de dirigentes da pasta, foi admitido Roberto Alvim que, no ultimo dia\u2026","rel":"","context":"In &quot;Artigos&quot;","block_context":{"text":"Artigos","link":"https:\/\/correiodasemana.com\/site\/category\/artigos\/"},"img":{"alt_text":"","src":"https:\/\/i0.wp.com\/correiodasemana.com\/site\/wp-content\/uploads\/2020\/01\/39738106173_aa92e153a2_z.jpg?resize=350%2C200&ssl=1","width":350,"height":200,"srcset":"https:\/\/i0.wp.com\/correiodasemana.com\/site\/wp-content\/uploads\/2020\/01\/39738106173_aa92e153a2_z.jpg?resize=350%2C200&ssl=1 1x, https:\/\/i0.wp.com\/correiodasemana.com\/site\/wp-content\/uploads\/2020\/01\/39738106173_aa92e153a2_z.jpg?resize=525%2C300&ssl=1 1.5x"},"classes":[]},{"id":15303,"url":"https:\/\/correiodasemana.com\/site\/ivo-gomes-pede-compromisso-especial-de-seus-novos-secretarios-com-a-populacao-mais-carente-de-sobral\/","url_meta":{"origin":11424,"position":3},"title":"Ivo Gomes pede compromisso especial de seus novos secret\u00e1rios com a popula\u00e7\u00e3o mais carente de Sobral","author":"","date":"Janeiro 10, 2021","format":false,"excerpt":"Por Joc\u00e9lio Tavares. Na \u00faltima segunda-feira (04\/01), o prefeito de Sobral, Ivo Gomes, empossou seu novo secretariado em solenidade restrita no audit\u00f3rio do Pa\u00e7o Municipal. Em seu primeiro pronunciamento aos novos auxiliares, o prefeito pediu especial aten\u00e7\u00e3o com a popula\u00e7\u00e3o mais vulner\u00e1vel, cautela com os gastos p\u00fablicos e dedica\u00e7\u00e3o exclusiva\u2026","rel":"","context":"In &quot;Atualidade&quot;","block_context":{"text":"Atualidade","link":"https:\/\/correiodasemana.com\/site\/category\/atualidade\/"},"img":{"alt_text":"","src":"https:\/\/i0.wp.com\/correiodasemana.com\/site\/wp-content\/uploads\/2021\/01\/135898623_1512182582320838_2001802279671885964_o.jpg?resize=350%2C200&ssl=1","width":350,"height":200,"srcset":"https:\/\/i0.wp.com\/correiodasemana.com\/site\/wp-content\/uploads\/2021\/01\/135898623_1512182582320838_2001802279671885964_o.jpg?resize=350%2C200&ssl=1 1x, https:\/\/i0.wp.com\/correiodasemana.com\/site\/wp-content\/uploads\/2021\/01\/135898623_1512182582320838_2001802279671885964_o.jpg?resize=525%2C300&ssl=1 1.5x, https:\/\/i0.wp.com\/correiodasemana.com\/site\/wp-content\/uploads\/2021\/01\/135898623_1512182582320838_2001802279671885964_o.jpg?resize=700%2C400&ssl=1 2x, https:\/\/i0.wp.com\/correiodasemana.com\/site\/wp-content\/uploads\/2021\/01\/135898623_1512182582320838_2001802279671885964_o.jpg?resize=1050%2C600&ssl=1 3x"},"classes":[]},{"id":11298,"url":"https:\/\/correiodasemana.com\/site\/prefeitura-de-sobral-assume-temporariamente-a-direcao-do-hospital-doutor-estevam\/","url_meta":{"origin":11424,"position":4},"title":"Prefeitura de Sobral assume temporariamente a dire\u00e7\u00e3o do Hospital Doutor Estevam","author":"","date":"Mar\u00e7o 24, 2020","format":false,"excerpt":"Com o objetivo de ampliar e melhorar os equipamentos de Sa\u00fade do munic\u00edpio, a Prefeitura de Sobral vai assumir, a partir desta ter\u00e7a-feira (17\/03), at\u00e9 31 de janeiro de 2021, a dire\u00e7\u00e3o do Hospital Doutor Estevam. O decreto que estabelece essa interven\u00e7\u00e3o foi publicado no Di\u00e1rio Oficial do Munic\u00edpio n\u00ba\u2026","rel":"","context":"In &quot;Atualidade&quot;","block_context":{"text":"Atualidade","link":"https:\/\/correiodasemana.com\/site\/category\/atualidade\/"},"img":{"alt_text":"","src":"https:\/\/i0.wp.com\/correiodasemana.com\/site\/wp-content\/uploads\/2020\/03\/Hospital-Dr.-Estevam-Ponte-3-scaled.jpg?resize=350%2C200&ssl=1","width":350,"height":200,"srcset":"https:\/\/i0.wp.com\/correiodasemana.com\/site\/wp-content\/uploads\/2020\/03\/Hospital-Dr.-Estevam-Ponte-3-scaled.jpg?resize=350%2C200&ssl=1 1x, https:\/\/i0.wp.com\/correiodasemana.com\/site\/wp-content\/uploads\/2020\/03\/Hospital-Dr.-Estevam-Ponte-3-scaled.jpg?resize=525%2C300&ssl=1 1.5x, https:\/\/i0.wp.com\/correiodasemana.com\/site\/wp-content\/uploads\/2020\/03\/Hospital-Dr.-Estevam-Ponte-3-scaled.jpg?resize=700%2C400&ssl=1 2x, https:\/\/i0.wp.com\/correiodasemana.com\/site\/wp-content\/uploads\/2020\/03\/Hospital-Dr.-Estevam-Ponte-3-scaled.jpg?resize=1050%2C600&ssl=1 3x, https:\/\/i0.wp.com\/correiodasemana.com\/site\/wp-content\/uploads\/2020\/03\/Hospital-Dr.-Estevam-Ponte-3-scaled.jpg?resize=1400%2C800&ssl=1 4x"},"classes":[]},{"id":31297,"url":"https:\/\/correiodasemana.com\/site\/becco-ponto-com-190\/","url_meta":{"origin":11424,"position":5},"title":"Becco ponto Com","author":"adminredacao","date":"Novembro 3, 2024","format":false,"excerpt":"LIVRAI-NOS, SENHOR! Do choro farsante dos pol\u00edticos brasileiros, ufa! Da sess\u00e3o paga e passa nas faculdades particulares. De uma nova \u201cC\u00e2mara camarada\u201d como as demais, ui! Da cara de \u201cAndr\u00e9\u201d dos pol\u00edticos rezando para o povo. Da perda de votos do PT de Lula, pelo Brasil afora, ufa! Da \u201cBola\u2026","rel":"","context":"In &quot;Artigos&quot;","block_context":{"text":"Artigos","link":"https:\/\/correiodasemana.com\/site\/category\/artigos\/"},"img":{"alt_text":"","src":"https:\/\/i0.wp.com\/correiodasemana.com\/site\/wp-content\/uploads\/2021\/09\/Dr-Chico-Prado-Trofeu-Dom-Jose-1-1.jpg?resize=350%2C200&ssl=1","width":350,"height":200,"srcset":"https:\/\/i0.wp.com\/correiodasemana.com\/site\/wp-content\/uploads\/2021\/09\/Dr-Chico-Prado-Trofeu-Dom-Jose-1-1.jpg?resize=350%2C200&ssl=1 1x, https:\/\/i0.wp.com\/correiodasemana.com\/site\/wp-content\/uploads\/2021\/09\/Dr-Chico-Prado-Trofeu-Dom-Jose-1-1.jpg?resize=525%2C300&ssl=1 1.5x, https:\/\/i0.wp.com\/correiodasemana.com\/site\/wp-content\/uploads\/2021\/09\/Dr-Chico-Prado-Trofeu-Dom-Jose-1-1.jpg?resize=700%2C400&ssl=1 2x"},"classes":[]}],"jetpack_sharing_enabled":true,"_links":{"self":[{"href":"https:\/\/correiodasemana.com\/site\/wp-json\/wp\/v2\/posts\/11424","targetHints":{"allow":["GET"]}}],"collection":[{"href":"https:\/\/correiodasemana.com\/site\/wp-json\/wp\/v2\/posts"}],"about":[{"href":"https:\/\/correiodasemana.com\/site\/wp-json\/wp\/v2\/types\/post"}],"author":[{"embeddable":true,"href":"https:\/\/correiodasemana.com\/site\/wp-json\/wp\/v2\/users\/1"}],"replies":[{"embeddable":true,"href":"https:\/\/correiodasemana.com\/site\/wp-json\/wp\/v2\/comments?post=11424"}],"version-history":[{"count":3,"href":"https:\/\/correiodasemana.com\/site\/wp-json\/wp\/v2\/posts\/11424\/revisions"}],"predecessor-version":[{"id":11428,"href":"https:\/\/correiodasemana.com\/site\/wp-json\/wp\/v2\/posts\/11424\/revisions\/11428"}],"wp:featuredmedia":[{"embeddable":true,"href":"https:\/\/correiodasemana.com\/site\/wp-json\/wp\/v2\/media\/11425"}],"wp:attachment":[{"href":"https:\/\/correiodasemana.com\/site\/wp-json\/wp\/v2\/media?parent=11424"}],"wp:term":[{"taxonomy":"category","embeddable":true,"href":"https:\/\/correiodasemana.com\/site\/wp-json\/wp\/v2\/categories?post=11424"},{"taxonomy":"post_tag","embeddable":true,"href":"https:\/\/correiodasemana.com\/site\/wp-json\/wp\/v2\/tags?post=11424"}],"curies":[{"name":"wp","href":"https:\/\/api.w.org\/{rel}","templated":true}]}}