{"id":11437,"date":"2020-05-21T14:10:44","date_gmt":"2020-05-21T14:10:44","guid":{"rendered":"https:\/\/correiodasemana.com\/site\/?p=11437"},"modified":"2020-06-22T01:44:13","modified_gmt":"2020-06-22T01:44:13","slug":"organizacao-de-saude-da-america-latina-reitera-que-nao-ha-comprovacao-para-cloroquina-contra-covid-19","status":"publish","type":"post","link":"https:\/\/correiodasemana.com\/site\/organizacao-de-saude-da-america-latina-reitera-que-nao-ha-comprovacao-para-cloroquina-contra-covid-19\/","title":{"rendered":"Organiza\u00e7\u00e3o de sa\u00fade da Am\u00e9rica Latina reitera que n\u00e3o h\u00e1 comprova\u00e7\u00e3o para cloroquina contra Covid-19"},"content":{"rendered":"<h6><em><strong><img fetchpriority=\"high\" decoding=\"async\" class=\"aligncenter size-medium wp-image-11438\" src=\"https:\/\/correiodasemana.com\/site\/wp-content\/uploads\/2020\/05\/382B6E66-924B-44BC-9389-D44BECA53C30-300x217.jpeg\" alt=\"\" width=\"300\" height=\"217\" srcset=\"https:\/\/correiodasemana.com\/site\/wp-content\/uploads\/2020\/05\/382B6E66-924B-44BC-9389-D44BECA53C30-300x217.jpeg 300w, https:\/\/correiodasemana.com\/site\/wp-content\/uploads\/2020\/05\/382B6E66-924B-44BC-9389-D44BECA53C30.jpeg 719w\" sizes=\"(max-width: 300px) 100vw, 300px\" \/>Marcos Espinal, diretor do Departamento de Doen\u00e7as Transmiss\u00edveis da Organiza\u00e7\u00e3o Pan-Americana da Sa\u00fade\u00a0<\/strong><\/em><\/h6>\n<p>O diretor do Departamento de Doen\u00e7as Transmiss\u00edveis da Organiza\u00e7\u00e3o Pan-Americana da Sa\u00fade (Opas), Marcos Espinal, reiterou na \u00faltima ter\u00e7a-feira (19) que n\u00e3o h\u00e1 evid\u00eancia cient\u00edfica at\u00e9 o momento para recomendar o uso da cloroquina contra a Covid-19, doen\u00e7a respirat\u00f3ria provocada pelo novo coronav\u00edrus.<\/p>\n<p>\u201cN\u00e3o temos ainda resultados de testes cl\u00ednicos que possam sugerir a efic\u00e1cia\u201d, disse ele em videoconfer\u00eancia do bra\u00e7o regional da Organiza\u00e7\u00e3o Mundial da Sa\u00fade (OMS) para comentar a pandemia nas Am\u00e9ricas.<\/p>\n<p>Questionado sobre a inten\u00e7\u00e3o do governo brasileiro de recomendar o uso da cloroquina para tratar pacientes desde o in\u00edcio dos sintomas \u2014ampliando o protocolo atual que recomenda a utiliza\u00e7\u00e3o apenas em pacientes graves\u2014 o diretor da Opas respondeu que \u201co uso em cada pa\u00eds \u00e9 decis\u00e3o de cada pa\u00eds\u201d, mas ressaltou os efeitos colaterais, principalmente problemas card\u00edacos.<\/p>\n<div class=\"Attribution_container\">\n<div class=\"Attribution_attribution\" style=\"text-align: right;\">Fonte: Ag\u00eancia Reuters<\/div>\n<\/div>\n","protected":false},"excerpt":{"rendered":"<p>Marcos Espinal, diretor do Departamento de Doen\u00e7as Transmiss\u00edveis da Organiza\u00e7\u00e3o Pan-Americana da Sa\u00fade\u00a0 O diretor&#8230;<\/p>\n","protected":false},"author":1,"featured_media":11438,"comment_status":"open","ping_status":"open","sticky":false,"template":"","format":"standard","meta":{"_jetpack_memberships_contains_paid_content":false,"footnotes":"","jetpack_publicize_message":"","jetpack_publicize_feature_enabled":true,"jetpack_social_post_already_shared":true,"jetpack_social_options":{"image_generator_settings":{"template":"highway","default_image_id":0,"font":"","enabled":false},"version":2}},"categories":[1],"tags":[],"class_list":["post-11437","post","type-post","status-publish","format-standard","has-post-thumbnail","hentry","category-atualidade"],"jetpack_publicize_connections":[],"jetpack_featured_media_url":"https:\/\/correiodasemana.com\/site\/wp-content\/uploads\/2020\/05\/382B6E66-924B-44BC-9389-D44BECA53C30.jpeg","jetpack-related-posts":[{"id":11431,"url":"https:\/\/correiodasemana.com\/site\/governo-inclui-cloroquina-em-tratamento-de-casos-leves-de-covid-19\/","url_meta":{"origin":11437,"position":0},"title":"Governo inclui cloroquina em tratamento de casos leves de covid-19","author":"","date":"Maio 20, 2020","format":false,"excerpt":"O Minist\u00e9rio da Sa\u00fade incluiu hoje (20) a cloroquina, e seu derivado hidroxicloroquina, no protocolo de tratamento para pacientes com sintomas leves de covid-19. De acordo com o documento divulgado pela pasta, cabe ao m\u00e9dico a decis\u00e3o sobre prescrever ou n\u00e3o a subst\u00e2ncia, sendo necess\u00e1ria tamb\u00e9m a vontade declarada do\u2026","rel":"","context":"In &quot;Sa\u00fade&quot;","block_context":{"text":"Sa\u00fade","link":"https:\/\/correiodasemana.com\/site\/category\/saude\/"},"img":{"alt_text":"","src":"","width":0,"height":0},"classes":[]},{"id":26614,"url":"https:\/\/correiodasemana.com\/site\/envelhecimento-da-populacao-vai-demandar-mais-vacinas-para-idosos\/","url_meta":{"origin":11437,"position":1},"title":"Envelhecimento da popula\u00e7\u00e3o vai demandar mais vacinas para idosos","author":"adminredacao","date":"Setembro 25, 2023","format":false,"excerpt":"Vacinas contra hepatite, difteria e t\u00e9tano est\u00e3o no calend\u00e1rio Por Vin\u00edcius Lisboa - rep\u00f3rter da Ag\u00eancia Brasil* - Florian\u00f3polis O continente americano e o Brasil est\u00e3o envelhecendo mais r\u00e1pido do que a m\u00e9dia mundial, e a amplia\u00e7\u00e3o do acesso dos idosos \u00e0 vacina\u00e7\u00e3o \u00e9 um dos instrumentos para a garantia\u2026","rel":"","context":"In &quot;Atualidade&quot;","block_context":{"text":"Atualidade","link":"https:\/\/correiodasemana.com\/site\/category\/atualidade\/"},"img":{"alt_text":"","src":"https:\/\/i0.wp.com\/correiodasemana.com\/site\/wp-content\/uploads\/2023\/09\/raf05950.jpg?resize=350%2C200&ssl=1","width":350,"height":200,"srcset":"https:\/\/i0.wp.com\/correiodasemana.com\/site\/wp-content\/uploads\/2023\/09\/raf05950.jpg?resize=350%2C200&ssl=1 1x, https:\/\/i0.wp.com\/correiodasemana.com\/site\/wp-content\/uploads\/2023\/09\/raf05950.jpg?resize=525%2C300&ssl=1 1.5x, https:\/\/i0.wp.com\/correiodasemana.com\/site\/wp-content\/uploads\/2023\/09\/raf05950.jpg?resize=700%2C400&ssl=1 2x, https:\/\/i0.wp.com\/correiodasemana.com\/site\/wp-content\/uploads\/2023\/09\/raf05950.jpg?resize=1050%2C600&ssl=1 3x"},"classes":[]},{"id":12032,"url":"https:\/\/correiodasemana.com\/site\/bolsonaro-defende-autonomia-de-medico-para-prescrever-remedio\/","url_meta":{"origin":11437,"position":2},"title":"Bolsonaro defende autonomia de m\u00e9dico para prescrever rem\u00e9dio","author":"","date":"Julho 20, 2020","format":false,"excerpt":"Presidente, que toma hidroxicloroquina em seu tratamento contra a covid-19, postou texto da Associa\u00e7\u00e3o M\u00e9dica Brasileira sobre o medicamento O presidente Jair Bolsonaro postou um tu\u00edte nesta segunda-feira (20) defendendo a autonomia dos m\u00e9dicos na prescri\u00e7\u00e3o de rem\u00e9dios. Segundo ele, \"\u00e9 importante lembrar que o uso off label (fora da\u2026","rel":"","context":"In &quot;Atualidade&quot;","block_context":{"text":"Atualidade","link":"https:\/\/correiodasemana.com\/site\/category\/atualidade\/"},"img":{"alt_text":"","src":"https:\/\/i0.wp.com\/correiodasemana.com\/site\/wp-content\/uploads\/2020\/07\/reuters-jair-bolsonaro-1500-20072020095803877.jpeg?resize=350%2C200&ssl=1","width":350,"height":200},"classes":[]},{"id":13197,"url":"https:\/\/correiodasemana.com\/site\/covid-19-completa-6-meses-no-pais-especialistas-listam-licoes-da-pandemia\/","url_meta":{"origin":11437,"position":3},"title":"Covid-19 completa 6 meses no pa\u00eds; especialistas listam li\u00e7\u00f5es da pandemia","author":"","date":"Agosto 30, 2020","format":false,"excerpt":"O Carnaval mal tinha terminado quando o Brasil registrou o primeiro caso de covid-19. Ontem, a epidemia completou seis meses em territ\u00f3rio nacional. De acordo com o Minist\u00e9rio da Sa\u00fade, em 13 de agosto a doen\u00e7a estava presente em 98,4% dos munic\u00edpios. S\u00e3o 3,6 milh\u00f5es de casos confirmados e mais\u2026","rel":"","context":"In &quot;Atualidade&quot;","block_context":{"text":"Atualidade","link":"https:\/\/correiodasemana.com\/site\/category\/atualidade\/"},"img":{"alt_text":"","src":"https:\/\/i0.wp.com\/correiodasemana.com\/site\/wp-content\/uploads\/2020\/08\/maioria-dos-leitos-de-uti-para-tratamento-da-covid-19-em-sao-luis-estao-ocupados-1588253429316_v2_1280x854.jpg?resize=350%2C200&ssl=1","width":350,"height":200,"srcset":"https:\/\/i0.wp.com\/correiodasemana.com\/site\/wp-content\/uploads\/2020\/08\/maioria-dos-leitos-de-uti-para-tratamento-da-covid-19-em-sao-luis-estao-ocupados-1588253429316_v2_1280x854.jpg?resize=350%2C200&ssl=1 1x, https:\/\/i0.wp.com\/correiodasemana.com\/site\/wp-content\/uploads\/2020\/08\/maioria-dos-leitos-de-uti-para-tratamento-da-covid-19-em-sao-luis-estao-ocupados-1588253429316_v2_1280x854.jpg?resize=525%2C300&ssl=1 1.5x, https:\/\/i0.wp.com\/correiodasemana.com\/site\/wp-content\/uploads\/2020\/08\/maioria-dos-leitos-de-uti-para-tratamento-da-covid-19-em-sao-luis-estao-ocupados-1588253429316_v2_1280x854.jpg?resize=700%2C400&ssl=1 2x, https:\/\/i0.wp.com\/correiodasemana.com\/site\/wp-content\/uploads\/2020\/08\/maioria-dos-leitos-de-uti-para-tratamento-da-covid-19-em-sao-luis-estao-ocupados-1588253429316_v2_1280x854.jpg?resize=1050%2C600&ssl=1 3x"},"classes":[]},{"id":23294,"url":"https:\/\/correiodasemana.com\/site\/oms-decide-manter-covid-19-como-emergencia-global\/","url_meta":{"origin":11437,"position":4},"title":"OMS decide manter covid-19 como emerg\u00eancia global","author":"","date":"Janeiro 31, 2023","format":false,"excerpt":"Tr\u00eas anos ap\u00f3s decretar a covid-19 como emerg\u00eancia global em sa\u00fade p\u00fablica, a Organiza\u00e7\u00e3o Mundial da Sa\u00fade (OMS) informou hoje (30) que ainda n\u00e3o vai declarar o fim da pandemia e do estado de alerta causado pelo v\u00edrus. Em pronunciamento, o diretor-geral da organiza\u00e7\u00e3o, Tedros Adhanom Ghebreyesus, disse que vai\u2026","rel":"","context":"In &quot;Atualidade&quot;","block_context":{"text":"Atualidade","link":"https:\/\/correiodasemana.com\/site\/category\/atualidade\/"},"img":{"alt_text":"","src":"https:\/\/i0.wp.com\/correiodasemana.com\/site\/wp-content\/uploads\/2023\/01\/oms_estabelece_plano_para_saida-890844.jpg?resize=350%2C200&ssl=1","width":350,"height":200,"srcset":"https:\/\/i0.wp.com\/correiodasemana.com\/site\/wp-content\/uploads\/2023\/01\/oms_estabelece_plano_para_saida-890844.jpg?resize=350%2C200&ssl=1 1x, https:\/\/i0.wp.com\/correiodasemana.com\/site\/wp-content\/uploads\/2023\/01\/oms_estabelece_plano_para_saida-890844.jpg?resize=525%2C300&ssl=1 1.5x, https:\/\/i0.wp.com\/correiodasemana.com\/site\/wp-content\/uploads\/2023\/01\/oms_estabelece_plano_para_saida-890844.jpg?resize=700%2C400&ssl=1 2x, https:\/\/i0.wp.com\/correiodasemana.com\/site\/wp-content\/uploads\/2023\/01\/oms_estabelece_plano_para_saida-890844.jpg?resize=1050%2C600&ssl=1 3x, https:\/\/i0.wp.com\/correiodasemana.com\/site\/wp-content\/uploads\/2023\/01\/oms_estabelece_plano_para_saida-890844.jpg?resize=1400%2C800&ssl=1 4x"},"classes":[]},{"id":12314,"url":"https:\/\/correiodasemana.com\/site\/saude-divulga-dados-atualizados-sobre-hepatites-no-brasil\/","url_meta":{"origin":11437,"position":5},"title":"Sa\u00fade divulga dados atualizados sobre hepatites no Brasil","author":"","date":"Julho 28, 2020","format":false,"excerpt":"Boletim mostra a\u00e7\u00f5es e prioridades no combate \u00e0 doen\u00e7a Por Ag\u00eancia Brasil - Bras\u00edlia O\u00a0Departamento de Doen\u00e7as de Condi\u00e7\u00f5es Cr\u00f4nicas e Infec\u00e7\u00f5es Sexualmente Transmiss\u00edveis, da secretaria de Vigil\u00e2ncia em Sa\u00fade, do Minist\u00e9rio da Sa\u00fade publica\u00a0hoje (28), Dia Mundial de Luta Contra Hepatites Virais, o boletim epidemiol\u00f3gico de 2020. O caderno\u2026","rel":"","context":"In &quot;Atualidade&quot;","block_context":{"text":"Atualidade","link":"https:\/\/correiodasemana.com\/site\/category\/atualidade\/"},"img":{"alt_text":"","src":"https:\/\/i0.wp.com\/correiodasemana.com\/site\/wp-content\/uploads\/2020\/07\/hepatite.jpg?resize=350%2C200&ssl=1","width":350,"height":200,"srcset":"https:\/\/i0.wp.com\/correiodasemana.com\/site\/wp-content\/uploads\/2020\/07\/hepatite.jpg?resize=350%2C200&ssl=1 1x, https:\/\/i0.wp.com\/correiodasemana.com\/site\/wp-content\/uploads\/2020\/07\/hepatite.jpg?resize=525%2C300&ssl=1 1.5x, https:\/\/i0.wp.com\/correiodasemana.com\/site\/wp-content\/uploads\/2020\/07\/hepatite.jpg?resize=700%2C400&ssl=1 2x, https:\/\/i0.wp.com\/correiodasemana.com\/site\/wp-content\/uploads\/2020\/07\/hepatite.jpg?resize=1050%2C600&ssl=1 3x"},"classes":[]}],"jetpack_sharing_enabled":true,"_links":{"self":[{"href":"https:\/\/correiodasemana.com\/site\/wp-json\/wp\/v2\/posts\/11437","targetHints":{"allow":["GET"]}}],"collection":[{"href":"https:\/\/correiodasemana.com\/site\/wp-json\/wp\/v2\/posts"}],"about":[{"href":"https:\/\/correiodasemana.com\/site\/wp-json\/wp\/v2\/types\/post"}],"author":[{"embeddable":true,"href":"https:\/\/correiodasemana.com\/site\/wp-json\/wp\/v2\/users\/1"}],"replies":[{"embeddable":true,"href":"https:\/\/correiodasemana.com\/site\/wp-json\/wp\/v2\/comments?post=11437"}],"version-history":[{"count":2,"href":"https:\/\/correiodasemana.com\/site\/wp-json\/wp\/v2\/posts\/11437\/revisions"}],"predecessor-version":[{"id":11440,"href":"https:\/\/correiodasemana.com\/site\/wp-json\/wp\/v2\/posts\/11437\/revisions\/11440"}],"wp:featuredmedia":[{"embeddable":true,"href":"https:\/\/correiodasemana.com\/site\/wp-json\/wp\/v2\/media\/11438"}],"wp:attachment":[{"href":"https:\/\/correiodasemana.com\/site\/wp-json\/wp\/v2\/media?parent=11437"}],"wp:term":[{"taxonomy":"category","embeddable":true,"href":"https:\/\/correiodasemana.com\/site\/wp-json\/wp\/v2\/categories?post=11437"},{"taxonomy":"post_tag","embeddable":true,"href":"https:\/\/correiodasemana.com\/site\/wp-json\/wp\/v2\/tags?post=11437"}],"curies":[{"name":"wp","href":"https:\/\/api.w.org\/{rel}","templated":true}]}}