{"id":11442,"date":"2020-05-26T21:20:25","date_gmt":"2020-05-26T21:20:25","guid":{"rendered":"https:\/\/correiodasemana.com\/site\/?p=11442"},"modified":"2020-05-26T21:20:25","modified_gmt":"2020-05-26T21:20:25","slug":"sabado-una-se-ao-papa-para-a-oracao-do-terco-nos-jardins-vaticanos","status":"publish","type":"post","link":"https:\/\/correiodasemana.com\/site\/sabado-una-se-ao-papa-para-a-oracao-do-terco-nos-jardins-vaticanos\/","title":{"rendered":"S\u00e1bado, una-se ao Papa para a ora\u00e7\u00e3o do Ter\u00e7o nos Jardins Vaticanos"},"content":{"rendered":"<p><span style=\"color: #808080;\">Direto da Gruta de Lourdes, nos Jardins Vaticanos, o Papa Francisco rezar\u00e1 o Ter\u00e7o na conclus\u00e3o do m\u00eas mariano para pedir a consola\u00e7\u00e3o de Nossa Senhora para enfrentar a pandemia.<\/span><\/p>\n<p><img fetchpriority=\"high\" decoding=\"async\" class=\"aligncenter size-medium wp-image-11444\" src=\"https:\/\/correiodasemana.com\/site\/wp-content\/uploads\/2020\/05\/005A6CB6-B989-4360-96A0-ED4862D8FE39-300x169.jpeg\" alt=\"\" width=\"300\" height=\"169\" srcset=\"https:\/\/correiodasemana.com\/site\/wp-content\/uploads\/2020\/05\/005A6CB6-B989-4360-96A0-ED4862D8FE39-300x169.jpeg 300w, https:\/\/correiodasemana.com\/site\/wp-content\/uploads\/2020\/05\/005A6CB6-B989-4360-96A0-ED4862D8FE39-768x432.jpeg 768w, https:\/\/correiodasemana.com\/site\/wp-content\/uploads\/2020\/05\/005A6CB6-B989-4360-96A0-ED4862D8FE39.jpeg 1000w\" sizes=\"(max-width: 300px) 100vw, 300px\" \/><\/p>\n<p>No pr\u00f3ximo dia 30 de maio, os cat\u00f3licos t\u00eam um encontro marcado com o Papa Francisco.<\/p>\n<p>No encerramento do m\u00eas mariano, como \u00e9 tradi\u00e7\u00e3o, o Papa rezar\u00e1 o ter\u00e7o nos Jardins Vaticanos \u00e0s 17h30 locais (12h30 em Bras\u00edlia). Mas, desta vez, o evento ser\u00e1 transmitido em streaming, com coment\u00e1rios em portugu\u00eas, diretamente da Gruta de Lourdes. A dura\u00e7\u00e3o prevista \u00e9 de uma hora.<\/p>\n<div>\n<div class=\"article__embed article__embed--unwrap article__embed--dark\">\n<p>Os fi\u00e9is rezar\u00e3o para pedir o aux\u00edlio e o consolo de Nossa Senhora para enfrentar a pandemia do coronav\u00edrus, inspirados pelo trecho dos Atos dos Ap\u00f3stolos 1,14 &#8220;Todos se uniram constantemente em ora\u00e7\u00e3o, juntamente com Maria&#8221;.<\/p>\n<p>As dezenas ser\u00e3o rezadas por homens e mulheres representando as v\u00e1rias realidades tocadas pelo v\u00edrus: um m\u00e9dico, uma enfermeira, um paciente curado, uma pessoa que perdeu um familiar, um sacerdote, um capel\u00e3o hospitalar, um farmac\u00eautico, uma freira enfermeira, um representante da Defesa Civil, uma fam\u00edlia cujo filho nasceu em meio \u00e0 pandemia.<\/p>\n<p><strong>Ades\u00e3o dos santu\u00e1rios<\/strong><\/p>\n<p>A iniciativa \u00e9 do Pontif\u00edcio Conselho para a Promo\u00e7\u00e3o da Nova Evangeliza\u00e7\u00e3o. O presidente, Dom Rino Fisichella, escreve:<\/p>\n<div>\n<div class=\"article__embed article__embed--border embed_style\">\n<blockquote><p>\u201cAos p\u00e9s de Maria, o Papa Francisco depositar\u00e1 as afli\u00e7\u00f5es e as dores da humanidade, ulteriormente agravadas pela difus\u00e3o da Covid-19.\u201d<\/p><\/blockquote>\n<\/div>\n<\/div>\n<p>Para o Arcebispo, trata-se de mais um \u201csinal de proximidade e de consola\u00e7\u00e3o para aqueles que, de algum modo, foram atingidos pelo v\u00edrus, na certeza de que a M\u00e3e Celeste n\u00e3o desatende os pedidos de prote\u00e7\u00e3o\u201d.<\/p>\n<p>Santu\u00e1rios dos cinco continentes j\u00e1 deram sua ades\u00e3o: Lourdes, Pompeia, F\u00e1tima, Cz\u0119stochowa. Na Am\u00e9rica Latina, Guadalupe e Luj\u00e1n, entre outros. O Santu\u00e1rio de Aparecida tamb\u00e9m confirmou sua participa\u00e7\u00e3o.<\/p>\n<p>O evento poder\u00e1 se seguido atrav\u00e9s do nosso site e das redes sociais do Vatican News.<\/p>\n<\/div>\n<p style=\"text-align: right;\">FONTE: VaticanNews<\/p>\n<\/div>\n","protected":false},"excerpt":{"rendered":"<p>Direto da Gruta de Lourdes, nos Jardins Vaticanos, o Papa Francisco rezar\u00e1 o Ter\u00e7o na&#8230;<\/p>\n","protected":false},"author":1,"featured_media":11444,"comment_status":"open","ping_status":"open","sticky":false,"template":"","format":"standard","meta":{"_jetpack_memberships_contains_paid_content":false,"footnotes":"","jetpack_publicize_message":"","jetpack_publicize_feature_enabled":true,"jetpack_social_post_already_shared":true,"jetpack_social_options":{"image_generator_settings":{"template":"highway","default_image_id":0,"font":"","enabled":false},"version":2}},"categories":[1,39],"tags":[],"class_list":["post-11442","post","type-post","status-publish","format-standard","has-post-thumbnail","hentry","category-atualidade","category-igreja"],"jetpack_publicize_connections":[],"jetpack_featured_media_url":"https:\/\/correiodasemana.com\/site\/wp-content\/uploads\/2020\/05\/005A6CB6-B989-4360-96A0-ED4862D8FE39.jpeg","jetpack-related-posts":[{"id":13906,"url":"https:\/\/correiodasemana.com\/site\/papa-convida-a-rezar-o-rosario-em-outubro-em-familia-na-comunidade-e-ate-pela-internet\/","url_meta":{"origin":11442,"position":0},"title":"Papa convida a rezar o ros\u00e1rio em outubro: em fam\u00edlia, na comunidade e at\u00e9 pela internet","author":"","date":"Outubro 4, 2020","format":false,"excerpt":"Na Audi\u00eancia Geral desta quarta-feira (30) o Pont\u00edfice renovou o convite para sermos fi\u00e9is ao costume de rezar o ter\u00e7o, sobretudo no m\u00eas de outubro, tradicionalmente dedicado a Nossa Senhora do Ros\u00e1rio. Em maio, o Papa j\u00e1 indicava esse caminho para a ora\u00e7\u00e3o, sugerindo a busca na internet para \u201cbons\u2026","rel":"","context":"In &quot;Atualidade&quot;","block_context":{"text":"Atualidade","link":"https:\/\/correiodasemana.com\/site\/category\/atualidade\/"},"img":{"alt_text":"","src":"https:\/\/i0.wp.com\/correiodasemana.com\/site\/wp-content\/uploads\/2018\/03\/papa-maria.jpeg?resize=350%2C200&ssl=1","width":350,"height":200,"srcset":"https:\/\/i0.wp.com\/correiodasemana.com\/site\/wp-content\/uploads\/2018\/03\/papa-maria.jpeg?resize=350%2C200&ssl=1 1x, https:\/\/i0.wp.com\/correiodasemana.com\/site\/wp-content\/uploads\/2018\/03\/papa-maria.jpeg?resize=525%2C300&ssl=1 1.5x, https:\/\/i0.wp.com\/correiodasemana.com\/site\/wp-content\/uploads\/2018\/03\/papa-maria.jpeg?resize=700%2C400&ssl=1 2x"},"classes":[]},{"id":11325,"url":"https:\/\/correiodasemana.com\/site\/papa-francisco-reforca-a-tradicao-de-rezar-o-terco-em-familia-no-mes-de-maio\/","url_meta":{"origin":11442,"position":1},"title":"Papa Francisco refor\u00e7a a tradi\u00e7\u00e3o de rezar o Ter\u00e7o em fam\u00edlia no m\u00eas de maio","author":"","date":"Maio 7, 2020","format":false,"excerpt":"A Igreja Cat\u00f3lica dedica todo o m\u00eas de maio para honrar a Virgem Maria, M\u00e3e de Deus. Neste ano, a exemplo de outras celebra\u00e7\u00f5es cat\u00f3licas, as festividades marianas ser\u00e3o afetadas por conta da pandemia do Covid-19 Por Marciley Salles \u00c9 tradi\u00e7\u00e3o, escreve o Santo Padre, rezar o Ter\u00e7o em casa,\u2026","rel":"","context":"In &quot;Atualidade&quot;","block_context":{"text":"Atualidade","link":"https:\/\/correiodasemana.com\/site\/category\/atualidade\/"},"img":{"alt_text":"","src":"https:\/\/i0.wp.com\/correiodasemana.com\/site\/wp-content\/uploads\/2020\/05\/Em-2019-a-coroa%C3%A7%C3%A3o-de-Nossa-Senhora-no-Boulevad-do-Arco-em-Sobral-atraiu-centenas-de-pessoas.jpg?resize=350%2C200&ssl=1","width":350,"height":200,"srcset":"https:\/\/i0.wp.com\/correiodasemana.com\/site\/wp-content\/uploads\/2020\/05\/Em-2019-a-coroa%C3%A7%C3%A3o-de-Nossa-Senhora-no-Boulevad-do-Arco-em-Sobral-atraiu-centenas-de-pessoas.jpg?resize=350%2C200&ssl=1 1x, https:\/\/i0.wp.com\/correiodasemana.com\/site\/wp-content\/uploads\/2020\/05\/Em-2019-a-coroa%C3%A7%C3%A3o-de-Nossa-Senhora-no-Boulevad-do-Arco-em-Sobral-atraiu-centenas-de-pessoas.jpg?resize=525%2C300&ssl=1 1.5x, https:\/\/i0.wp.com\/correiodasemana.com\/site\/wp-content\/uploads\/2020\/05\/Em-2019-a-coroa%C3%A7%C3%A3o-de-Nossa-Senhora-no-Boulevad-do-Arco-em-Sobral-atraiu-centenas-de-pessoas.jpg?resize=700%2C400&ssl=1 2x"},"classes":[]},{"id":33498,"url":"https:\/\/correiodasemana.com\/site\/papa-francisco-morre-aos-88-anos-um-adeus-sereno-marcado-por-fe-servico-e-amor-aos-mais-humildes\/","url_meta":{"origin":11442,"position":2},"title":"Papa Francisco morre aos 88 anos: um adeus sereno marcado por f\u00e9, servi\u00e7o e amor aos mais humildes","author":"adminredacao","date":"Abril 23, 2025","format":false,"excerpt":"Na manh\u00e3 desta segunda-feira, 21, o Vaticano anunciou com pesar a morte do Papa Francisco, aos 88 anos. O comunicado oficial foi feito por Sua Emin\u00eancia, o cardeal Kevin Farrell, diretamente da Capela da Casa Santa Marta, onde o Santo Padre residia desde o in\u00edcio de seu pontificado. \u201cQueridos irm\u00e3os\u2026","rel":"","context":"In &quot;Atualidade&quot;","block_context":{"text":"Atualidade","link":"https:\/\/correiodasemana.com\/site\/category\/atualidade\/"},"img":{"alt_text":"","src":"https:\/\/i0.wp.com\/correiodasemana.com\/site\/wp-content\/uploads\/2025\/04\/WhatsApp-Image-2025-04-21-at-16.05.02.jpeg?resize=350%2C200&ssl=1","width":350,"height":200,"srcset":"https:\/\/i0.wp.com\/correiodasemana.com\/site\/wp-content\/uploads\/2025\/04\/WhatsApp-Image-2025-04-21-at-16.05.02.jpeg?resize=350%2C200&ssl=1 1x, https:\/\/i0.wp.com\/correiodasemana.com\/site\/wp-content\/uploads\/2025\/04\/WhatsApp-Image-2025-04-21-at-16.05.02.jpeg?resize=525%2C300&ssl=1 1.5x, https:\/\/i0.wp.com\/correiodasemana.com\/site\/wp-content\/uploads\/2025\/04\/WhatsApp-Image-2025-04-21-at-16.05.02.jpeg?resize=700%2C400&ssl=1 2x, https:\/\/i0.wp.com\/correiodasemana.com\/site\/wp-content\/uploads\/2025\/04\/WhatsApp-Image-2025-04-21-at-16.05.02.jpeg?resize=1050%2C600&ssl=1 3x"},"classes":[]},{"id":27578,"url":"https:\/\/correiodasemana.com\/site\/papa-diante-do-sofrimento-as-palavras-devem-dar-espaco-aos-gestos-de-ternura\/","url_meta":{"origin":11442,"position":3},"title":"Papa: diante do sofrimento, as palavras devem dar espa\u00e7o aos gestos de ternura","author":"","date":"Dezembro 14, 2023","format":false,"excerpt":"Na manh\u00e3 desta quinta-feira (14\/12), na Sala Paulo VI, no Vaticano, uma audi\u00eancia com o Papa marcou a celebra\u00e7\u00e3o dos 120 anos da Uni\u00e3o Nacional Italiana para o Transporte de Doentes a Lourdes e aos Santu\u00e1rios Internacionais (UNITALSI). Francisco, ao receber os membros e diversos representantes da associa\u00e7\u00e3o, sublinhou a\u2026","rel":"","context":"In &quot;Atualidade&quot;","block_context":{"text":"Atualidade","link":"https:\/\/correiodasemana.com\/site\/category\/atualidade\/"},"img":{"alt_text":"","src":"https:\/\/i0.wp.com\/correiodasemana.com\/site\/wp-content\/uploads\/2023\/12\/cq5dam.thumbnail.cropped.750.422-1.jpeg?resize=350%2C200&ssl=1","width":350,"height":200,"srcset":"https:\/\/i0.wp.com\/correiodasemana.com\/site\/wp-content\/uploads\/2023\/12\/cq5dam.thumbnail.cropped.750.422-1.jpeg?resize=350%2C200&ssl=1 1x, https:\/\/i0.wp.com\/correiodasemana.com\/site\/wp-content\/uploads\/2023\/12\/cq5dam.thumbnail.cropped.750.422-1.jpeg?resize=525%2C300&ssl=1 1.5x, https:\/\/i0.wp.com\/correiodasemana.com\/site\/wp-content\/uploads\/2023\/12\/cq5dam.thumbnail.cropped.750.422-1.jpeg?resize=700%2C400&ssl=1 2x"},"classes":[]},{"id":32683,"url":"https:\/\/correiodasemana.com\/site\/brasil-se-une-em-oracao-pela-saude-do-papa-francisco\/","url_meta":{"origin":11442,"position":4},"title":"Brasil se une em ora\u00e7\u00e3o pela sa\u00fade do Papa Francisco","author":"adminredacao","date":"Fevereiro 25, 2025","format":false,"excerpt":"De Norte a Sul do pa\u00eds, ora\u00e7\u00f5es pela recupera\u00e7\u00e3o do pont\u00edfice, diagnosticado com pneumonia. Os Bispos expressam solidariedade e comunh\u00e3o com o Santo Padre. Por Victor Hugo Barros - Cidade do Vaticano Fonte: Vatican NEWS Internado desde a \u00faltima sexta-feira (14\/02) no Hospital Gemelli, em Roma, o Papa Francisco \u00e9\u2026","rel":"","context":"In &quot;Atualidade&quot;","block_context":{"text":"Atualidade","link":"https:\/\/correiodasemana.com\/site\/category\/atualidade\/"},"img":{"alt_text":"","src":"https:\/\/i0.wp.com\/correiodasemana.com\/site\/wp-content\/uploads\/2025\/02\/FOTO-1.jpeg?resize=350%2C200&ssl=1","width":350,"height":200,"srcset":"https:\/\/i0.wp.com\/correiodasemana.com\/site\/wp-content\/uploads\/2025\/02\/FOTO-1.jpeg?resize=350%2C200&ssl=1 1x, https:\/\/i0.wp.com\/correiodasemana.com\/site\/wp-content\/uploads\/2025\/02\/FOTO-1.jpeg?resize=525%2C300&ssl=1 1.5x, https:\/\/i0.wp.com\/correiodasemana.com\/site\/wp-content\/uploads\/2025\/02\/FOTO-1.jpeg?resize=700%2C400&ssl=1 2x, https:\/\/i0.wp.com\/correiodasemana.com\/site\/wp-content\/uploads\/2025\/02\/FOTO-1.jpeg?resize=1050%2C600&ssl=1 3x, https:\/\/i0.wp.com\/correiodasemana.com\/site\/wp-content\/uploads\/2025\/02\/FOTO-1.jpeg?resize=1400%2C800&ssl=1 4x"},"classes":[]},{"id":21999,"url":"https:\/\/correiodasemana.com\/site\/catequese-do-papa-francisco\/","url_meta":{"origin":11442,"position":5},"title":"Catequese do Papa Francisco","author":"","date":"Novembro 30, 2022","format":false,"excerpt":"\"A consola\u00e7\u00e3o aut\u00eantica\" foi o tema da catequese do Papa Francisco na Audi\u00eancia Geral desta quarta-feira, realizada na Pra\u00e7a S\u00e3o Pedro. Continuando a reflex\u00e3o sobre o discernimento, o Papa recordou a seguinte passagem dos Exerc\u00edcios espirituais de Santo In\u00e1cio de Loyola. Reza assim: \u00abSe nos pensamentos tudo \u00e9 bom, o\u2026","rel":"","context":"In &quot;Atualidade&quot;","block_context":{"text":"Atualidade","link":"https:\/\/correiodasemana.com\/site\/category\/atualidade\/"},"img":{"alt_text":"","src":"https:\/\/i0.wp.com\/correiodasemana.com\/site\/wp-content\/uploads\/2022\/11\/8f958952253c39d53d2214af0df25ae78ce1110d-1-960x540-2.jpg?resize=350%2C200&ssl=1","width":350,"height":200,"srcset":"https:\/\/i0.wp.com\/correiodasemana.com\/site\/wp-content\/uploads\/2022\/11\/8f958952253c39d53d2214af0df25ae78ce1110d-1-960x540-2.jpg?resize=350%2C200&ssl=1 1x, https:\/\/i0.wp.com\/correiodasemana.com\/site\/wp-content\/uploads\/2022\/11\/8f958952253c39d53d2214af0df25ae78ce1110d-1-960x540-2.jpg?resize=525%2C300&ssl=1 1.5x, https:\/\/i0.wp.com\/correiodasemana.com\/site\/wp-content\/uploads\/2022\/11\/8f958952253c39d53d2214af0df25ae78ce1110d-1-960x540-2.jpg?resize=700%2C400&ssl=1 2x"},"classes":[]}],"jetpack_sharing_enabled":true,"_links":{"self":[{"href":"https:\/\/correiodasemana.com\/site\/wp-json\/wp\/v2\/posts\/11442","targetHints":{"allow":["GET"]}}],"collection":[{"href":"https:\/\/correiodasemana.com\/site\/wp-json\/wp\/v2\/posts"}],"about":[{"href":"https:\/\/correiodasemana.com\/site\/wp-json\/wp\/v2\/types\/post"}],"author":[{"embeddable":true,"href":"https:\/\/correiodasemana.com\/site\/wp-json\/wp\/v2\/users\/1"}],"replies":[{"embeddable":true,"href":"https:\/\/correiodasemana.com\/site\/wp-json\/wp\/v2\/comments?post=11442"}],"version-history":[{"count":3,"href":"https:\/\/correiodasemana.com\/site\/wp-json\/wp\/v2\/posts\/11442\/revisions"}],"predecessor-version":[{"id":11446,"href":"https:\/\/correiodasemana.com\/site\/wp-json\/wp\/v2\/posts\/11442\/revisions\/11446"}],"wp:featuredmedia":[{"embeddable":true,"href":"https:\/\/correiodasemana.com\/site\/wp-json\/wp\/v2\/media\/11444"}],"wp:attachment":[{"href":"https:\/\/correiodasemana.com\/site\/wp-json\/wp\/v2\/media?parent=11442"}],"wp:term":[{"taxonomy":"category","embeddable":true,"href":"https:\/\/correiodasemana.com\/site\/wp-json\/wp\/v2\/categories?post=11442"},{"taxonomy":"post_tag","embeddable":true,"href":"https:\/\/correiodasemana.com\/site\/wp-json\/wp\/v2\/tags?post=11442"}],"curies":[{"name":"wp","href":"https:\/\/api.w.org\/{rel}","templated":true}]}}