{"id":11450,"date":"2020-05-30T15:37:53","date_gmt":"2020-05-30T15:37:53","guid":{"rendered":"https:\/\/correiodasemana.com\/site\/?p=11450"},"modified":"2020-05-30T15:37:53","modified_gmt":"2020-05-30T15:37:53","slug":"agenda-uninta-5","status":"publish","type":"post","link":"https:\/\/correiodasemana.com\/site\/agenda-uninta-5\/","title":{"rendered":"Agenda Uninta"},"content":{"rendered":"<p><strong>Ciclos<\/strong><br \/>\nAl\u00e9m das aulas s\u00edncronas em dia, o curso de jornalismo do UNINTA vem realizando ciclos de palestras para os estudantes da institui\u00e7\u00e3o. As palestras contam com a media\u00e7\u00e3o dos professores do curso e de renomados nomes da \u00e1rea. Estiveram nas telinhas dos gadgets nomes de peso como Salom\u00e3o de Castro, Flavio Rovere, Camila Andrade, Sarah Rebeca, Adriano de Lavor, Reginaldo Aguiar, Mateus Ferreira, Thais Menezes, Janayde Gon\u00e7alves, Thays de Lavor, dentre outros.<\/p>\n<p><strong>Psicopedagogia<\/strong><br \/>\nA profa. L\u00e9a Barbosa de Sousa, que coordena a Cl\u00ednica de Psicopedagogia do UNINTA, informa a continuidade da assist\u00eancia aos acad\u00eamicos que est\u00e3o necessitando de apoio psicopedag\u00f3gico. O acompanhamento pode ser solicitado de forma on-line, pelo ecossistema de aprendizagem e pelo ambiente virtual, atrav\u00e9s do e-mail: lea.barbosa@uninta.edu.br, e pelo WhatsApp (88) 9.9420-7384.<\/p>\n<p><strong>Recome\u00e7o<\/strong><br \/>\nDirigido pela profa. Dra. Michelle Alves Vasconcelos Ponte, o Centro de Ci\u00eancias da Sa\u00fade do UNINTA, em parceria com Pro-Reitores, Diretores, Coordena\u00e7\u00f5es de cursos e Gestores desenvolve ao longo do m\u00eas de maio, um planejamento conjunto para o retorno \u00e0s aulas presenciais, pr\u00e1ticas e laboratoriais.<br \/>\nA ideia \u00e9 se antecipar ao momento em que as autoridades p\u00fablicas permitirem o retorno das atividades presenciais e assim, n\u00e3o haver perda das aulas pr\u00e1ticas. O plano visa assegurar todas as normas de seguran\u00e7a e qualidade para estudantes, professores e profissionais administrativos, uma vez que o retorno seja liberado.<\/p>\n<p><strong>Processo Seletivo<\/strong><br \/>\nAs inscri\u00e7\u00f5es para o processo seletivo 2020.2 do UNINTA e das demais institui\u00e7\u00f5es do grupo est\u00e3o abertas. Os interessados podem se inscrever nas gradua\u00e7\u00f5es de jornalismo, arquitetura e urbanismo, engenharia civil e outras 26 op\u00e7\u00f5es de cursos superiores. Para se inscrever, \u00e9 s\u00f3 visitar o site: https:\/\/vestibularesemsobral.com.br\/.<\/p>\n<p><strong>Medicina<\/strong><br \/>\nSegue aberto o processo seletivo 2020.2 para o curso de medicina do UNINTA. S\u00e3o ofertadas 97 vagas e desta vez, o ingresso \u00e9 feito exclusivamente atrav\u00e9s da nota do ENEM. As inscri\u00e7\u00f5es s\u00e3o feitas atrav\u00e9s do link: https:\/\/uninta.edu.br\/site\/medicina\/. O in\u00edcio das aulas est\u00e1 previsto para o m\u00eas de setembro.<\/p>\n","protected":false},"excerpt":{"rendered":"<p>Ciclos Al\u00e9m das aulas s\u00edncronas em dia, o curso de jornalismo do UNINTA vem realizando&#8230;<\/p>\n","protected":false},"author":1,"featured_media":11451,"comment_status":"open","ping_status":"open","sticky":false,"template":"","format":"standard","meta":{"_jetpack_memberships_contains_paid_content":false,"footnotes":"","jetpack_publicize_message":"","jetpack_publicize_feature_enabled":true,"jetpack_social_post_already_shared":true,"jetpack_social_options":{"image_generator_settings":{"template":"highway","default_image_id":0,"font":"","enabled":false},"version":2}},"categories":[70,11],"tags":[],"class_list":["post-11450","post","type-post","status-publish","format-standard","has-post-thumbnail","hentry","category-agenda-uninta","category-artigos"],"jetpack_publicize_connections":[],"jetpack_featured_media_url":"https:\/\/correiodasemana.com\/site\/wp-content\/uploads\/2020\/05\/unita-2.jpg","jetpack-related-posts":[{"id":11017,"url":"https:\/\/correiodasemana.com\/site\/agenda-uninta\/","url_meta":{"origin":11450,"position":0},"title":"Agenda UNINTA","author":"","date":"Mar\u00e7o 2, 2020","format":false,"excerpt":"O aguardado est\u00e1gio Prevista para o pr\u00f3ximo dia 16\/03, a Cerim\u00f4nia do Blazer do curso de Jornalismo marca a entrada dos estudantes na disciplina de est\u00e1gio supervisionado. Empresas de Sobral acolhem os acad\u00e9micos, que podem exercitar a teoria aprendida em sala de aula. Importante momento para a fam\u00edlia e os\u2026","rel":"","context":"In &quot;Atualidade&quot;","block_context":{"text":"Atualidade","link":"https:\/\/correiodasemana.com\/site\/category\/atualidade\/"},"img":{"alt_text":"","src":"https:\/\/i0.wp.com\/correiodasemana.com\/site\/wp-content\/uploads\/2020\/03\/servi%C3%A7o-social.png?resize=350%2C200&ssl=1","width":350,"height":200},"classes":[]},{"id":12802,"url":"https:\/\/correiodasemana.com\/site\/agenda-uninta-7\/","url_meta":{"origin":11450,"position":1},"title":"Agenda Uninta","author":"","date":"Agosto 17, 2020","format":false,"excerpt":"Ag\u00eancia J\u00fanior de Jornalismo O novo Projeto de Extens\u00e3o do curso de Jornalismo do UNINTA \u00e9 uma das novidades do semestre que se inicia. Orientadas pelo prof Me Matheus Salvany, as estudantes do terceiro semestre, Nicole D\u2019Lorrainne e Thailane Morais, j\u00e1 iniciaram os trabalhos relacionados a assessoria de imprensa e\u2026","rel":"","context":"In &quot;Agenda Uninta&quot;","block_context":{"text":"Agenda Uninta","link":"https:\/\/correiodasemana.com\/site\/category\/agenda-uninta\/"},"img":{"alt_text":"","src":"https:\/\/i0.wp.com\/correiodasemana.com\/site\/wp-content\/uploads\/2020\/08\/Thailane-e-Nicole-.jpeg?resize=350%2C200&ssl=1","width":350,"height":200,"srcset":"https:\/\/i0.wp.com\/correiodasemana.com\/site\/wp-content\/uploads\/2020\/08\/Thailane-e-Nicole-.jpeg?resize=350%2C200&ssl=1 1x, https:\/\/i0.wp.com\/correiodasemana.com\/site\/wp-content\/uploads\/2020\/08\/Thailane-e-Nicole-.jpeg?resize=525%2C300&ssl=1 1.5x, https:\/\/i0.wp.com\/correiodasemana.com\/site\/wp-content\/uploads\/2020\/08\/Thailane-e-Nicole-.jpeg?resize=700%2C400&ssl=1 2x"},"classes":[]},{"id":11264,"url":"https:\/\/correiodasemana.com\/site\/agenda-uninta-3\/","url_meta":{"origin":11450,"position":2},"title":"Agenda Uninta","author":"","date":"Mar\u00e7o 24, 2020","format":false,"excerpt":"Timming Acertada decis\u00e3o do magn\u00edfico Reitor Dr Oscar Spindola Rodrigues J\u00fanior de tomar a dianteira das institui\u00e7\u00f5es de ensino superior e na manh\u00e3 de segunda-feira (16), suspender as atividades acad\u00eamicas presenciais do UNINTA, como forma de preven\u00e7\u00e3o ao novo CORONAV\u00cdRUS \/ COVID -19. A decis\u00e3o Al\u00e9m das atividades acad\u00eamicas presenciais,\u2026","rel":"","context":"In &quot;Atualidade&quot;","block_context":{"text":"Atualidade","link":"https:\/\/correiodasemana.com\/site\/category\/atualidade\/"},"img":{"alt_text":"","src":"https:\/\/i0.wp.com\/correiodasemana.com\/site\/wp-content\/uploads\/2020\/03\/WhatsApp-Image-2020-03-18-at-18.50.49.jpeg?resize=350%2C200&ssl=1","width":350,"height":200,"srcset":"https:\/\/i0.wp.com\/correiodasemana.com\/site\/wp-content\/uploads\/2020\/03\/WhatsApp-Image-2020-03-18-at-18.50.49.jpeg?resize=350%2C200&ssl=1 1x, https:\/\/i0.wp.com\/correiodasemana.com\/site\/wp-content\/uploads\/2020\/03\/WhatsApp-Image-2020-03-18-at-18.50.49.jpeg?resize=525%2C300&ssl=1 1.5x, https:\/\/i0.wp.com\/correiodasemana.com\/site\/wp-content\/uploads\/2020\/03\/WhatsApp-Image-2020-03-18-at-18.50.49.jpeg?resize=700%2C400&ssl=1 2x"},"classes":[]},{"id":11558,"url":"https:\/\/correiodasemana.com\/site\/agenda-uninta-6\/","url_meta":{"origin":11450,"position":3},"title":"Agenda Uninta","author":"","date":"Julho 2, 2020","format":false,"excerpt":"Balan\u00e7o Geral Semestre chegando ao fim e \u00e9 chegada a hora de avaliar as atividades realizadas. Apesar da pandemia o curso de Jornalismo segue firme com seus projetos, eventos, palestras e bancas de TCC. Novos jornalistas formados e novos futuros jornalistas chegando. Parab\u00e9ns aos corpo docente e todos os estudantes\u2026","rel":"","context":"In &quot;Agenda Uninta&quot;","block_context":{"text":"Agenda Uninta","link":"https:\/\/correiodasemana.com\/site\/category\/agenda-uninta\/"},"img":{"alt_text":"","src":"https:\/\/i0.wp.com\/correiodasemana.com\/site\/wp-content\/uploads\/2020\/07\/OK-id-napsi-200x200-orhsai8nr33o1nv377n8ghchbhot7j8vcojghoxscw.jpg?resize=350%2C200&ssl=1","width":350,"height":200},"classes":[]},{"id":11315,"url":"https:\/\/correiodasemana.com\/site\/agenda-uninta-4\/","url_meta":{"origin":11450,"position":4},"title":"Agenda Uninta","author":"","date":"Maio 7, 2020","format":false,"excerpt":"Informar \u00e9 preciso O curso de jornalismo do UNINTA n\u00e3o para. De forma remota os professores e estudantes continuam com os projetos de extens\u00e3o e quem segue o curso nas redes sociais pode acompanhar ciclos de palestras, podcasts, v\u00eddeos e lives com muitas informa\u00e7\u00f5es e ensinamentos. Celebrar \u00e9 vida O\u2026","rel":"","context":"In &quot;Agenda Uninta&quot;","block_context":{"text":"Agenda Uninta","link":"https:\/\/correiodasemana.com\/site\/category\/agenda-uninta\/"},"img":{"alt_text":"","src":"https:\/\/i0.wp.com\/correiodasemana.com\/site\/wp-content\/uploads\/2020\/05\/Turma-do-Alo-Universita-rio-09.jpg?resize=350%2C200&ssl=1","width":350,"height":200,"srcset":"https:\/\/i0.wp.com\/correiodasemana.com\/site\/wp-content\/uploads\/2020\/05\/Turma-do-Alo-Universita-rio-09.jpg?resize=350%2C200&ssl=1 1x, https:\/\/i0.wp.com\/correiodasemana.com\/site\/wp-content\/uploads\/2020\/05\/Turma-do-Alo-Universita-rio-09.jpg?resize=525%2C300&ssl=1 1.5x, https:\/\/i0.wp.com\/correiodasemana.com\/site\/wp-content\/uploads\/2020\/05\/Turma-do-Alo-Universita-rio-09.jpg?resize=700%2C400&ssl=1 2x, https:\/\/i0.wp.com\/correiodasemana.com\/site\/wp-content\/uploads\/2020\/05\/Turma-do-Alo-Universita-rio-09.jpg?resize=1050%2C600&ssl=1 3x"},"classes":[]},{"id":12593,"url":"https:\/\/correiodasemana.com\/site\/12593\/","url_meta":{"origin":11450,"position":5},"title":"Agenda UNINTA","author":"","date":"Agosto 10, 2020","format":false,"excerpt":"Clima Eleitoral O curso de Jornalismo do Uninta est\u00e1 em momento de elei\u00e7\u00f5es. Duas chapas disputam o mandato de representante discente, que dura dois semestres letivos e ter\u00e1 o m\u00eas de agosto como palco das disputas. A Chapa \u201cCommunicare\u201d tem Thailane Morais como presidente e Nicolly D\u2019Lorrainne, como 1\u00b0 suplente.\u2026","rel":"","context":"In &quot;Atualidade&quot;","block_context":{"text":"Atualidade","link":"https:\/\/correiodasemana.com\/site\/category\/atualidade\/"},"img":{"alt_text":"","src":"https:\/\/i0.wp.com\/correiodasemana.com\/site\/wp-content\/uploads\/2020\/08\/WhatsApp-Image-2020-08-06-at-19.38.07.jpeg?resize=350%2C200&ssl=1","width":350,"height":200,"srcset":"https:\/\/i0.wp.com\/correiodasemana.com\/site\/wp-content\/uploads\/2020\/08\/WhatsApp-Image-2020-08-06-at-19.38.07.jpeg?resize=350%2C200&ssl=1 1x, https:\/\/i0.wp.com\/correiodasemana.com\/site\/wp-content\/uploads\/2020\/08\/WhatsApp-Image-2020-08-06-at-19.38.07.jpeg?resize=525%2C300&ssl=1 1.5x, https:\/\/i0.wp.com\/correiodasemana.com\/site\/wp-content\/uploads\/2020\/08\/WhatsApp-Image-2020-08-06-at-19.38.07.jpeg?resize=700%2C400&ssl=1 2x"},"classes":[]}],"jetpack_sharing_enabled":true,"_links":{"self":[{"href":"https:\/\/correiodasemana.com\/site\/wp-json\/wp\/v2\/posts\/11450","targetHints":{"allow":["GET"]}}],"collection":[{"href":"https:\/\/correiodasemana.com\/site\/wp-json\/wp\/v2\/posts"}],"about":[{"href":"https:\/\/correiodasemana.com\/site\/wp-json\/wp\/v2\/types\/post"}],"author":[{"embeddable":true,"href":"https:\/\/correiodasemana.com\/site\/wp-json\/wp\/v2\/users\/1"}],"replies":[{"embeddable":true,"href":"https:\/\/correiodasemana.com\/site\/wp-json\/wp\/v2\/comments?post=11450"}],"version-history":[{"count":1,"href":"https:\/\/correiodasemana.com\/site\/wp-json\/wp\/v2\/posts\/11450\/revisions"}],"predecessor-version":[{"id":11452,"href":"https:\/\/correiodasemana.com\/site\/wp-json\/wp\/v2\/posts\/11450\/revisions\/11452"}],"wp:featuredmedia":[{"embeddable":true,"href":"https:\/\/correiodasemana.com\/site\/wp-json\/wp\/v2\/media\/11451"}],"wp:attachment":[{"href":"https:\/\/correiodasemana.com\/site\/wp-json\/wp\/v2\/media?parent=11450"}],"wp:term":[{"taxonomy":"category","embeddable":true,"href":"https:\/\/correiodasemana.com\/site\/wp-json\/wp\/v2\/categories?post=11450"},{"taxonomy":"post_tag","embeddable":true,"href":"https:\/\/correiodasemana.com\/site\/wp-json\/wp\/v2\/tags?post=11450"}],"curies":[{"name":"wp","href":"https:\/\/api.w.org\/{rel}","templated":true}]}}