{"id":11453,"date":"2020-05-30T15:48:35","date_gmt":"2020-05-30T15:48:35","guid":{"rendered":"https:\/\/correiodasemana.com\/site\/?p=11453"},"modified":"2020-05-30T15:49:28","modified_gmt":"2020-05-30T15:49:28","slug":"primeiras-obras-de-ampliacao-do-sistema-de-saneamento-de-sobral-serao-concluidas-no-terceiro-trimestre-de-2020","status":"publish","type":"post","link":"https:\/\/correiodasemana.com\/site\/primeiras-obras-de-ampliacao-do-sistema-de-saneamento-de-sobral-serao-concluidas-no-terceiro-trimestre-de-2020\/","title":{"rendered":"Primeiras obras de amplia\u00e7\u00e3o do sistema de saneamento de Sobral ser\u00e3o conclu\u00eddas no terceiro trimestre de 2020"},"content":{"rendered":"<p><strong>O cronograma seguiu inalterado e a previs\u00e3o \u00e9 de que as primeiras obras do sistema sejam conclu\u00eddas no \u00faltimo trimestre deste ano.<\/strong><\/p>\n<p><strong>Fonte: assessoria da prefeitura<\/strong><br \/>\nA Prefeitura de Sobral, por meio da Secretaria do Urbanismo e Meio Ambiente (Seuma), n\u00e3o paralisou as obras de amplia\u00e7\u00e3o do sistemas de esgotamento sanit\u00e1rio, por se tratar de uma obra essencial para a sa\u00fade e bem-estar da popula\u00e7\u00e3o. O cronograma seguiu inalterado e a previs\u00e3o \u00e9 de que as primeiras obras do sistema sejam conclu\u00eddas no \u00faltimo trimestre deste ano.<br \/>\nOs trabalhadores envolvidos s\u00e3o orientados quanto \u00e0 preven\u00e7\u00e3o ao coronav\u00edrus. \u201c\u00c9 preciso se precaver. Por isso, tomamos todos os cuidados para que as pessoas envolvidas com as obras de saneamento sigam as recomenda\u00e7\u00f5es da Organiza\u00e7\u00e3o Mundial de Sa\u00fade e do Minist\u00e9rio da Sa\u00fade, para sua pr\u00f3pria prote\u00e7\u00e3o e prote\u00e7\u00e3o da popula\u00e7\u00e3o\u201d, disse a secret\u00e1ria da Seuma, Mar\u00edlia Ferreira Lima.<br \/>\nAs obras de saneamento contemplam os bairros Alto da Bras\u00edlia, Alto da Expectativa, Cohab II, Dom Expedito, Parque Silvana, Campo dos Velhos e Sumar\u00e9. O investimento \u00e9 de mais de R$ 34 milh\u00f5es reais, com recursos oriundos do Programa de Desenvolvimento Socioambiental de Sobral (Prodesol).<br \/>\nO Prodesol \u00e9 fruto do contrato de empr\u00e9stimo de 50 milh\u00f5es de d\u00f3lares do Banco de Desenvolvimento da Am\u00e9rica Latina (CAF). Por meio do programa, j\u00e1 foram constru\u00eddos, dentre outros, o Centro de Sa\u00fade do Residencial Nova Cai\u00e7ara e a Areninha do Parque Paje\u00fa.<br \/>\nSitua\u00e7\u00e3o das obras em andamento: Alto da Bras\u00edlia &#8211; 6% Alto da Expectativa &#8211; 11% Campo dos Velhos &#8211; 13% Cohab II &#8211; 14% Dom Expedito &#8211; 7% Parque Silvana &#8211; 13% Sumar\u00e9 &#8211; 10%<\/p>\n","protected":false},"excerpt":{"rendered":"<p>O cronograma seguiu inalterado e a previs\u00e3o \u00e9 de que as primeiras obras do sistema&#8230;<\/p>\n","protected":false},"author":1,"featured_media":11454,"comment_status":"open","ping_status":"open","sticky":false,"template":"","format":"standard","meta":{"_jetpack_memberships_contains_paid_content":false,"footnotes":"","jetpack_publicize_message":"","jetpack_publicize_feature_enabled":true,"jetpack_social_post_already_shared":true,"jetpack_social_options":{"image_generator_settings":{"template":"highway","default_image_id":0,"font":"","enabled":false},"version":2}},"categories":[1],"tags":[],"class_list":["post-11453","post","type-post","status-publish","format-standard","has-post-thumbnail","hentry","category-atualidade"],"jetpack_publicize_connections":[],"jetpack_featured_media_url":"https:\/\/correiodasemana.com\/site\/wp-content\/uploads\/2020\/05\/WhatsApp-Image-2020-05-28-at-19.58.17.jpeg","jetpack-related-posts":[{"id":15170,"url":"https:\/\/correiodasemana.com\/site\/desenvolvimento-regional-conclui-62-mil-obras-em-2020-diz-ministro\/","url_meta":{"origin":11453,"position":0},"title":"Desenvolvimento Regional conclui 6,2 mil obras em 2020, diz ministro","author":"","date":"Dezembro 22, 2020","format":false,"excerpt":"Ao todo, foram entregues 410 mil unidades habitacionais Ao fazer hoje (22) um balan\u00e7o das a\u00e7\u00f5es executadas ao longo deste ano, o ministro do Desenvolvimento Regional, Rog\u00e9rio Marinho, disse que foram conclu\u00eddas 6,2 mil obras de pequeno, m\u00e9dio e grande portes nas \u00e1reas de habita\u00e7\u00e3o, saneamento, mobilidade, desenvolvimento regional e\u2026","rel":"","context":"In &quot;Atualidade&quot;","block_context":{"text":"Atualidade","link":"https:\/\/correiodasemana.com\/site\/category\/atualidade\/"},"img":{"alt_text":"","src":"https:\/\/i0.wp.com\/correiodasemana.com\/site\/wp-content\/uploads\/2020\/12\/15_07_2020_cerimonia_saneamento-4.jpg?resize=350%2C200&ssl=1","width":350,"height":200,"srcset":"https:\/\/i0.wp.com\/correiodasemana.com\/site\/wp-content\/uploads\/2020\/12\/15_07_2020_cerimonia_saneamento-4.jpg?resize=350%2C200&ssl=1 1x, https:\/\/i0.wp.com\/correiodasemana.com\/site\/wp-content\/uploads\/2020\/12\/15_07_2020_cerimonia_saneamento-4.jpg?resize=525%2C300&ssl=1 1.5x, https:\/\/i0.wp.com\/correiodasemana.com\/site\/wp-content\/uploads\/2020\/12\/15_07_2020_cerimonia_saneamento-4.jpg?resize=700%2C400&ssl=1 2x, https:\/\/i0.wp.com\/correiodasemana.com\/site\/wp-content\/uploads\/2020\/12\/15_07_2020_cerimonia_saneamento-4.jpg?resize=1050%2C600&ssl=1 3x"},"classes":[]},{"id":8871,"url":"https:\/\/correiodasemana.com\/site\/panorama-politico-8\/","url_meta":{"origin":11453,"position":1},"title":"Panorama Pol\u00edtico","author":"","date":"Agosto 27, 2019","format":false,"excerpt":"Parque Sinh\u00e1 Saboia est\u00e1 com 75% das obras conclu\u00eddas A prefeitura de Sobral, por meio da Secretaria de Infraestrutura - SEINFRA, est\u00e1 avan\u00e7ando nas obras de constru\u00e7\u00e3o do Parque Evangelina Saboia no Bairro Sinh\u00e1 Sabo\u00eda. A obra conta com recursos municipal e estadual num total de mais de 3 milh\u00f5es.\u2026","rel":"","context":"In &quot;Artigos&quot;","block_context":{"text":"Artigos","link":"https:\/\/correiodasemana.com\/site\/category\/artigos\/"},"img":{"alt_text":"","src":"https:\/\/i0.wp.com\/correiodasemana.com\/site\/wp-content\/uploads\/2019\/07\/dscf8825.jpg?resize=350%2C200&ssl=1","width":350,"height":200,"srcset":"https:\/\/i0.wp.com\/correiodasemana.com\/site\/wp-content\/uploads\/2019\/07\/dscf8825.jpg?resize=350%2C200&ssl=1 1x, https:\/\/i0.wp.com\/correiodasemana.com\/site\/wp-content\/uploads\/2019\/07\/dscf8825.jpg?resize=525%2C300&ssl=1 1.5x, https:\/\/i0.wp.com\/correiodasemana.com\/site\/wp-content\/uploads\/2019\/07\/dscf8825.jpg?resize=700%2C400&ssl=1 2x, https:\/\/i0.wp.com\/correiodasemana.com\/site\/wp-content\/uploads\/2019\/07\/dscf8825.jpg?resize=1050%2C600&ssl=1 3x, https:\/\/i0.wp.com\/correiodasemana.com\/site\/wp-content\/uploads\/2019\/07\/dscf8825.jpg?resize=1400%2C800&ssl=1 4x"},"classes":[]},{"id":33786,"url":"https:\/\/correiodasemana.com\/site\/prefeitura-de-sobral-herda-divida-de-mais-de-r-300-milhoes\/","url_meta":{"origin":11453,"position":2},"title":"Prefeitura de Sobral herda d\u00edvida de mais de R$ 300 milh\u00f5es","author":"adminredacao","date":"Maio 19, 2025","format":false,"excerpt":"A prefeitura de Sobral herdou uma d\u00edvida superior a R$ 300 milh\u00f5es da gest\u00e3o anterior, o que criar\u00e1 um problema financeiro para os quatro anos da atual gest\u00e3o, criando grandes dificuldades, inclusive para a implementa\u00e7\u00e3o de novos projetos e novas a\u00e7\u00f5es. Na sexta-feira, 9 de maio, a atual gest\u00e3o realizou\u2026","rel":"","context":"In &quot;Atualidade&quot;","block_context":{"text":"Atualidade","link":"https:\/\/correiodasemana.com\/site\/category\/atualidade\/"},"img":{"alt_text":"","src":"https:\/\/i0.wp.com\/correiodasemana.com\/site\/wp-content\/uploads\/2025\/05\/Pagamento-de-emprestimo.jpeg?resize=350%2C200&ssl=1","width":350,"height":200,"srcset":"https:\/\/i0.wp.com\/correiodasemana.com\/site\/wp-content\/uploads\/2025\/05\/Pagamento-de-emprestimo.jpeg?resize=350%2C200&ssl=1 1x, https:\/\/i0.wp.com\/correiodasemana.com\/site\/wp-content\/uploads\/2025\/05\/Pagamento-de-emprestimo.jpeg?resize=525%2C300&ssl=1 1.5x, https:\/\/i0.wp.com\/correiodasemana.com\/site\/wp-content\/uploads\/2025\/05\/Pagamento-de-emprestimo.jpeg?resize=700%2C400&ssl=1 2x, https:\/\/i0.wp.com\/correiodasemana.com\/site\/wp-content\/uploads\/2025\/05\/Pagamento-de-emprestimo.jpeg?resize=1050%2C600&ssl=1 3x"},"classes":[]},{"id":9630,"url":"https:\/\/correiodasemana.com\/site\/obra-da-adutora-da-serra-do-rosario-esta-em-plena-execucao-e-vai-beneficiar-2-300-habitantes\/","url_meta":{"origin":11453,"position":3},"title":"Obra da adutora da Serra do Ros\u00e1rio est\u00e1 em plena execu\u00e7\u00e3o e vai beneficiar 2.300 habitantes","author":"","date":"Outubro 28, 2019","format":false,"excerpt":"O programa, que ser\u00e1 executado em 5 anos, tem como principal meta a expans\u00e3o e melhoria dos sistemas de esgotamento sanit\u00e1rio e de \u00e1gua pot\u00e1vel. Assessoria de Imprensa da Prefeitura de Sobral O t\u00e3o desejado sistema de abastecimento de \u00e1gua da Serra do Ros\u00e1rio est\u00e1 em vias de ser conclu\u00eddo.\u2026","rel":"","context":"In &quot;Atualidade&quot;","block_context":{"text":"Atualidade","link":"https:\/\/correiodasemana.com\/site\/category\/atualidade\/"},"img":{"alt_text":"","src":"https:\/\/i0.wp.com\/correiodasemana.com\/site\/wp-content\/uploads\/2019\/10\/adutora.jpeg?resize=350%2C200&ssl=1","width":350,"height":200,"srcset":"https:\/\/i0.wp.com\/correiodasemana.com\/site\/wp-content\/uploads\/2019\/10\/adutora.jpeg?resize=350%2C200&ssl=1 1x, https:\/\/i0.wp.com\/correiodasemana.com\/site\/wp-content\/uploads\/2019\/10\/adutora.jpeg?resize=525%2C300&ssl=1 1.5x, https:\/\/i0.wp.com\/correiodasemana.com\/site\/wp-content\/uploads\/2019\/10\/adutora.jpeg?resize=700%2C400&ssl=1 2x, https:\/\/i0.wp.com\/correiodasemana.com\/site\/wp-content\/uploads\/2019\/10\/adutora.jpeg?resize=1050%2C600&ssl=1 3x"},"classes":[]},{"id":21454,"url":"https:\/\/correiodasemana.com\/site\/prefeitura-realiza-construcao-de-tres-reservatorios-para-ampliacao-do-abastecimento-de-agua-em-sobral\/","url_meta":{"origin":11453,"position":4},"title":"Prefeitura realiza constru\u00e7\u00e3o de tr\u00eas reservat\u00f3rios para amplia\u00e7\u00e3o do abastecimento de \u00e1gua em Sobral","author":"","date":"Novembro 6, 2022","format":false,"excerpt":"A Prefeitura de Sobral, por meio da Secretaria da Infraestrutura, est\u00e1 construindo tr\u00eas grandes reservat\u00f3rios para abastecimento de \u00e1gua no munic\u00edpio, a fim de expandir a reserva de \u00e1gua e atender a popula\u00e7\u00e3o de acordo com a necessidade. Atualmente, os trabalhos se concentram na impermeabiliza\u00e7\u00e3o interna dos reservat\u00f3rios, execu\u00e7\u00e3o das\u2026","rel":"","context":"In &quot;Atualidade&quot;","block_context":{"text":"Atualidade","link":"https:\/\/correiodasemana.com\/site\/category\/atualidade\/"},"img":{"alt_text":"","src":"https:\/\/i0.wp.com\/correiodasemana.com\/site\/wp-content\/uploads\/2022\/11\/reservaa.jpeg?resize=350%2C200&ssl=1","width":350,"height":200,"srcset":"https:\/\/i0.wp.com\/correiodasemana.com\/site\/wp-content\/uploads\/2022\/11\/reservaa.jpeg?resize=350%2C200&ssl=1 1x, https:\/\/i0.wp.com\/correiodasemana.com\/site\/wp-content\/uploads\/2022\/11\/reservaa.jpeg?resize=525%2C300&ssl=1 1.5x, https:\/\/i0.wp.com\/correiodasemana.com\/site\/wp-content\/uploads\/2022\/11\/reservaa.jpeg?resize=700%2C400&ssl=1 2x, https:\/\/i0.wp.com\/correiodasemana.com\/site\/wp-content\/uploads\/2022\/11\/reservaa.jpeg?resize=1050%2C600&ssl=1 3x"},"classes":[]},{"id":23405,"url":"https:\/\/correiodasemana.com\/site\/ordens-de-servico-para-inicio-de-sete-novas-obras-em-sobral-sao-assinadas\/","url_meta":{"origin":11453,"position":5},"title":"Ordens de servi\u00e7o para in\u00edcio de sete novas obras em Sobral s\u00e3o assinadas","author":"","date":"Fevereiro 5, 2023","format":false,"excerpt":"Fonte: Prefeitura de Sobral Na tarde desta ter\u00e7a-feira 17 de janeiro de 2023, foram assinadas as ordens de servi\u00e7os que autorizam sete novas obras em Sobral. S\u00e3o elas: execu\u00e7\u00e3o e amplia\u00e7\u00e3o do sistema de abastecimento de \u00e1gua na Serra do Ros\u00e1rio (lotes 1 e 2); constru\u00e7\u00e3o de esta\u00e7\u00e3o elevat\u00f3ria de\u2026","rel":"","context":"In &quot;Atualidade&quot;","block_context":{"text":"Atualidade","link":"https:\/\/correiodasemana.com\/site\/category\/atualidade\/"},"img":{"alt_text":"","src":"https:\/\/i0.wp.com\/correiodasemana.com\/site\/wp-content\/uploads\/2023\/02\/WhatsApp_Image_2023-01-17_at_173108jpeg.jpg?resize=350%2C200&ssl=1","width":350,"height":200,"srcset":"https:\/\/i0.wp.com\/correiodasemana.com\/site\/wp-content\/uploads\/2023\/02\/WhatsApp_Image_2023-01-17_at_173108jpeg.jpg?resize=350%2C200&ssl=1 1x, https:\/\/i0.wp.com\/correiodasemana.com\/site\/wp-content\/uploads\/2023\/02\/WhatsApp_Image_2023-01-17_at_173108jpeg.jpg?resize=525%2C300&ssl=1 1.5x, https:\/\/i0.wp.com\/correiodasemana.com\/site\/wp-content\/uploads\/2023\/02\/WhatsApp_Image_2023-01-17_at_173108jpeg.jpg?resize=700%2C400&ssl=1 2x"},"classes":[]}],"jetpack_sharing_enabled":true,"_links":{"self":[{"href":"https:\/\/correiodasemana.com\/site\/wp-json\/wp\/v2\/posts\/11453","targetHints":{"allow":["GET"]}}],"collection":[{"href":"https:\/\/correiodasemana.com\/site\/wp-json\/wp\/v2\/posts"}],"about":[{"href":"https:\/\/correiodasemana.com\/site\/wp-json\/wp\/v2\/types\/post"}],"author":[{"embeddable":true,"href":"https:\/\/correiodasemana.com\/site\/wp-json\/wp\/v2\/users\/1"}],"replies":[{"embeddable":true,"href":"https:\/\/correiodasemana.com\/site\/wp-json\/wp\/v2\/comments?post=11453"}],"version-history":[{"count":1,"href":"https:\/\/correiodasemana.com\/site\/wp-json\/wp\/v2\/posts\/11453\/revisions"}],"predecessor-version":[{"id":11455,"href":"https:\/\/correiodasemana.com\/site\/wp-json\/wp\/v2\/posts\/11453\/revisions\/11455"}],"wp:featuredmedia":[{"embeddable":true,"href":"https:\/\/correiodasemana.com\/site\/wp-json\/wp\/v2\/media\/11454"}],"wp:attachment":[{"href":"https:\/\/correiodasemana.com\/site\/wp-json\/wp\/v2\/media?parent=11453"}],"wp:term":[{"taxonomy":"category","embeddable":true,"href":"https:\/\/correiodasemana.com\/site\/wp-json\/wp\/v2\/categories?post=11453"},{"taxonomy":"post_tag","embeddable":true,"href":"https:\/\/correiodasemana.com\/site\/wp-json\/wp\/v2\/tags?post=11453"}],"curies":[{"name":"wp","href":"https:\/\/api.w.org\/{rel}","templated":true}]}}