{"id":11456,"date":"2020-05-30T16:10:55","date_gmt":"2020-05-30T16:10:55","guid":{"rendered":"https:\/\/correiodasemana.com\/site\/?p=11456"},"modified":"2020-05-30T16:10:55","modified_gmt":"2020-05-30T16:10:55","slug":"consorcio-rf-jz-ira-construir-pista-e-acessos-do-aeroporto-de-sobral","status":"publish","type":"post","link":"https:\/\/correiodasemana.com\/site\/consorcio-rf-jz-ira-construir-pista-e-acessos-do-aeroporto-de-sobral\/","title":{"rendered":"Cons\u00f3rcio RF\/JZ ir\u00e1 construir pista e acessos do Aeroporto de Sobral"},"content":{"rendered":"<p>O Cons\u00f3rcio RF\/JZ \u2013 formado pelas empresas R. Furlani Engenharia e JZ Engenharia e Com\u00e9rcio \u2013 ser\u00e1 o respons\u00e1vel pela implanta\u00e7\u00e3o da pista de voo, acessos e servi\u00e7os complementares do novo terminal.<\/p>\n<p>A Seinfra estima que, durante os 18 meses em que deve demorar a constru\u00e7\u00e3o, sejam gerados 160 empregos diretos e indiretos na regi\u00e3o.<br \/>\nA licita\u00e7\u00e3o da primeira fase da constru\u00e7\u00e3o do novo aeroporto regional de Sobral j\u00e1 possui vencedor. O Cons\u00f3rcio RF\/JZ \u2013 formado pelas empresas R. Furlani Engenharia e JZ Engenharia e Com\u00e9rcio \u2013 ser\u00e1 o respons\u00e1vel pela implanta\u00e7\u00e3o da pista de voo, acessos e servi\u00e7os complementares do novo terminal, conforme decis\u00e3o publicada no Di\u00e1rio Oficial do Estado (DOE).<br \/>\nAs empresas ir\u00e3o receber R$ 40,8 milh\u00f5es para executar o servi\u00e7o, que ainda n\u00e3o tem data prevista para iniciar, segundo o secret\u00e1rio da Infraestrutura do Estado, Lucio Ferreira Gomes. De acordo com ele, os pr\u00f3ximos passos s\u00e3o a assinatura do contrato e a ordem de servi\u00e7o, que dependem, no momento, dos desdobramentos da pandemia do novo coronav\u00edrus.<br \/>\nA Seinfra estima que, durante os 18 meses em que deve demorar a constru\u00e7\u00e3o, sejam gerados 160 empregos diretos e indiretos na regi\u00e3o. A pista do novo aeroporto ter\u00e1 1,8 mil metros de extens\u00e3o e capacidade para receber aeronaves de at\u00e9 porte m\u00e9dio, tais como Boeing B737-800, Airbus A319, Embraer EMB 190\/135\/120 e ATR 52\/72. Fonte: Sobral\/Online.<\/p>\n","protected":false},"excerpt":{"rendered":"<p>O Cons\u00f3rcio RF\/JZ \u2013 formado pelas empresas R. Furlani Engenharia e JZ Engenharia e Com\u00e9rcio&#8230;<\/p>\n","protected":false},"author":1,"featured_media":11457,"comment_status":"open","ping_status":"open","sticky":false,"template":"","format":"standard","meta":{"_jetpack_memberships_contains_paid_content":false,"footnotes":"","jetpack_publicize_message":"","jetpack_publicize_feature_enabled":true,"jetpack_social_post_already_shared":true,"jetpack_social_options":{"image_generator_settings":{"template":"highway","default_image_id":0,"font":"","enabled":false},"version":2}},"categories":[1],"tags":[],"class_list":["post-11456","post","type-post","status-publish","format-standard","has-post-thumbnail","hentry","category-atualidade"],"jetpack_publicize_connections":[],"jetpack_featured_media_url":"https:\/\/correiodasemana.com\/site\/wp-content\/uploads\/2020\/05\/aeroporto_de_sobral-10541294.jpg","jetpack-related-posts":[{"id":13229,"url":"https:\/\/correiodasemana.com\/site\/assinado-o-contrato-para-a-construcao-do-aeroporto-regional-de-sobral\/","url_meta":{"origin":11456,"position":0},"title":"Assinado o contrato para a constru\u00e7\u00e3o do Aeroporto Regional de Sobral","author":"","date":"Agosto 31, 2020","format":false,"excerpt":"\u00c9 invi\u00e1vel a amplia\u00e7\u00e3o do atual aeroporto por quest\u00f5es ambientais e restri\u00e7\u00e3o de espa\u00e7o para uma expans\u00e3o. Por essas quest\u00f5es, o novo terminal de Sobral ser\u00e1 implantado a 13 quil\u00f4metros da zona urbana do munic\u00edpio De acordo com a informa\u00e7\u00e3o divulgada pelo Di\u00e1rio Oficial do Estado (DOE) o Governo do\u2026","rel":"","context":"In &quot;Atualidade&quot;","block_context":{"text":"Atualidade","link":"https:\/\/correiodasemana.com\/site\/category\/atualidade\/"},"img":{"alt_text":"","src":"https:\/\/i0.wp.com\/correiodasemana.com\/site\/wp-content\/uploads\/2020\/08\/Captura-de-tela-inteira-26082020-084856.bmp.jpg?resize=350%2C200&ssl=1","width":350,"height":200,"srcset":"https:\/\/i0.wp.com\/correiodasemana.com\/site\/wp-content\/uploads\/2020\/08\/Captura-de-tela-inteira-26082020-084856.bmp.jpg?resize=350%2C200&ssl=1 1x, https:\/\/i0.wp.com\/correiodasemana.com\/site\/wp-content\/uploads\/2020\/08\/Captura-de-tela-inteira-26082020-084856.bmp.jpg?resize=525%2C300&ssl=1 1.5x, https:\/\/i0.wp.com\/correiodasemana.com\/site\/wp-content\/uploads\/2020\/08\/Captura-de-tela-inteira-26082020-084856.bmp.jpg?resize=700%2C400&ssl=1 2x, https:\/\/i0.wp.com\/correiodasemana.com\/site\/wp-content\/uploads\/2020\/08\/Captura-de-tela-inteira-26082020-084856.bmp.jpg?resize=1050%2C600&ssl=1 3x"},"classes":[]},{"id":13260,"url":"https:\/\/correiodasemana.com\/site\/em-tempo-46\/","url_meta":{"origin":11456,"position":1},"title":"Em Tempo","author":"","date":"Agosto 31, 2020","format":false,"excerpt":"Obras iniciais do novo aeroporto de Sobral Governo do Cear\u00e1 assinou contrato para implanta\u00e7\u00e3o da pista de pouso e decolagem, acessos e servi\u00e7os complementares do Aeroporto Regional de Sobral. A obra ser\u00e1 feita pelo cons\u00f3rcio RF\/JZ, com as empresas R.Furlani Engenharia e JZ Engenharia e Com\u00e9rcio. A informa\u00e7\u00e3o foi divulgada\u2026","rel":"","context":"In &quot;Artigos&quot;","block_context":{"text":"Artigos","link":"https:\/\/correiodasemana.com\/site\/category\/artigos\/"},"img":{"alt_text":"","src":"https:\/\/i0.wp.com\/correiodasemana.com\/site\/wp-content\/uploads\/2019\/12\/FOTO-EDILSON-SILVA-2.jpg?resize=350%2C200&ssl=1","width":350,"height":200,"srcset":"https:\/\/i0.wp.com\/correiodasemana.com\/site\/wp-content\/uploads\/2019\/12\/FOTO-EDILSON-SILVA-2.jpg?resize=350%2C200&ssl=1 1x, https:\/\/i0.wp.com\/correiodasemana.com\/site\/wp-content\/uploads\/2019\/12\/FOTO-EDILSON-SILVA-2.jpg?resize=525%2C300&ssl=1 1.5x, https:\/\/i0.wp.com\/correiodasemana.com\/site\/wp-content\/uploads\/2019\/12\/FOTO-EDILSON-SILVA-2.jpg?resize=700%2C400&ssl=1 2x"},"classes":[]},{"id":15418,"url":"https:\/\/correiodasemana.com\/site\/em-tempo-65\/","url_meta":{"origin":11456,"position":2},"title":"Em Tempo","author":"","date":"Janeiro 18, 2021","format":false,"excerpt":"Ato de nomea\u00e7\u00e3o do reitor da UECE Foi nomeado nesta quarta-feira, 13 de janeiro, pelo governador do Cear\u00e1, Camilo Santana, o novo reitor da Universidade Estadual do Cear\u00e1, professor Hidelbrando dos Santos Soares, que estar\u00e1 \u00e0 frente na gest\u00e3o da UECE nos pr\u00f3ximos quatro anos. A nomea\u00e7\u00e3o aconteceu no Gabinete\u2026","rel":"","context":"In &quot;Artigos&quot;","block_context":{"text":"Artigos","link":"https:\/\/correiodasemana.com\/site\/category\/artigos\/"},"img":{"alt_text":"","src":"https:\/\/i0.wp.com\/correiodasemana.com\/site\/wp-content\/uploads\/2019\/12\/FOTO-EDILSON-SILVA-2.jpg?resize=350%2C200&ssl=1","width":350,"height":200,"srcset":"https:\/\/i0.wp.com\/correiodasemana.com\/site\/wp-content\/uploads\/2019\/12\/FOTO-EDILSON-SILVA-2.jpg?resize=350%2C200&ssl=1 1x, https:\/\/i0.wp.com\/correiodasemana.com\/site\/wp-content\/uploads\/2019\/12\/FOTO-EDILSON-SILVA-2.jpg?resize=525%2C300&ssl=1 1.5x, https:\/\/i0.wp.com\/correiodasemana.com\/site\/wp-content\/uploads\/2019\/12\/FOTO-EDILSON-SILVA-2.jpg?resize=700%2C400&ssl=1 2x"},"classes":[]},{"id":16466,"url":"https:\/\/correiodasemana.com\/site\/novo-aeroporto-de-sobral-recebe-o-nome-dr-luciano-arruda-em-homenagem-a-ilustre-sobralense\/","url_meta":{"origin":11456,"position":3},"title":"Novo Aeroporto de Sobral recebe o nome Dr. Luciano Arruda em homenagem a ilustre sobralense","author":"","date":"Maio 17, 2021","format":false,"excerpt":"Por Samuel Carvalho - Reda\u00e7\u00e3o Correio da Semana O novo Aeroporto Regional de Sobral ir\u00e1 receber o nome do Dr. Luciano Arruda ao novo equipamento ap\u00f3s aprova\u00e7\u00e3o durante sess\u00e3o na Assembleia Legislativa j\u00e1 sancionada pelo Governador Camilo Santana. A homenagem se refere ao advogado e um dos fundadores da Universidade\u2026","rel":"","context":"In &quot;Atualidade&quot;","block_context":{"text":"Atualidade","link":"https:\/\/correiodasemana.com\/site\/category\/atualidade\/"},"img":{"alt_text":"","src":"https:\/\/i0.wp.com\/correiodasemana.com\/site\/wp-content\/uploads\/2021\/05\/novo-aeroporto-sobral.jpeg?resize=350%2C200&ssl=1","width":350,"height":200,"srcset":"https:\/\/i0.wp.com\/correiodasemana.com\/site\/wp-content\/uploads\/2021\/05\/novo-aeroporto-sobral.jpeg?resize=350%2C200&ssl=1 1x, https:\/\/i0.wp.com\/correiodasemana.com\/site\/wp-content\/uploads\/2021\/05\/novo-aeroporto-sobral.jpeg?resize=525%2C300&ssl=1 1.5x, https:\/\/i0.wp.com\/correiodasemana.com\/site\/wp-content\/uploads\/2021\/05\/novo-aeroporto-sobral.jpeg?resize=700%2C400&ssl=1 2x"},"classes":[]},{"id":19341,"url":"https:\/\/correiodasemana.com\/site\/novo-aeroporto-regional-de-sobral-e-entregue-para-impulsionar-o-desenvolvimento-regional\/","url_meta":{"origin":11456,"position":4},"title":"Novo Aeroporto Regional de Sobral \u00e9 entregue para impulsionar o desenvolvimento regional","author":"","date":"Abril 3, 2022","format":false,"excerpt":"Por Larissa Falc\u00e3o - Ascom Casa Civil\/Thiago Stille-Fotos Estado investiu R$ 70 milh\u00f5es no moderno equipamento que consolida Sobral como polo de atra\u00e7\u00e3o de investimentos e gera\u00e7\u00e3o de oportunidades Conquista para popula\u00e7\u00e3o da Regi\u00e3o Norte cearense, o novo Aeroporto Regional de Sobral foi entregue pelo Governo do Cear\u00e1, por meio\u2026","rel":"","context":"In &quot;Atualidade&quot;","block_context":{"text":"Atualidade","link":"https:\/\/correiodasemana.com\/site\/category\/atualidade\/"},"img":{"alt_text":"","src":"https:\/\/i0.wp.com\/correiodasemana.com\/site\/wp-content\/uploads\/2022\/04\/220401_INAUG-NOVO-AEROPORTO-SOBRAL_TS3893-1536x1024-1.jpg?resize=350%2C200&ssl=1","width":350,"height":200,"srcset":"https:\/\/i0.wp.com\/correiodasemana.com\/site\/wp-content\/uploads\/2022\/04\/220401_INAUG-NOVO-AEROPORTO-SOBRAL_TS3893-1536x1024-1.jpg?resize=350%2C200&ssl=1 1x, https:\/\/i0.wp.com\/correiodasemana.com\/site\/wp-content\/uploads\/2022\/04\/220401_INAUG-NOVO-AEROPORTO-SOBRAL_TS3893-1536x1024-1.jpg?resize=525%2C300&ssl=1 1.5x, https:\/\/i0.wp.com\/correiodasemana.com\/site\/wp-content\/uploads\/2022\/04\/220401_INAUG-NOVO-AEROPORTO-SOBRAL_TS3893-1536x1024-1.jpg?resize=700%2C400&ssl=1 2x, https:\/\/i0.wp.com\/correiodasemana.com\/site\/wp-content\/uploads\/2022\/04\/220401_INAUG-NOVO-AEROPORTO-SOBRAL_TS3893-1536x1024-1.jpg?resize=1050%2C600&ssl=1 3x, https:\/\/i0.wp.com\/correiodasemana.com\/site\/wp-content\/uploads\/2022\/04\/220401_INAUG-NOVO-AEROPORTO-SOBRAL_TS3893-1536x1024-1.jpg?resize=1400%2C800&ssl=1 4x"},"classes":[]},{"id":10890,"url":"https:\/\/correiodasemana.com\/site\/aeroporto-regional-de-sobral-sera-implantado-no-distrito-de-patriarca\/","url_meta":{"origin":11456,"position":5},"title":"Aeroporto Regional de Sobral ser\u00e1 implantado no distrito de Patriarca","author":"","date":"Fevereiro 17, 2020","format":false,"excerpt":"De acordo com o Secret\u00e1rio da Infraestrutura do Cear\u00e1, Lucio Gomes, torna-se invi\u00e1vel a amplia\u00e7\u00e3o do atual aeroporto por quest\u00f5es ambientais e restri\u00e7\u00e3o de espa\u00e7o para uma expans\u00e3o. Reda\u00e7\u00e3o Correio da Semana A Secretaria da Infraestrutura do Cear\u00e1 apresentou na segunda-feira (10) em audi\u00eancia p\u00fablica, o projeto do Aeroporto Regional\u2026","rel":"","context":"In &quot;Atualidade&quot;","block_context":{"text":"Atualidade","link":"https:\/\/correiodasemana.com\/site\/category\/atualidade\/"},"img":{"alt_text":"","src":"https:\/\/i0.wp.com\/correiodasemana.com\/site\/wp-content\/uploads\/2020\/02\/DSC_1063.jpg?resize=350%2C200&ssl=1","width":350,"height":200,"srcset":"https:\/\/i0.wp.com\/correiodasemana.com\/site\/wp-content\/uploads\/2020\/02\/DSC_1063.jpg?resize=350%2C200&ssl=1 1x, https:\/\/i0.wp.com\/correiodasemana.com\/site\/wp-content\/uploads\/2020\/02\/DSC_1063.jpg?resize=525%2C300&ssl=1 1.5x, https:\/\/i0.wp.com\/correiodasemana.com\/site\/wp-content\/uploads\/2020\/02\/DSC_1063.jpg?resize=700%2C400&ssl=1 2x"},"classes":[]}],"jetpack_sharing_enabled":true,"_links":{"self":[{"href":"https:\/\/correiodasemana.com\/site\/wp-json\/wp\/v2\/posts\/11456","targetHints":{"allow":["GET"]}}],"collection":[{"href":"https:\/\/correiodasemana.com\/site\/wp-json\/wp\/v2\/posts"}],"about":[{"href":"https:\/\/correiodasemana.com\/site\/wp-json\/wp\/v2\/types\/post"}],"author":[{"embeddable":true,"href":"https:\/\/correiodasemana.com\/site\/wp-json\/wp\/v2\/users\/1"}],"replies":[{"embeddable":true,"href":"https:\/\/correiodasemana.com\/site\/wp-json\/wp\/v2\/comments?post=11456"}],"version-history":[{"count":1,"href":"https:\/\/correiodasemana.com\/site\/wp-json\/wp\/v2\/posts\/11456\/revisions"}],"predecessor-version":[{"id":11458,"href":"https:\/\/correiodasemana.com\/site\/wp-json\/wp\/v2\/posts\/11456\/revisions\/11458"}],"wp:featuredmedia":[{"embeddable":true,"href":"https:\/\/correiodasemana.com\/site\/wp-json\/wp\/v2\/media\/11457"}],"wp:attachment":[{"href":"https:\/\/correiodasemana.com\/site\/wp-json\/wp\/v2\/media?parent=11456"}],"wp:term":[{"taxonomy":"category","embeddable":true,"href":"https:\/\/correiodasemana.com\/site\/wp-json\/wp\/v2\/categories?post=11456"},{"taxonomy":"post_tag","embeddable":true,"href":"https:\/\/correiodasemana.com\/site\/wp-json\/wp\/v2\/tags?post=11456"}],"curies":[{"name":"wp","href":"https:\/\/api.w.org\/{rel}","templated":true}]}}