{"id":11459,"date":"2020-05-30T16:13:45","date_gmt":"2020-05-30T16:13:45","guid":{"rendered":"https:\/\/correiodasemana.com\/site\/?p=11459"},"modified":"2020-05-30T16:13:45","modified_gmt":"2020-05-30T16:13:45","slug":"uma-quebra-na-tradicao","status":"publish","type":"post","link":"https:\/\/correiodasemana.com\/site\/uma-quebra-na-tradicao\/","title":{"rendered":"UMA QUEBRA  NA TRADI\u00c7\u00c3O!"},"content":{"rendered":"<p><strong>FRANCISCO SILAS LOPES SIM\u00c3O<\/strong><br \/>\nGraduado em Hist\u00f3ria licenciatura pela Universidade Estadual Vale do Acara\u00fa- UVA<br \/>\nAgente de Pastoral na Par\u00f3quia S\u00e3o Jo\u00e3o Batista, Pacuj\u00e1\/CE<\/p>\n<hr \/>\n<p>Desde os prim\u00f3rdios da humanidade, as festas sempre se fizeram presentes no cotidiano do ser humano, nas mais diversas sociedades. Na Igreja, as festas dos santos padroeiros surgiram como meio de inviabilizar as festas pag\u00e3s. A principal caracter\u00edstica \u00e9 a louva\u00e7\u00e3o e os agradecimentos de gra\u00e7as alcan\u00e7adas pelos santos protetores.<br \/>\nAs festas religiosas est\u00e3o presentes no Brasil desde o per\u00edodo da coloniza\u00e7\u00e3o. A devo\u00e7\u00e3o aos santos foi um importante ferramenta para a constru\u00e7\u00e3o do processo de evangeliza\u00e7\u00e3o nas novas terras. As festas religiosas tem a capacidade de integrar as pessoas, sociabilizar e mostra a identidade de um povo atrav\u00e9s de sua pr\u00e1tica.<br \/>\nPresente na Pen\u00ednsula Ib\u00e9rica como cultura religiosa muito antiga, a festa em honra a S\u00e3o Jo\u00e3o Batista tem registros desde os primeiros tempos da coloniza\u00e7\u00e3o do Brasil no territ\u00f3rio da Bahia, o historiador Riolando Azzi em seus estudos sobre a s\u00e9 primacial em Salvador nos afirma que S\u00e3o Jo\u00e3o Batista j\u00e1 possu\u00eda uma grande popularidade de car\u00e1ter devocional em fins do s\u00e9culo XVI.<br \/>\nHoje nossa sociedade vivencia um tempo conturbado, uma verdadeira crise social provocada pela pandemia do covid-19.Estamos privados de celebrar a festa dos santos, padroeiros das cidades.<br \/>\nO m\u00eas de junho que \u00e9 tradicionalmente muito festivo dentro das tradi\u00e7\u00f5es de religiosidade popular e cat\u00f3lica. Festejam-se neste m\u00eas grandes santos do catolicismo, Santo Ant\u00f4nio de P\u00e1dua, S\u00e3o Jo\u00e3o Batista, S\u00e3o Pedro e S\u00e3o Paulo, santos estes que a devo\u00e7\u00e3o foi trazida como verdadeira acultura\u00e7\u00e3o em novas terras ou como um translado de ritos e costumes do mundo europeu, sendo respons\u00e1veis os mission\u00e1rios religiosos que estiveram na coloniza\u00e7\u00e3o do Brasil, dos quais podemos citar os jesu\u00edtas, que foram mais presentes com seu projeto de aldeamento mission\u00e1rio.<br \/>\nO nordeste brasileiro \u00e9 uma regi\u00e3o que se destaca por celebrar o m\u00eas de junho com muita anima\u00e7\u00e3o, com grandes festivais de quadrilhas, comidas t\u00edpicas, novenas, missas, prociss\u00f5es. O devoto v\u00ea-se amparado na f\u00e9 em meio \u00e0s dificuldades da vida. \u00c9 momento de agradecimentos, de renova\u00e7\u00e3o de promessas, de um contato e de uma busca com o sagrado.<br \/>\nNestes tempo dif\u00edceis, de isolamento social, para Pe Ant\u00f4nio Ronaldo a humanidade vivenciava um sentimento de onipot\u00eancia exacerbado, deixando Deus de lado e sem espa\u00e7o. Ele compreende que \u201cseja na viol\u00eancia cotidiana em nossas cidade; a fome; a mis\u00e9ria e, mais recentemente a situa\u00e7\u00e3o em que vivemos, afligidos pela covid-19, nos levam a pensar e criticar nossa pretens\u00e3o de onipot\u00eancia\u201d<br \/>\nEm Pacuj\u00e1, cidade interiorana do estado do Cear\u00e1, tradicionalmente se festeja o padroeiro da cidade, S\u00e3o Jo\u00e3o Batista, onde se vivenciam dez dias de festa, com novenas, missas, prociss\u00f5es, onde as pessoas se voltam mais para o ritmo de religiosidade, quebrando assim o cotidiano, a monotonia, seja na parte sagrada ou na parte profana.<br \/>\nEste ano devido a pandemia da covid-19 n\u00e3o celebraremos em nossa cidade, a festa da natividade de S\u00e3o Jo\u00e3o Batista, ser\u00e1 uma quebra numa tradi\u00e7\u00e3o iniciada no final do s\u00e9culo XIX, ainda quando Pacuj\u00e1 era apenas uma vila conhecida como Belmonte.<br \/>\n\u00c9 necess\u00e1rio as vezes nos perguntarmos. Porque isso est\u00e1 acontecendo? Acredito que n\u00e3o h\u00e1 uma resposta concreta para essa pergunta, mas \u00e9 necess\u00e1rio a nossa condi\u00e7\u00e3o de ser humano, de recordar que somente Deus \u00e9 que \u00e9 absoluto, poderoso, mas esse poder nos mostra que envolto de miseric\u00f3rdia e esperan\u00e7a. Pe Ant\u00f4nio Ronaldo nos diz que a nossa tarefa nesses tempos de pandemia \u00e9 esperan\u00e7ar.<br \/>\n\u00c9 tempo de refletir!<br \/>\nAtualmente, a festa estava perdendo seu sentido, as pessoas s\u00f3 buscavam alegria atrav\u00e9s dos pared\u00f5es de som, a religiosidade tem perdido espa\u00e7o para a secularidade, para as grandes m\u00eddias, busca-se uma alegria, uma alegria passageira; o ritmo de S\u00e3o Jo\u00e3o tem dado lugar ao funk, \u00e0s m\u00fasicas que fazem apologia ao sexo, \u00e0 mulher como objeto, a vida f\u00e1cil. At\u00e9 mesmo o parque de divers\u00f5es tem perdido espa\u00e7o para esses novos entretimentos. Quando crian\u00e7a, sent\u00edamos muita alegria ao saber que o parque de divers\u00f5es havia chegado \u00e0 cidade, que j\u00e1 havia sido montada a roda gigante, o espalha brasa, o auto-pista, o minhoc\u00e3o.<br \/>\nA festa de S\u00e3o Jo\u00e3o Batista termina uma, j\u00e1 se espera a outra, esse \u00e9 o sentimento que cada pacujaense sente. Pe Zen\u00f3bio da Silva afirma no livro de tombo da Par\u00f3quia Sra Sant\u2019Ana em Mucambo, que \u00e9 necess\u00e1rio que os pacujaenses vivessem o per\u00edodo da festa mais tempo. Entretanto ainda \u00e9 uma festa marcada por muita devo\u00e7\u00e3o e piedade.<br \/>\nEsse ano o per\u00edodo que demarca a festa, 14 a 24 de junho, ser\u00e1 de forma diferente j\u00e1 que estamos em isolamento social, buscando somente o essencial para o nosso viver. O m\u00eas de Junho de 2020 em Pacuj\u00e1, n\u00e3o ser\u00e1 mais o mesmo. Em 2019 jamais imaginar\u00edamos que n\u00e3o vivenciar\u00edamos mais um festejar da natividade de S\u00e3o Jo\u00e3o Batista, que para Maria de Nazar\u00e9 \u00e9 a f\u00e9 do povo de Pacuj\u00e1, o verdadeiro respeito a tradi\u00e7\u00e3o dos mais velhos.<br \/>\nEste ano n\u00e3o veremos ao pau-da-bandeira percorrer as principais ruas da cidade, sendo levantados pelos devotos de S\u00e3o Jo\u00e3o Batista, como nos afirma Pe Berg descrito no livro de tombo da par\u00f3quia, que \u00e9 imensa a alegria em conduzir o pau da bandeira pelas ruas da cidade, muitos se sentindo \u00fateis em festejar seu t\u00e3o venerado santo padroeiro.<br \/>\nPara o sacerdote a festa de S\u00e3o Jo\u00e3o Batista na par\u00f3quia \u00e9 \u201co \u00e1pice de sua caminhada: A festa de seu padroeiro t\u00e3o venerado S\u00e3o Jo\u00e3o Batista. Esta festa realmente envolve a cidade numa atmosfera de muita f\u00e9 e alegria e confraternizando atingindo a todo sem distin\u00e7\u00e3o\u201d (Livro de tombo n\u00ba 1 da PSJB, Pacuj\u00e1-CE,p. 57-58)<br \/>\nDesse modo, estaremos em nossas casas, sendo verdadeiras igrejas dom\u00e9sticas, em unidade, em ora\u00e7\u00e3o, rezando, refletindo, buscando compreender os planos de Deus, e acreditando sempre em dias melhores, que a Esperan\u00e7a \u00e9 viva e vem de Deus, que Ele jamais nos abandonar\u00e1 em meio as dificuldades.<br \/>\nCom ajuda do Cristo ressuscitado e pela intercess\u00e3o do nosso padroeiro S\u00e3o Jo\u00e3o Batista iremos superar isto juntos.\u201d Eis a nossa tarefa fundamental: Esperan\u00e7ar!\u201d<\/p>\n","protected":false},"excerpt":{"rendered":"<p>FRANCISCO SILAS LOPES SIM\u00c3O Graduado em Hist\u00f3ria licenciatura pela Universidade Estadual Vale do Acara\u00fa- UVA&#8230;<\/p>\n","protected":false},"author":1,"featured_media":11460,"comment_status":"open","ping_status":"open","sticky":false,"template":"","format":"standard","meta":{"_jetpack_memberships_contains_paid_content":false,"footnotes":"","jetpack_publicize_message":"","jetpack_publicize_feature_enabled":true,"jetpack_social_post_already_shared":true,"jetpack_social_options":{"image_generator_settings":{"template":"highway","default_image_id":0,"font":"","enabled":false},"version":2}},"categories":[11],"tags":[],"class_list":["post-11459","post","type-post","status-publish","format-standard","has-post-thumbnail","hentry","category-artigos"],"jetpack_publicize_connections":[],"jetpack_featured_media_url":"https:\/\/correiodasemana.com\/site\/wp-content\/uploads\/2020\/05\/96561863_1010567309362898_3119994806525231104_n.jpg","jetpack-related-posts":[{"id":34509,"url":"https:\/\/correiodasemana.com\/site\/a-festa-de-sao-joao-batista-em-pacuja-tradicao-fe-cultura-popular-e-memoria-viva-de-pacuja\/","url_meta":{"origin":11459,"position":0},"title":"A FESTA DE S\u00c3O JO\u00c3O BATISTA EM PACUJ\u00c1:  TRADI\u00c7\u00c3O, F\u00c9, CULTURA POPULAR E MEM\u00d3RIA VIVA DE PACUJ\u00c1","author":"adminredacao","date":"Julho 8, 2025","format":false,"excerpt":"A tradicional festa de S\u00e3o Jo\u00e3o Batista em Pacuj\u00e1 teve in\u00edcio no dia 14 de junho, marcando o come\u00e7o dos festejos com o solene repicar do sino e a apresenta\u00e7\u00e3o da banda de m\u00fasica, que emocionou a comunidade. Na parte da manh\u00e3, a ora\u00e7\u00e3o das Laudes foi conduzida com devo\u00e7\u00e3o\u2026","rel":"","context":"In &quot;Atualidade&quot;","block_context":{"text":"Atualidade","link":"https:\/\/correiodasemana.com\/site\/category\/atualidade\/"},"img":{"alt_text":"","src":"https:\/\/i0.wp.com\/correiodasemana.com\/site\/wp-content\/uploads\/2025\/07\/Image-2-scaled.jpeg?resize=350%2C200&ssl=1","width":350,"height":200,"srcset":"https:\/\/i0.wp.com\/correiodasemana.com\/site\/wp-content\/uploads\/2025\/07\/Image-2-scaled.jpeg?resize=350%2C200&ssl=1 1x, https:\/\/i0.wp.com\/correiodasemana.com\/site\/wp-content\/uploads\/2025\/07\/Image-2-scaled.jpeg?resize=525%2C300&ssl=1 1.5x, https:\/\/i0.wp.com\/correiodasemana.com\/site\/wp-content\/uploads\/2025\/07\/Image-2-scaled.jpeg?resize=700%2C400&ssl=1 2x, https:\/\/i0.wp.com\/correiodasemana.com\/site\/wp-content\/uploads\/2025\/07\/Image-2-scaled.jpeg?resize=1050%2C600&ssl=1 3x, https:\/\/i0.wp.com\/correiodasemana.com\/site\/wp-content\/uploads\/2025\/07\/Image-2-scaled.jpeg?resize=1400%2C800&ssl=1 4x"},"classes":[]},{"id":10193,"url":"https:\/\/correiodasemana.com\/site\/hospital-de-sobral-promove-festa-de-natal-para-criancas-internadas-e-em-tratamento\/","url_meta":{"origin":11459,"position":1},"title":"Hospital de Sobral promove festa de natal para crian\u00e7as internadas e em tratamento","author":"","date":"Dezembro 16, 2019","format":false,"excerpt":"Com o tema, \u201cBrilha, Brilha, Estrelinha\u201d, a Santa Casa de Miseric\u00f3rdia de Sobral (SCMS), por meio do Grupo de Humaniza\u00e7\u00e3o, realizou na quinta-feira (12\/12) uma festa de natal para as crian\u00e7as internadas no Servi\u00e7o de Pediatria do Hospital, para as que realizam tratamento no Setor de Oncologia e para as\u2026","rel":"","context":"In &quot;Atualidade&quot;","block_context":{"text":"Atualidade","link":"https:\/\/correiodasemana.com\/site\/category\/atualidade\/"},"img":{"alt_text":"","src":"https:\/\/i0.wp.com\/correiodasemana.com\/site\/wp-content\/uploads\/2019\/12\/1_1.jpg?resize=350%2C200&ssl=1","width":350,"height":200,"srcset":"https:\/\/i0.wp.com\/correiodasemana.com\/site\/wp-content\/uploads\/2019\/12\/1_1.jpg?resize=350%2C200&ssl=1 1x, https:\/\/i0.wp.com\/correiodasemana.com\/site\/wp-content\/uploads\/2019\/12\/1_1.jpg?resize=525%2C300&ssl=1 1.5x"},"classes":[]},{"id":20145,"url":"https:\/\/correiodasemana.com\/site\/paroquia-de-santo-antonio-em-aracatiacu-realiza-festa-de-seu-padroeiro\/","url_meta":{"origin":11459,"position":2},"title":"Par\u00f3quia de Santo Ant\u00f4nio em Aracatia\u00e7u realiza festa de seu padroeiro","author":"","date":"Junho 19, 2022","format":false,"excerpt":"DE ARACATIA\u00c7U: CORRESPONDENTE: KALU CAVALCANTE Sob um clima de muito fervor religioso, a Par\u00f3quia de Aracatia\u00e7u realizou do dia 03 a 14 de junho a festa de seu padroeiro Santo Ant\u00f4nio Devido o triste per\u00edodo que o mundo vivenciou com a pandemia do Covid 19, em que todos os pa\u00edses\u2026","rel":"","context":"In &quot;Atualidade&quot;","block_context":{"text":"Atualidade","link":"https:\/\/correiodasemana.com\/site\/category\/atualidade\/"},"img":{"alt_text":"","src":"https:\/\/i0.wp.com\/correiodasemana.com\/site\/wp-content\/uploads\/2022\/06\/parquia-santo-antonio.jpg?resize=350%2C200&ssl=1","width":350,"height":200,"srcset":"https:\/\/i0.wp.com\/correiodasemana.com\/site\/wp-content\/uploads\/2022\/06\/parquia-santo-antonio.jpg?resize=350%2C200&ssl=1 1x, https:\/\/i0.wp.com\/correiodasemana.com\/site\/wp-content\/uploads\/2022\/06\/parquia-santo-antonio.jpg?resize=525%2C300&ssl=1 1.5x, https:\/\/i0.wp.com\/correiodasemana.com\/site\/wp-content\/uploads\/2022\/06\/parquia-santo-antonio.jpg?resize=700%2C400&ssl=1 2x"},"classes":[]},{"id":32363,"url":"https:\/\/correiodasemana.com\/site\/festa-da-apresentacao-do-senhor\/","url_meta":{"origin":11459,"position":3},"title":"Festa da Apresenta\u00e7\u00e3o do Senhor","author":"adminredacao","date":"Fevereiro 4, 2025","format":false,"excerpt":"\u201cO Rei da gl\u00f3ria \u00e9 o Senhor onipotente\u201d (Sl 23\/24) Celebramos neste domingo a festa da Apresenta\u00e7\u00e3o do Senhor no templo que neste ano ocorre no domingo. Ela \u00e9 sempre celebrada no dia 2 de fevereiro independente do dia da semana que ocorra, por isso que neste ano ela entra\u2026","rel":"","context":"In &quot;A voz do Pastor&quot;","block_context":{"text":"A voz do Pastor","link":"https:\/\/correiodasemana.com\/site\/category\/a-voz-do-pastor\/"},"img":{"alt_text":"","src":"https:\/\/i0.wp.com\/correiodasemana.com\/site\/wp-content\/uploads\/2018\/02\/Dom-Vasconcelos-posses.jpg?resize=350%2C200&ssl=1","width":350,"height":200,"srcset":"https:\/\/i0.wp.com\/correiodasemana.com\/site\/wp-content\/uploads\/2018\/02\/Dom-Vasconcelos-posses.jpg?resize=350%2C200&ssl=1 1x, https:\/\/i0.wp.com\/correiodasemana.com\/site\/wp-content\/uploads\/2018\/02\/Dom-Vasconcelos-posses.jpg?resize=525%2C300&ssl=1 1.5x, https:\/\/i0.wp.com\/correiodasemana.com\/site\/wp-content\/uploads\/2018\/02\/Dom-Vasconcelos-posses.jpg?resize=700%2C400&ssl=1 2x"},"classes":[]},{"id":18276,"url":"https:\/\/correiodasemana.com\/site\/diocese-de-sobral-celebra-a-festa-de-sua-padroeira-a-imaculada-conceicao-de-maria\/","url_meta":{"origin":11459,"position":4},"title":"Diocese de Sobral celebra a festa de sua padroeira, a Imaculada Concei\u00e7\u00e3o de Maria","author":"","date":"Dezembro 12, 2021","format":false,"excerpt":"Por Thais Helena (Jornal Correio da Semana) Na \u00faltima quarta-feira, 08 de dezembro, a Igreja celebrou a Festa da Imaculada Concei\u00e7\u00e3o. Neste mesmo dia em 1854, atrav\u00e9s da bula Ineffabilis Deus do Papa Pio IX, a Igreja oficialmente reconheceu e declarou solenemente como dogma: \u201cMaria isenta do pecado original\u201d. A\u2026","rel":"","context":"In &quot;Atualidade&quot;","block_context":{"text":"Atualidade","link":"https:\/\/correiodasemana.com\/site\/category\/atualidade\/"},"img":{"alt_text":"","src":"https:\/\/i0.wp.com\/correiodasemana.com\/site\/wp-content\/uploads\/2021\/12\/IMG_8799.jpg?resize=350%2C200&ssl=1","width":350,"height":200,"srcset":"https:\/\/i0.wp.com\/correiodasemana.com\/site\/wp-content\/uploads\/2021\/12\/IMG_8799.jpg?resize=350%2C200&ssl=1 1x, https:\/\/i0.wp.com\/correiodasemana.com\/site\/wp-content\/uploads\/2021\/12\/IMG_8799.jpg?resize=525%2C300&ssl=1 1.5x, https:\/\/i0.wp.com\/correiodasemana.com\/site\/wp-content\/uploads\/2021\/12\/IMG_8799.jpg?resize=700%2C400&ssl=1 2x"},"classes":[]},{"id":36691,"url":"https:\/\/correiodasemana.com\/site\/festa-da-imaculada-conceicao-reune-multidao-na-catedral-da-se\/","url_meta":{"origin":11459,"position":5},"title":"Festa da Imaculada Concei\u00e7\u00e3o re\u00fane multid\u00e3o na Catedral da S\u00e9","author":"adminredacao","date":"Dezembro 11, 2025","format":false,"excerpt":"A cidade de Sobral viveu, nos \u00faltimos dias, um dos momentos mais significativos de sua caminhada de f\u00e9: a Festa de Nossa Senhora da Concei\u00e7\u00e3o, padroeira da cidade e de toda a Diocese. A tradi\u00e7\u00e3o centen\u00e1ria mobiliza milhares de fi\u00e9is que, ano ap\u00f3s ano, veneram a Virgem Imaculada e participam\u2026","rel":"","context":"In &quot;Atualidade&quot;","block_context":{"text":"Atualidade","link":"https:\/\/correiodasemana.com\/site\/category\/atualidade\/"},"img":{"alt_text":"","src":"https:\/\/i0.wp.com\/correiodasemana.com\/site\/wp-content\/uploads\/2025\/12\/grande-scaled.jpg?resize=350%2C200&ssl=1","width":350,"height":200,"srcset":"https:\/\/i0.wp.com\/correiodasemana.com\/site\/wp-content\/uploads\/2025\/12\/grande-scaled.jpg?resize=350%2C200&ssl=1 1x, https:\/\/i0.wp.com\/correiodasemana.com\/site\/wp-content\/uploads\/2025\/12\/grande-scaled.jpg?resize=525%2C300&ssl=1 1.5x, https:\/\/i0.wp.com\/correiodasemana.com\/site\/wp-content\/uploads\/2025\/12\/grande-scaled.jpg?resize=700%2C400&ssl=1 2x, https:\/\/i0.wp.com\/correiodasemana.com\/site\/wp-content\/uploads\/2025\/12\/grande-scaled.jpg?resize=1050%2C600&ssl=1 3x, https:\/\/i0.wp.com\/correiodasemana.com\/site\/wp-content\/uploads\/2025\/12\/grande-scaled.jpg?resize=1400%2C800&ssl=1 4x"},"classes":[]}],"jetpack_sharing_enabled":true,"_links":{"self":[{"href":"https:\/\/correiodasemana.com\/site\/wp-json\/wp\/v2\/posts\/11459","targetHints":{"allow":["GET"]}}],"collection":[{"href":"https:\/\/correiodasemana.com\/site\/wp-json\/wp\/v2\/posts"}],"about":[{"href":"https:\/\/correiodasemana.com\/site\/wp-json\/wp\/v2\/types\/post"}],"author":[{"embeddable":true,"href":"https:\/\/correiodasemana.com\/site\/wp-json\/wp\/v2\/users\/1"}],"replies":[{"embeddable":true,"href":"https:\/\/correiodasemana.com\/site\/wp-json\/wp\/v2\/comments?post=11459"}],"version-history":[{"count":1,"href":"https:\/\/correiodasemana.com\/site\/wp-json\/wp\/v2\/posts\/11459\/revisions"}],"predecessor-version":[{"id":11461,"href":"https:\/\/correiodasemana.com\/site\/wp-json\/wp\/v2\/posts\/11459\/revisions\/11461"}],"wp:featuredmedia":[{"embeddable":true,"href":"https:\/\/correiodasemana.com\/site\/wp-json\/wp\/v2\/media\/11460"}],"wp:attachment":[{"href":"https:\/\/correiodasemana.com\/site\/wp-json\/wp\/v2\/media?parent=11459"}],"wp:term":[{"taxonomy":"category","embeddable":true,"href":"https:\/\/correiodasemana.com\/site\/wp-json\/wp\/v2\/categories?post=11459"},{"taxonomy":"post_tag","embeddable":true,"href":"https:\/\/correiodasemana.com\/site\/wp-json\/wp\/v2\/tags?post=11459"}],"curies":[{"name":"wp","href":"https:\/\/api.w.org\/{rel}","templated":true}]}}