{"id":11467,"date":"2020-05-30T16:23:21","date_gmt":"2020-05-30T16:23:21","guid":{"rendered":"https:\/\/correiodasemana.com\/site\/?p=11467"},"modified":"2020-05-30T16:23:21","modified_gmt":"2020-05-30T16:23:21","slug":"a-pandemia-clama-humanidade","status":"publish","type":"post","link":"https:\/\/correiodasemana.com\/site\/a-pandemia-clama-humanidade\/","title":{"rendered":"A Pandemia Clama Humanidade"},"content":{"rendered":"<p>M\u00c1RCIA MARIA MONT\u00b4ALVERNE<\/p>\n<p>Departamento de Terapia Ocupacional da Universidade Federal da Para\u00edba (UFPB).<\/p>\n<hr \/>\n<p>O mundo foi surpreendido por uma sorrateira pandemia<br \/>\nAos poucos diferentes pa\u00edses foram vivenciando a sua agonia.<br \/>\nAlguns governos irrespons\u00e1veis afirmaram tratar-se de uma histeria<br \/>\nOutros, de imediato, reconheceram a gravidade do que aconteceria.<\/p>\n<p>L\u00edderes de diferentes pa\u00edses menosprezaram a letalidade da doen\u00e7a<br \/>\nEm breve espa\u00e7o de tempo foram alcan\u00e7ados pela virul\u00eancia.<br \/>\nCompreenderam que a covid-19 n\u00e3o se tratava de uma gripezinha,<br \/>\nMas de uma doen\u00e7a grave que ultrapassava qualquer linha.<\/p>\n<p>Alguns l\u00edderes continuaram perpetrando irresponsabilidades<br \/>\nNegando a exist\u00eancia da doen\u00e7a e as suas potentes letalidades,<br \/>\nDesprovidos de sensibilidade e de empatia para com os pr\u00f3ximos<br \/>\nColocaram a vida humana como menos importante que os neg\u00f3cios.<\/p>\n<p>Muitos agiram com t\u00e9trica e repugnante covardia<br \/>\nImpondo uma cruel escolha entre sa\u00fade e economia<br \/>\nEm vez de garantirem recursos para amparar a popula\u00e7\u00e3o mais pobre,<br \/>\nPropagavam not\u00edcias falsas, levando as pessoas a encontrarem-se com a\u00a0morte.<\/p>\n<p>V\u00e1rias cidades em diferentes pa\u00edses do mundo<br \/>\nRealizam sepultamentos coletivos carregados de pranto profundo.<br \/>\nCovas comuns horizontais e verticais s\u00e3o as solu\u00e7\u00f5es encontradas<br \/>\nPara dar conta das in\u00fameras mortes deflagradas.<\/p>\n<p>O ritual humano de despedida tornou-se proibido de acontecer<br \/>\nTal fato causa intenso sofrimento e faz o ser estremecer.<br \/>\nA facilidade do cont\u00e1gio do coronav\u00edrus \u00e9 o motivo dessa proibi\u00e7\u00e3o<br \/>\nAng\u00fastia, tristeza, desespero, impot\u00eancia e saudade inundam o cora\u00e7\u00e3o.<\/p>\n<p>Aprendemos que quando a pol\u00edtica briga com a biologia, a biologia sempre vence:<br \/>\nEis uma verdade incontest\u00e1vel que revela os enganos daquele que mente.<br \/>\nA trag\u00e9dia pand\u00eamica que assola a popula\u00e7\u00e3o mundial sem piedade<br \/>\nTamb\u00e9m nos oferta a decis\u00e3o de escolhas que cultivam a nossa humanidade.<\/p>\n","protected":false},"excerpt":{"rendered":"<p>M\u00c1RCIA MARIA MONT\u00b4ALVERNE Departamento de Terapia Ocupacional da Universidade Federal da Para\u00edba (UFPB). O mundo&#8230;<\/p>\n","protected":false},"author":1,"featured_media":11468,"comment_status":"open","ping_status":"open","sticky":false,"template":"","format":"standard","meta":{"_jetpack_memberships_contains_paid_content":false,"footnotes":"","jetpack_publicize_message":"","jetpack_publicize_feature_enabled":true,"jetpack_social_post_already_shared":true,"jetpack_social_options":{"image_generator_settings":{"template":"highway","default_image_id":0,"font":"","enabled":false},"version":2}},"categories":[11],"tags":[],"class_list":["post-11467","post","type-post","status-publish","format-standard","has-post-thumbnail","hentry","category-artigos"],"jetpack_publicize_connections":[],"jetpack_featured_media_url":"https:\/\/correiodasemana.com\/site\/wp-content\/uploads\/2020\/05\/Jornal-Correio-da-Semana-N\u00ba-879.jpg","jetpack-related-posts":[{"id":16126,"url":"https:\/\/correiodasemana.com\/site\/face-da-pandemia-do-coronavirus-no-brasil\/","url_meta":{"origin":11467,"position":0},"title":"FACE DA PANDEMIA DO CORONAV\u00cdRUS NO BRASIL","author":"","date":"Abril 5, 2021","format":false,"excerpt":"A pandemia do corona v\u00edrus massacra sem piedade Acometendo pessoas de diferentes idades. H\u00e1 mais de trezentos mil \u00f3bitos no Brasil Nosso pa\u00eds est\u00e1 sangrando nesse cen\u00e1rio sombrio. M\u00faltiplas hist\u00f3rias de fam\u00edlias devastadas V\u00edtimas de uma doen\u00e7a letal descontrolada. Ang\u00fastia, tristeza, saudade e sofrimento Invadem os cora\u00e7\u00f5es neste\u00a0dram\u00e1tico momento. A\u2026","rel":"","context":"In &quot;Artigos&quot;","block_context":{"text":"Artigos","link":"https:\/\/correiodasemana.com\/site\/category\/artigos\/"},"img":{"alt_text":"","src":"https:\/\/i0.wp.com\/correiodasemana.com\/site\/wp-content\/uploads\/2020\/07\/marcia-coluna.jpg?resize=350%2C200&ssl=1","width":350,"height":200},"classes":[]},{"id":16235,"url":"https:\/\/correiodasemana.com\/site\/quase-metade-dos-obitos-registrados-em-marco-foi-causada-por-covid-19\/","url_meta":{"origin":11467,"position":1},"title":"Quase metade dos \u00f3bitos registrados em Mar\u00e7o foi causada por covid-19","author":"","date":"Abril 18, 2021","format":false,"excerpt":"Por Samuel Carvalho - Reda\u00e7\u00e3o Correio da Semana Segundo a notifica\u00e7\u00e3o dos Cart\u00f3rios de Registro Civil cearenses no \u00faltimo m\u00eas, 6.930 \u00f3bitos por causas naturais (doen\u00e7as respirat\u00f3rias e card\u00edacas), dos quais 3.202 decorreram da infec\u00e7\u00e3o causada pelo novo coronav\u00edrus. Esse n\u00famero \u00e9 equivalente a 46% do total do n\u00famero de\u2026","rel":"","context":"In &quot;Atualidade&quot;","block_context":{"text":"Atualidade","link":"https:\/\/correiodasemana.com\/site\/category\/atualidade\/"},"img":{"alt_text":"","src":"https:\/\/i0.wp.com\/correiodasemana.com\/site\/wp-content\/uploads\/2021\/04\/internac-o.jpg?resize=350%2C200&ssl=1","width":350,"height":200,"srcset":"https:\/\/i0.wp.com\/correiodasemana.com\/site\/wp-content\/uploads\/2021\/04\/internac-o.jpg?resize=350%2C200&ssl=1 1x, https:\/\/i0.wp.com\/correiodasemana.com\/site\/wp-content\/uploads\/2021\/04\/internac-o.jpg?resize=525%2C300&ssl=1 1.5x, https:\/\/i0.wp.com\/correiodasemana.com\/site\/wp-content\/uploads\/2021\/04\/internac-o.jpg?resize=700%2C400&ssl=1 2x, https:\/\/i0.wp.com\/correiodasemana.com\/site\/wp-content\/uploads\/2021\/04\/internac-o.jpg?resize=1050%2C600&ssl=1 3x"},"classes":[]},{"id":13197,"url":"https:\/\/correiodasemana.com\/site\/covid-19-completa-6-meses-no-pais-especialistas-listam-licoes-da-pandemia\/","url_meta":{"origin":11467,"position":2},"title":"Covid-19 completa 6 meses no pa\u00eds; especialistas listam li\u00e7\u00f5es da pandemia","author":"","date":"Agosto 30, 2020","format":false,"excerpt":"O Carnaval mal tinha terminado quando o Brasil registrou o primeiro caso de covid-19. Ontem, a epidemia completou seis meses em territ\u00f3rio nacional. De acordo com o Minist\u00e9rio da Sa\u00fade, em 13 de agosto a doen\u00e7a estava presente em 98,4% dos munic\u00edpios. S\u00e3o 3,6 milh\u00f5es de casos confirmados e mais\u2026","rel":"","context":"In &quot;Atualidade&quot;","block_context":{"text":"Atualidade","link":"https:\/\/correiodasemana.com\/site\/category\/atualidade\/"},"img":{"alt_text":"","src":"https:\/\/i0.wp.com\/correiodasemana.com\/site\/wp-content\/uploads\/2020\/08\/maioria-dos-leitos-de-uti-para-tratamento-da-covid-19-em-sao-luis-estao-ocupados-1588253429316_v2_1280x854.jpg?resize=350%2C200&ssl=1","width":350,"height":200,"srcset":"https:\/\/i0.wp.com\/correiodasemana.com\/site\/wp-content\/uploads\/2020\/08\/maioria-dos-leitos-de-uti-para-tratamento-da-covid-19-em-sao-luis-estao-ocupados-1588253429316_v2_1280x854.jpg?resize=350%2C200&ssl=1 1x, https:\/\/i0.wp.com\/correiodasemana.com\/site\/wp-content\/uploads\/2020\/08\/maioria-dos-leitos-de-uti-para-tratamento-da-covid-19-em-sao-luis-estao-ocupados-1588253429316_v2_1280x854.jpg?resize=525%2C300&ssl=1 1.5x, https:\/\/i0.wp.com\/correiodasemana.com\/site\/wp-content\/uploads\/2020\/08\/maioria-dos-leitos-de-uti-para-tratamento-da-covid-19-em-sao-luis-estao-ocupados-1588253429316_v2_1280x854.jpg?resize=700%2C400&ssl=1 2x, https:\/\/i0.wp.com\/correiodasemana.com\/site\/wp-content\/uploads\/2020\/08\/maioria-dos-leitos-de-uti-para-tratamento-da-covid-19-em-sao-luis-estao-ocupados-1588253429316_v2_1280x854.jpg?resize=1050%2C600&ssl=1 3x"},"classes":[]},{"id":12293,"url":"https:\/\/correiodasemana.com\/site\/mais-de-16-milhao-de-pessoas-ja-se-recuperaram-da-covid-19-no-brasil\/","url_meta":{"origin":11467,"position":3},"title":"Mais de 1,6 milh\u00e3o de pessoas j\u00e1 se recuperaram da Covid-19 no Brasil","author":"","date":"Julho 28, 2020","format":false,"excerpt":"SA\u00daDE\/PANDEMIA At\u00e9 o \u00faltimo dia 27 o Brasil j\u00e1 tinha registrado a recupera\u00e7\u00e3o de 1.634.274 pessoas que foram infectadas pelo novo coronav\u00edrus. Os casos confirmados no pa\u00eds j\u00e1 ultrapassam os 2,4 milh\u00f5es. Segundo a Organiza\u00e7\u00e3o Mundial da Sa\u00fade (OMS) em todo o mundo mais de 16 milh\u00f5es de pessoas ficaram\u2026","rel":"","context":"In &quot;Atualidade&quot;","block_context":{"text":"Atualidade","link":"https:\/\/correiodasemana.com\/site\/category\/atualidade\/"},"img":{"alt_text":"","src":"https:\/\/i0.wp.com\/correiodasemana.com\/site\/wp-content\/uploads\/2020\/07\/RECUPERADOS.jpg?resize=350%2C200&ssl=1","width":350,"height":200},"classes":[]},{"id":11720,"url":"https:\/\/correiodasemana.com\/site\/por-que-a-asia-se-tornou-o-epicentro-de-diferentes-doencas\/","url_meta":{"origin":11467,"position":4},"title":"Por que a \u00c1sia se tornou o epicentro de diferentes doen\u00e7as?","author":"","date":"Julho 12, 2020","format":false,"excerpt":"H\u00e1 um alerta por parte das autoridades de sa\u00fade e meio ambiente do mundo inteiro de que a pandemia da Covid-19 n\u00e3o ser\u00e1 a \u00faltima, e que a sociedade deve se preparar para outras doen\u00e7as infecciosas emergentes que est\u00e3o por aparecer nos pr\u00f3ximos anos. Mas, nesse momento, surge o seguinte\u2026","rel":"","context":"In &quot;Artigos&quot;","block_context":{"text":"Artigos","link":"https:\/\/correiodasemana.com\/site\/category\/artigos\/"},"img":{"alt_text":"","src":"https:\/\/i0.wp.com\/correiodasemana.com\/site\/wp-content\/uploads\/2020\/07\/Rodrigo-Silva.jpg?resize=350%2C200&ssl=1","width":350,"height":200,"srcset":"https:\/\/i0.wp.com\/correiodasemana.com\/site\/wp-content\/uploads\/2020\/07\/Rodrigo-Silva.jpg?resize=350%2C200&ssl=1 1x, https:\/\/i0.wp.com\/correiodasemana.com\/site\/wp-content\/uploads\/2020\/07\/Rodrigo-Silva.jpg?resize=525%2C300&ssl=1 1.5x"},"classes":[]},{"id":24597,"url":"https:\/\/correiodasemana.com\/site\/pesquisa-aponta-que-familias-brasileiras-temem-covid-19-mas-um-em-cada-tres-pais-nao-acredita-que-as-vacinas-podem-proteger-os-filhos-de-formas-graves-da-doenca\/","url_meta":{"origin":11467,"position":5},"title":"Pesquisa aponta que fam\u00edlias brasileiras temem COVID-19, mas um em cada tr\u00eas pais n\u00e3o acredita que as vacinas podem proteger os filhos de formas graves da doen\u00e7a","author":"adminredacao","date":"Maio 14, 2023","format":false,"excerpt":"Fonte: Assessoria de Imprensa Pfizer Brasil Realizado pelo Ipec, o levantamento tamb\u00e9m indica que 67% dos respondentes j\u00e1 receberam not\u00edcias falsas sobre sa\u00fade infantil e que a desinforma\u00e7\u00e3o chegou a interferir na decis\u00e3o de vacinar as crian\u00e7as para mais de um ter\u00e7o da amostra A Covid-19 \u00e9 a doen\u00e7a mais\u2026","rel":"","context":"In &quot;Atualidade&quot;","block_context":{"text":"Atualidade","link":"https:\/\/correiodasemana.com\/site\/category\/atualidade\/"},"img":{"alt_text":"","src":"https:\/\/i0.wp.com\/correiodasemana.com\/site\/wp-content\/uploads\/2021\/07\/covid-19.jpg?resize=350%2C200&ssl=1","width":350,"height":200,"srcset":"https:\/\/i0.wp.com\/correiodasemana.com\/site\/wp-content\/uploads\/2021\/07\/covid-19.jpg?resize=350%2C200&ssl=1 1x, https:\/\/i0.wp.com\/correiodasemana.com\/site\/wp-content\/uploads\/2021\/07\/covid-19.jpg?resize=525%2C300&ssl=1 1.5x, https:\/\/i0.wp.com\/correiodasemana.com\/site\/wp-content\/uploads\/2021\/07\/covid-19.jpg?resize=700%2C400&ssl=1 2x, https:\/\/i0.wp.com\/correiodasemana.com\/site\/wp-content\/uploads\/2021\/07\/covid-19.jpg?resize=1050%2C600&ssl=1 3x, https:\/\/i0.wp.com\/correiodasemana.com\/site\/wp-content\/uploads\/2021\/07\/covid-19.jpg?resize=1400%2C800&ssl=1 4x"},"classes":[]}],"jetpack_sharing_enabled":true,"_links":{"self":[{"href":"https:\/\/correiodasemana.com\/site\/wp-json\/wp\/v2\/posts\/11467","targetHints":{"allow":["GET"]}}],"collection":[{"href":"https:\/\/correiodasemana.com\/site\/wp-json\/wp\/v2\/posts"}],"about":[{"href":"https:\/\/correiodasemana.com\/site\/wp-json\/wp\/v2\/types\/post"}],"author":[{"embeddable":true,"href":"https:\/\/correiodasemana.com\/site\/wp-json\/wp\/v2\/users\/1"}],"replies":[{"embeddable":true,"href":"https:\/\/correiodasemana.com\/site\/wp-json\/wp\/v2\/comments?post=11467"}],"version-history":[{"count":1,"href":"https:\/\/correiodasemana.com\/site\/wp-json\/wp\/v2\/posts\/11467\/revisions"}],"predecessor-version":[{"id":11469,"href":"https:\/\/correiodasemana.com\/site\/wp-json\/wp\/v2\/posts\/11467\/revisions\/11469"}],"wp:featuredmedia":[{"embeddable":true,"href":"https:\/\/correiodasemana.com\/site\/wp-json\/wp\/v2\/media\/11468"}],"wp:attachment":[{"href":"https:\/\/correiodasemana.com\/site\/wp-json\/wp\/v2\/media?parent=11467"}],"wp:term":[{"taxonomy":"category","embeddable":true,"href":"https:\/\/correiodasemana.com\/site\/wp-json\/wp\/v2\/categories?post=11467"},{"taxonomy":"post_tag","embeddable":true,"href":"https:\/\/correiodasemana.com\/site\/wp-json\/wp\/v2\/tags?post=11467"}],"curies":[{"name":"wp","href":"https:\/\/api.w.org\/{rel}","templated":true}]}}