{"id":11470,"date":"2020-05-30T16:28:39","date_gmt":"2020-05-30T16:28:39","guid":{"rendered":"https:\/\/correiodasemana.com\/site\/?p=11470"},"modified":"2020-05-30T16:28:39","modified_gmt":"2020-05-30T16:28:39","slug":"com-apenas-dois-meses-a-secretaria-de-cultura-regina-duarte-deixa-a-pasta-e-passa-a-assumir-a-cinemateca-brasileira","status":"publish","type":"post","link":"https:\/\/correiodasemana.com\/site\/com-apenas-dois-meses-a-secretaria-de-cultura-regina-duarte-deixa-a-pasta-e-passa-a-assumir-a-cinemateca-brasileira\/","title":{"rendered":"Com apenas dois meses, a Secret\u00e1ria de Cultura, Regina Duarte, deixa a pasta e passa a assumir a Cinemateca Brasileira"},"content":{"rendered":"<p><strong>O an\u00fancio foi feito na manh\u00e3 da quarta-feira (20) pelo presidente Jair Bolsonaro atrav\u00e9s da sua conta oficial no Twitter.<\/strong><\/p>\n<p>Correio da Semana<br \/>\nO an\u00fancio foi feito na manh\u00e3 da quarta-feira (20) pelo presidente Jair Bolsonaro atrav\u00e9s da sua conta oficial no Twitter. \u201cRegina Duarte relatou que sente falta de sua fam\u00edlia, mas para que ela possa continuar contribuindo com o Governo e a Cultura Brasileira assumir\u00e1, em alguns dias, a Cinemateca em S\u00e3o Paulo. Nos pr\u00f3ximos dias, durante a transi\u00e7\u00e3o, ser\u00e1 mostrado o trabalho j\u00e1 realizado nos \u00faltimos 60 dias\u201d, escreveu o presidente.<br \/>\nOs dois aparecem em um v\u00eddeo postado pelo presidente, quando a agora ex-secret\u00e1ria de Cultura pergunta em tom de brincadeira se estava sendo \u201cfritada\u201d. \u201cRegina, toda semana tem um ou dois ministros que, segundo a m\u00eddia, est\u00e3o sendo fritados. Objetivo \u00e9 desestabilizar a gente e tentar jogar o governo no ch\u00e3o. N\u00e3o v\u00e3o conseguir. Jamais ia fritar voc\u00ea\u201d, responde o presidente.<br \/>\nNa sequ\u00eancia, Regina Duarte agradece pelo convite e diz ser um \u201csonho\u201d secretariar o Governo em um bra\u00e7o da cultura e um museu de toda a filmografia, em S\u00e3o Paulo, do lado de sua casa.<\/p>\n","protected":false},"excerpt":{"rendered":"<p>O an\u00fancio foi feito na manh\u00e3 da quarta-feira (20) pelo presidente Jair Bolsonaro atrav\u00e9s da&#8230;<\/p>\n","protected":false},"author":1,"featured_media":11425,"comment_status":"open","ping_status":"open","sticky":false,"template":"","format":"standard","meta":{"_jetpack_memberships_contains_paid_content":false,"footnotes":"","jetpack_publicize_message":"","jetpack_publicize_feature_enabled":true,"jetpack_social_post_already_shared":true,"jetpack_social_options":{"image_generator_settings":{"template":"highway","default_image_id":0,"font":"","enabled":false},"version":2}},"categories":[1],"tags":[],"class_list":["post-11470","post","type-post","status-publish","format-standard","has-post-thumbnail","hentry","category-atualidade"],"jetpack_publicize_connections":[],"jetpack_featured_media_url":"https:\/\/correiodasemana.com\/site\/wp-content\/uploads\/2020\/05\/1910C3CC-0BB1-46D8-AD28-A782C528537B.jpeg","jetpack-related-posts":[{"id":11424,"url":"https:\/\/correiodasemana.com\/site\/regina-duarte-e-remanejada-da-secretaria-da-cultura\/","url_meta":{"origin":11470,"position":0},"title":"Regina Duarte \u00e9 remanejada da Secretaria da Cultura","author":"","date":"Maio 20, 2020","format":false,"excerpt":"Com apenas dois meses, a Secret\u00e1ria de Cultura, Regina Duarte, deixa a pasta e passa a assumir a Cinemateca Brasileira, tamb\u00e9m vinculada a Secretaria da Cultura. O an\u00fancio foi feito na manh\u00e3 desta quarta-feira (20) pelo presidente Jair Bolsonaro atrav\u00e9s da sua conta oficial no Twitter. \u201cRegina Duarte relatou que\u2026","rel":"","context":"In &quot;Atualidade&quot;","block_context":{"text":"Atualidade","link":"https:\/\/correiodasemana.com\/site\/category\/atualidade\/"},"img":{"alt_text":"","src":"https:\/\/i0.wp.com\/correiodasemana.com\/site\/wp-content\/uploads\/2020\/05\/1910C3CC-0BB1-46D8-AD28-A782C528537B.jpeg?resize=350%2C200&ssl=1","width":350,"height":200,"srcset":"https:\/\/i0.wp.com\/correiodasemana.com\/site\/wp-content\/uploads\/2020\/05\/1910C3CC-0BB1-46D8-AD28-A782C528537B.jpeg?resize=350%2C200&ssl=1 1x, https:\/\/i0.wp.com\/correiodasemana.com\/site\/wp-content\/uploads\/2020\/05\/1910C3CC-0BB1-46D8-AD28-A782C528537B.jpeg?resize=525%2C300&ssl=1 1.5x, https:\/\/i0.wp.com\/correiodasemana.com\/site\/wp-content\/uploads\/2020\/05\/1910C3CC-0BB1-46D8-AD28-A782C528537B.jpeg?resize=700%2C400&ssl=1 2x"},"classes":[]},{"id":10714,"url":"https:\/\/correiodasemana.com\/site\/regina-duarte-anuncia-que-aceitou-convite-de-bolsonaro-para-assumir-secretaria-de-cultura\/","url_meta":{"origin":11470,"position":1},"title":"Regina Duarte anuncia que aceitou convite de Bolsonaro para assumir Secretaria de Cultura","author":"","date":"Fevereiro 3, 2020","format":false,"excerpt":"A atriz Regina Duarte afirmou na quarta-feira (29), ap\u00f3s encontro com o presidente Jair Bolsonaro no Pal\u00e1cio do Planalto, que aceitou o convite para assumir a Secretaria Especial da Cultura. Ao deixar o pal\u00e1cio, no fim da tarde, a atriz afirmou aos jornalistas: \u201cSim, t\u00e1? S\u00f3 que agora v\u00e3o correr\u2026","rel":"","context":"In &quot;Atualidade&quot;","block_context":{"text":"Atualidade","link":"https:\/\/correiodasemana.com\/site\/category\/atualidade\/"},"img":{"alt_text":"","src":"https:\/\/i0.wp.com\/correiodasemana.com\/site\/wp-content\/uploads\/2020\/02\/regina-bolsonaro-22012020161325674.jpeg?resize=350%2C200&ssl=1","width":350,"height":200,"srcset":"https:\/\/i0.wp.com\/correiodasemana.com\/site\/wp-content\/uploads\/2020\/02\/regina-bolsonaro-22012020161325674.jpeg?resize=350%2C200&ssl=1 1x, https:\/\/i0.wp.com\/correiodasemana.com\/site\/wp-content\/uploads\/2020\/02\/regina-bolsonaro-22012020161325674.jpeg?resize=525%2C300&ssl=1 1.5x"},"classes":[]},{"id":10919,"url":"https:\/\/correiodasemana.com\/site\/bolsonaro-autoriza-envio-das-forcas-armadas-para-o-ceara\/","url_meta":{"origin":11470,"position":2},"title":"Bolsonaro autoriza envio das For\u00e7as Armadas para o Cear\u00e1","author":"","date":"Fevereiro 25, 2020","format":false,"excerpt":"Por Ag\u00eancia Brasil O presidente Jair Bolsonaro assinou na quinta-feira (20) um decreto que autoriza o emprego das For\u00e7as Armadas no Cear\u00e1, a pedido do governador Camilo Santana. O estado vive uma crise na \u00e1rea de seguran\u00e7a p\u00fablica, agravada pela paralisa\u00e7\u00e3o de parte dos policiais militares, que est\u00e3o amotinados em\u2026","rel":"","context":"In &quot;Atualidade&quot;","block_context":{"text":"Atualidade","link":"https:\/\/correiodasemana.com\/site\/category\/atualidade\/"},"img":{"alt_text":"","src":"https:\/\/i0.wp.com\/correiodasemana.com\/site\/wp-content\/uploads\/2020\/02\/FOR%C3%87A-NACIONAL.jpg?resize=350%2C200&ssl=1","width":350,"height":200,"srcset":"https:\/\/i0.wp.com\/correiodasemana.com\/site\/wp-content\/uploads\/2020\/02\/FOR%C3%87A-NACIONAL.jpg?resize=350%2C200&ssl=1 1x, https:\/\/i0.wp.com\/correiodasemana.com\/site\/wp-content\/uploads\/2020\/02\/FOR%C3%87A-NACIONAL.jpg?resize=525%2C300&ssl=1 1.5x, https:\/\/i0.wp.com\/correiodasemana.com\/site\/wp-content\/uploads\/2020\/02\/FOR%C3%87A-NACIONAL.jpg?resize=700%2C400&ssl=1 2x, https:\/\/i0.wp.com\/correiodasemana.com\/site\/wp-content\/uploads\/2020\/02\/FOR%C3%87A-NACIONAL.jpg?resize=1050%2C600&ssl=1 3x"},"classes":[]},{"id":8410,"url":"https:\/\/correiodasemana.com\/site\/anuncio-sobre-saques-do-fgts-fica-para-a-proxima-semana-diz-onyx\/","url_meta":{"origin":11470,"position":3},"title":"An\u00fancio sobre saques do FGTS fica para a pr\u00f3xima semana, diz Onyx","author":"","date":"Julho 22, 2019","format":false,"excerpt":"A ideia de liberar as contas ativas do FGTS para saque vem sendo estudada h\u00e1 alguns meses pelo governo Por\u00a0Marcelo Brand\u00e3o - Rep\u00f3rter da Ag\u00eancia Brasil O ministro-chefe da Casa Civil, Onyx Lorenzoni, afirmou que o an\u00fancio da libera\u00e7\u00e3o de saques das contas ativas do Fundo de Garantia do Tempo\u2026","rel":"","context":"In &quot;Atualidade&quot;","block_context":{"text":"Atualidade","link":"https:\/\/correiodasemana.com\/site\/category\/atualidade\/"},"img":{"alt_text":"","src":"https:\/\/i0.wp.com\/correiodasemana.com\/site\/wp-content\/uploads\/2019\/07\/FGTS.jpg?resize=350%2C200&ssl=1","width":350,"height":200,"srcset":"https:\/\/i0.wp.com\/correiodasemana.com\/site\/wp-content\/uploads\/2019\/07\/FGTS.jpg?resize=350%2C200&ssl=1 1x, https:\/\/i0.wp.com\/correiodasemana.com\/site\/wp-content\/uploads\/2019\/07\/FGTS.jpg?resize=525%2C300&ssl=1 1.5x, https:\/\/i0.wp.com\/correiodasemana.com\/site\/wp-content\/uploads\/2019\/07\/FGTS.jpg?resize=700%2C400&ssl=1 2x, https:\/\/i0.wp.com\/correiodasemana.com\/site\/wp-content\/uploads\/2019\/07\/FGTS.jpg?resize=1050%2C600&ssl=1 3x, https:\/\/i0.wp.com\/correiodasemana.com\/site\/wp-content\/uploads\/2019\/07\/FGTS.jpg?resize=1400%2C800&ssl=1 4x"},"classes":[]},{"id":11637,"url":"https:\/\/correiodasemana.com\/site\/presidente-jair-bolsonaro-testa-positivo-para-covid-19\/","url_meta":{"origin":11470,"position":4},"title":"Presidente Jair Bolsonaro testa positivo para covid-19","author":"","date":"Julho 7, 2020","format":false,"excerpt":"Publicado em 07\/07\/2020 - 12:10 Por Andreia Verd\u00e9lio \u2013 Rep\u00f3rter da Ag\u00eancia Brasil - Bras\u00edlia Atualizado em 07\/07\/2020 - 13:42 O presidente Jair Bolsonaro informou hoje (7) que testou positivo para o novo coronav\u00edrus (covid-19). O resultado do exame realizado ontem (6) saiu nesta ter\u00e7a-feira por volta das 11h. Bolsonaro\u2026","rel":"","context":"In &quot;Atualidade&quot;","block_context":{"text":"Atualidade","link":"https:\/\/correiodasemana.com\/site\/category\/atualidade\/"},"img":{"alt_text":"","src":"https:\/\/i0.wp.com\/correiodasemana.com\/site\/wp-content\/uploads\/2020\/07\/07_07_2020_bolsonaro3.jpg?resize=350%2C200&ssl=1","width":350,"height":200,"srcset":"https:\/\/i0.wp.com\/correiodasemana.com\/site\/wp-content\/uploads\/2020\/07\/07_07_2020_bolsonaro3.jpg?resize=350%2C200&ssl=1 1x, https:\/\/i0.wp.com\/correiodasemana.com\/site\/wp-content\/uploads\/2020\/07\/07_07_2020_bolsonaro3.jpg?resize=525%2C300&ssl=1 1.5x, https:\/\/i0.wp.com\/correiodasemana.com\/site\/wp-content\/uploads\/2020\/07\/07_07_2020_bolsonaro3.jpg?resize=700%2C400&ssl=1 2x, https:\/\/i0.wp.com\/correiodasemana.com\/site\/wp-content\/uploads\/2020\/07\/07_07_2020_bolsonaro3.jpg?resize=1050%2C600&ssl=1 3x"},"classes":[]},{"id":22884,"url":"https:\/\/correiodasemana.com\/site\/ministerio-da-cultura-desbloqueia-cerca-de-r-1-bilhao-da-lei-rouanet\/","url_meta":{"origin":11470,"position":5},"title":"Minist\u00e9rio da Cultura libera cerca de R$ 1 bilh\u00e3o da Lei Rouanet","author":"","date":"Janeiro 19, 2023","format":false,"excerpt":"Ministra Margareth Menezes anunciou a libera\u00e7\u00e3o de um montante de R$ 968 milh\u00f5es para 1.946 projetos art\u00edsticos aprovados na Lei Rouanet. O Minist\u00e9rio da Cultura vai desbloquear cerca de R$ 1 bilh\u00e3o em recursos captados por meio da Lei de Incentivo \u00e0 Cultura, conhecida como Lei Rouanet, que estavam travados\u2026","rel":"","context":"In &quot;Atualidade&quot;","block_context":{"text":"Atualidade","link":"https:\/\/correiodasemana.com\/site\/category\/atualidade\/"},"img":{"alt_text":"","src":"https:\/\/i0.wp.com\/correiodasemana.com\/site\/wp-content\/uploads\/2023\/01\/lei-rouanet.jpg?resize=350%2C200&ssl=1","width":350,"height":200,"srcset":"https:\/\/i0.wp.com\/correiodasemana.com\/site\/wp-content\/uploads\/2023\/01\/lei-rouanet.jpg?resize=350%2C200&ssl=1 1x, https:\/\/i0.wp.com\/correiodasemana.com\/site\/wp-content\/uploads\/2023\/01\/lei-rouanet.jpg?resize=525%2C300&ssl=1 1.5x, https:\/\/i0.wp.com\/correiodasemana.com\/site\/wp-content\/uploads\/2023\/01\/lei-rouanet.jpg?resize=700%2C400&ssl=1 2x"},"classes":[]}],"jetpack_sharing_enabled":true,"_links":{"self":[{"href":"https:\/\/correiodasemana.com\/site\/wp-json\/wp\/v2\/posts\/11470","targetHints":{"allow":["GET"]}}],"collection":[{"href":"https:\/\/correiodasemana.com\/site\/wp-json\/wp\/v2\/posts"}],"about":[{"href":"https:\/\/correiodasemana.com\/site\/wp-json\/wp\/v2\/types\/post"}],"author":[{"embeddable":true,"href":"https:\/\/correiodasemana.com\/site\/wp-json\/wp\/v2\/users\/1"}],"replies":[{"embeddable":true,"href":"https:\/\/correiodasemana.com\/site\/wp-json\/wp\/v2\/comments?post=11470"}],"version-history":[{"count":1,"href":"https:\/\/correiodasemana.com\/site\/wp-json\/wp\/v2\/posts\/11470\/revisions"}],"predecessor-version":[{"id":11471,"href":"https:\/\/correiodasemana.com\/site\/wp-json\/wp\/v2\/posts\/11470\/revisions\/11471"}],"wp:featuredmedia":[{"embeddable":true,"href":"https:\/\/correiodasemana.com\/site\/wp-json\/wp\/v2\/media\/11425"}],"wp:attachment":[{"href":"https:\/\/correiodasemana.com\/site\/wp-json\/wp\/v2\/media?parent=11470"}],"wp:term":[{"taxonomy":"category","embeddable":true,"href":"https:\/\/correiodasemana.com\/site\/wp-json\/wp\/v2\/categories?post=11470"},{"taxonomy":"post_tag","embeddable":true,"href":"https:\/\/correiodasemana.com\/site\/wp-json\/wp\/v2\/tags?post=11470"}],"curies":[{"name":"wp","href":"https:\/\/api.w.org\/{rel}","templated":true}]}}