{"id":11472,"date":"2020-05-30T16:30:20","date_gmt":"2020-05-30T16:30:20","guid":{"rendered":"https:\/\/correiodasemana.com\/site\/?p=11472"},"modified":"2020-05-30T16:34:13","modified_gmt":"2020-05-30T16:34:13","slug":"auxilio-emergencial-deve-ser-prorrogado-com-outro-perfil-segundo-secretario-da-economia","status":"publish","type":"post","link":"https:\/\/correiodasemana.com\/site\/auxilio-emergencial-deve-ser-prorrogado-com-outro-perfil-segundo-secretario-da-economia\/","title":{"rendered":"Aux\u00edlio emergencial deve ser prorrogado \u201ccom outro perfil\u201d, segundo secret\u00e1rio da Economia"},"content":{"rendered":"<p><strong>Segundo o secret\u00e1rio, o repasse de tr\u00eas parcelas previsto por lei, custar\u00e3o 152 bilh\u00f5es de reais.<\/strong><\/p>\n<p>Com informa\u00e7\u00f5es de El Pa\u00eds<br \/>\nO secret\u00e1rio especial de Fazenda do Minist\u00e9rio da Economia, Waldery Rodrigues, disse que o aux\u00edlio emergencial de 600 reais, voltado aos\u00a0 trabalhadores informais para enfrentar os efeitos da pandemia do coronav\u00edrus, deve ser prorrogado, mas sob um novo formato. \u201cO aux\u00edlio emergencial ser\u00e1 prorrogado? Muito provavelmente sim, mas com outro perfil, outro formato. \u00c9 um programa valios\u00edssimo, de alta efetividade, mas caro\u201d, afirmou Rodrigues\u00a0em uma audi\u00eancia virtual de uma comiss\u00e3o do Congresso.<br \/>\nSegundo o secret\u00e1rio, o repasse de tr\u00eas parcelas previsto por lei, custar\u00e3o 152 bilh\u00f5es de reais. O presidente Jair Bolsonaro tamb\u00e9m j\u00e1 havia afirmado, na semana passada, que o benef\u00edcio poderia ser prolongado, mas n\u00e3o no valor de 600 reais.<\/p>\n","protected":false},"excerpt":{"rendered":"<p>Segundo o secret\u00e1rio, o repasse de tr\u00eas parcelas previsto por lei, custar\u00e3o 152 bilh\u00f5es de&#8230;<\/p>\n","protected":false},"author":1,"featured_media":11473,"comment_status":"open","ping_status":"open","sticky":false,"template":"","format":"standard","meta":{"_jetpack_memberships_contains_paid_content":false,"footnotes":"","jetpack_publicize_message":"","jetpack_publicize_feature_enabled":true,"jetpack_social_post_already_shared":true,"jetpack_social_options":{"image_generator_settings":{"template":"highway","default_image_id":0,"font":"","enabled":false},"version":2}},"categories":[1],"tags":[],"class_list":["post-11472","post","type-post","status-publish","format-standard","has-post-thumbnail","hentry","category-atualidade"],"jetpack_publicize_connections":[],"jetpack_featured_media_url":"https:\/\/correiodasemana.com\/site\/wp-content\/uploads\/2020\/05\/auxilio-emergencial-caixa.jpg","jetpack-related-posts":[{"id":12108,"url":"https:\/\/correiodasemana.com\/site\/dignidade-auxilio-emergencial-ajuda-familias-do-nordeste-a-encarar-pandemia\/","url_meta":{"origin":11472,"position":0},"title":"Dignidade: Aux\u00edlio Emergencial ajuda fam\u00edlias do Nordeste a encarar pandemia","author":"","date":"Julho 22, 2020","format":false,"excerpt":"A pandemia do novo coronav\u00edrus mudou a vida dos brasileiros. A rotina de trabalho, a ida ao supermercado e at\u00e9 o contato com as pessoas mais pr\u00f3ximas, familiares ou amigos, deixou de ser como era antes desde a ado\u00e7\u00e3o do isolamento social. O maior problema \u00e9 para quem perdeu o\u2026","rel":"","context":"In &quot;Atualidade&quot;","block_context":{"text":"Atualidade","link":"https:\/\/correiodasemana.com\/site\/category\/atualidade\/"},"img":{"alt_text":"","src":"https:\/\/i0.wp.com\/correiodasemana.com\/site\/wp-content\/uploads\/2020\/07\/ae_ebc.jpg?resize=350%2C200&ssl=1","width":350,"height":200,"srcset":"https:\/\/i0.wp.com\/correiodasemana.com\/site\/wp-content\/uploads\/2020\/07\/ae_ebc.jpg?resize=350%2C200&ssl=1 1x, https:\/\/i0.wp.com\/correiodasemana.com\/site\/wp-content\/uploads\/2020\/07\/ae_ebc.jpg?resize=525%2C300&ssl=1 1.5x, https:\/\/i0.wp.com\/correiodasemana.com\/site\/wp-content\/uploads\/2020\/07\/ae_ebc.jpg?resize=700%2C400&ssl=1 2x"},"classes":[]},{"id":15782,"url":"https:\/\/correiodasemana.com\/site\/sobral-e-outros-municipios-cearenses-buscam-alternativas-para-suprir-a-suspensao-temporaria-do-auxilio-emergencial\/","url_meta":{"origin":11472,"position":1},"title":"Sobral e outros munic\u00edpios cearenses buscam alternativas para suprir a suspens\u00e3o tempor\u00e1ria do Aux\u00edlio Emergencial","author":"","date":"Fevereiro 24, 2021","format":false,"excerpt":"Por Samuel Carvalho - Reda\u00e7\u00e3o Correio da Semana O novo aux\u00edlio emergencial ainda segue em discuss\u00e3o no Congresso Nacional, enquanto isso, munic\u00edpios do estado do Cear\u00e1 tentam criar alternativas para garantir assist\u00eancia econ\u00f4mica para a popula\u00e7\u00e3o diante das incertezas de como ir\u00e1 acontecer as novas parcelas do programa. Em Sobral,\u2026","rel":"","context":"In &quot;Atualidade&quot;","block_context":{"text":"Atualidade","link":"https:\/\/correiodasemana.com\/site\/category\/atualidade\/"},"img":{"alt_text":"","src":"https:\/\/i0.wp.com\/correiodasemana.com\/site\/wp-content\/uploads\/2021\/02\/unnamed.jpg?resize=350%2C200&ssl=1","width":350,"height":200},"classes":[]},{"id":13005,"url":"https:\/\/correiodasemana.com\/site\/bolsonaro-fala-em-estender-auxilio-emergencial-ate-o-final-do-ano\/","url_meta":{"origin":11472,"position":2},"title":"Bolsonaro fala em estender aux\u00edlio emergencial at\u00e9 o final do ano","author":"","date":"Agosto 20, 2020","format":false,"excerpt":"Programa atende 66,4 milh\u00f5es de pessoas no pa\u00eds O presidente Jair Bolsonaro afirmou nesta\u00a0quarta-feira (19) que o aux\u00edlio emergencial deve ser prorrogado por mais alguns meses, podendo ser estendido at\u00e9 o final do ano. A declara\u00e7\u00e3o foi dada durante cerim\u00f4nia, no Pal\u00e1cio do Planalto, em que o presidente sancionou duas\u2026","rel":"","context":"In &quot;Atualidade&quot;","block_context":{"text":"Atualidade","link":"https:\/\/correiodasemana.com\/site\/category\/atualidade\/"},"img":{"alt_text":"","src":"https:\/\/i0.wp.com\/correiodasemana.com\/site\/wp-content\/uploads\/2020\/08\/19082020-solenidade-de-sano-de-medidas-provisrias-de-facilitao-de-acesso-ao-crdito_50245945996_o.jpg?resize=350%2C200&ssl=1","width":350,"height":200,"srcset":"https:\/\/i0.wp.com\/correiodasemana.com\/site\/wp-content\/uploads\/2020\/08\/19082020-solenidade-de-sano-de-medidas-provisrias-de-facilitao-de-acesso-ao-crdito_50245945996_o.jpg?resize=350%2C200&ssl=1 1x, https:\/\/i0.wp.com\/correiodasemana.com\/site\/wp-content\/uploads\/2020\/08\/19082020-solenidade-de-sano-de-medidas-provisrias-de-facilitao-de-acesso-ao-crdito_50245945996_o.jpg?resize=525%2C300&ssl=1 1.5x, https:\/\/i0.wp.com\/correiodasemana.com\/site\/wp-content\/uploads\/2020\/08\/19082020-solenidade-de-sano-de-medidas-provisrias-de-facilitao-de-acesso-ao-crdito_50245945996_o.jpg?resize=700%2C400&ssl=1 2x, https:\/\/i0.wp.com\/correiodasemana.com\/site\/wp-content\/uploads\/2020\/08\/19082020-solenidade-de-sano-de-medidas-provisrias-de-facilitao-de-acesso-ao-crdito_50245945996_o.jpg?resize=1050%2C600&ssl=1 3x"},"classes":[]},{"id":11832,"url":"https:\/\/correiodasemana.com\/site\/programa-de-suspensao-de-contrato-e-reducao-de-jornada-sera-estendido\/","url_meta":{"origin":11472,"position":3},"title":"Programa de suspens\u00e3o de contrato e redu\u00e7\u00e3o de jornada ser\u00e1 estendido","author":"","date":"Julho 14, 2020","format":false,"excerpt":"ECONOMIA Prorroga\u00e7\u00e3o ser\u00e1 feita por decreto presidencial O programa que prev\u00ea a suspens\u00e3o de contrato de trabalho ou a redu\u00e7\u00e3o de jornada em troca da manuten\u00e7\u00e3o do emprego ser\u00e1 prorrogado, de acordo com o secret\u00e1rio especial de Previd\u00eancia e Trabalho, Bruno Bianco. Segundo o governo, o Benef\u00edcio Emergencial (BEm) preservou\u2026","rel":"","context":"In &quot;Atualidade&quot;","block_context":{"text":"Atualidade","link":"https:\/\/correiodasemana.com\/site\/category\/atualidade\/"},"img":{"alt_text":"","src":"https:\/\/i0.wp.com\/correiodasemana.com\/site\/wp-content\/uploads\/2020\/07\/pzzb1189.jpg?resize=350%2C200&ssl=1","width":350,"height":200,"srcset":"https:\/\/i0.wp.com\/correiodasemana.com\/site\/wp-content\/uploads\/2020\/07\/pzzb1189.jpg?resize=350%2C200&ssl=1 1x, https:\/\/i0.wp.com\/correiodasemana.com\/site\/wp-content\/uploads\/2020\/07\/pzzb1189.jpg?resize=525%2C300&ssl=1 1.5x, https:\/\/i0.wp.com\/correiodasemana.com\/site\/wp-content\/uploads\/2020\/07\/pzzb1189.jpg?resize=700%2C400&ssl=1 2x, https:\/\/i0.wp.com\/correiodasemana.com\/site\/wp-content\/uploads\/2020\/07\/pzzb1189.jpg?resize=1050%2C600&ssl=1 3x"},"classes":[]},{"id":15886,"url":"https:\/\/correiodasemana.com\/site\/nova-parcela-do-auxilio-emergencial-deve-comecar-a-ser-pago-dia-18-de-marco\/","url_meta":{"origin":11472,"position":4},"title":"Nova parcela do aux\u00edlio emergencial deve come\u00e7ar a ser pago dia 18 de Mar\u00e7o","author":"","date":"Mar\u00e7o 7, 2021","format":false,"excerpt":"Por Samuel Carvalho - Reda\u00e7\u00e3o Correio da Semana O Governo Federal deve iniciar o pagamento da nova parcela do aux\u00edlio emergencial no dia 18 de Mar\u00e7o, frente ao avan\u00e7o da pandemia no pa\u00eds. A data inicial \u00e9 destinada aos benefici\u00e1rios do Bolsa Fam\u00edlia, j\u00e1 o restante dos trabalhadores deve receber\u2026","rel":"","context":"In &quot;Atualidade&quot;","block_context":{"text":"Atualidade","link":"https:\/\/correiodasemana.com\/site\/category\/atualidade\/"},"img":{"alt_text":"","src":"https:\/\/i0.wp.com\/correiodasemana.com\/site\/wp-content\/uploads\/2021\/03\/unnamed-8.jpg?resize=350%2C200&ssl=1","width":350,"height":200},"classes":[]},{"id":12191,"url":"https:\/\/correiodasemana.com\/site\/projeto-de-socorro-a-agricultores-familiares-e-aprovado-pela-camara-dos-deputados\/","url_meta":{"origin":11472,"position":5},"title":"Projeto de socorro a agricultores familiares \u00e9 aprovado pela C\u00e2mara dos Deputados","author":"","date":"Julho 25, 2020","format":false,"excerpt":"Texto ainda ser\u00e1 avaliado pelos senadores; PL inclui grupo entre os benefici\u00e1rios do aux\u00edlio emergencial e suspende d\u00edvidas, entre outras medidas A C\u00e2mara dos Deputados aprovou na \u00faltima segunda-feira (20) uma s\u00e9rie de medidas emergenciais que visam ajudar agricultores familiares impactados pela crise econ\u00f4mica em decorr\u00eancia da pandemia da Covid-19.\u2026","rel":"","context":"In &quot;Atualidade&quot;","block_context":{"text":"Atualidade","link":"https:\/\/correiodasemana.com\/site\/category\/atualidade\/"},"img":{"alt_text":"","src":"https:\/\/i0.wp.com\/correiodasemana.com\/site\/wp-content\/uploads\/2020\/07\/agricultores-familiar.jpg?resize=350%2C200&ssl=1","width":350,"height":200,"srcset":"https:\/\/i0.wp.com\/correiodasemana.com\/site\/wp-content\/uploads\/2020\/07\/agricultores-familiar.jpg?resize=350%2C200&ssl=1 1x, https:\/\/i0.wp.com\/correiodasemana.com\/site\/wp-content\/uploads\/2020\/07\/agricultores-familiar.jpg?resize=525%2C300&ssl=1 1.5x, https:\/\/i0.wp.com\/correiodasemana.com\/site\/wp-content\/uploads\/2020\/07\/agricultores-familiar.jpg?resize=700%2C400&ssl=1 2x, https:\/\/i0.wp.com\/correiodasemana.com\/site\/wp-content\/uploads\/2020\/07\/agricultores-familiar.jpg?resize=1050%2C600&ssl=1 3x, https:\/\/i0.wp.com\/correiodasemana.com\/site\/wp-content\/uploads\/2020\/07\/agricultores-familiar.jpg?resize=1400%2C800&ssl=1 4x"},"classes":[]}],"jetpack_sharing_enabled":true,"_links":{"self":[{"href":"https:\/\/correiodasemana.com\/site\/wp-json\/wp\/v2\/posts\/11472","targetHints":{"allow":["GET"]}}],"collection":[{"href":"https:\/\/correiodasemana.com\/site\/wp-json\/wp\/v2\/posts"}],"about":[{"href":"https:\/\/correiodasemana.com\/site\/wp-json\/wp\/v2\/types\/post"}],"author":[{"embeddable":true,"href":"https:\/\/correiodasemana.com\/site\/wp-json\/wp\/v2\/users\/1"}],"replies":[{"embeddable":true,"href":"https:\/\/correiodasemana.com\/site\/wp-json\/wp\/v2\/comments?post=11472"}],"version-history":[{"count":1,"href":"https:\/\/correiodasemana.com\/site\/wp-json\/wp\/v2\/posts\/11472\/revisions"}],"predecessor-version":[{"id":11474,"href":"https:\/\/correiodasemana.com\/site\/wp-json\/wp\/v2\/posts\/11472\/revisions\/11474"}],"wp:featuredmedia":[{"embeddable":true,"href":"https:\/\/correiodasemana.com\/site\/wp-json\/wp\/v2\/media\/11473"}],"wp:attachment":[{"href":"https:\/\/correiodasemana.com\/site\/wp-json\/wp\/v2\/media?parent=11472"}],"wp:term":[{"taxonomy":"category","embeddable":true,"href":"https:\/\/correiodasemana.com\/site\/wp-json\/wp\/v2\/categories?post=11472"},{"taxonomy":"post_tag","embeddable":true,"href":"https:\/\/correiodasemana.com\/site\/wp-json\/wp\/v2\/tags?post=11472"}],"curies":[{"name":"wp","href":"https:\/\/api.w.org\/{rel}","templated":true}]}}