{"id":11475,"date":"2020-05-30T16:37:19","date_gmt":"2020-05-30T16:37:19","guid":{"rendered":"https:\/\/correiodasemana.com\/site\/?p=11475"},"modified":"2020-05-30T16:37:19","modified_gmt":"2020-05-30T16:37:19","slug":"papa-francisco-nomeia-sobralense-como-novo-bispo-de-goias","status":"publish","type":"post","link":"https:\/\/correiodasemana.com\/site\/papa-francisco-nomeia-sobralense-como-novo-bispo-de-goias\/","title":{"rendered":"Papa Francisco nomeia sobralense como novo bispo de Goi\u00e1s"},"content":{"rendered":"<p>Pe. Jeov\u00e1 nasceu em 24 de agosto de 1961 em Sobral, foi ordenado sacerdote em 30 de novembro de 1991 na arquidiocese de Bras\u00edlia.<\/p>\n<p>Ap\u00f3s aceitar a ren\u00fancia de Dom Eug\u00e8ne Lambert Adrian Rixen, o Papa Francisco tamb\u00e9m nomeou na \u00faltima quarta-feira, (27), como novo bispo de Goi\u00e1s o sacerdote Jeov\u00e1 Elias Ferreira, do clero da Arquidiocese de Bras\u00edlia. At\u00e9 ser nomeado pelo Santo Padre ele exercia o cargo de Vig\u00e1rio-Geral e P\u00e1roco da Igreja \u201cNossa Senhora de Nazar\u00e9\u201d no munic\u00edpio de Planaltina, perto da capital brasileira.<br \/>\nPe. Jeov\u00e1 nasceu em 24 de agosto de 1961 em Sobral, foi ordenado sacerdote em 30 de novembro de 1991 na arquidiocese de Bras\u00edlia. Estudou Filosofia e Teologia no Semin\u00e1rio \u201cNossa Senhora de F\u00e1tima\u201d da Arquidiocese de Bras\u00edlia e posteriormente obteve a Licenciatura em Teologia Pastoral em Bogot\u00e1, Col\u00f4mbia.<\/p>\n<p>Outros Cursos<br \/>\nPrograma de Actualizaci\u00f3n en Teolog\u00eda Pastoral y Evangelizadores con Esp\u00edrito, Cebitepal, Bogot\u00e1, 2017. Programa de Formaci\u00f3n y Actualizaci\u00f3n en Teolog\u00eda Pastoral, Cebitepal, Bogot\u00e1, 2017. Licenciatura Can\u00f4nica em Teologia Pastoral, no Cebitepal, Universidade Pontif\u00edcia Bolivariana, 2018. Tese com o tema: A miss\u00e3o Evangelizadora a servi\u00e7o da vida humana em plenitude, \u00e0 luz da mensagem do papa Francisco nas suas viagens apost\u00f3licas aos pa\u00edses da Am\u00e9rica Latina e do Caribe<\/p>\n<p>Fun\u00e7\u00f5es Presbiterais<br \/>\nP\u00e1roco da Par\u00f3quia Sant\u00edssima Trindade \u2013 Ceil\u00e2ndia, Arquidiocese de Bras\u00edlia no ano de 1993; Par\u00f3quia N. Senhora do Ros\u00e1rio de F\u00e1tima \u2013 Sobradinho, Arquidiocese de Bras\u00edlia em 2017; Par\u00f3quia N. Senhora de Nazar\u00e9 \u2013 Planaltina, Arquidiocese de Bras\u00edlia em 2019.<\/p>\n<p>Outras Fun\u00e7\u00f5es<br \/>\nPadre Jeov\u00e1 foi professor de Doutrina Social da Igreja no Semin\u00e1rio Nossa Senhora de F\u00e1tima, Arquidiocese de Bras\u00edlia nos anos de 2004 e 2005<br \/>\nVig\u00e1rio Episcopal do Vicariato Norte, Arquidiocese de Bras\u00edlia nos anos de 2007 a 2015; Vig\u00e1rio Geral em 2019; membro do Col\u00e9gio de Consultores e membro do Conselho Econ\u00f4mico.<\/p>\n","protected":false},"excerpt":{"rendered":"<p>Pe. Jeov\u00e1 nasceu em 24 de agosto de 1961 em Sobral, foi ordenado sacerdote em&#8230;<\/p>\n","protected":false},"author":1,"featured_media":11476,"comment_status":"open","ping_status":"open","sticky":false,"template":"","format":"standard","meta":{"_jetpack_memberships_contains_paid_content":false,"footnotes":"","jetpack_publicize_message":"","jetpack_publicize_feature_enabled":true,"jetpack_social_post_already_shared":true,"jetpack_social_options":{"image_generator_settings":{"template":"highway","default_image_id":0,"font":"","enabled":false},"version":2}},"categories":[1],"tags":[],"class_list":["post-11475","post","type-post","status-publish","format-standard","has-post-thumbnail","hentry","category-atualidade"],"jetpack_publicize_connections":[],"jetpack_featured_media_url":"https:\/\/correiodasemana.com\/site\/wp-content\/uploads\/2020\/05\/Nomeac\u0327\u00e3o-padre-Joev\u00e1-1200x762_c-680x432-1.jpg","jetpack-related-posts":[{"id":29316,"url":"https:\/\/correiodasemana.com\/site\/monsenhor-agnaldo-temoteo-10-bispo-nascido-na-diocese-de-sobral\/","url_meta":{"origin":11475,"position":0},"title":"Monsenhor Agnaldo Tem\u00f3teo, 10\u00b0 Bispo nascido na Diocese de Sobral","author":"adminredacao","date":"Maio 20, 2024","format":false,"excerpt":"Comendador Jos\u00e9 Lu\u00eds Lira, OESSJ Presidente do Instituto Hist\u00f3rico e Geogr\u00e1fico de Sobral (IHGS) A nomea\u00e7\u00e3o do Mons. Agnaldo Tem\u00f3teo da Silveira, por Sua Santidade o Papa Francisco, neste dia 14 de maio de 2024, para o episcopado da Igreja Cat\u00f3lica Apost\u00f3lica Romana, enche-nos de j\u00fabilo e faz acender em\u2026","rel":"","context":"In &quot;Atualidade&quot;","block_context":{"text":"Atualidade","link":"https:\/\/correiodasemana.com\/site\/category\/atualidade\/"},"img":{"alt_text":"","src":"https:\/\/i0.wp.com\/correiodasemana.com\/site\/wp-content\/uploads\/2024\/05\/DSC0881-scaled.jpg?resize=350%2C200&ssl=1","width":350,"height":200,"srcset":"https:\/\/i0.wp.com\/correiodasemana.com\/site\/wp-content\/uploads\/2024\/05\/DSC0881-scaled.jpg?resize=350%2C200&ssl=1 1x, https:\/\/i0.wp.com\/correiodasemana.com\/site\/wp-content\/uploads\/2024\/05\/DSC0881-scaled.jpg?resize=525%2C300&ssl=1 1.5x, https:\/\/i0.wp.com\/correiodasemana.com\/site\/wp-content\/uploads\/2024\/05\/DSC0881-scaled.jpg?resize=700%2C400&ssl=1 2x, https:\/\/i0.wp.com\/correiodasemana.com\/site\/wp-content\/uploads\/2024\/05\/DSC0881-scaled.jpg?resize=1050%2C600&ssl=1 3x, https:\/\/i0.wp.com\/correiodasemana.com\/site\/wp-content\/uploads\/2024\/05\/DSC0881-scaled.jpg?resize=1400%2C800&ssl=1 4x"},"classes":[]},{"id":23338,"url":"https:\/\/correiodasemana.com\/site\/mudanca-no-episcopado\/","url_meta":{"origin":11475,"position":1},"title":"MUDAN\u00c7A NO EPISCOPADO","author":"","date":"Fevereiro 2, 2023","format":false,"excerpt":"O Papa Francisco nomeou dom Vicente de Paula Ferreira, bispo da Diocese de Livramento de Nossa Senhora (BA), e o mission\u00e1rio xaveriano, pe. Paulo Andreolli, bispo auxiliar da Arquidiocese de Bel\u00e9m (PA). O Papa Francisco aceitou o pedido de ren\u00fancia apresentado por dom Armando Bucciol e nomeou bispo da Diocese\u2026","rel":"","context":"In &quot;Atualidade&quot;","block_context":{"text":"Atualidade","link":"https:\/\/correiodasemana.com\/site\/category\/atualidade\/"},"img":{"alt_text":"","src":"https:\/\/i0.wp.com\/correiodasemana.com\/site\/wp-content\/uploads\/2023\/02\/cq5dam.thumbnail.cropped.1500.844.png?resize=350%2C200&ssl=1","width":350,"height":200,"srcset":"https:\/\/i0.wp.com\/correiodasemana.com\/site\/wp-content\/uploads\/2023\/02\/cq5dam.thumbnail.cropped.1500.844.png?resize=350%2C200&ssl=1 1x, https:\/\/i0.wp.com\/correiodasemana.com\/site\/wp-content\/uploads\/2023\/02\/cq5dam.thumbnail.cropped.1500.844.png?resize=525%2C300&ssl=1 1.5x, https:\/\/i0.wp.com\/correiodasemana.com\/site\/wp-content\/uploads\/2023\/02\/cq5dam.thumbnail.cropped.1500.844.png?resize=700%2C400&ssl=1 2x, https:\/\/i0.wp.com\/correiodasemana.com\/site\/wp-content\/uploads\/2023\/02\/cq5dam.thumbnail.cropped.1500.844.png?resize=1050%2C600&ssl=1 3x"},"classes":[]},{"id":25640,"url":"https:\/\/correiodasemana.com\/site\/papa-francisco-acolhe-pedido-de-renuncia-de-dom-jaime-vieira-rocha-e-nomeia-novo-arcebispo-de-natal\/","url_meta":{"origin":11475,"position":2},"title":"PAPA FRANCISCO ACOLHE PEDIDO DE REN\u00daNCIA DE DOM JAIME VIEIRA ROCHA E NOMEIA NOVO ARCEBISPO DE NATAL","author":"adminredacao","date":"Julho 11, 2023","format":false,"excerpt":"O Papa Francisco acolheu, nesta quarta-feira, 5 de julho, o pedido de ren\u00fancia apresentado por dom Jaime Vieira Rocha ao governo pastoral da arquidiocese de Natal (RN). Foi nomedo para suceder a dom Jaime o atual bispo de Bom Jesus da Lapa (BA), dom Jo\u00e3o Santos Cardoso. A Presid\u00eancia da\u2026","rel":"","context":"In &quot;Atualidade&quot;","block_context":{"text":"Atualidade","link":"https:\/\/correiodasemana.com\/site\/category\/atualidade\/"},"img":{"alt_text":"","src":"https:\/\/i0.wp.com\/correiodasemana.com\/site\/wp-content\/uploads\/2023\/07\/Destaque-Portal-1.png?resize=350%2C200&ssl=1","width":350,"height":200,"srcset":"https:\/\/i0.wp.com\/correiodasemana.com\/site\/wp-content\/uploads\/2023\/07\/Destaque-Portal-1.png?resize=350%2C200&ssl=1 1x, https:\/\/i0.wp.com\/correiodasemana.com\/site\/wp-content\/uploads\/2023\/07\/Destaque-Portal-1.png?resize=525%2C300&ssl=1 1.5x, https:\/\/i0.wp.com\/correiodasemana.com\/site\/wp-content\/uploads\/2023\/07\/Destaque-Portal-1.png?resize=700%2C400&ssl=1 2x, https:\/\/i0.wp.com\/correiodasemana.com\/site\/wp-content\/uploads\/2023\/07\/Destaque-Portal-1.png?resize=1050%2C600&ssl=1 3x"},"classes":[]},{"id":11170,"url":"https:\/\/correiodasemana.com\/site\/papa-acolhe-renuncia-de-dom-murilo-krieger-e-nomeia-novo-arcebispo-para-salvador-ba\/","url_meta":{"origin":11475,"position":3},"title":"Papa acolhe ren\u00fancia de dom Murilo Krieger e nomeia novo arcebispo para Salvador (BA)","author":"","date":"Mar\u00e7o 18, 2020","format":false,"excerpt":"O Papa Francisco acolheu, nesta quarta-feira, 11 de mar\u00e7o, o pedido de ren\u00fancia apresentado por dom Murilo Sebasti\u00e3o Ramos Krieger ao governo pastoral da arquidiocese S\u00e3o Salvador da Bahia, a S\u00e9 Primacial do Brasil. No mesmo ato, o Santo Padre nomeou arcebispo para a mesma arquidiocese o cardeal Sergio da\u2026","rel":"","context":"In &quot;Igreja&quot;","block_context":{"text":"Igreja","link":"https:\/\/correiodasemana.com\/site\/category\/igreja\/"},"img":{"alt_text":"","src":"https:\/\/i0.wp.com\/correiodasemana.com\/site\/wp-content\/uploads\/2020\/03\/Destaque_Agradecimento_DomMurilo.png?resize=350%2C200&ssl=1","width":350,"height":200,"srcset":"https:\/\/i0.wp.com\/correiodasemana.com\/site\/wp-content\/uploads\/2020\/03\/Destaque_Agradecimento_DomMurilo.png?resize=350%2C200&ssl=1 1x, https:\/\/i0.wp.com\/correiodasemana.com\/site\/wp-content\/uploads\/2020\/03\/Destaque_Agradecimento_DomMurilo.png?resize=525%2C300&ssl=1 1.5x, https:\/\/i0.wp.com\/correiodasemana.com\/site\/wp-content\/uploads\/2020\/03\/Destaque_Agradecimento_DomMurilo.png?resize=700%2C400&ssl=1 2x, https:\/\/i0.wp.com\/correiodasemana.com\/site\/wp-content\/uploads\/2020\/03\/Destaque_Agradecimento_DomMurilo.png?resize=1050%2C600&ssl=1 3x"},"classes":[]},{"id":31421,"url":"https:\/\/correiodasemana.com\/site\/o-regional-sul-4-da-cnbb-ganhou-duas-novas-arquidioceses\/","url_meta":{"origin":11475,"position":4},"title":"O Regional Sul 4 da CNBB  ganhou duas novas Arquidioceses","author":"adminredacao","date":"Novembro 18, 2024","format":false,"excerpt":"O Papa Francisco anunciou nesta ter\u00e7a-feira, 5 de novembro, a reestrutura\u00e7\u00e3o da Prov\u00edncia Eclesi\u00e1stica (arquidiocese) de Florian\u00f3polis (SC) com a cria\u00e7\u00e3o de duas novas prov\u00edncias eclesi\u00e1sticas: Joinville (SC) e Chapec\u00f3 (SC). O Santo Padre atribuiu \u00e0 nova arquidiocese de Joinville as dioceses sufrag\u00e2neas de Blumenau e Rio do Sul e\u2026","rel":"","context":"In &quot;Atualidade&quot;","block_context":{"text":"Atualidade","link":"https:\/\/correiodasemana.com\/site\/category\/atualidade\/"},"img":{"alt_text":"","src":"https:\/\/i0.wp.com\/correiodasemana.com\/site\/wp-content\/uploads\/2024\/11\/Novas-pronvincias.png?resize=350%2C200&ssl=1","width":350,"height":200,"srcset":"https:\/\/i0.wp.com\/correiodasemana.com\/site\/wp-content\/uploads\/2024\/11\/Novas-pronvincias.png?resize=350%2C200&ssl=1 1x, https:\/\/i0.wp.com\/correiodasemana.com\/site\/wp-content\/uploads\/2024\/11\/Novas-pronvincias.png?resize=525%2C300&ssl=1 1.5x, https:\/\/i0.wp.com\/correiodasemana.com\/site\/wp-content\/uploads\/2024\/11\/Novas-pronvincias.png?resize=700%2C400&ssl=1 2x"},"classes":[]},{"id":25300,"url":"https:\/\/correiodasemana.com\/site\/papa-aceita-renuncia-de-dom-saburido-e-nomeia-dom-paulo-jackson-para-olinda-e-recife\/","url_meta":{"origin":11475,"position":5},"title":"Papa aceita ren\u00fancia de Dom Saburido e nomeia Dom Paulo Jackson para Olinda e Recife","author":"adminredacao","date":"Junho 19, 2023","format":false,"excerpt":"Fonte: CNBB O Papa Francisco acolheu, nesta quarta-feira, 14 de junho, o pedido de ren\u00fancia apresentado por dom Ant\u00f4nio Fernando Saburido ao governo pastoral da arquidiocese de Olinda e Recife (PE). E nomeou como novo arcebispo dom Paulo Jackson N\u00f3brega de Sousa, atualmente bispo de Garanhuns (PE) e segundo-vice-presidente da\u2026","rel":"","context":"In &quot;Atualidade&quot;","block_context":{"text":"Atualidade","link":"https:\/\/correiodasemana.com\/site\/category\/atualidade\/"},"img":{"alt_text":"","src":"https:\/\/i0.wp.com\/correiodasemana.com\/site\/wp-content\/uploads\/2023\/06\/Destaque-Portal-2.png?resize=350%2C200&ssl=1","width":350,"height":200,"srcset":"https:\/\/i0.wp.com\/correiodasemana.com\/site\/wp-content\/uploads\/2023\/06\/Destaque-Portal-2.png?resize=350%2C200&ssl=1 1x, https:\/\/i0.wp.com\/correiodasemana.com\/site\/wp-content\/uploads\/2023\/06\/Destaque-Portal-2.png?resize=525%2C300&ssl=1 1.5x, https:\/\/i0.wp.com\/correiodasemana.com\/site\/wp-content\/uploads\/2023\/06\/Destaque-Portal-2.png?resize=700%2C400&ssl=1 2x, https:\/\/i0.wp.com\/correiodasemana.com\/site\/wp-content\/uploads\/2023\/06\/Destaque-Portal-2.png?resize=1050%2C600&ssl=1 3x"},"classes":[]}],"jetpack_sharing_enabled":true,"_links":{"self":[{"href":"https:\/\/correiodasemana.com\/site\/wp-json\/wp\/v2\/posts\/11475","targetHints":{"allow":["GET"]}}],"collection":[{"href":"https:\/\/correiodasemana.com\/site\/wp-json\/wp\/v2\/posts"}],"about":[{"href":"https:\/\/correiodasemana.com\/site\/wp-json\/wp\/v2\/types\/post"}],"author":[{"embeddable":true,"href":"https:\/\/correiodasemana.com\/site\/wp-json\/wp\/v2\/users\/1"}],"replies":[{"embeddable":true,"href":"https:\/\/correiodasemana.com\/site\/wp-json\/wp\/v2\/comments?post=11475"}],"version-history":[{"count":1,"href":"https:\/\/correiodasemana.com\/site\/wp-json\/wp\/v2\/posts\/11475\/revisions"}],"predecessor-version":[{"id":11477,"href":"https:\/\/correiodasemana.com\/site\/wp-json\/wp\/v2\/posts\/11475\/revisions\/11477"}],"wp:featuredmedia":[{"embeddable":true,"href":"https:\/\/correiodasemana.com\/site\/wp-json\/wp\/v2\/media\/11476"}],"wp:attachment":[{"href":"https:\/\/correiodasemana.com\/site\/wp-json\/wp\/v2\/media?parent=11475"}],"wp:term":[{"taxonomy":"category","embeddable":true,"href":"https:\/\/correiodasemana.com\/site\/wp-json\/wp\/v2\/categories?post=11475"},{"taxonomy":"post_tag","embeddable":true,"href":"https:\/\/correiodasemana.com\/site\/wp-json\/wp\/v2\/tags?post=11475"}],"curies":[{"name":"wp","href":"https:\/\/api.w.org\/{rel}","templated":true}]}}