{"id":11483,"date":"2020-05-30T16:56:18","date_gmt":"2020-05-30T16:56:18","guid":{"rendered":"https:\/\/correiodasemana.com\/site\/?p=11483"},"modified":"2020-05-30T16:56:18","modified_gmt":"2020-05-30T16:56:18","slug":"fazenda-da-esperanca-realiza-acao-para-acolher-moradores-de-rua-e-pede-doacoes","status":"publish","type":"post","link":"https:\/\/correiodasemana.com\/site\/fazenda-da-esperanca-realiza-acao-para-acolher-moradores-de-rua-e-pede-doacoes\/","title":{"rendered":"Fazenda da Esperan\u00e7a realiza a\u00e7\u00e3o para acolher moradores de rua e pede doa\u00e7\u00f5es"},"content":{"rendered":"<p><img decoding=\"async\" class=\"aligncenter size-medium wp-image-11484\" src=\"https:\/\/correiodasemana.com\/site\/wp-content\/uploads\/2020\/05\/fazenda-da-esperan\u00e7a-1-300x135.jpg\" alt=\"\" width=\"300\" height=\"135\" srcset=\"https:\/\/correiodasemana.com\/site\/wp-content\/uploads\/2020\/05\/fazenda-da-esperan\u00e7a-1-300x135.jpg 300w, https:\/\/correiodasemana.com\/site\/wp-content\/uploads\/2020\/05\/fazenda-da-esperan\u00e7a-1-1024x461.jpg 1024w, https:\/\/correiodasemana.com\/site\/wp-content\/uploads\/2020\/05\/fazenda-da-esperan\u00e7a-1-768x346.jpg 768w, https:\/\/correiodasemana.com\/site\/wp-content\/uploads\/2020\/05\/fazenda-da-esperan\u00e7a-1.jpg 1280w\" sizes=\"(max-width: 300px) 100vw, 300px\" \/> <img fetchpriority=\"high\" decoding=\"async\" class=\"aligncenter size-medium wp-image-11485\" src=\"https:\/\/correiodasemana.com\/site\/wp-content\/uploads\/2020\/05\/fazenda-da-esperan\u00e7a-2-300x300.jpg\" alt=\"\" width=\"300\" height=\"300\" srcset=\"https:\/\/correiodasemana.com\/site\/wp-content\/uploads\/2020\/05\/fazenda-da-esperan\u00e7a-2-300x300.jpg 300w, https:\/\/correiodasemana.com\/site\/wp-content\/uploads\/2020\/05\/fazenda-da-esperan\u00e7a-2-150x150.jpg 150w, https:\/\/correiodasemana.com\/site\/wp-content\/uploads\/2020\/05\/fazenda-da-esperan\u00e7a-2-768x765.jpg 768w, https:\/\/correiodasemana.com\/site\/wp-content\/uploads\/2020\/05\/fazenda-da-esperan\u00e7a-2.jpg 960w\" sizes=\"(max-width: 300px) 100vw, 300px\" \/> <img decoding=\"async\" class=\"aligncenter size-medium wp-image-11486\" src=\"https:\/\/correiodasemana.com\/site\/wp-content\/uploads\/2020\/05\/fazenda-da-esperan\u00e7a-3-300x225.jpg\" alt=\"\" width=\"300\" height=\"225\" srcset=\"https:\/\/correiodasemana.com\/site\/wp-content\/uploads\/2020\/05\/fazenda-da-esperan\u00e7a-3-300x225.jpg 300w, https:\/\/correiodasemana.com\/site\/wp-content\/uploads\/2020\/05\/fazenda-da-esperan\u00e7a-3-768x576.jpg 768w, https:\/\/correiodasemana.com\/site\/wp-content\/uploads\/2020\/05\/fazenda-da-esperan\u00e7a-3.jpg 960w\" sizes=\"(max-width: 300px) 100vw, 300px\" \/><\/p>\n<p>Com o desejo de ser uma resposta concreta a pessoas que n\u00e3o t\u00eam moradia, em meio \u00e0 pandemia causada pelo novo coronav\u00edrus, a Fazenda da Esperan\u00e7a, comunidade terap\u00eautica que atua na recupera\u00e7\u00e3o de dependentes qu\u00edmicos, iniciou uma grande campanha de acolhida a moradores de rua. Em Sobral, a Fazenda da Esperan\u00e7a S\u00e3o Bento realiza, neste s\u00e1bado (16), uma a\u00e7\u00e3o com o objetivo de acolher 15 pessoas em situa\u00e7\u00e3o de rua, oriundos de Sobral e de outras cidades como Tiangu\u00e1 e Chaval. Desde mar\u00e7o, mais de 500 moradores de rua receberam acolhimento nas diversas unidades da Fazenda da Esperan\u00e7a espalhadas pelo Brasil. Elas receberam casa, cama, comida e carinho, por meio da vida e doa\u00e7\u00e3o de volunt\u00e1rios.<br \/>\nA a\u00e7\u00e3o de acolhida a pessoas em situa\u00e7\u00e3o de rua acontece em parceria com os Grupos Esperan\u00e7a Viva (GEV) da Fazenda da Esperan\u00e7a, que atuam em Sobral e Tiangu\u00e1, e tamb\u00e9m com institui\u00e7\u00f5es como a Obra Lumen e a Toca de Assis, respons\u00e1veis por levar essas pessoas at\u00e9 a comunidade terap\u00eautica, que fica localizada no distrito de Patriarca. No local est\u00e1 sendo preparada uma casa de acolhimento com equipe formada por seis volunt\u00e1rios, para dar toda a assist\u00eancia necess\u00e1ria aos novos acolhidos.<br \/>\n\u201cEsse grupo de volunt\u00e1rios vai alimentar espiritualmente esses moradores de rua, para que, ap\u00f3s o per\u00edodo de isolamento, eles possam ser inseridos nas demais atividades junto aos demais recuperandos da Fazenda da Esperan\u00e7a\u201d, explica o coordenador da Fazenda da Esperan\u00e7a em Sobral, Danilo dos Santos Silva.<br \/>\nDe acordo com Danilo, os moradores de rua que ser\u00e3o acolhidos na Fazenda da Esperan\u00e7a seguir\u00e3o todas as recomenda\u00e7\u00f5es de isolamento. Para dar toda a assist\u00eancia necess\u00e1ria, a institui\u00e7\u00e3o solicitou apoio do Posto de Sa\u00fade do Patriarca para a realiza\u00e7\u00e3o de exames e acompanhamento da sa\u00fade dessas pessoas.<\/p>\n<p>DOA\u00c7\u00d5ES<br \/>\nCom o aumento do n\u00famero de acolhidos na Fazenda da Esperan\u00e7a, aumenta o consumo de alimentos e produtos de higiene. Institui\u00e7\u00e3o sem fins lucrativos, a comunidade terap\u00eautica neste tempo necessita ainda mais de apoio e conta com doa\u00e7\u00f5es, que podem ser feitas atrav\u00e9s de transfer\u00eancia banc\u00e1ria para a seguinte conta:<br \/>\nCaixa Econ\u00f4mica<br \/>\nAg 0554<br \/>\nC\/C 3544-8<br \/>\nObra Social N S da Gl\u00f3ria Fazenda da Esperan\u00e7a S\u00e3o Bento<br \/>\nCNPJ 48.555.775\/0066-03<br \/>\nPara ajudar de outra forma, entre em contato pelo whatsapp (11) 94460-6284.<\/p>\n","protected":false},"excerpt":{"rendered":"<p>Com o desejo de ser uma resposta concreta a pessoas que n\u00e3o t\u00eam moradia, em&#8230;<\/p>\n","protected":false},"author":1,"featured_media":11484,"comment_status":"open","ping_status":"open","sticky":false,"template":"","format":"standard","meta":{"_jetpack_memberships_contains_paid_content":false,"footnotes":"","jetpack_publicize_message":"","jetpack_publicize_feature_enabled":true,"jetpack_social_post_already_shared":true,"jetpack_social_options":{"image_generator_settings":{"template":"highway","default_image_id":0,"font":"","enabled":false},"version":2}},"categories":[1],"tags":[],"class_list":["post-11483","post","type-post","status-publish","format-standard","has-post-thumbnail","hentry","category-atualidade"],"jetpack_publicize_connections":[],"jetpack_featured_media_url":"https:\/\/correiodasemana.com\/site\/wp-content\/uploads\/2020\/05\/fazenda-da-esperan\u00e7a-1.jpg","jetpack-related-posts":[{"id":11957,"url":"https:\/\/correiodasemana.com\/site\/dom-vasconcelos-celebra-missa-em-honra-a-sao-bento-na-fazenda-da-esperanca\/","url_meta":{"origin":11483,"position":0},"title":"Dom Vasconcelos celebra missa em honra a S\u00e3o Bento na Fazenda da Esperan\u00e7a","author":"","date":"Julho 19, 2020","format":false,"excerpt":"Celebra\u00e7\u00e3o eucar\u00edstica tamb\u00e9m marcou o anivers\u00e1rio de cinco anos de inaugura\u00e7\u00e3o do Santu\u00e1rio da Esperan\u00e7a O bispo da Diocese de Sobral, Dom Vasconcelos, esteve na Fazenda da Esperan\u00e7a S\u00e3o Bento no \u00faltimo dia 11 de julho, ocasi\u00e3o em que celebrou a missa em honra a S\u00e3o Bento, santo padroeiro da\u2026","rel":"","context":"In &quot;Atualidade&quot;","block_context":{"text":"Atualidade","link":"https:\/\/correiodasemana.com\/site\/category\/atualidade\/"},"img":{"alt_text":"","src":"https:\/\/i0.wp.com\/correiodasemana.com\/site\/wp-content\/uploads\/2020\/07\/dom-11-07-2020-5.jpg?resize=350%2C200&ssl=1","width":350,"height":200,"srcset":"https:\/\/i0.wp.com\/correiodasemana.com\/site\/wp-content\/uploads\/2020\/07\/dom-11-07-2020-5.jpg?resize=350%2C200&ssl=1 1x, https:\/\/i0.wp.com\/correiodasemana.com\/site\/wp-content\/uploads\/2020\/07\/dom-11-07-2020-5.jpg?resize=525%2C300&ssl=1 1.5x, https:\/\/i0.wp.com\/correiodasemana.com\/site\/wp-content\/uploads\/2020\/07\/dom-11-07-2020-5.jpg?resize=700%2C400&ssl=1 2x"},"classes":[]},{"id":16996,"url":"https:\/\/correiodasemana.com\/site\/capela-da-fazenda-da-esperanca-e-elevada-a-santuario-diocesano-de-sao-bento\/","url_meta":{"origin":11483,"position":1},"title":"Capela da Fazenda da Esperan\u00e7a \u00e9 elevada a Santu\u00e1rio Diocesano de S\u00e3o Bento","author":"","date":"Julho 19, 2021","format":false,"excerpt":"Eleva\u00e7\u00e3o aconteceu durante a Festa de S\u00e3o Bento, 11 de julho, data que marca os 6 anos de inaugura\u00e7\u00e3o da Capela Seis anos ap\u00f3s a sua inaugura\u00e7\u00e3o, a Capela localizada na Fazenda da Esperan\u00e7a S\u00e3o Bento, no Patriarca, foi elevada \u00e0 categoria de Santu\u00e1rio Diocesano de S\u00e3o Bento pelo bispo\u2026","rel":"","context":"In &quot;Atualidade&quot;","block_context":{"text":"Atualidade","link":"https:\/\/correiodasemana.com\/site\/category\/atualidade\/"},"img":{"alt_text":"","src":"https:\/\/i0.wp.com\/correiodasemana.com\/site\/wp-content\/uploads\/2021\/07\/capela-fazenda-da-esperanca-6.jpg?resize=350%2C200&ssl=1","width":350,"height":200,"srcset":"https:\/\/i0.wp.com\/correiodasemana.com\/site\/wp-content\/uploads\/2021\/07\/capela-fazenda-da-esperanca-6.jpg?resize=350%2C200&ssl=1 1x, https:\/\/i0.wp.com\/correiodasemana.com\/site\/wp-content\/uploads\/2021\/07\/capela-fazenda-da-esperanca-6.jpg?resize=525%2C300&ssl=1 1.5x, https:\/\/i0.wp.com\/correiodasemana.com\/site\/wp-content\/uploads\/2021\/07\/capela-fazenda-da-esperanca-6.jpg?resize=700%2C400&ssl=1 2x"},"classes":[]},{"id":30040,"url":"https:\/\/correiodasemana.com\/site\/dom-fernando-saburido-celebra-santa-missa-na-fazenda-da-esperanca-sao-bento\/","url_meta":{"origin":11483,"position":2},"title":"Dom Fernando Saburido celebra Santa Missa na Fazenda da Esperan\u00e7a S\u00e3o Bento","author":"adminredacao","date":"Julho 22, 2024","format":false,"excerpt":"No dia 17 de julho Dom Fernando Saburido conheceu a Fazenda da Esperan\u00e7a Santa Clara na Meruoca. Foi recepcionado pela presidente Selene Melo, a respons\u00e1vel Edna Maria, as acolhidas e alguns moradores vizinhos. Na oportunidade houve apresenta\u00e7\u00e3o de toda hist\u00f3ria de cria\u00e7\u00e3o dessa Obra de Deus com foco maior na\u2026","rel":"","context":"In &quot;Atualidade&quot;","block_context":{"text":"Atualidade","link":"https:\/\/correiodasemana.com\/site\/category\/atualidade\/"},"img":{"alt_text":"","src":"https:\/\/i0.wp.com\/correiodasemana.com\/site\/wp-content\/uploads\/2024\/07\/WhatsApp-Image-2024-07-18-at-07.43.34.jpeg?resize=350%2C200&ssl=1","width":350,"height":200,"srcset":"https:\/\/i0.wp.com\/correiodasemana.com\/site\/wp-content\/uploads\/2024\/07\/WhatsApp-Image-2024-07-18-at-07.43.34.jpeg?resize=350%2C200&ssl=1 1x, https:\/\/i0.wp.com\/correiodasemana.com\/site\/wp-content\/uploads\/2024\/07\/WhatsApp-Image-2024-07-18-at-07.43.34.jpeg?resize=525%2C300&ssl=1 1.5x, https:\/\/i0.wp.com\/correiodasemana.com\/site\/wp-content\/uploads\/2024\/07\/WhatsApp-Image-2024-07-18-at-07.43.34.jpeg?resize=700%2C400&ssl=1 2x, https:\/\/i0.wp.com\/correiodasemana.com\/site\/wp-content\/uploads\/2024\/07\/WhatsApp-Image-2024-07-18-at-07.43.34.jpeg?resize=1050%2C600&ssl=1 3x"},"classes":[]},{"id":12373,"url":"https:\/\/correiodasemana.com\/site\/fazenda-da-esperanca-monta-espaco-para-acolher-dependentes-quimicos-em-situacao-de-rua\/","url_meta":{"origin":11483,"position":3},"title":"Fazenda da Esperan\u00e7a monta espa\u00e7o para acolher dependentes qu\u00edmicos em situa\u00e7\u00e3o de rua","author":"","date":"Julho 30, 2020","format":false,"excerpt":"A Coordena\u00e7\u00e3o da Fazenda da Esperan\u00e7a S\u00e3o Bento em Sobral, abra\u00e7a um novo projeto de instala\u00e7\u00e3o da Casa Padre Pio na Serra da Meruoca, com a miss\u00e3o de acolher pessoas com necessidades decorrentes das depend\u00eancias qu\u00edmicas em \u00e1lcool e outras drogas com extrema vulnerabilidade social que esteja em situa\u00e7\u00e3o de\u2026","rel":"","context":"In &quot;Atualidade&quot;","block_context":{"text":"Atualidade","link":"https:\/\/correiodasemana.com\/site\/category\/atualidade\/"},"img":{"alt_text":"","src":"https:\/\/i0.wp.com\/correiodasemana.com\/site\/wp-content\/uploads\/2020\/07\/fazenda-da-esperan%C3%A7a-s%C3%A3o-bento2.jpg?resize=350%2C200&ssl=1","width":350,"height":200,"srcset":"https:\/\/i0.wp.com\/correiodasemana.com\/site\/wp-content\/uploads\/2020\/07\/fazenda-da-esperan%C3%A7a-s%C3%A3o-bento2.jpg?resize=350%2C200&ssl=1 1x, https:\/\/i0.wp.com\/correiodasemana.com\/site\/wp-content\/uploads\/2020\/07\/fazenda-da-esperan%C3%A7a-s%C3%A3o-bento2.jpg?resize=525%2C300&ssl=1 1.5x, https:\/\/i0.wp.com\/correiodasemana.com\/site\/wp-content\/uploads\/2020\/07\/fazenda-da-esperan%C3%A7a-s%C3%A3o-bento2.jpg?resize=700%2C400&ssl=1 2x, https:\/\/i0.wp.com\/correiodasemana.com\/site\/wp-content\/uploads\/2020\/07\/fazenda-da-esperan%C3%A7a-s%C3%A3o-bento2.jpg?resize=1050%2C600&ssl=1 3x"},"classes":[]},{"id":12400,"url":"https:\/\/correiodasemana.com\/site\/fazenda-da-esperanca-monta-espaco-para-acolher-dependentes-quimicos-em-situacao-de-rua-2\/","url_meta":{"origin":11483,"position":4},"title":"Fazenda da Esperan\u00e7a monta espa\u00e7o para acolher dependentes qu\u00edmicos em situa\u00e7\u00e3o de rua","author":"","date":"Agosto 2, 2020","format":false,"excerpt":"A Casa Padre Pio ser\u00e1 mantida pela solidariedade de empres\u00e1rios, fi\u00e9is que por meio de doa\u00e7\u00f5es poder\u00e3o ajudar o projeto A Coordena\u00e7\u00e3o da Fazenda da Esperan\u00e7a S\u00e3o Bento em Sobral, abra\u00e7a um novo projeto de instala\u00e7\u00e3o da Casa Padre Pio na Serra da Meruoca, com a miss\u00e3o de acolher pessoas\u2026","rel":"","context":"In &quot;Atualidade&quot;","block_context":{"text":"Atualidade","link":"https:\/\/correiodasemana.com\/site\/category\/atualidade\/"},"img":{"alt_text":"","src":"https:\/\/i0.wp.com\/correiodasemana.com\/site\/wp-content\/uploads\/2020\/08\/unnamed.jpg?resize=350%2C200&ssl=1","width":350,"height":200},"classes":[]},{"id":18370,"url":"https:\/\/correiodasemana.com\/site\/fazenda-da-esperanca-sao-bento-celebra-13-anos-na-diocese-de-sobral\/","url_meta":{"origin":11483,"position":5},"title":"Fazenda da Esperan\u00e7a S\u00e3o Bento celebra 13 anos na Diocese de Sobral","author":"","date":"Dezembro 20, 2021","format":false,"excerpt":"No \u00faltimo dia 14 de dezembro, a Fazenda da Esperan\u00e7a S\u00e3o Bento, celebrou seus 13 anos de funda\u00e7\u00e3o na Diocese de Sobral. A celebra\u00e7\u00e3o contou com a presen\u00e7a do Bispo Diocesano Dom Jos\u00e9 Lu\u00eds Gomes de Vasconcelos presidindo e Pe. Jos\u00e9 Chitumba concelebrando. Na ocasi\u00e3o da festa, tamb\u00e9m foi ministrado\u2026","rel":"","context":"In &quot;Atualidade&quot;","block_context":{"text":"Atualidade","link":"https:\/\/correiodasemana.com\/site\/category\/atualidade\/"},"img":{"alt_text":"","src":"https:\/\/i0.wp.com\/correiodasemana.com\/site\/wp-content\/uploads\/2021\/12\/Crismandos-Fazenda-scaled.jpg?resize=350%2C200&ssl=1","width":350,"height":200,"srcset":"https:\/\/i0.wp.com\/correiodasemana.com\/site\/wp-content\/uploads\/2021\/12\/Crismandos-Fazenda-scaled.jpg?resize=350%2C200&ssl=1 1x, https:\/\/i0.wp.com\/correiodasemana.com\/site\/wp-content\/uploads\/2021\/12\/Crismandos-Fazenda-scaled.jpg?resize=525%2C300&ssl=1 1.5x, https:\/\/i0.wp.com\/correiodasemana.com\/site\/wp-content\/uploads\/2021\/12\/Crismandos-Fazenda-scaled.jpg?resize=700%2C400&ssl=1 2x, https:\/\/i0.wp.com\/correiodasemana.com\/site\/wp-content\/uploads\/2021\/12\/Crismandos-Fazenda-scaled.jpg?resize=1050%2C600&ssl=1 3x, https:\/\/i0.wp.com\/correiodasemana.com\/site\/wp-content\/uploads\/2021\/12\/Crismandos-Fazenda-scaled.jpg?resize=1400%2C800&ssl=1 4x"},"classes":[]}],"jetpack_sharing_enabled":true,"_links":{"self":[{"href":"https:\/\/correiodasemana.com\/site\/wp-json\/wp\/v2\/posts\/11483","targetHints":{"allow":["GET"]}}],"collection":[{"href":"https:\/\/correiodasemana.com\/site\/wp-json\/wp\/v2\/posts"}],"about":[{"href":"https:\/\/correiodasemana.com\/site\/wp-json\/wp\/v2\/types\/post"}],"author":[{"embeddable":true,"href":"https:\/\/correiodasemana.com\/site\/wp-json\/wp\/v2\/users\/1"}],"replies":[{"embeddable":true,"href":"https:\/\/correiodasemana.com\/site\/wp-json\/wp\/v2\/comments?post=11483"}],"version-history":[{"count":1,"href":"https:\/\/correiodasemana.com\/site\/wp-json\/wp\/v2\/posts\/11483\/revisions"}],"predecessor-version":[{"id":11487,"href":"https:\/\/correiodasemana.com\/site\/wp-json\/wp\/v2\/posts\/11483\/revisions\/11487"}],"wp:featuredmedia":[{"embeddable":true,"href":"https:\/\/correiodasemana.com\/site\/wp-json\/wp\/v2\/media\/11484"}],"wp:attachment":[{"href":"https:\/\/correiodasemana.com\/site\/wp-json\/wp\/v2\/media?parent=11483"}],"wp:term":[{"taxonomy":"category","embeddable":true,"href":"https:\/\/correiodasemana.com\/site\/wp-json\/wp\/v2\/categories?post=11483"},{"taxonomy":"post_tag","embeddable":true,"href":"https:\/\/correiodasemana.com\/site\/wp-json\/wp\/v2\/tags?post=11483"}],"curies":[{"name":"wp","href":"https:\/\/api.w.org\/{rel}","templated":true}]}}