{"id":11488,"date":"2020-05-30T17:01:36","date_gmt":"2020-05-30T17:01:36","guid":{"rendered":"https:\/\/correiodasemana.com\/site\/?p=11488"},"modified":"2020-05-30T17:01:36","modified_gmt":"2020-05-30T17:01:36","slug":"sobral-realiza-mais-testes-para-o-coronavirus","status":"publish","type":"post","link":"https:\/\/correiodasemana.com\/site\/sobral-realiza-mais-testes-para-o-coronavirus\/","title":{"rendered":"Sobral realiza mais testes para o coronav\u00edrus"},"content":{"rendered":"<p>A Secret\u00e1ria de Sa\u00fade atribui o crescimento dos n\u00fameros ao avan\u00e7o da pandemia e a maior aquisi\u00e7\u00e3o de testes nas \u00faltimas semanas em Sobral<\/p>\n<p>Por Correio da Semana<br \/>\nEm um dos pa\u00edses que menos realiza testes para Covid-19 como o Brasil, a cidade de Sobral supera quatro estados na realiza\u00e7\u00e3o de testes de coronav\u00edrus, como o estado de Alagoas, Tocantins, Mato Grosso do Sul e Roraima.<br \/>\nPara melhorar o acesso da popula\u00e7\u00e3o ao exame e reduzir o deslocamento de pessoas sintom\u00e1ticas, a Secretaria da Sa\u00fade de Sobral descentralizou a coleta de material para realiza\u00e7\u00e3o de testes r\u00e1pidos. Agora, todos os 37 Centros de Sa\u00fade da Fam\u00edlia (sede e distritos) est\u00e3o aptos a realizar a coleta em pacientes que apresentem sintomas da doen\u00e7a h\u00e1 pelo menos sete dias, dando prioridade, neste momento, a servidores que est\u00e3o da linha de frente do enfrentamento do coronav\u00edrus e familiares de pacientes que j\u00e1 testaram positivo.<\/p>\n<p>Avan\u00e7o do n\u00famero de casos positivos<br \/>\nDesde o dia 11 de maio, a curva da pandemia vem acelerando no munic\u00edpio de Sobral. De acordo com o boletim epidemiol\u00f3gico divulgado pela prefeitura, o munic\u00edpio soma mais de 2 mil casos confirmados e 63 mortes, com a maior parte dos casos concentrados na sede. A Secret\u00e1ria de Sa\u00fade atribui o crescimento dos n\u00fameros ao avan\u00e7o da pandemia e a maior aquisi\u00e7\u00e3o de testes nas \u00faltimas semanas. \u201cQuanto mais se testa mais resultados positivos n\u00f3s podemos ter\u201d, disse.<br \/>\nRegina Carvalho pontuou que os testes s\u00e3o feitos de acordo com o contato intradomiciliar do paciente que testou positivo. \u201cN\u00f3s chamamos essa pessoa para testar dentro do per\u00edodo adequado de testagens para o teste r\u00e1pido, que \u00e9 entre o oitavo e o d\u00e9cimo dia, ou a partir do oitavo dia. E dessa forma os contatos mais pr\u00f3ximos e que realmente foram confirmados, a gente vai aumentando o n\u00famero de casos\u201d, explica.<br \/>\nA Organiza\u00e7\u00e3o Mundial da Sa\u00fade (OMS), orienta o isolamento social em paralelo a testes em pacientes com sintomas de coronav\u00edrus para quebrar a cadeia de dissemina\u00e7\u00e3o da doen\u00e7a. \u201cA\u00a0forma mais eficaz de salvar vidas \u00e9 quebrar a cadeia de transmiss\u00e3o. E para fazer isso precisa testar e isolar. N\u00e3o\u00a0se\u00a0pode apagar a fogo cego. N\u00e3o conseguiremos parar a pandemia se n\u00e3o soubermos quem est\u00e1 infectado. Temos uma simples mensagem: testem, testem, testem. Todos os casos suspeitos. Se eles derem positivo, isolem\u201d,\u00a0declara o diretor geral da OMS, Tedros Adhanom, durante um pronunciamento.<\/p>\n","protected":false},"excerpt":{"rendered":"<p>A Secret\u00e1ria de Sa\u00fade atribui o crescimento dos n\u00fameros ao avan\u00e7o da pandemia e a&#8230;<\/p>\n","protected":false},"author":1,"featured_media":11489,"comment_status":"open","ping_status":"open","sticky":false,"template":"","format":"standard","meta":{"_jetpack_memberships_contains_paid_content":false,"footnotes":"","jetpack_publicize_message":"","jetpack_publicize_feature_enabled":true,"jetpack_social_post_already_shared":true,"jetpack_social_options":{"image_generator_settings":{"template":"highway","default_image_id":0,"font":"","enabled":false},"version":2}},"categories":[1],"tags":[],"class_list":["post-11488","post","type-post","status-publish","format-standard","has-post-thumbnail","hentry","category-atualidade"],"jetpack_publicize_connections":[],"jetpack_featured_media_url":"https:\/\/correiodasemana.com\/site\/wp-content\/uploads\/2020\/05\/WhatsApp-Image-2020-05-28-at-22.30.01.jpeg","jetpack-related-posts":[{"id":11966,"url":"https:\/\/correiodasemana.com\/site\/pesquisa-estima-que-256-mil-cearenses-tem-anticorpos-para-covid-19-em-sobral-e-em-iguatu\/","url_meta":{"origin":11488,"position":0},"title":"Pesquisa estima que 25,6 mil cearenses t\u00eam anticorpos para Covid-19 em Sobral e em Iguatu","author":"","date":"Julho 19, 2020","format":false,"excerpt":"As duas cidades conclu\u00edram primeira etapa da pesquisa de soropreval\u00eancia. Pesquisadores tamb\u00e9m fizeram busca ativa de pessoas contaminadas nos munic\u00edpios Enquanto Fortaleza inicia, nesta segunda-feira (13), a fase dois da pesquisa de soropreval\u00eancia na popula\u00e7\u00e3o, os munic\u00edpios de Sobral e Iguatu recebem os resultados da primeira fase do estudo. Ao\u2026","rel":"","context":"In &quot;Atualidade&quot;","block_context":{"text":"Atualidade","link":"https:\/\/correiodasemana.com\/site\/category\/atualidade\/"},"img":{"alt_text":"","src":"https:\/\/i0.wp.com\/correiodasemana.com\/site\/wp-content\/uploads\/2020\/07\/WhatsApp-Image-2020-07-16-at-15.58.11.jpeg?resize=350%2C200&ssl=1","width":350,"height":200,"srcset":"https:\/\/i0.wp.com\/correiodasemana.com\/site\/wp-content\/uploads\/2020\/07\/WhatsApp-Image-2020-07-16-at-15.58.11.jpeg?resize=350%2C200&ssl=1 1x, https:\/\/i0.wp.com\/correiodasemana.com\/site\/wp-content\/uploads\/2020\/07\/WhatsApp-Image-2020-07-16-at-15.58.11.jpeg?resize=525%2C300&ssl=1 1.5x, https:\/\/i0.wp.com\/correiodasemana.com\/site\/wp-content\/uploads\/2020\/07\/WhatsApp-Image-2020-07-16-at-15.58.11.jpeg?resize=700%2C400&ssl=1 2x, https:\/\/i0.wp.com\/correiodasemana.com\/site\/wp-content\/uploads\/2020\/07\/WhatsApp-Image-2020-07-16-at-15.58.11.jpeg?resize=1050%2C600&ssl=1 3x"},"classes":[]},{"id":11823,"url":"https:\/\/correiodasemana.com\/site\/sobral-e-iguatu-tem-256-mil-pessoas-com-anticorpos-para-a-covid-19-estima-pesquisa\/","url_meta":{"origin":11488,"position":1},"title":"Sobral e Iguatu t\u00eam 25,6 mil pessoas com anticorpos para a Covid-19, estima pesquisa","author":"","date":"Julho 14, 2020","format":false,"excerpt":"Somadas, as duas cidades concentram 57,3 mil pessoas em contato com o v\u00edrus, considerando-se as que t\u00eam a doen\u00e7a ativa e as que desenvolveram anticorpos, segundo estudo do Governo do Cear\u00e1 e do Instituto Opnus Um total de 25,6 mil pessoas nas cidades de Sobral e Iguatu j\u00e1 podem ter\u2026","rel":"","context":"In &quot;Atualidade&quot;","block_context":{"text":"Atualidade","link":"https:\/\/correiodasemana.com\/site\/category\/atualidade\/"},"img":{"alt_text":"","src":"https:\/\/i0.wp.com\/correiodasemana.com\/site\/wp-content\/uploads\/2020\/07\/coronavirus.jpg?resize=350%2C200&ssl=1","width":350,"height":200,"srcset":"https:\/\/i0.wp.com\/correiodasemana.com\/site\/wp-content\/uploads\/2020\/07\/coronavirus.jpg?resize=350%2C200&ssl=1 1x, https:\/\/i0.wp.com\/correiodasemana.com\/site\/wp-content\/uploads\/2020\/07\/coronavirus.jpg?resize=525%2C300&ssl=1 1.5x, https:\/\/i0.wp.com\/correiodasemana.com\/site\/wp-content\/uploads\/2020\/07\/coronavirus.jpg?resize=700%2C400&ssl=1 2x, https:\/\/i0.wp.com\/correiodasemana.com\/site\/wp-content\/uploads\/2020\/07\/coronavirus.jpg?resize=1050%2C600&ssl=1 3x, https:\/\/i0.wp.com\/correiodasemana.com\/site\/wp-content\/uploads\/2020\/07\/coronavirus.jpg?resize=1400%2C800&ssl=1 4x"},"classes":[]},{"id":11420,"url":"https:\/\/correiodasemana.com\/site\/secretaria-da-saude-de-sobral-explica-o-crescimento-dos-casos-positivos-de-coronavirus\/","url_meta":{"origin":11488,"position":2},"title":"Secret\u00e1ria da Sa\u00fade de Sobral explica o crescimento dos casos positivos de coronav\u00edrus","author":"","date":"Maio 19, 2020","format":false,"excerpt":"Frequentemente a Prefeitura Municipal de Sobral recebe questionamentos pela alta dos casos positivos de pessoas com coronav\u00edrus. Pensando nisso, a Secret\u00e1ria da Sa\u00fade, Regina Carvalho, esclareceu algumas quest\u00f5es. A Secret\u00e1ria de Sa\u00fade atribuiu o crescimento dos n\u00fameros ao avan\u00e7o da pandemia e tamb\u00e9m destacou a maior aquisi\u00e7\u00e3o de testes em\u2026","rel":"","context":"In &quot;Sa\u00fade&quot;","block_context":{"text":"Sa\u00fade","link":"https:\/\/correiodasemana.com\/site\/category\/saude\/"},"img":{"alt_text":"","src":"https:\/\/i0.wp.com\/correiodasemana.com\/site\/wp-content\/uploads\/2020\/05\/E5BAEF93-ACA6-43E8-B192-7EFA8A1B4F1B.jpeg?resize=350%2C200&ssl=1","width":350,"height":200,"srcset":"https:\/\/i0.wp.com\/correiodasemana.com\/site\/wp-content\/uploads\/2020\/05\/E5BAEF93-ACA6-43E8-B192-7EFA8A1B4F1B.jpeg?resize=350%2C200&ssl=1 1x, https:\/\/i0.wp.com\/correiodasemana.com\/site\/wp-content\/uploads\/2020\/05\/E5BAEF93-ACA6-43E8-B192-7EFA8A1B4F1B.jpeg?resize=525%2C300&ssl=1 1.5x"},"classes":[]},{"id":14533,"url":"https:\/\/correiodasemana.com\/site\/ceara-realiza-mais-de-um-milhao-de-testes-para-covid-19-em-oito-meses-de-pandemia\/","url_meta":{"origin":11488,"position":3},"title":"Cear\u00e1 realiza mais de um milh\u00e3o de testes para Covid-19 em oito meses de pandemia","author":"","date":"Novembro 16, 2020","format":false,"excerpt":"\u2022 Estado do Cear\u00e1 j\u00e1 testou mais de um milh\u00e3o de pessoas para o novo coronav\u00edrus. Foto: Reprodu\u00e7\u00e3o. O Cear\u00e1 atingiu a marca de mais de um milh\u00e3o de testes realizados para Covid-19 em oito meses de pandemia. As unidades administradas pela Secretaria da Sa\u00fade do Estado (Sesa) lideram a\u2026","rel":"","context":"In &quot;Atualidade&quot;","block_context":{"text":"Atualidade","link":"https:\/\/correiodasemana.com\/site\/category\/atualidade\/"},"img":{"alt_text":"","src":"https:\/\/i0.wp.com\/correiodasemana.com\/site\/wp-content\/uploads\/2020\/11\/teste.coronavirus-1.jpg?resize=350%2C200&ssl=1","width":350,"height":200,"srcset":"https:\/\/i0.wp.com\/correiodasemana.com\/site\/wp-content\/uploads\/2020\/11\/teste.coronavirus-1.jpg?resize=350%2C200&ssl=1 1x, https:\/\/i0.wp.com\/correiodasemana.com\/site\/wp-content\/uploads\/2020\/11\/teste.coronavirus-1.jpg?resize=525%2C300&ssl=1 1.5x, https:\/\/i0.wp.com\/correiodasemana.com\/site\/wp-content\/uploads\/2020\/11\/teste.coronavirus-1.jpg?resize=700%2C400&ssl=1 2x"},"classes":[]},{"id":11385,"url":"https:\/\/correiodasemana.com\/site\/numero-de-casos-de-coronavirus-cresce-em-sobral-2\/","url_meta":{"origin":11488,"position":4},"title":"N\u00famero de casos de coronav\u00edrus cresce em Sobral","author":"","date":"Maio 18, 2020","format":false,"excerpt":"A curva da epidemia acelerou na \u00faltima semana. De acordo com o boletim epidemiol\u00f3gico divulgado no \u00faltimo domingo (17) atrav\u00e9s da Secretaria da Sa\u00fade de Sobral,\u00a0o munic\u00edpio soma 940 casos confirmados e 26 mortes. A maioria dos casos se concentra na sede, com 821 positivos. At\u00e9 domingo (10) \u00a0o munic\u00edpio\u2026","rel":"","context":"In &quot;Atualidade&quot;","block_context":{"text":"Atualidade","link":"https:\/\/correiodasemana.com\/site\/category\/atualidade\/"},"img":{"alt_text":"","src":"https:\/\/i0.wp.com\/correiodasemana.com\/site\/wp-content\/uploads\/2020\/05\/B319D7CC-1C2C-422D-B398-DA8ED43417DF.jpeg?resize=350%2C200&ssl=1","width":350,"height":200,"srcset":"https:\/\/i0.wp.com\/correiodasemana.com\/site\/wp-content\/uploads\/2020\/05\/B319D7CC-1C2C-422D-B398-DA8ED43417DF.jpeg?resize=350%2C200&ssl=1 1x, https:\/\/i0.wp.com\/correiodasemana.com\/site\/wp-content\/uploads\/2020\/05\/B319D7CC-1C2C-422D-B398-DA8ED43417DF.jpeg?resize=525%2C300&ssl=1 1.5x, https:\/\/i0.wp.com\/correiodasemana.com\/site\/wp-content\/uploads\/2020\/05\/B319D7CC-1C2C-422D-B398-DA8ED43417DF.jpeg?resize=700%2C400&ssl=1 2x"},"classes":[]},{"id":18593,"url":"https:\/\/correiodasemana.com\/site\/politica-em-evidencia-92\/","url_meta":{"origin":11488,"position":5},"title":"Pol\u00edtica em Evid\u00eancia","author":"","date":"Janeiro 16, 2022","format":false,"excerpt":"Grande abra\u00e7o aos amigos que nos acompanham aqui na coluna Pol\u00edtica em Evid\u00eancia ao logo dos anos, e vamos desse j\u00e1 agradecendo o seu carinho para conosco,\u00a0 desejando a todos que com a prote\u00e7\u00e3o de Deus, tenhamos um excelente 2022, repleto de sa\u00fade, paz\u00a0 e realiza\u00e7\u00f5es.l mil. O prefeito\u00a0 de\u2026","rel":"","context":"In &quot;Artigos&quot;","block_context":{"text":"Artigos","link":"https:\/\/correiodasemana.com\/site\/category\/artigos\/"},"img":{"alt_text":"","src":"","width":0,"height":0},"classes":[]}],"jetpack_sharing_enabled":true,"_links":{"self":[{"href":"https:\/\/correiodasemana.com\/site\/wp-json\/wp\/v2\/posts\/11488","targetHints":{"allow":["GET"]}}],"collection":[{"href":"https:\/\/correiodasemana.com\/site\/wp-json\/wp\/v2\/posts"}],"about":[{"href":"https:\/\/correiodasemana.com\/site\/wp-json\/wp\/v2\/types\/post"}],"author":[{"embeddable":true,"href":"https:\/\/correiodasemana.com\/site\/wp-json\/wp\/v2\/users\/1"}],"replies":[{"embeddable":true,"href":"https:\/\/correiodasemana.com\/site\/wp-json\/wp\/v2\/comments?post=11488"}],"version-history":[{"count":1,"href":"https:\/\/correiodasemana.com\/site\/wp-json\/wp\/v2\/posts\/11488\/revisions"}],"predecessor-version":[{"id":11490,"href":"https:\/\/correiodasemana.com\/site\/wp-json\/wp\/v2\/posts\/11488\/revisions\/11490"}],"wp:featuredmedia":[{"embeddable":true,"href":"https:\/\/correiodasemana.com\/site\/wp-json\/wp\/v2\/media\/11489"}],"wp:attachment":[{"href":"https:\/\/correiodasemana.com\/site\/wp-json\/wp\/v2\/media?parent=11488"}],"wp:term":[{"taxonomy":"category","embeddable":true,"href":"https:\/\/correiodasemana.com\/site\/wp-json\/wp\/v2\/categories?post=11488"},{"taxonomy":"post_tag","embeddable":true,"href":"https:\/\/correiodasemana.com\/site\/wp-json\/wp\/v2\/tags?post=11488"}],"curies":[{"name":"wp","href":"https:\/\/api.w.org\/{rel}","templated":true}]}}