{"id":11491,"date":"2020-05-30T17:03:32","date_gmt":"2020-05-30T17:03:32","guid":{"rendered":"https:\/\/correiodasemana.com\/site\/?p=11491"},"modified":"2020-05-30T17:03:32","modified_gmt":"2020-05-30T17:03:32","slug":"santa-casa-de-sobral-celebra-95-anos","status":"publish","type":"post","link":"https:\/\/correiodasemana.com\/site\/santa-casa-de-sobral-celebra-95-anos\/","title":{"rendered":"Santa Casa de Sobral celebra 95 anos"},"content":{"rendered":"<p>A Santa Casa de Miseric\u00f3rdia de Sobral (SCMS) foi inaugurada em 24 de maio de 1925, sendo hoje refer\u00eancia em sa\u00fade para a regi\u00e3o Norte do Cear\u00e1. Mesmo diante da pandemia causada pelo novo coronav\u00edrus, n\u00e3o poderia deixar de festejar os 95 anos de funda\u00e7\u00e3o.<br \/>\nPara homenagear a institui\u00e7\u00e3o, os professores Marco Toledo e Adeline Stervinou, do curso de m\u00fasica da UFC, realizaram no dia 25 uma apresenta\u00e7\u00e3o musical na Capela do hospital, seguindo todas as recomenda\u00e7\u00f5es de distanciamento orientadas pelo Minist\u00e9rio da Sa\u00fade.<\/p>\n<p><strong>PGJ do Cear\u00e1 prorroga teletrabalho<\/strong><br \/>\nO procurador-geral de Justi\u00e7a, Manuel Pinheiro Freitas, assinou no dia 26 de maio o Ato Normativo n\u00ba 108\/2020 que estabelece medidas tempor\u00e1rias de preven\u00e7\u00e3o ao cont\u00e1gio pelo Coronav\u00edrus no \u00e2mbito do Minist\u00e9rio P\u00fablico do Estado do Cear\u00e1 (MPCE).<br \/>\nO novo documento prorroga a suspens\u00e3o, em car\u00e1ter excepcional, do expediente presencial e do atendimento ao p\u00fablico em todos os \u00f3rg\u00e3os de execu\u00e7\u00e3o do MP, at\u00e9 14 de junho, permanecendo os membros, servidores e estagi\u00e1rios em regime de teletrabalho.<\/p>\n<p><strong>Campanha solid\u00e1ria\u00a0Sintonia do Bem<\/strong><br \/>\n<strong>Foto: Divulga\u00e7\u00e3o <\/strong><br \/>\n<strong>Durante a live o p\u00fablico contribuiu com doa\u00e7\u00f5es para o\u00a0Mesa Brasil<\/strong><br \/>\nO p\u00fablico conferiu, na noite de 21 de maio, toda a mistura do soul, black music, samba, hip-hop, reggae e pop rock da banda Preto no Branco. A live foi transmitida no\u00a0Youtube\u00a0oficial do grupo, a partir das 20h, na\u00a0terceira edi\u00e7\u00e3o da campanha Sintonia do Bem<br \/>\nA campanha idealizada pelo Sistema Fecom\u00e9rcio-CE, atrav\u00e9s do Sesc, promove uma s\u00e9rie de lives com grandes artistas da m\u00fasica brasileira, com o objetivo de ajudar o Mesa Brasil, programa nacional que arrecada alimentos onde sobra e leva para onde falta.<\/p>\n<p><strong>Aprovado mestrado em Filosofia da Uece<\/strong><br \/>\nA Coordena\u00e7\u00e3o de Aperfei\u00e7oamento de Pessoal de N\u00edvel Superior (Capes) divulgou, no dia 21 de maio, a aprova\u00e7\u00e3o do Mestrado Acad\u00eamico em Filosofia (CMAF) da Universidade Estadual do Cear\u00e1 (Uece), com duas linhas de pesquisa: \u00c9tica, Filosofia social e pol\u00edtica.<br \/>\nO curso de Mestrado representa mais uma conquista para a institui\u00e7\u00e3o e tem como objetivo principal formar docentes e pesquisadores\u00a0como mestres, aptos a exercitar o magist\u00e9rio superior em Filosofia e a desenvolver pesquisas acad\u00eamicas nessa \u00e1rea de conhecimento.<\/p>\n<p><strong>Inscri\u00e7\u00f5es do Pr\u00eamio Educador Nota 10<\/strong><br \/>\nProfessores e gestores da Educa\u00e7\u00e3o Infantil ao Ensino M\u00e9dio de escolas p\u00fablicas e privadas podem realizar, at\u00e9 31 de maio, a inscri\u00e7\u00e3o\u00a0\u00a0no Pr\u00eamio Educador Nota 10.\u00a0A iniciativa \u00e9 da Funda\u00e7\u00e3o Victor Civita, em parceria com Abril, Globo e Funda\u00e7\u00e3o Roberto Marinho.<br \/>\nInteressados devem preencher ficha de inscri\u00e7\u00e3o com todos os dados para identifica\u00e7\u00e3o e submeter o projeto no site http:\/\/www.premioeducadornota10.org. Desde 2018, o Pr\u00eamio Educador Nota 10 \u00e9 associado ao Global Teacher Prize, pr\u00eamio global de Educa\u00e7\u00e3o.<\/p>\n<p><strong>Dica da Coluna<\/strong><br \/>\nLeia o Blog do Edilson (www.blogdoedilson.com.br). Cultura, educa\u00e7\u00e3o, pol\u00edtica e utilidade p\u00fablica.<\/p>\n","protected":false},"excerpt":{"rendered":"<p>A Santa Casa de Miseric\u00f3rdia de Sobral (SCMS) foi inaugurada em 24 de maio de&#8230;<\/p>\n","protected":false},"author":1,"featured_media":11492,"comment_status":"open","ping_status":"open","sticky":false,"template":"","format":"standard","meta":{"_jetpack_memberships_contains_paid_content":false,"footnotes":"","jetpack_publicize_message":"","jetpack_publicize_feature_enabled":true,"jetpack_social_post_already_shared":true,"jetpack_social_options":{"image_generator_settings":{"template":"highway","default_image_id":0,"font":"","enabled":false},"version":2}},"categories":[11,36],"tags":[],"class_list":["post-11491","post","type-post","status-publish","format-standard","has-post-thumbnail","hentry","category-artigos","category-em-tempo"],"jetpack_publicize_connections":[],"jetpack_featured_media_url":"https:\/\/correiodasemana.com\/site\/wp-content\/uploads\/2020\/05\/Preto-no-Branco-1024x566-1.jpg","jetpack-related-posts":[{"id":11478,"url":"https:\/\/correiodasemana.com\/site\/santa-casa-de-misericordia-de-sobral-95-anos-de-historia-cuidado-e-amor\/","url_meta":{"origin":11491,"position":0},"title":"Santa Casa de Miseric\u00f3rdia de Sobral: 95 anos de hist\u00f3ria, cuidado e amor","author":"","date":"Maio 30, 2020","format":false,"excerpt":"\u201cA conviv\u00eancia quase di\u00e1ria com os doentes, que por dever do meu minist\u00e9rio sacerdotal devia visitar e socorrer, fez-me conhecer de perto a extrema pen\u00faria e o doloroso desconforto desses pobrezinhos quando a enfermidade lhes batia \u00e0 porta. E pensava muitas vezes \u00a0que Sobral j\u00e1 exigia um hospital \u201d, escreveu\u2026","rel":"","context":"In &quot;Santa Casa&quot;","block_context":{"text":"Santa Casa","link":"https:\/\/correiodasemana.com\/site\/category\/santa-casa\/"},"img":{"alt_text":"","src":"https:\/\/i0.wp.com\/correiodasemana.com\/site\/wp-content\/uploads\/2020\/05\/Dr.-Henrique-Gurgel-e-residentes-1.jpg?resize=350%2C200&ssl=1","width":350,"height":200,"srcset":"https:\/\/i0.wp.com\/correiodasemana.com\/site\/wp-content\/uploads\/2020\/05\/Dr.-Henrique-Gurgel-e-residentes-1.jpg?resize=350%2C200&ssl=1 1x, https:\/\/i0.wp.com\/correiodasemana.com\/site\/wp-content\/uploads\/2020\/05\/Dr.-Henrique-Gurgel-e-residentes-1.jpg?resize=525%2C300&ssl=1 1.5x"},"classes":[]},{"id":11276,"url":"https:\/\/correiodasemana.com\/site\/governador-decreta-fechamento-de-estabelecimentos-comerciais-e-bloqueio-de-divisas-no-ceara\/","url_meta":{"origin":11491,"position":1},"title":"Governador decreta fechamento de estabelecimentos comerciais e bloqueio de divisas no Cear\u00e1","author":"","date":"Mar\u00e7o 24, 2020","format":false,"excerpt":"O governador Camilo Santana publicou decreto que define o\u00a0fechamento, a partir desta sexta-feira (20), de bares, igrejas, restaurantes, barracas de praia, shoppings, cinemas, lanchonetes e demais estabelecimentos comerciais n\u00e3o essenciais no Cear\u00e1 por 10 dias - at\u00e9 o pr\u00f3ximo dia 29. Al\u00e9m disso, ser\u00e1 interrompido o transporte intermunicipal no Estado,\u2026","rel":"","context":"In &quot;Atualidade&quot;","block_context":{"text":"Atualidade","link":"https:\/\/correiodasemana.com\/site\/category\/atualidade\/"},"img":{"alt_text":"","src":"https:\/\/i0.wp.com\/correiodasemana.com\/site\/wp-content\/uploads\/2020\/03\/governad.png?resize=350%2C200&ssl=1","width":350,"height":200,"srcset":"https:\/\/i0.wp.com\/correiodasemana.com\/site\/wp-content\/uploads\/2020\/03\/governad.png?resize=350%2C200&ssl=1 1x, https:\/\/i0.wp.com\/correiodasemana.com\/site\/wp-content\/uploads\/2020\/03\/governad.png?resize=525%2C300&ssl=1 1.5x, https:\/\/i0.wp.com\/correiodasemana.com\/site\/wp-content\/uploads\/2020\/03\/governad.png?resize=700%2C400&ssl=1 2x, https:\/\/i0.wp.com\/correiodasemana.com\/site\/wp-content\/uploads\/2020\/03\/governad.png?resize=1050%2C600&ssl=1 3x, https:\/\/i0.wp.com\/correiodasemana.com\/site\/wp-content\/uploads\/2020\/03\/governad.png?resize=1400%2C800&ssl=1 4x"},"classes":[]},{"id":14504,"url":"https:\/\/correiodasemana.com\/site\/sobral-suspende-aulas-presenciais-ate-2021-na-rede-publica-e-privada\/","url_meta":{"origin":11491,"position":2},"title":"Sobral suspende aulas presenciais at\u00e9 2021 na rede p\u00fablica e privada","author":"","date":"Novembro 12, 2020","format":false,"excerpt":"Por Joc\u00e9lio Tavares. O retorno para as atividades letivas presenciais demandar\u00e1 mais tempo de espera aos alunos do munic\u00edpio de Sobral, localizado na Regi\u00e3o Norte do Estado. A decis\u00e3o publicada no Di\u00e1rio Oficial do Munic\u00edpio (DOM), no final de outubro, prorroga a suspens\u00e3o das aulas presenciais da rede p\u00fablica e\u2026","rel":"","context":"In &quot;Atualidade&quot;","block_context":{"text":"Atualidade","link":"https:\/\/correiodasemana.com\/site\/category\/atualidade\/"},"img":{"alt_text":"","src":"https:\/\/i0.wp.com\/correiodasemana.com\/site\/wp-content\/uploads\/2020\/11\/image.jpg?resize=350%2C200&ssl=1","width":350,"height":200,"srcset":"https:\/\/i0.wp.com\/correiodasemana.com\/site\/wp-content\/uploads\/2020\/11\/image.jpg?resize=350%2C200&ssl=1 1x, https:\/\/i0.wp.com\/correiodasemana.com\/site\/wp-content\/uploads\/2020\/11\/image.jpg?resize=525%2C300&ssl=1 1.5x, https:\/\/i0.wp.com\/correiodasemana.com\/site\/wp-content\/uploads\/2020\/11\/image.jpg?resize=700%2C400&ssl=1 2x"},"classes":[]},{"id":15721,"url":"https:\/\/correiodasemana.com\/site\/prefeitura-de-sobral-publica-decreto-com-medidas-especiais-para-o-periodo-de-carnaval\/","url_meta":{"origin":11491,"position":3},"title":"Prefeitura de Sobral publica decreto com medidas especiais para o per\u00edodo de Carnaval","author":"","date":"Fevereiro 16, 2021","format":false,"excerpt":"Por Samuel Carvalho - Reda\u00e7\u00e3o Correio da Semana Foram publicadas no Di\u00e1rio Oficial do Munic\u00edpio de Sobral as disposi\u00e7\u00f5es especiais para o per\u00edodo de Carnaval, decretos municipais que restringem as aglomera\u00e7\u00f5es e eventuais festas de carnaval como medida de combate ao avan\u00e7o do coronav\u00edrus. As determina\u00e7\u00f5es foram oficializadas no dia\u2026","rel":"","context":"In &quot;Atualidade&quot;","block_context":{"text":"Atualidade","link":"https:\/\/correiodasemana.com\/site\/category\/atualidade\/"},"img":{"alt_text":"","src":"https:\/\/i0.wp.com\/correiodasemana.com\/site\/wp-content\/uploads\/2021\/02\/prefeotura-de-sobral.jpg?resize=350%2C200&ssl=1","width":350,"height":200,"srcset":"https:\/\/i0.wp.com\/correiodasemana.com\/site\/wp-content\/uploads\/2021\/02\/prefeotura-de-sobral.jpg?resize=350%2C200&ssl=1 1x, https:\/\/i0.wp.com\/correiodasemana.com\/site\/wp-content\/uploads\/2021\/02\/prefeotura-de-sobral.jpg?resize=525%2C300&ssl=1 1.5x, https:\/\/i0.wp.com\/correiodasemana.com\/site\/wp-content\/uploads\/2021\/02\/prefeotura-de-sobral.jpg?resize=700%2C400&ssl=1 2x, https:\/\/i0.wp.com\/correiodasemana.com\/site\/wp-content\/uploads\/2021\/02\/prefeotura-de-sobral.jpg?resize=1050%2C600&ssl=1 3x"},"classes":[]},{"id":14863,"url":"https:\/\/correiodasemana.com\/site\/sus-merece-mais-em-2021\/","url_meta":{"origin":11491,"position":4},"title":"SUS merece mais em 2021","author":"","date":"Dezembro 1, 2020","format":false,"excerpt":"Francisco Funcia*,\u00a0Bruno Moretti** e\u00a0\u00a0Carlos Ock\u00e9** Este artigo, cujo t\u00edtulo \u00e9 o lema da campanha nacional do Conselho Nacional de Sa\u00fade (CNS), busca avaliar o risco que se encontra o financiamento do\u00a0SUS\u00a0em 2021, no contexto da retomada da pol\u00edtica de austeridade fiscal e do recrudescimento dos casos de\u00a0covid-19 no Brasil e\u2026","rel":"","context":"In &quot;Atualidade&quot;","block_context":{"text":"Atualidade","link":"https:\/\/correiodasemana.com\/site\/category\/atualidade\/"},"img":{"alt_text":"","src":"https:\/\/i0.wp.com\/correiodasemana.com\/site\/wp-content\/uploads\/2020\/12\/defenda-o-sus-750x430-1.jpg?resize=350%2C200&ssl=1","width":350,"height":200,"srcset":"https:\/\/i0.wp.com\/correiodasemana.com\/site\/wp-content\/uploads\/2020\/12\/defenda-o-sus-750x430-1.jpg?resize=350%2C200&ssl=1 1x, https:\/\/i0.wp.com\/correiodasemana.com\/site\/wp-content\/uploads\/2020\/12\/defenda-o-sus-750x430-1.jpg?resize=525%2C300&ssl=1 1.5x, https:\/\/i0.wp.com\/correiodasemana.com\/site\/wp-content\/uploads\/2020\/12\/defenda-o-sus-750x430-1.jpg?resize=700%2C400&ssl=1 2x"},"classes":[]},{"id":11306,"url":"https:\/\/correiodasemana.com\/site\/hemocentro-adota-medidas-de-prevencao-ao-covid-19-e-convida-populacao-a-doar-sangue\/","url_meta":{"origin":11491,"position":5},"title":"Hemocentro adota medidas de preven\u00e7\u00e3o ao Covid-19 e convida popula\u00e7\u00e3o a doar sangue","author":"","date":"Mar\u00e7o 24, 2020","format":false,"excerpt":"O Centro de Hematologia e Hemoterapia do Cear\u00e1 (Hemoce), do Governo do Estado, apresenta nesta quarta-feira, 18, a partir das 10h, a nova campanha para doa\u00e7\u00e3o de sangue. Al\u00e9m de refor\u00e7ar a import\u00e2ncia de a popula\u00e7\u00e3o continuar doando, o Hemoce divulga medidas de preven\u00e7\u00e3o em todas as unidades para combater\u2026","rel":"","context":"In &quot;Atualidade&quot;","block_context":{"text":"Atualidade","link":"https:\/\/correiodasemana.com\/site\/category\/atualidade\/"},"img":{"alt_text":"","src":"https:\/\/i0.wp.com\/correiodasemana.com\/site\/wp-content\/uploads\/2020\/01\/hemoce-doa%C3%A7%C3%A3o-5-scaled.jpg?resize=350%2C200&ssl=1","width":350,"height":200,"srcset":"https:\/\/i0.wp.com\/correiodasemana.com\/site\/wp-content\/uploads\/2020\/01\/hemoce-doa%C3%A7%C3%A3o-5-scaled.jpg?resize=350%2C200&ssl=1 1x, https:\/\/i0.wp.com\/correiodasemana.com\/site\/wp-content\/uploads\/2020\/01\/hemoce-doa%C3%A7%C3%A3o-5-scaled.jpg?resize=525%2C300&ssl=1 1.5x, https:\/\/i0.wp.com\/correiodasemana.com\/site\/wp-content\/uploads\/2020\/01\/hemoce-doa%C3%A7%C3%A3o-5-scaled.jpg?resize=700%2C400&ssl=1 2x, https:\/\/i0.wp.com\/correiodasemana.com\/site\/wp-content\/uploads\/2020\/01\/hemoce-doa%C3%A7%C3%A3o-5-scaled.jpg?resize=1050%2C600&ssl=1 3x, https:\/\/i0.wp.com\/correiodasemana.com\/site\/wp-content\/uploads\/2020\/01\/hemoce-doa%C3%A7%C3%A3o-5-scaled.jpg?resize=1400%2C800&ssl=1 4x"},"classes":[]}],"jetpack_sharing_enabled":true,"_links":{"self":[{"href":"https:\/\/correiodasemana.com\/site\/wp-json\/wp\/v2\/posts\/11491","targetHints":{"allow":["GET"]}}],"collection":[{"href":"https:\/\/correiodasemana.com\/site\/wp-json\/wp\/v2\/posts"}],"about":[{"href":"https:\/\/correiodasemana.com\/site\/wp-json\/wp\/v2\/types\/post"}],"author":[{"embeddable":true,"href":"https:\/\/correiodasemana.com\/site\/wp-json\/wp\/v2\/users\/1"}],"replies":[{"embeddable":true,"href":"https:\/\/correiodasemana.com\/site\/wp-json\/wp\/v2\/comments?post=11491"}],"version-history":[{"count":1,"href":"https:\/\/correiodasemana.com\/site\/wp-json\/wp\/v2\/posts\/11491\/revisions"}],"predecessor-version":[{"id":11493,"href":"https:\/\/correiodasemana.com\/site\/wp-json\/wp\/v2\/posts\/11491\/revisions\/11493"}],"wp:featuredmedia":[{"embeddable":true,"href":"https:\/\/correiodasemana.com\/site\/wp-json\/wp\/v2\/media\/11492"}],"wp:attachment":[{"href":"https:\/\/correiodasemana.com\/site\/wp-json\/wp\/v2\/media?parent=11491"}],"wp:term":[{"taxonomy":"category","embeddable":true,"href":"https:\/\/correiodasemana.com\/site\/wp-json\/wp\/v2\/categories?post=11491"},{"taxonomy":"post_tag","embeddable":true,"href":"https:\/\/correiodasemana.com\/site\/wp-json\/wp\/v2\/tags?post=11491"}],"curies":[{"name":"wp","href":"https:\/\/api.w.org\/{rel}","templated":true}]}}