{"id":11496,"date":"2020-05-30T17:17:31","date_gmt":"2020-05-30T17:17:31","guid":{"rendered":"https:\/\/correiodasemana.com\/site\/?p=11496"},"modified":"2020-05-30T17:26:26","modified_gmt":"2020-05-30T17:26:26","slug":"camilo-santana-anuncia-plano-gradual-da-reabertura-do-comercio-lojas-de-construcao-e-saloes-de-beleza-reabrem-na-segunda","status":"publish","type":"post","link":"https:\/\/correiodasemana.com\/site\/camilo-santana-anuncia-plano-gradual-da-reabertura-do-comercio-lojas-de-construcao-e-saloes-de-beleza-reabrem-na-segunda\/","title":{"rendered":"Camilo Santana anuncia plano gradual da reabertura do com\u00e9rcio; Lojas de constru\u00e7\u00e3o e sal\u00f5es de beleza reabrem na segunda"},"content":{"rendered":"<p><strong>Entretanto, o Governador do estado renovou o decreto de isolamento social, com exce\u00e7\u00e3o das atividades comerciais autorizadas respeitando os percentuais estabelecidos e as normas sanit\u00e1rias<\/strong><\/p>\n<p>Correio da Semana<br \/>\nO Governador do Cear\u00e1, Camilo Santana (PT) anunciou nesta quinta-feira (28), um plano de reabertura da economia que ser\u00e1 dividido em quatro fases de forma gradual e respons\u00e1vel a partir de segunda-feira (01). Entretanto, o Governador do estado renovou o decreto de isolamento social, com exce\u00e7\u00e3o das atividades comerciais autorizadas respeitando os percentuais estabelecidos e as normas sanit\u00e1rias.<br \/>\nSegundo o Governador, o estado apresenta uma tend\u00eancia de estabiliza\u00e7\u00e3o dos casos, sobretudo na capital. Ele ainda destaca que os pr\u00f3ximos sete dias ser\u00e3o cruciais para a avalia\u00e7\u00e3o do seguimento das pr\u00f3ximas fases. \u201cSer\u00e1 necess\u00e1rio que cada setor que retome sua atividade, siga os protocolos sanit\u00e1rios estabelecidos, para ajudar nessa redu\u00e7\u00e3o dos n\u00fameros. O \u00eaxito desse plano vai depender de cada um dos cearenses. Vidas sempre estar\u00e3o em primeiro lugar\u201d, disse Camilo.<br \/>\nAl\u00e9m da retomada do setor de higiene e beleza, ser\u00e1 liberada a opera\u00e7\u00e3o de 100% da cadeia de sa\u00fade, incluindo consult\u00f3rios m\u00e9dicos e odontol\u00f3gicos. Retoma tamb\u00e9m 31% da cadeia da constru\u00e7\u00e3o civil, com 100 oper\u00e1rios por obra e 30% de efetivo no setor produtivo.<br \/>\nTamb\u00e9m retoma as atividades (com percentuais de libera\u00e7\u00e3o) os seguintes setores: Ind\u00fastria Qu\u00edmica e Correlatos; Artigos de Couros e Cal\u00e7ados; Saneamento e Reciclagem; Ind\u00fastria Metalmec\u00e2nica e Afins; Ind\u00fastria e Servi\u00e7os de Apoio; Energia; T\u00eaxteis e Roupas; Artigos do Lar; Comunica\u00e7\u00e3o, Publicidade e Editora\u00e7\u00e3o; Agropecu\u00e1ria; M\u00f3veis e Madeira; Tecnologia da Informa\u00e7\u00e3o; Log\u00edstica e Transporte; Automotiva; e Esporte, Cultura e Lazer.<br \/>\nCamilo Santana ressaltou ainda que, a abertura das escolas est\u00e1 prevista apenas na \u00faltima fase. \u201cVai ser no m\u00eas de julho, e isso a partir de uma avalia\u00e7\u00e3o de cada etapa que ser\u00e1 implementada\u201d, pontuou.<\/p>\n","protected":false},"excerpt":{"rendered":"<p>Entretanto, o Governador do estado renovou o decreto de isolamento social, com exce\u00e7\u00e3o das atividades&#8230;<\/p>\n","protected":false},"author":1,"featured_media":11497,"comment_status":"open","ping_status":"open","sticky":false,"template":"","format":"standard","meta":{"_jetpack_memberships_contains_paid_content":false,"footnotes":"","jetpack_publicize_message":"","jetpack_publicize_feature_enabled":true,"jetpack_social_post_already_shared":true,"jetpack_social_options":{"image_generator_settings":{"template":"highway","default_image_id":0,"font":"","enabled":false},"version":2}},"categories":[1],"tags":[],"class_list":["post-11496","post","type-post","status-publish","format-standard","has-post-thumbnail","hentry","category-atualidade"],"jetpack_publicize_connections":[],"jetpack_featured_media_url":"https:\/\/correiodasemana.com\/site\/wp-content\/uploads\/2020\/05\/Camilo-Santana.jpg","jetpack-related-posts":[{"id":16313,"url":"https:\/\/correiodasemana.com\/site\/sobral-iniciou-reabertura-gradual-do-comercio-e-dos-transportes-essa-semana-saiba-o-que-voltou-a-funcionar\/","url_meta":{"origin":11496,"position":0},"title":"Sobral iniciou reabertura gradual do com\u00e9rcio e dos transportes essa semana; Saiba o que voltou a funcionar","author":"","date":"Maio 2, 2021","format":false,"excerpt":"Por Samuel Carvalho - Reda\u00e7\u00e3o Correio da Semana Sobral seguiu em isolamento r\u00edgido mesmo ap\u00f3s o in\u00edcio do decreto de flexibiliza\u00e7\u00e3o estadual que come\u00e7ou no dia 12 de Abril. Para os sobralenses o lockdown continuou at\u00e9 dia 21 de abril com a libera\u00e7\u00e3o das atividades econ\u00f4micas de menor impacto de\u2026","rel":"","context":"In &quot;Atualidade&quot;","block_context":{"text":"Atualidade","link":"https:\/\/correiodasemana.com\/site\/category\/atualidade\/"},"img":{"alt_text":"","src":"https:\/\/i0.wp.com\/correiodasemana.com\/site\/wp-content\/uploads\/2021\/05\/DSC0586.jpg?resize=350%2C200&ssl=1","width":350,"height":200,"srcset":"https:\/\/i0.wp.com\/correiodasemana.com\/site\/wp-content\/uploads\/2021\/05\/DSC0586.jpg?resize=350%2C200&ssl=1 1x, https:\/\/i0.wp.com\/correiodasemana.com\/site\/wp-content\/uploads\/2021\/05\/DSC0586.jpg?resize=525%2C300&ssl=1 1.5x"},"classes":[]},{"id":11986,"url":"https:\/\/correiodasemana.com\/site\/maioria-dos-estados-avanca-nos-planos-de-retomada-economica\/","url_meta":{"origin":11496,"position":1},"title":"Maioria dos estados avan\u00e7a nos planos de retomada econ\u00f4mica","author":"","date":"Julho 20, 2020","format":false,"excerpt":"Restri\u00e7\u00e3o varia conforme casos da doen\u00e7a e leitos de UTI dispon\u00edveis H\u00e1 cerca de quatro meses, desde que a pandemia do novo coronav\u00edrus imp\u00f4s o isolamento social, para tentar conter o avan\u00e7o do n\u00famero de\u00a0casos e mortes por covid-19, os governos dos 26 estados brasileiros e do Distrito Federal criaram\u2026","rel":"","context":"In &quot;Atualidade&quot;","block_context":{"text":"Atualidade","link":"https:\/\/correiodasemana.com\/site\/category\/atualidade\/"},"img":{"alt_text":"","src":"https:\/\/i0.wp.com\/correiodasemana.com\/site\/wp-content\/uploads\/2020\/07\/16_07_2020_movimentacao_sp-3.jpg?resize=350%2C200&ssl=1","width":350,"height":200,"srcset":"https:\/\/i0.wp.com\/correiodasemana.com\/site\/wp-content\/uploads\/2020\/07\/16_07_2020_movimentacao_sp-3.jpg?resize=350%2C200&ssl=1 1x, https:\/\/i0.wp.com\/correiodasemana.com\/site\/wp-content\/uploads\/2020\/07\/16_07_2020_movimentacao_sp-3.jpg?resize=525%2C300&ssl=1 1.5x, https:\/\/i0.wp.com\/correiodasemana.com\/site\/wp-content\/uploads\/2020\/07\/16_07_2020_movimentacao_sp-3.jpg?resize=700%2C400&ssl=1 2x, https:\/\/i0.wp.com\/correiodasemana.com\/site\/wp-content\/uploads\/2020\/07\/16_07_2020_movimentacao_sp-3.jpg?resize=1050%2C600&ssl=1 3x"},"classes":[]},{"id":16190,"url":"https:\/\/correiodasemana.com\/site\/semana-de-isolamento-rigido-deve-estabilizar-pandemia-para-permitir-retomada-economica-segundo-secretario\/","url_meta":{"origin":11496,"position":2},"title":"Semana de isolamento r\u00edgido deve estabilizar pandemia para permitir retomada econ\u00f4mica, segundo secret\u00e1rio","author":"","date":"Abril 12, 2021","format":false,"excerpt":"Por Samuel Carvalho - Reda\u00e7\u00e3o Correio da Semana Antes da retomada econ\u00f4mica ainda \u00e9 necess\u00e1rio estabilizar o avan\u00e7o da pandemia no estado na avalia\u00e7\u00e3o do secret\u00e1rio Executivo de Planejamento e Or\u00e7amento, Fl\u00e1vio Ataliba. O Secret\u00e1rio afirmou que essa semana, como o decreto de isolamento em vigor em todo o estado,\u2026","rel":"","context":"In &quot;Atualidade&quot;","block_context":{"text":"Atualidade","link":"https:\/\/correiodasemana.com\/site\/category\/atualidade\/"},"img":{"alt_text":"","src":"https:\/\/i0.wp.com\/correiodasemana.com\/site\/wp-content\/uploads\/2020\/07\/sala-de-aula-coronavirus-covid-19-pandemia-pos-pandemia-1592391566629_v2_615x300.jpg?resize=350%2C200&ssl=1","width":350,"height":200,"srcset":"https:\/\/i0.wp.com\/correiodasemana.com\/site\/wp-content\/uploads\/2020\/07\/sala-de-aula-coronavirus-covid-19-pandemia-pos-pandemia-1592391566629_v2_615x300.jpg?resize=350%2C200&ssl=1 1x, https:\/\/i0.wp.com\/correiodasemana.com\/site\/wp-content\/uploads\/2020\/07\/sala-de-aula-coronavirus-covid-19-pandemia-pos-pandemia-1592391566629_v2_615x300.jpg?resize=525%2C300&ssl=1 1.5x"},"classes":[]},{"id":12002,"url":"https:\/\/correiodasemana.com\/site\/fase-4-permite-funcionamento-de-igrejas-com-50-da-capacidade-catolicas-continuarao-fechadas\/","url_meta":{"origin":11496,"position":3},"title":"Fase 4 permite funcionamento de igrejas com 50% da capacidade; cat\u00f3licas continuar\u00e3o fechadas","author":"","date":"Julho 20, 2020","format":false,"excerpt":"Anteriormente, a quarta fase do plano de retomada no Estado previa 100% da ocupa\u00e7\u00e3o nos templos religiosos Com o in\u00edcio, em Fortaleza, da\u00a0fase 4 do plano de retomada econ\u00f4mica do Estado, as\u00a0atividades religiosas presenciais\u00a0podem acontecer com\u00a050% da capacidade em igrejas e templos, respeitando todos os crit\u00e9rios de distanciamento, a partir\u2026","rel":"","context":"In &quot;Atualidade&quot;","block_context":{"text":"Atualidade","link":"https:\/\/correiodasemana.com\/site\/category\/atualidade\/"},"img":{"alt_text":"","src":"https:\/\/i0.wp.com\/correiodasemana.com\/site\/wp-content\/uploads\/2020\/07\/28_03_2020__13_39_0497484e822eec0e20315a7381424e28e92351c_640x480.jpg?resize=350%2C200&ssl=1","width":350,"height":200,"srcset":"https:\/\/i0.wp.com\/correiodasemana.com\/site\/wp-content\/uploads\/2020\/07\/28_03_2020__13_39_0497484e822eec0e20315a7381424e28e92351c_640x480.jpg?resize=350%2C200&ssl=1 1x, https:\/\/i0.wp.com\/correiodasemana.com\/site\/wp-content\/uploads\/2020\/07\/28_03_2020__13_39_0497484e822eec0e20315a7381424e28e92351c_640x480.jpg?resize=525%2C300&ssl=1 1.5x"},"classes":[]},{"id":12196,"url":"https:\/\/correiodasemana.com\/site\/reabertura-do-centro-comercial-provoca-aglomeracoes\/","url_meta":{"origin":11496,"position":4},"title":"Reabertura do centro comercial provoca aglomera\u00e7\u00f5es","author":"","date":"Julho 25, 2020","format":false,"excerpt":"Deu in\u00edcio na \u00faltima quarta-feira (22) a retomada do com\u00e9rcio de Sobral, de acordo com a determina\u00e7\u00e3o do Governo do Estado do Cear\u00e1. Nessa fase, os estabelecimentos do centro comercial s\u00f3 poder\u00e3o abrir a partir de 14h. No entanto, a cidade permanece em isolamento social at\u00e9 o dia 3 de\u2026","rel":"","context":"In &quot;Atualidade&quot;","block_context":{"text":"Atualidade","link":"https:\/\/correiodasemana.com\/site\/category\/atualidade\/"},"img":{"alt_text":"","src":"https:\/\/i0.wp.com\/correiodasemana.com\/site\/wp-content\/uploads\/2020\/07\/DSC0610.jpg?resize=350%2C200&ssl=1","width":350,"height":200,"srcset":"https:\/\/i0.wp.com\/correiodasemana.com\/site\/wp-content\/uploads\/2020\/07\/DSC0610.jpg?resize=350%2C200&ssl=1 1x, https:\/\/i0.wp.com\/correiodasemana.com\/site\/wp-content\/uploads\/2020\/07\/DSC0610.jpg?resize=525%2C300&ssl=1 1.5x, https:\/\/i0.wp.com\/correiodasemana.com\/site\/wp-content\/uploads\/2020\/07\/DSC0610.jpg?resize=700%2C400&ssl=1 2x"},"classes":[]},{"id":16356,"url":"https:\/\/correiodasemana.com\/site\/governo-do-ceara-pede-ao-ministerio-da-saude-inclusao-de-professores-ao-grupo-prioritario-de-vacinacao\/","url_meta":{"origin":11496,"position":5},"title":"Governo do Cear\u00e1 pede ao Minist\u00e9rio da Sa\u00fade inclus\u00e3o de professores ao grupo priorit\u00e1rio de vacina\u00e7\u00e3o","author":"","date":"Maio 3, 2021","format":false,"excerpt":"Por Samuel Carvalho - Reda\u00e7\u00e3o Correio da Semana O Governador do Cear\u00e1, Camilo Santana (PT) enviou nessa quinta-feira (29) of\u00edcio a Marcelo Queiroga, Ministro da Sa\u00fade, solicitando que todos os professores de todos os n\u00edveis sejam inclu\u00eddos ao grupo de vacina\u00e7\u00e3o priorit\u00e1rio contra a covid-19. At\u00e9 o momento, o Estado\u2026","rel":"","context":"In &quot;Atualidade&quot;","block_context":{"text":"Atualidade","link":"https:\/\/correiodasemana.com\/site\/category\/atualidade\/"},"img":{"alt_text":"","src":"https:\/\/i0.wp.com\/correiodasemana.com\/site\/wp-content\/uploads\/2021\/05\/Vacinac-o.jpg?resize=350%2C200&ssl=1","width":350,"height":200,"srcset":"https:\/\/i0.wp.com\/correiodasemana.com\/site\/wp-content\/uploads\/2021\/05\/Vacinac-o.jpg?resize=350%2C200&ssl=1 1x, https:\/\/i0.wp.com\/correiodasemana.com\/site\/wp-content\/uploads\/2021\/05\/Vacinac-o.jpg?resize=525%2C300&ssl=1 1.5x"},"classes":[]}],"jetpack_sharing_enabled":true,"_links":{"self":[{"href":"https:\/\/correiodasemana.com\/site\/wp-json\/wp\/v2\/posts\/11496","targetHints":{"allow":["GET"]}}],"collection":[{"href":"https:\/\/correiodasemana.com\/site\/wp-json\/wp\/v2\/posts"}],"about":[{"href":"https:\/\/correiodasemana.com\/site\/wp-json\/wp\/v2\/types\/post"}],"author":[{"embeddable":true,"href":"https:\/\/correiodasemana.com\/site\/wp-json\/wp\/v2\/users\/1"}],"replies":[{"embeddable":true,"href":"https:\/\/correiodasemana.com\/site\/wp-json\/wp\/v2\/comments?post=11496"}],"version-history":[{"count":1,"href":"https:\/\/correiodasemana.com\/site\/wp-json\/wp\/v2\/posts\/11496\/revisions"}],"predecessor-version":[{"id":11498,"href":"https:\/\/correiodasemana.com\/site\/wp-json\/wp\/v2\/posts\/11496\/revisions\/11498"}],"wp:featuredmedia":[{"embeddable":true,"href":"https:\/\/correiodasemana.com\/site\/wp-json\/wp\/v2\/media\/11497"}],"wp:attachment":[{"href":"https:\/\/correiodasemana.com\/site\/wp-json\/wp\/v2\/media?parent=11496"}],"wp:term":[{"taxonomy":"category","embeddable":true,"href":"https:\/\/correiodasemana.com\/site\/wp-json\/wp\/v2\/categories?post=11496"},{"taxonomy":"post_tag","embeddable":true,"href":"https:\/\/correiodasemana.com\/site\/wp-json\/wp\/v2\/tags?post=11496"}],"curies":[{"name":"wp","href":"https:\/\/api.w.org\/{rel}","templated":true}]}}