{"id":11506,"date":"2020-06-21T00:55:39","date_gmt":"2020-06-21T00:55:39","guid":{"rendered":"https:\/\/correiodasemana.com\/site\/?p=11506"},"modified":"2020-06-21T01:01:31","modified_gmt":"2020-06-21T01:01:31","slug":"santa-casa-de-misericordia-de-sobral-recebe-visita-do-secretario-da-saude-do-ceara","status":"publish","type":"post","link":"https:\/\/correiodasemana.com\/site\/santa-casa-de-misericordia-de-sobral-recebe-visita-do-secretario-da-saude-do-ceara\/","title":{"rendered":"Santa Casa de Miseric\u00f3rdia de Sobral recebe visita do secret\u00e1rio da Sa\u00fade do Cear\u00e1"},"content":{"rendered":"<p>A Santa Casa de Miseric\u00f3rdia de Sobral recebeu, neste s\u00e1bado (20\/06), a visita do secret\u00e1rio da Sa\u00fade do Cear\u00e1, Carlos Roberto Martins Rodrigues Sobrinho, Dr. Cabeto. Em parceria com o Governo do Estado e Prefeitura Municipal, o Hospital implantou no m\u00eas de maio, uma Unidade de Interna\u00e7\u00e3o com 16 leitos cl\u00ednicos e uma Unidade de Terapia Intensiva (UTI) com 10 leitos para prestar assist\u00eancia aos pacientes dos 55 munic\u00edpios da Regi\u00e3o Norte do Estado, com casos suspeitos e confirmados da Covid-19. O objetivo da visita foi acompanhar o desenvolvimento desta a\u00e7\u00e3o.<\/p>\n<p>Acompanhado da secret\u00e1ria da Sa\u00fade de Sobral, Dra. Regina C\u00e9lia Carvalho, do diretor-geral da Santa Casa, Klebson Carvalho, da diretora de Enfermagem da Santa Casa, Dra. Concei\u00e7\u00e3o Nunes e de coordenadores m\u00e9dicos dos servi\u00e7os, o secret\u00e1rio tamb\u00e9m visitou os servi\u00e7os de Emerg\u00eancia, Maternidade, Quimioterapia e Unidades de Interna\u00e7\u00e3o da Santa Casa. A a\u00e7\u00e3o serviu ainda como uma medida de transpar\u00eancia entre as institui\u00e7\u00f5es, para que seja poss\u00edvel um planejamento conjunto de a\u00e7\u00f5es para a Sa\u00fade de Sobral e regi\u00e3o.<\/p>\n<p>*Combate \u00e0 Covid-19*<\/p>\n<p>Na sexta-feira (19\/06), o diretor-geral da Santa Casa, Klebson Carvalho, participou de uma reuni\u00e3o virtual com o prefeito de Sobral, Ivo Ferreira Gomes. A ocasi\u00e3o serviu para avaliar a ocupa\u00e7\u00e3o de leitos de UTI para pacientes com Covid-19 na Santa Casa e planejar a abertura de mais 10 leitos no Hospital. O diretor t\u00e9cnico do Hospital do Cora\u00e7\u00e3o de Sobral, Dr. David Carneiro Neto, tamb\u00e9m participou do momento.<\/p>\n<p>&#8220;A transpar\u00eancia com a sociedade e gestores p\u00fablicos \u00e9 essencial para o apoio e desenvolvimento da Santa Casa, principalmente no contexto em que vivemos. Somos refer\u00eancia para a Regi\u00e3o Norte do Estado do Cear\u00e1 e para prestar maior assist\u00eancia e continuar salvando vidas precisamos da uni\u00e3o e apoio de todos&#8221;, disse o diretor-geral, Klebson Carvalho.<\/p>\n<p>Setor de comunica\u00e7\u00e3o da Santa Casa de Miseric\u00f3rdia de Sobral, 20 de Junho de 2020<\/p>\n","protected":false},"excerpt":{"rendered":"<p>A Santa Casa de Miseric\u00f3rdia de Sobral recebeu, neste s\u00e1bado (20\/06), a visita do secret\u00e1rio&#8230;<\/p>\n","protected":false},"author":1,"featured_media":11509,"comment_status":"open","ping_status":"open","sticky":false,"template":"","format":"standard","meta":{"_jetpack_memberships_contains_paid_content":false,"footnotes":"","jetpack_publicize_message":"","jetpack_publicize_feature_enabled":true,"jetpack_social_post_already_shared":true,"jetpack_social_options":{"image_generator_settings":{"template":"highway","default_image_id":0,"font":"","enabled":false},"version":2}},"categories":[3],"tags":[],"class_list":["post-11506","post","type-post","status-publish","format-standard","has-post-thumbnail","hentry","category-santa-casa"],"jetpack_publicize_connections":[],"jetpack_featured_media_url":"https:\/\/correiodasemana.com\/site\/wp-content\/uploads\/2020\/06\/103767577_1130736103979853_5070669222588337650_o-1.jpg","jetpack-related-posts":[{"id":20395,"url":"https:\/\/correiodasemana.com\/site\/santa-casa-de-sobral-recebe-visita-da-secretaria-interina-da-saude-do-ceara\/","url_meta":{"origin":11506,"position":0},"title":"Santa Casa de Sobral recebe visita da Secret\u00e1ria interina da Sa\u00fade do Cear\u00e1","author":"","date":"Julho 11, 2022","format":false,"excerpt":"A Santa Casa de Miseric\u00f3rdia de Sobral (SCMS) recebeu na sexta-feira (01\/07) a visita da secret\u00e1ria interina da Sa\u00fade do Estado do Cear\u00e1, Dra. T\u00e2nia Mara Silva Coelho. A visita foi acompanhada pelo diretor-geral da Institui\u00e7\u00e3o, Klebson Carvalho, pelo diretor cl\u00ednico, Dr. Elson Arruda e pela diretora de enfermagem, Dra.\u2026","rel":"","context":"In &quot;Atualidade&quot;","block_context":{"text":"Atualidade","link":"https:\/\/correiodasemana.com\/site\/category\/atualidade\/"},"img":{"alt_text":"","src":"https:\/\/i0.wp.com\/correiodasemana.com\/site\/wp-content\/uploads\/2022\/07\/VisitaSCMS2.jpeg?resize=350%2C200&ssl=1","width":350,"height":200,"srcset":"https:\/\/i0.wp.com\/correiodasemana.com\/site\/wp-content\/uploads\/2022\/07\/VisitaSCMS2.jpeg?resize=350%2C200&ssl=1 1x, https:\/\/i0.wp.com\/correiodasemana.com\/site\/wp-content\/uploads\/2022\/07\/VisitaSCMS2.jpeg?resize=525%2C300&ssl=1 1.5x, https:\/\/i0.wp.com\/correiodasemana.com\/site\/wp-content\/uploads\/2022\/07\/VisitaSCMS2.jpeg?resize=700%2C400&ssl=1 2x, https:\/\/i0.wp.com\/correiodasemana.com\/site\/wp-content\/uploads\/2022\/07\/VisitaSCMS2.jpeg?resize=1050%2C600&ssl=1 3x"},"classes":[]},{"id":14941,"url":"https:\/\/correiodasemana.com\/site\/santa-casa-de-misericordia-de-sobral-recebe-visita-do-secretario-executivo-de-atencao-a-saude-e-desenvolvimento-regional\/","url_meta":{"origin":11506,"position":1},"title":"Santa Casa de Miseric\u00f3rdia de Sobral recebe visita do Secret\u00e1rio executivo de Aten\u00e7\u00e3o \u00e0 Sa\u00fade e Desenvolvimento Regional","author":"","date":"Dezembro 7, 2020","format":false,"excerpt":"O gestor conheceu os servi\u00e7os de assist\u00eancia da Santa Casa e os investimentos que a administra\u00e7\u00e3o vem realizando na unidade A Santa Casa de Miseric\u00f3rdia de Sobral recebeu, nesta quarta-feira (02\/12), a visita do Secret\u00e1rio executivo de Aten\u00e7\u00e3o \u00e0 Sa\u00fade e Desenvolvimento Regional do Cear\u00e1, Ivan Coelho. Acompanhado do diretor-geral\u2026","rel":"","context":"In &quot;Atualidade&quot;","block_context":{"text":"Atualidade","link":"https:\/\/correiodasemana.com\/site\/category\/atualidade\/"},"img":{"alt_text":"","src":"https:\/\/i0.wp.com\/correiodasemana.com\/site\/wp-content\/uploads\/2020\/12\/FOTO-1-scaled.jpg?resize=350%2C200&ssl=1","width":350,"height":200,"srcset":"https:\/\/i0.wp.com\/correiodasemana.com\/site\/wp-content\/uploads\/2020\/12\/FOTO-1-scaled.jpg?resize=350%2C200&ssl=1 1x, https:\/\/i0.wp.com\/correiodasemana.com\/site\/wp-content\/uploads\/2020\/12\/FOTO-1-scaled.jpg?resize=525%2C300&ssl=1 1.5x, https:\/\/i0.wp.com\/correiodasemana.com\/site\/wp-content\/uploads\/2020\/12\/FOTO-1-scaled.jpg?resize=700%2C400&ssl=1 2x, https:\/\/i0.wp.com\/correiodasemana.com\/site\/wp-content\/uploads\/2020\/12\/FOTO-1-scaled.jpg?resize=1050%2C600&ssl=1 3x, https:\/\/i0.wp.com\/correiodasemana.com\/site\/wp-content\/uploads\/2020\/12\/FOTO-1-scaled.jpg?resize=1400%2C800&ssl=1 4x"},"classes":[]},{"id":33657,"url":"https:\/\/correiodasemana.com\/site\/prefeito-oscar-rodrigues-recebe-comitiva-do-ministerio-da-saude-para-dialogar-solucoes-para-a-santa-casa-de-sobral\/","url_meta":{"origin":11506,"position":2},"title":"Prefeito Oscar Rodrigues recebe comitiva do Minist\u00e9rio da Sa\u00fade para dialogar solu\u00e7\u00f5es para a Santa Casa de Sobral","author":"adminredacao","date":"Maio 5, 2025","format":false,"excerpt":"Sobral recebeu nesta sexta-feira, 2 de maio, uma comitiva do Minist\u00e9rio da Sa\u00fade e da Secretaria de Sa\u00fade do Estado, recepcionada pelo prefeito de Sobral, Oscar Rodrigues. O objetivo \u00e9 encontrar solu\u00e7\u00f5es para a crise enfrentada pela Santa Casa de Miseric\u00f3rdia de Sobral, um cen\u00e1rio deixado pela gest\u00e3o anterior. Foram\u2026","rel":"","context":"In &quot;Atualidade&quot;","block_context":{"text":"Atualidade","link":"https:\/\/correiodasemana.com\/site\/category\/atualidade\/"},"img":{"alt_text":"","src":"https:\/\/i0.wp.com\/correiodasemana.com\/site\/wp-content\/uploads\/2025\/05\/1ok-SANTA-CASA-scaled.jpg?resize=350%2C200&ssl=1","width":350,"height":200,"srcset":"https:\/\/i0.wp.com\/correiodasemana.com\/site\/wp-content\/uploads\/2025\/05\/1ok-SANTA-CASA-scaled.jpg?resize=350%2C200&ssl=1 1x, https:\/\/i0.wp.com\/correiodasemana.com\/site\/wp-content\/uploads\/2025\/05\/1ok-SANTA-CASA-scaled.jpg?resize=525%2C300&ssl=1 1.5x, https:\/\/i0.wp.com\/correiodasemana.com\/site\/wp-content\/uploads\/2025\/05\/1ok-SANTA-CASA-scaled.jpg?resize=700%2C400&ssl=1 2x, https:\/\/i0.wp.com\/correiodasemana.com\/site\/wp-content\/uploads\/2025\/05\/1ok-SANTA-CASA-scaled.jpg?resize=1050%2C600&ssl=1 3x, https:\/\/i0.wp.com\/correiodasemana.com\/site\/wp-content\/uploads\/2025\/05\/1ok-SANTA-CASA-scaled.jpg?resize=1400%2C800&ssl=1 4x"},"classes":[]},{"id":17220,"url":"https:\/\/correiodasemana.com\/site\/santa-casa-de-misericordia-de-sobral-lanca-obras-e-inaugura-novos-servicos-com-a-presenca-do-ministro-da-saude\/","url_meta":{"origin":11506,"position":3},"title":"Santa Casa de Miseric\u00f3rdia de Sobral lan\u00e7a obras e inaugura novos servi\u00e7os com a presen\u00e7a do Ministro da Sa\u00fade","author":"","date":"Agosto 15, 2021","format":false,"excerpt":"A solenidade aconteceu de forma restrita no audit\u00f3rio da institui\u00e7\u00e3o, seguindo as medidas de seguran\u00e7a no combate \u00e0 Covid-19. Ascom Complexo SCMS Dando continuidade \u00e0 sua miss\u00e3o de prestar uma assist\u00eancia de qualidade, humanizada, segura e sustent\u00e1vel \u00e0 popula\u00e7\u00e3o de Sobral e regi\u00e3o norte do estado do Cear\u00e1, a Santa\u2026","rel":"","context":"In &quot;Santa Casa&quot;","block_context":{"text":"Santa Casa","link":"https:\/\/correiodasemana.com\/site\/category\/santa-casa\/"},"img":{"alt_text":"","src":"https:\/\/i0.wp.com\/correiodasemana.com\/site\/wp-content\/uploads\/2021\/08\/ministo-da-saude-na-sta-casa-de-sobral-3.jpeg?resize=350%2C200&ssl=1","width":350,"height":200,"srcset":"https:\/\/i0.wp.com\/correiodasemana.com\/site\/wp-content\/uploads\/2021\/08\/ministo-da-saude-na-sta-casa-de-sobral-3.jpeg?resize=350%2C200&ssl=1 1x, https:\/\/i0.wp.com\/correiodasemana.com\/site\/wp-content\/uploads\/2021\/08\/ministo-da-saude-na-sta-casa-de-sobral-3.jpeg?resize=525%2C300&ssl=1 1.5x, https:\/\/i0.wp.com\/correiodasemana.com\/site\/wp-content\/uploads\/2021\/08\/ministo-da-saude-na-sta-casa-de-sobral-3.jpeg?resize=700%2C400&ssl=1 2x, https:\/\/i0.wp.com\/correiodasemana.com\/site\/wp-content\/uploads\/2021\/08\/ministo-da-saude-na-sta-casa-de-sobral-3.jpeg?resize=1050%2C600&ssl=1 3x"},"classes":[]},{"id":10784,"url":"https:\/\/correiodasemana.com\/site\/santa-casa-de-misericordia-de-sobral-recebe-visita-do-prefeito-da-cidade\/","url_meta":{"origin":11506,"position":4},"title":"Santa Casa de Miseric\u00f3rdia de Sobral recebe visita do prefeito da cidade","author":"","date":"Fevereiro 10, 2020","format":false,"excerpt":"Visita teve como objetivo conhecer o funcionamento de alguns setores do Hospital e desenvolver planos para melhorar a qualidade da sa\u00fade em Sobral e regi\u00e3o Assessoria de Comunica\u00e7\u00e3o do Complexo SCMS A Santa Casa de Miseric\u00f3rdia de Sobral (SCMS) recebeu, na quarta-feira (05\/02), a visita do prefeito de Sobral, Ivo\u2026","rel":"","context":"In &quot;Atualidade&quot;","block_context":{"text":"Atualidade","link":"https:\/\/correiodasemana.com\/site\/category\/atualidade\/"},"img":{"alt_text":"","src":"https:\/\/i0.wp.com\/correiodasemana.com\/site\/wp-content\/uploads\/2020\/02\/Visita-2.jpg?resize=350%2C200&ssl=1","width":350,"height":200,"srcset":"https:\/\/i0.wp.com\/correiodasemana.com\/site\/wp-content\/uploads\/2020\/02\/Visita-2.jpg?resize=350%2C200&ssl=1 1x, https:\/\/i0.wp.com\/correiodasemana.com\/site\/wp-content\/uploads\/2020\/02\/Visita-2.jpg?resize=525%2C300&ssl=1 1.5x, https:\/\/i0.wp.com\/correiodasemana.com\/site\/wp-content\/uploads\/2020\/02\/Visita-2.jpg?resize=700%2C400&ssl=1 2x"},"classes":[]},{"id":17960,"url":"https:\/\/correiodasemana.com\/site\/direcao-do-hospital-do-coracao-de-sobral-se-reune-com-gestao-municipal-de-marco-para-firmar-convenio\/","url_meta":{"origin":11506,"position":5},"title":"Dire\u00e7\u00e3o do Hospital do Cora\u00e7\u00e3o de Sobral se re\u00fane com gest\u00e3o municipal de Marco para firmar conv\u00eanio","author":"","date":"Novembro 7, 2021","format":false,"excerpt":"A iniciativa proporcionar\u00e1 a realiza\u00e7\u00e3o de maior quantidade de procedimentos eletivos, de urg\u00eancia e cirurgias de grande porte, buscando trazer conforto e reduzir o tempo de espera. Ascom Complexo SCMS A dire\u00e7\u00e3o-geral do Complexo Santa Casa de Miseric\u00f3rdia de Sobral vem se reunindo com a gest\u00e3o do munic\u00edpio de Marco\u2026","rel":"","context":"In &quot;Atualidade&quot;","block_context":{"text":"Atualidade","link":"https:\/\/correiodasemana.com\/site\/category\/atualidade\/"},"img":{"alt_text":"","src":"https:\/\/i0.wp.com\/correiodasemana.com\/site\/wp-content\/uploads\/2021\/11\/Foto-2-marco-scaled.jpg?resize=350%2C200&ssl=1","width":350,"height":200,"srcset":"https:\/\/i0.wp.com\/correiodasemana.com\/site\/wp-content\/uploads\/2021\/11\/Foto-2-marco-scaled.jpg?resize=350%2C200&ssl=1 1x, https:\/\/i0.wp.com\/correiodasemana.com\/site\/wp-content\/uploads\/2021\/11\/Foto-2-marco-scaled.jpg?resize=525%2C300&ssl=1 1.5x, https:\/\/i0.wp.com\/correiodasemana.com\/site\/wp-content\/uploads\/2021\/11\/Foto-2-marco-scaled.jpg?resize=700%2C400&ssl=1 2x, https:\/\/i0.wp.com\/correiodasemana.com\/site\/wp-content\/uploads\/2021\/11\/Foto-2-marco-scaled.jpg?resize=1050%2C600&ssl=1 3x, https:\/\/i0.wp.com\/correiodasemana.com\/site\/wp-content\/uploads\/2021\/11\/Foto-2-marco-scaled.jpg?resize=1400%2C800&ssl=1 4x"},"classes":[]}],"jetpack_sharing_enabled":true,"_links":{"self":[{"href":"https:\/\/correiodasemana.com\/site\/wp-json\/wp\/v2\/posts\/11506","targetHints":{"allow":["GET"]}}],"collection":[{"href":"https:\/\/correiodasemana.com\/site\/wp-json\/wp\/v2\/posts"}],"about":[{"href":"https:\/\/correiodasemana.com\/site\/wp-json\/wp\/v2\/types\/post"}],"author":[{"embeddable":true,"href":"https:\/\/correiodasemana.com\/site\/wp-json\/wp\/v2\/users\/1"}],"replies":[{"embeddable":true,"href":"https:\/\/correiodasemana.com\/site\/wp-json\/wp\/v2\/comments?post=11506"}],"version-history":[{"count":3,"href":"https:\/\/correiodasemana.com\/site\/wp-json\/wp\/v2\/posts\/11506\/revisions"}],"predecessor-version":[{"id":11511,"href":"https:\/\/correiodasemana.com\/site\/wp-json\/wp\/v2\/posts\/11506\/revisions\/11511"}],"wp:featuredmedia":[{"embeddable":true,"href":"https:\/\/correiodasemana.com\/site\/wp-json\/wp\/v2\/media\/11509"}],"wp:attachment":[{"href":"https:\/\/correiodasemana.com\/site\/wp-json\/wp\/v2\/media?parent=11506"}],"wp:term":[{"taxonomy":"category","embeddable":true,"href":"https:\/\/correiodasemana.com\/site\/wp-json\/wp\/v2\/categories?post=11506"},{"taxonomy":"post_tag","embeddable":true,"href":"https:\/\/correiodasemana.com\/site\/wp-json\/wp\/v2\/tags?post=11506"}],"curies":[{"name":"wp","href":"https:\/\/api.w.org\/{rel}","templated":true}]}}