{"id":11537,"date":"2020-06-21T15:06:40","date_gmt":"2020-06-21T15:06:40","guid":{"rendered":"https:\/\/correiodasemana.com\/site\/?p=11537"},"modified":"2020-06-21T15:06:40","modified_gmt":"2020-06-21T15:06:40","slug":"brasil-registra-1-022-mortes-por-covid-19-e-se-aproxima-de-50-mil-obitos","status":"publish","type":"post","link":"https:\/\/correiodasemana.com\/site\/brasil-registra-1-022-mortes-por-covid-19-e-se-aproxima-de-50-mil-obitos\/","title":{"rendered":"Brasil registra 1.022 mortes por Covid-19 e se aproxima de 50 mil \u00f3bitos"},"content":{"rendered":"<div class=\"StandardArticleBody_body\">\n<p>O Brasil registrou neste s\u00e1bado 1.022 mortes por Covid-19 e se aproximou dos 50 mil \u00f3bitos pelo v\u00edrus \u2014alcan\u00e7ou exatamente 49.976 nas \u00faltimas 24 horas, segundo dados do Minist\u00e9rio da Sa\u00fade.<\/p>\n<p>O pa\u00eds chegou a 1.067.579 casos confirmados, registrando o terceiro maior \u00edndice di\u00e1rio de novos casos do coronav\u00edrus, com 34.666. Na v\u00e9spera, o Brasil bateu seu recorde com 54.771 novas infec\u00e7\u00f5es \u2014a segunda maior marca, de 34.918, foi alcan\u00e7ada no dia 16 deste m\u00eas.<\/p>\n<p>Os dados de s\u00e1bado apontam para uma taxa de letalidade de 4,7%.<\/p>\n<div><\/div>\n<div><\/div>\n<p>O Brasil \u00e9 o segundo pa\u00eds do mundo com o maior n\u00famero de casos e \u00f3bitos pelo coronav\u00edrus, atr\u00e1s apenas dos Estados Unidos, que possuem cerca de 2,2 milh\u00f5es de infec\u00e7\u00f5es notificadas e 119 mil mortes, segundo o Centro de Controle e Preven\u00e7\u00e3o de Doen\u00e7as (CDC) dos EUA.<\/p>\n<p>S\u00e3o Paulo \u00e9 o Estado com maior n\u00famero de casos e mortes, respectivamente, 215.793 infec\u00e7\u00f5es e 12.494 \u00f3bitos. Enquanto isso, o Rio de Janeiro atingiu 95.537 casos e 8.824 mortes, segundo maior n\u00edvel do pa\u00eds. O Estado \u00e9 acompanhado de perto pelo Cear\u00e1, que tem 92.156 casos e 5.518 \u00f3bitos.<\/p>\n<p>Os dados do minist\u00e9rio foram atualizados neste s\u00e1bado \u00e0s 18h40. Segundo a pasta, o Brasil possui ainda 520.734 pacientes recuperados da Covid-19 e 496.869 em acompanhamento.<\/p>\n<div class=\"Attribution_container\">\n<div class=\"Attribution_attribution\">\n<p class=\"Attribution_content\">Reportagem de Ricardo Brito<\/p>\n<\/div>\n<\/div>\n<\/div>\n<div><\/div>\n<div class=\"RelatedCoverage_related-coverage-module module RelatedCoverage_recirc\">\n<h4 class=\"RelatedCoverage_related-coverage-title\">ARTIGO SEGUINTE<\/h4>\n<\/div>\n","protected":false},"excerpt":{"rendered":"<p>O Brasil registrou neste s\u00e1bado 1.022 mortes por Covid-19 e se aproximou dos 50 mil&#8230;<\/p>\n","protected":false},"author":1,"featured_media":11538,"comment_status":"open","ping_status":"open","sticky":false,"template":"","format":"standard","meta":{"_jetpack_memberships_contains_paid_content":false,"footnotes":"","jetpack_publicize_message":"","jetpack_publicize_feature_enabled":true,"jetpack_social_post_already_shared":true,"jetpack_social_options":{"image_generator_settings":{"template":"highway","default_image_id":0,"font":"","enabled":false},"version":2}},"categories":[1],"tags":[],"class_list":["post-11537","post","type-post","status-publish","format-standard","has-post-thumbnail","hentry","category-atualidade"],"jetpack_publicize_connections":[],"jetpack_featured_media_url":"https:\/\/correiodasemana.com\/site\/wp-content\/uploads\/2020\/06\/recuperados-coronavirus-minas-gerais.jpg","jetpack-related-posts":[{"id":18598,"url":"https:\/\/correiodasemana.com\/site\/mais-de-5-mil-casos-de-covid-19-sao-confirmados-no-ceara-em-2022-sobral-ja-registra-2-obitos-para-a-doenca\/","url_meta":{"origin":11537,"position":0},"title":"Mais de 5 mil casos de Covid-19 s\u00e3o confirmados no Cear\u00e1 em 2022; Sobral j\u00e1 registra 2 \u00f3bitos para a doen\u00e7a","author":"","date":"Janeiro 16, 2022","format":false,"excerpt":"Por Samuel Carvalho Reda\u00e7\u00e3o Correio da Semana Segundo com dados da plataforma IntegraSUS, de 1\u00ba a 11 de janeiro de 2022, 5.263 cearenses tiveram diagn\u00f3stico confirmado para Covid-19. A plataforma foi atualizada \u00e0s 10h36 desta quinta-feira, 13. Ainda de acordo com a plataforma, Sobral est\u00e1 entre as cinco cidades com\u2026","rel":"","context":"In &quot;Atualidade&quot;","block_context":{"text":"Atualidade","link":"https:\/\/correiodasemana.com\/site\/category\/atualidade\/"},"img":{"alt_text":"","src":"https:\/\/i0.wp.com\/correiodasemana.com\/site\/wp-content\/uploads\/2022\/01\/000-1r0382-easy-resize.com_.jpg?resize=350%2C200&ssl=1","width":350,"height":200,"srcset":"https:\/\/i0.wp.com\/correiodasemana.com\/site\/wp-content\/uploads\/2022\/01\/000-1r0382-easy-resize.com_.jpg?resize=350%2C200&ssl=1 1x, https:\/\/i0.wp.com\/correiodasemana.com\/site\/wp-content\/uploads\/2022\/01\/000-1r0382-easy-resize.com_.jpg?resize=525%2C300&ssl=1 1.5x, https:\/\/i0.wp.com\/correiodasemana.com\/site\/wp-content\/uploads\/2022\/01\/000-1r0382-easy-resize.com_.jpg?resize=700%2C400&ssl=1 2x"},"classes":[]},{"id":14773,"url":"https:\/\/correiodasemana.com\/site\/taxa-de-transmissao-da-covid-19-no-pais-e-a-maior-desde-maio-sobral-passa-de-doze-mil-curados\/","url_meta":{"origin":11537,"position":1},"title":"Taxa de transmiss\u00e3o da Covid-19 no pa\u00eds \u00e9 a maior desde maio; Sobral passa de doze mil curados","author":"","date":"Novembro 30, 2020","format":false,"excerpt":"Por Joc\u00e9lio Tavares. A taxa de transmiss\u00e3o do novo coronav\u00edrus voltou a subir no Brasil e j\u00e1 \u00e9 a maior desde maio, de acordo com os dados divulgados nesta ter\u00e7a-feira (24) pelo Centro de Controle de Epidemias do Imperial College, de Londres. A taxa passou de 1,10 no \u00faltimo balan\u00e7o\u2026","rel":"","context":"In &quot;Atualidade&quot;","block_context":{"text":"Atualidade","link":"https:\/\/correiodasemana.com\/site\/category\/atualidade\/"},"img":{"alt_text":"","src":"https:\/\/i0.wp.com\/correiodasemana.com\/site\/wp-content\/uploads\/2020\/11\/covid-em-sobral-scaled.jpg?resize=350%2C200&ssl=1","width":350,"height":200,"srcset":"https:\/\/i0.wp.com\/correiodasemana.com\/site\/wp-content\/uploads\/2020\/11\/covid-em-sobral-scaled.jpg?resize=350%2C200&ssl=1 1x, https:\/\/i0.wp.com\/correiodasemana.com\/site\/wp-content\/uploads\/2020\/11\/covid-em-sobral-scaled.jpg?resize=525%2C300&ssl=1 1.5x, https:\/\/i0.wp.com\/correiodasemana.com\/site\/wp-content\/uploads\/2020\/11\/covid-em-sobral-scaled.jpg?resize=700%2C400&ssl=1 2x, https:\/\/i0.wp.com\/correiodasemana.com\/site\/wp-content\/uploads\/2020\/11\/covid-em-sobral-scaled.jpg?resize=1050%2C600&ssl=1 3x, https:\/\/i0.wp.com\/correiodasemana.com\/site\/wp-content\/uploads\/2020\/11\/covid-em-sobral-scaled.jpg?resize=1400%2C800&ssl=1 4x"},"classes":[]},{"id":13541,"url":"https:\/\/correiodasemana.com\/site\/mais-de-quatro-mil-estudantes-cearenses-tiveram-covid-19\/","url_meta":{"origin":11537,"position":2},"title":"Mais de quatro mil estudantes cearenses tiveram Covid-19","author":"","date":"Setembro 15, 2020","format":false,"excerpt":"Por Joc\u00e9lio Tavares. Com informa\u00e7\u00f5es do Di\u00e1rio do Nordeste. O debate sobre a volta dos estudantes as atividades presenciais escolares tem ganhado espa\u00e7o, principalmente, depois que que alguns munic\u00edpios cearenses alcan\u00e7aram a Fase 4 do plano de reabertura da economia. Segundo an\u00e1lise de n\u00fameros disponibilizados pela Secretaria de Sa\u00fade do\u2026","rel":"","context":"In &quot;Atualidade&quot;","block_context":{"text":"Atualidade","link":"https:\/\/correiodasemana.com\/site\/category\/atualidade\/"},"img":{"alt_text":"","src":"https:\/\/i0.wp.com\/correiodasemana.com\/site\/wp-content\/uploads\/2020\/09\/ilustracao.jpeg?resize=350%2C200&ssl=1","width":350,"height":200,"srcset":"https:\/\/i0.wp.com\/correiodasemana.com\/site\/wp-content\/uploads\/2020\/09\/ilustracao.jpeg?resize=350%2C200&ssl=1 1x, https:\/\/i0.wp.com\/correiodasemana.com\/site\/wp-content\/uploads\/2020\/09\/ilustracao.jpeg?resize=525%2C300&ssl=1 1.5x, https:\/\/i0.wp.com\/correiodasemana.com\/site\/wp-content\/uploads\/2020\/09\/ilustracao.jpeg?resize=700%2C400&ssl=1 2x"},"classes":[]},{"id":12497,"url":"https:\/\/correiodasemana.com\/site\/covid-19-brasil-chega-a-28-milhoes-de-casos-703-estao-recuperados\/","url_meta":{"origin":11537,"position":3},"title":"Covid-19: Brasil chega a 2,8 milh\u00f5es de casos; 70,3% est\u00e3o recuperados","author":"","date":"Agosto 5, 2020","format":false,"excerpt":"Mais de 95 mil brasileiros morreram por causa do novo coronav\u00edru Desde o in\u00edcio da pandemia,\u00a02.801.921 de brasileiros contra\u00edram o v\u00edrus. O total de mortes chega a\u00a095.819. H\u00e1 3,6 mil \u00f3bitos em investiga\u00e7\u00e3o.\u00a0Nas \u00faltimas 24 horas, foram registrados 51.603 novos casos confirmados de covid-19 e 1.154 mortes relacionadas \u00e0 pandemia\u2026","rel":"","context":"In &quot;Atualidade&quot;","block_context":{"text":"Atualidade","link":"https:\/\/correiodasemana.com\/site\/category\/atualidade\/"},"img":{"alt_text":"","src":"https:\/\/i0.wp.com\/correiodasemana.com\/site\/wp-content\/uploads\/2020\/08\/17_07_2020_covid_testes_exame-2.jpg?resize=350%2C200&ssl=1","width":350,"height":200,"srcset":"https:\/\/i0.wp.com\/correiodasemana.com\/site\/wp-content\/uploads\/2020\/08\/17_07_2020_covid_testes_exame-2.jpg?resize=350%2C200&ssl=1 1x, https:\/\/i0.wp.com\/correiodasemana.com\/site\/wp-content\/uploads\/2020\/08\/17_07_2020_covid_testes_exame-2.jpg?resize=525%2C300&ssl=1 1.5x, https:\/\/i0.wp.com\/correiodasemana.com\/site\/wp-content\/uploads\/2020\/08\/17_07_2020_covid_testes_exame-2.jpg?resize=700%2C400&ssl=1 2x, https:\/\/i0.wp.com\/correiodasemana.com\/site\/wp-content\/uploads\/2020\/08\/17_07_2020_covid_testes_exame-2.jpg?resize=1050%2C600&ssl=1 3x"},"classes":[]},{"id":14273,"url":"https:\/\/correiodasemana.com\/site\/brasil-acumula-53-milhoes-de-casos-e-157-mil-mortes-por-covid-19\/","url_meta":{"origin":11537,"position":4},"title":"Brasil acumula 5,3 milh\u00f5es de casos e 157 mil mortes por covid-19","author":"","date":"Outubro 26, 2020","format":false,"excerpt":"Nas \u00faltimas 24 horas foram acrescidos 13 mil novos casos Balan\u00e7o divulgado neste domingo (25) pelo Minist\u00e9rio da Sa\u00fade (MS) mostra que o pa\u00eds registrou 13.493 novos casos de covid-19, nas \u00faltimas 24 horas. No total, o pa\u00eds acumula 5.394.128 casos, desde o in\u00edcio da pandemia. Al\u00e9m disso, foram registradas\u2026","rel":"","context":"In &quot;Atualidade&quot;","block_context":{"text":"Atualidade","link":"https:\/\/correiodasemana.com\/site\/category\/atualidade\/"},"img":{"alt_text":"","src":"https:\/\/i0.wp.com\/correiodasemana.com\/site\/wp-content\/uploads\/2020\/10\/ibmp_intec_2020_c_itamar_crispim-8683_1.jpg?resize=350%2C200&ssl=1","width":350,"height":200,"srcset":"https:\/\/i0.wp.com\/correiodasemana.com\/site\/wp-content\/uploads\/2020\/10\/ibmp_intec_2020_c_itamar_crispim-8683_1.jpg?resize=350%2C200&ssl=1 1x, https:\/\/i0.wp.com\/correiodasemana.com\/site\/wp-content\/uploads\/2020\/10\/ibmp_intec_2020_c_itamar_crispim-8683_1.jpg?resize=525%2C300&ssl=1 1.5x, https:\/\/i0.wp.com\/correiodasemana.com\/site\/wp-content\/uploads\/2020\/10\/ibmp_intec_2020_c_itamar_crispim-8683_1.jpg?resize=700%2C400&ssl=1 2x, https:\/\/i0.wp.com\/correiodasemana.com\/site\/wp-content\/uploads\/2020\/10\/ibmp_intec_2020_c_itamar_crispim-8683_1.jpg?resize=1050%2C600&ssl=1 3x"},"classes":[]},{"id":12293,"url":"https:\/\/correiodasemana.com\/site\/mais-de-16-milhao-de-pessoas-ja-se-recuperaram-da-covid-19-no-brasil\/","url_meta":{"origin":11537,"position":5},"title":"Mais de 1,6 milh\u00e3o de pessoas j\u00e1 se recuperaram da Covid-19 no Brasil","author":"","date":"Julho 28, 2020","format":false,"excerpt":"SA\u00daDE\/PANDEMIA At\u00e9 o \u00faltimo dia 27 o Brasil j\u00e1 tinha registrado a recupera\u00e7\u00e3o de 1.634.274 pessoas que foram infectadas pelo novo coronav\u00edrus. Os casos confirmados no pa\u00eds j\u00e1 ultrapassam os 2,4 milh\u00f5es. Segundo a Organiza\u00e7\u00e3o Mundial da Sa\u00fade (OMS) em todo o mundo mais de 16 milh\u00f5es de pessoas ficaram\u2026","rel":"","context":"In &quot;Atualidade&quot;","block_context":{"text":"Atualidade","link":"https:\/\/correiodasemana.com\/site\/category\/atualidade\/"},"img":{"alt_text":"","src":"https:\/\/i0.wp.com\/correiodasemana.com\/site\/wp-content\/uploads\/2020\/07\/RECUPERADOS.jpg?resize=350%2C200&ssl=1","width":350,"height":200},"classes":[]}],"jetpack_sharing_enabled":true,"_links":{"self":[{"href":"https:\/\/correiodasemana.com\/site\/wp-json\/wp\/v2\/posts\/11537","targetHints":{"allow":["GET"]}}],"collection":[{"href":"https:\/\/correiodasemana.com\/site\/wp-json\/wp\/v2\/posts"}],"about":[{"href":"https:\/\/correiodasemana.com\/site\/wp-json\/wp\/v2\/types\/post"}],"author":[{"embeddable":true,"href":"https:\/\/correiodasemana.com\/site\/wp-json\/wp\/v2\/users\/1"}],"replies":[{"embeddable":true,"href":"https:\/\/correiodasemana.com\/site\/wp-json\/wp\/v2\/comments?post=11537"}],"version-history":[{"count":1,"href":"https:\/\/correiodasemana.com\/site\/wp-json\/wp\/v2\/posts\/11537\/revisions"}],"predecessor-version":[{"id":11539,"href":"https:\/\/correiodasemana.com\/site\/wp-json\/wp\/v2\/posts\/11537\/revisions\/11539"}],"wp:featuredmedia":[{"embeddable":true,"href":"https:\/\/correiodasemana.com\/site\/wp-json\/wp\/v2\/media\/11538"}],"wp:attachment":[{"href":"https:\/\/correiodasemana.com\/site\/wp-json\/wp\/v2\/media?parent=11537"}],"wp:term":[{"taxonomy":"category","embeddable":true,"href":"https:\/\/correiodasemana.com\/site\/wp-json\/wp\/v2\/categories?post=11537"},{"taxonomy":"post_tag","embeddable":true,"href":"https:\/\/correiodasemana.com\/site\/wp-json\/wp\/v2\/tags?post=11537"}],"curies":[{"name":"wp","href":"https:\/\/api.w.org\/{rel}","templated":true}]}}