{"id":11544,"date":"2020-06-30T13:22:01","date_gmt":"2020-06-30T13:22:01","guid":{"rendered":"https:\/\/correiodasemana.com\/site\/?p=11544"},"modified":"2020-06-30T13:22:01","modified_gmt":"2020-06-30T13:22:01","slug":"receita-paga-hoje-segundo-lote-de-restituicao-de-imposto-de-renda","status":"publish","type":"post","link":"https:\/\/correiodasemana.com\/site\/receita-paga-hoje-segundo-lote-de-restituicao-de-imposto-de-renda\/","title":{"rendered":"Receita paga hoje segundo lote de restitui\u00e7\u00e3o de Imposto de Renda"},"content":{"rendered":"<p>A Receita Federal paga hoje (30) o segundo lote de restitui\u00e7\u00e3o do Imposto de Renda Pessoa F\u00edsica (IRPF) de 2020. Mais de 3,3 milh\u00f5es contribuintes receber\u00e3o R$ 5,7 bilh\u00f5es no lote de maior valor j\u00e1 registrado.<\/p>\n<p>Desse valor total, R$ 3,977 bilh\u00f5es s\u00e3o para contribuintes com direito a prioridade no recebimento: 54.047 acima de 80 anos; 1.186.406 entre 60 e 79 anos; 89.068 pessoas com alguma defici\u00eancia f\u00edsica, mental ou doen\u00e7a grave; e 937.234 contribuintes cuja maior fonte de renda \u00e9 o magist\u00e9rio. Foram contemplados ainda mais de 1 milh\u00e3o de contribuintes n\u00e3o priorit\u00e1rios que entregaram a declara\u00e7\u00e3o at\u00e9 o dia 4 de mar\u00e7o.<\/p>\n<p>Neste ano, os lotes de restitui\u00e7\u00e3o foram reduzidos de sete para cinco, com pagamento iniciando antes mesmo do fim do prazo de entrega, que \u00e9 hoje. O primeiro lote foi pago em 29 de maio.<\/p>\n<p>Para saber se teve a declara\u00e7\u00e3o liberada, o contribuinte deve acessar a p\u00e1gina da Receita Federal na internet.<\/p>\n<p>Na consulta \u00e0 p\u00e1gina da Receita, servi\u00e7o e-CAC, \u00e9 poss\u00edvel acessar o extrato da declara\u00e7\u00e3o e ver se h\u00e1 inconsist\u00eancias de dados identificadas pelo processamento. Nessa hip\u00f3tese, o contribuinte pode avaliar as inconsist\u00eancias e fazer a autorregulariza\u00e7\u00e3o, mediante entrega de declara\u00e7\u00e3o retificadora.<\/p>\n<p>A Receita disponibiliza ainda aplicativo para tablets e smartphones, que facilita consulta \u00e0s declara\u00e7\u00f5es do IRPF e situa\u00e7\u00e3o cadastral no CPF. Com ele, ser\u00e1 poss\u00edvel consultar diretamente nas bases da Receita Federal informa\u00e7\u00f5es sobre libera\u00e7\u00e3o das restitui\u00e7\u00f5es do Imposto de Renda Pessoa F\u00edsica e a situa\u00e7\u00e3o cadastral de uma inscri\u00e7\u00e3o no CPF.<\/p>\n<p>A restitui\u00e7\u00e3o ficar\u00e1 dispon\u00edvel no banco durante um ano. Se o contribuinte n\u00e3o fizer o resgate nesse prazo, dever\u00e1 fazer requerimento, por meio da internet, mediante o Formul\u00e1rio Eletr\u00f4nico &#8211; Pedido de Pagamento de Restitui\u00e7\u00e3o, ou diretamente no e-CAC, no servi\u00e7o Extrato do Processamento da DIRPF.<\/p>\n<p>Caso o valor n\u00e3o seja creditado, o contribuinte poder\u00e1 contactar pessoalmente qualquer ag\u00eancia do Banco do Brasil ou ligar para a Central de Atendimento, por meio do telefone 4004-0001 (capitais), 0800-729-0001 (demais localidades) e 0800-729-0088 (telefone especial exclusivo para deficientes auditivos), para agendar o cr\u00e9dito em conta-corrente ou poupan\u00e7a, em seu nome, em qualquer banco.]<\/p>\n<p>Fonte: Ag\u00eancia Brasil<\/p>\n","protected":false},"excerpt":{"rendered":"<p>A Receita Federal paga hoje (30) o segundo lote de restitui\u00e7\u00e3o do Imposto de Renda&#8230;<\/p>\n","protected":false},"author":1,"featured_media":11545,"comment_status":"open","ping_status":"open","sticky":false,"template":"","format":"standard","meta":{"_jetpack_memberships_contains_paid_content":false,"footnotes":"","jetpack_publicize_message":"","jetpack_publicize_feature_enabled":true,"jetpack_social_post_already_shared":true,"jetpack_social_options":{"image_generator_settings":{"template":"highway","default_image_id":0,"font":"","enabled":false},"version":2}},"categories":[1],"tags":[],"class_list":["post-11544","post","type-post","status-publish","format-standard","has-post-thumbnail","hentry","category-atualidade"],"jetpack_publicize_connections":[],"jetpack_featured_media_url":"https:\/\/correiodasemana.com\/site\/wp-content\/uploads\/2020\/06\/foto-receita.jpg","jetpack-related-posts":[{"id":21988,"url":"https:\/\/correiodasemana.com\/site\/receita-federal-libera-hoje-30-novo-lote-da-restituicao-do-irpf\/","url_meta":{"origin":11544,"position":0},"title":"Receita Federal libera hoje (30) novo lote da Restitui\u00e7\u00e3o do IRPF","author":"","date":"Novembro 30, 2022","format":false,"excerpt":"Mais de 556,6 mil contribuintes ser\u00e3o contemplados no lote residual de restitui\u00e7\u00e3o do Imposto de Renda 2022 A Receita Federal paga nesta quarta-feira, 30, o lote residual de restitui\u00e7\u00e3o do Imposto de Renda Pessoa F\u00edsica (IRPF) de novembro.\u00a0No Brasil,\u00a0556.685 contribuintes ser\u00e3o contemplados. O cr\u00e9dito banc\u00e1rio, no valor total de R$\u2026","rel":"","context":"In &quot;Atualidade&quot;","block_context":{"text":"Atualidade","link":"https:\/\/correiodasemana.com\/site\/category\/atualidade\/"},"img":{"alt_text":"","src":"https:\/\/i0.wp.com\/correiodasemana.com\/site\/wp-content\/uploads\/2022\/11\/captura2.jpg?resize=350%2C200&ssl=1","width":350,"height":200,"srcset":"https:\/\/i0.wp.com\/correiodasemana.com\/site\/wp-content\/uploads\/2022\/11\/captura2.jpg?resize=350%2C200&ssl=1 1x, https:\/\/i0.wp.com\/correiodasemana.com\/site\/wp-content\/uploads\/2022\/11\/captura2.jpg?resize=525%2C300&ssl=1 1.5x"},"classes":[]},{"id":24843,"url":"https:\/\/correiodasemana.com\/site\/24843-2\/","url_meta":{"origin":11544,"position":1},"title":"IR 2023: prazo para realizar declara\u00e7\u00e3o encerra na pr\u00f3xima semana","author":"","date":"Maio 26, 2023","format":false,"excerpt":"O prazo para declarar o Imposto de Renda da Pessoa F\u00edsica em 2023 se encerra na pr\u00f3xima quarta-feira, 31. O in\u00edcio das declara\u00e7\u00f5es foi aconteceu em 15 de mar\u00e7o, sendo\u00a0obrigado a declarar quem recebeu rendimentos acima de R$ 28.559,70 em 2022. At\u00e9 as 8h36min desta sexta-feira, 26,\u00a031.084.579 haviam realizado a\u2026","rel":"","context":"In &quot;Atualidade&quot;","block_context":{"text":"Atualidade","link":"https:\/\/correiodasemana.com\/site\/category\/atualidade\/"},"img":{"alt_text":"","src":"https:\/\/i0.wp.com\/correiodasemana.com\/site\/wp-content\/uploads\/2023\/05\/g_1684929526.webp?resize=350%2C200&ssl=1","width":350,"height":200,"srcset":"https:\/\/i0.wp.com\/correiodasemana.com\/site\/wp-content\/uploads\/2023\/05\/g_1684929526.webp?resize=350%2C200&ssl=1 1x, https:\/\/i0.wp.com\/correiodasemana.com\/site\/wp-content\/uploads\/2023\/05\/g_1684929526.webp?resize=525%2C300&ssl=1 1.5x, https:\/\/i0.wp.com\/correiodasemana.com\/site\/wp-content\/uploads\/2023\/05\/g_1684929526.webp?resize=700%2C400&ssl=1 2x, https:\/\/i0.wp.com\/correiodasemana.com\/site\/wp-content\/uploads\/2023\/05\/g_1684929526.webp?resize=1050%2C600&ssl=1 3x, https:\/\/i0.wp.com\/correiodasemana.com\/site\/wp-content\/uploads\/2023\/05\/g_1684929526.webp?resize=1400%2C800&ssl=1 4x"},"classes":[]},{"id":23687,"url":"https:\/\/correiodasemana.com\/site\/lote-residual-do-imposto-de-renda-sera-liberado-hoje\/","url_meta":{"origin":11544,"position":2},"title":"Lote residual do Imposto de Renda ser\u00e1 liberado hoje","author":"","date":"Fevereiro 17, 2023","format":false,"excerpt":"Quase 180 mil contribuintes que ca\u00edram na malha fina da Receita Federal e regularizaram sua situa\u00e7\u00e3o receber\u00e3o do Fisco R$ 250 milh\u00f5es. Isso \u00e9 poss\u00edvel a partir da consulta ao lote residual do Imposto de Renda Pessoa F\u00edsica que abre nesta sexta-feira, 17\/2. O contribuinte com esse perfil pode realizar\u2026","rel":"","context":"In &quot;Atualidade&quot;","block_context":{"text":"Atualidade","link":"https:\/\/correiodasemana.com\/site\/category\/atualidade\/"},"img":{"alt_text":"","src":"https:\/\/i0.wp.com\/correiodasemana.com\/site\/wp-content\/uploads\/2023\/02\/imposto_de_renda_pode_ficar_mais_barato_em_2023_veja_o_que_esta_mudando-155052.webp?resize=350%2C200&ssl=1","width":350,"height":200,"srcset":"https:\/\/i0.wp.com\/correiodasemana.com\/site\/wp-content\/uploads\/2023\/02\/imposto_de_renda_pode_ficar_mais_barato_em_2023_veja_o_que_esta_mudando-155052.webp?resize=350%2C200&ssl=1 1x, https:\/\/i0.wp.com\/correiodasemana.com\/site\/wp-content\/uploads\/2023\/02\/imposto_de_renda_pode_ficar_mais_barato_em_2023_veja_o_que_esta_mudando-155052.webp?resize=525%2C300&ssl=1 1.5x, https:\/\/i0.wp.com\/correiodasemana.com\/site\/wp-content\/uploads\/2023\/02\/imposto_de_renda_pode_ficar_mais_barato_em_2023_veja_o_que_esta_mudando-155052.webp?resize=700%2C400&ssl=1 2x, https:\/\/i0.wp.com\/correiodasemana.com\/site\/wp-content\/uploads\/2023\/02\/imposto_de_renda_pode_ficar_mais_barato_em_2023_veja_o_que_esta_mudando-155052.webp?resize=1050%2C600&ssl=1 3x"},"classes":[]},{"id":23094,"url":"https:\/\/correiodasemana.com\/site\/receita-disponibiliza-consulta-a-lote-residual-de-restituicao-do-ir-2022\/","url_meta":{"origin":11544,"position":3},"title":"Receita disponibiliza consulta a lote residual de restitui\u00e7\u00e3o do IR 2022","author":"","date":"Janeiro 25, 2023","format":false,"excerpt":"\u00d3rg\u00e3o ir\u00e1 disponibilizar R$ 368 milh\u00f5es entre 136 mil de contribuintes; pagamento ser\u00e1 realizado em 31 de janeiro. \u00a0 Os contribuintes da Receita Federal j\u00e1 podem consultar o lote residual de restitui\u00e7\u00e3o do Imposto de Renda de Pessoa F\u00edsica (IRPF) referente a janeiro de 2023. Est\u00e3o dispon\u00edveis cerca de R$\u2026","rel":"","context":"In &quot;Atualidade&quot;","block_context":{"text":"Atualidade","link":"https:\/\/correiodasemana.com\/site\/category\/atualidade\/"},"img":{"alt_text":"","src":"https:\/\/i0.wp.com\/correiodasemana.com\/site\/wp-content\/uploads\/2023\/01\/imposto-de-renda_mcamgo_abr_030320221818-2.jpg?resize=350%2C200&ssl=1","width":350,"height":200,"srcset":"https:\/\/i0.wp.com\/correiodasemana.com\/site\/wp-content\/uploads\/2023\/01\/imposto-de-renda_mcamgo_abr_030320221818-2.jpg?resize=350%2C200&ssl=1 1x, https:\/\/i0.wp.com\/correiodasemana.com\/site\/wp-content\/uploads\/2023\/01\/imposto-de-renda_mcamgo_abr_030320221818-2.jpg?resize=525%2C300&ssl=1 1.5x, https:\/\/i0.wp.com\/correiodasemana.com\/site\/wp-content\/uploads\/2023\/01\/imposto-de-renda_mcamgo_abr_030320221818-2.jpg?resize=700%2C400&ssl=1 2x, https:\/\/i0.wp.com\/correiodasemana.com\/site\/wp-content\/uploads\/2023\/01\/imposto-de-renda_mcamgo_abr_030320221818-2.jpg?resize=1050%2C600&ssl=1 3x"},"classes":[]},{"id":37805,"url":"https:\/\/correiodasemana.com\/site\/envio-de-declaracao-do-ir-comeca-na-proxima-semana-veja-regras\/","url_meta":{"origin":11544,"position":4},"title":"Envio de declara\u00e7\u00e3o do IR come\u00e7a na pr\u00f3xima semana; veja regras","author":"adminredacao","date":"Mar\u00e7o 20, 2026","format":false,"excerpt":"Nova isen\u00e7\u00e3o de at\u00e9 R$ 5 mil n\u00e3o afeta declara\u00e7\u00e3o deste ano POR Wellton M\u00e1ximo \u2013 Rep\u00f3rter da Ag\u00eancia Brasil A Receita Federal divulgar\u00e1 na pr\u00f3xima segunda-feira (16) as regras da Declara\u00e7\u00e3o do Imposto de Renda Pessoa F\u00edsica (IRPF) 2026. Embora o calend\u00e1rio oficial ainda n\u00e3o tenha sido anunciado, a\u2026","rel":"","context":"In &quot;Atualidade&quot;","block_context":{"text":"Atualidade","link":"https:\/\/correiodasemana.com\/site\/category\/atualidade\/"},"img":{"alt_text":"","src":"https:\/\/i0.wp.com\/correiodasemana.com\/site\/wp-content\/uploads\/2026\/03\/real_moeda_020120a84t47475213.webp?resize=350%2C200&ssl=1","width":350,"height":200,"srcset":"https:\/\/i0.wp.com\/correiodasemana.com\/site\/wp-content\/uploads\/2026\/03\/real_moeda_020120a84t47475213.webp?resize=350%2C200&ssl=1 1x, https:\/\/i0.wp.com\/correiodasemana.com\/site\/wp-content\/uploads\/2026\/03\/real_moeda_020120a84t47475213.webp?resize=525%2C300&ssl=1 1.5x, https:\/\/i0.wp.com\/correiodasemana.com\/site\/wp-content\/uploads\/2026\/03\/real_moeda_020120a84t47475213.webp?resize=700%2C400&ssl=1 2x, https:\/\/i0.wp.com\/correiodasemana.com\/site\/wp-content\/uploads\/2026\/03\/real_moeda_020120a84t47475213.webp?resize=1050%2C600&ssl=1 3x"},"classes":[]},{"id":13792,"url":"https:\/\/correiodasemana.com\/site\/em-tempo-50\/","url_meta":{"origin":11544,"position":5},"title":"Em Tempo","author":"","date":"Setembro 29, 2020","format":false,"excerpt":"Ecologia e Recursos Naturais na UFC Programa de P\u00f3s-Gradua\u00e7\u00e3o em Ecologia e Recursos Naturais da Universidade Federal do Cear\u00e1 (UFC) est\u00e1 com inscri\u00e7\u00f5es abertas,\u00a0at\u00e9 31 de outubro, para sele\u00e7\u00e3o das turmas 2021.1 de\u00a0mestrado e doutorado. Para se inscrever, acessar https:\/\/si3.ufc.br\/sigaa\/public\/home.jsf. A UFC informa que o processo seletivo de ambos os\u2026","rel":"","context":"In &quot;Artigos&quot;","block_context":{"text":"Artigos","link":"https:\/\/correiodasemana.com\/site\/category\/artigos\/"},"img":{"alt_text":"","src":"https:\/\/i0.wp.com\/correiodasemana.com\/site\/wp-content\/uploads\/2019\/12\/FOTO-EDILSON-SILVA-2.jpg?resize=350%2C200&ssl=1","width":350,"height":200,"srcset":"https:\/\/i0.wp.com\/correiodasemana.com\/site\/wp-content\/uploads\/2019\/12\/FOTO-EDILSON-SILVA-2.jpg?resize=350%2C200&ssl=1 1x, https:\/\/i0.wp.com\/correiodasemana.com\/site\/wp-content\/uploads\/2019\/12\/FOTO-EDILSON-SILVA-2.jpg?resize=525%2C300&ssl=1 1.5x, https:\/\/i0.wp.com\/correiodasemana.com\/site\/wp-content\/uploads\/2019\/12\/FOTO-EDILSON-SILVA-2.jpg?resize=700%2C400&ssl=1 2x"},"classes":[]}],"jetpack_sharing_enabled":true,"_links":{"self":[{"href":"https:\/\/correiodasemana.com\/site\/wp-json\/wp\/v2\/posts\/11544","targetHints":{"allow":["GET"]}}],"collection":[{"href":"https:\/\/correiodasemana.com\/site\/wp-json\/wp\/v2\/posts"}],"about":[{"href":"https:\/\/correiodasemana.com\/site\/wp-json\/wp\/v2\/types\/post"}],"author":[{"embeddable":true,"href":"https:\/\/correiodasemana.com\/site\/wp-json\/wp\/v2\/users\/1"}],"replies":[{"embeddable":true,"href":"https:\/\/correiodasemana.com\/site\/wp-json\/wp\/v2\/comments?post=11544"}],"version-history":[{"count":1,"href":"https:\/\/correiodasemana.com\/site\/wp-json\/wp\/v2\/posts\/11544\/revisions"}],"predecessor-version":[{"id":11546,"href":"https:\/\/correiodasemana.com\/site\/wp-json\/wp\/v2\/posts\/11544\/revisions\/11546"}],"wp:featuredmedia":[{"embeddable":true,"href":"https:\/\/correiodasemana.com\/site\/wp-json\/wp\/v2\/media\/11545"}],"wp:attachment":[{"href":"https:\/\/correiodasemana.com\/site\/wp-json\/wp\/v2\/media?parent=11544"}],"wp:term":[{"taxonomy":"category","embeddable":true,"href":"https:\/\/correiodasemana.com\/site\/wp-json\/wp\/v2\/categories?post=11544"},{"taxonomy":"post_tag","embeddable":true,"href":"https:\/\/correiodasemana.com\/site\/wp-json\/wp\/v2\/tags?post=11544"}],"curies":[{"name":"wp","href":"https:\/\/api.w.org\/{rel}","templated":true}]}}