{"id":11569,"date":"2020-07-02T02:48:50","date_gmt":"2020-07-02T02:48:50","guid":{"rendered":"https:\/\/correiodasemana.com\/site\/?p=11569"},"modified":"2020-07-02T02:49:11","modified_gmt":"2020-07-02T02:49:11","slug":"abrigo-de-criancas-lanca-campanha-apadrinhar-para-amar-hoje","status":"publish","type":"post","link":"https:\/\/correiodasemana.com\/site\/abrigo-de-criancas-lanca-campanha-apadrinhar-para-amar-hoje\/","title":{"rendered":"Abrigo de crian\u00e7as lan\u00e7a campanha \u201cApadrinhar para Amar Hoje\u201d"},"content":{"rendered":"<p>Campanha visa contribuir para a manuten\u00e7\u00e3o da Casa S\u00e3o Francisco, que acolhe crian\u00e7as de 0 a 6 anos em situa\u00e7\u00e3o de risco social.<\/p>\n<p>Por Socorro Mouta<br \/>\nVoc\u00ea j\u00e1 parou para imaginar quanta diferen\u00e7a R$ 2,00 reais podem fazer na vida de quem muito precisa? Para as crian\u00e7as da Casa S\u00e3o Francisco, esse valor \u00e9 a esperan\u00e7a de um futuro melhor. Para a institui\u00e7\u00e3o, \u00e9 a manifesta\u00e7\u00e3o da provid\u00eancia divina para garantir a esses pequenos acolhimento, alimenta\u00e7\u00e3o, educa\u00e7\u00e3o e sa\u00fade.<br \/>\nA Campanha \u201cApadrinhar para Amar Hoje\u201d tem por objetivo atrair benfeitores cuja contribui\u00e7\u00e3o possa ajudar a cobrir os gastos da Casa, j\u00e1 que esta \u00e9 mantida somente por meio de doa\u00e7\u00f5es. Com o m\u00ednimo de R$ 2,00 por dia durante o m\u00eas, que totaliza R$ 60,00 mensais, voc\u00ea pode se tornar padrinho de uma crian\u00e7a da institui\u00e7\u00e3o.<br \/>\n\u201cQuando uma pessoa apadrinha, est\u00e1 ajudando a manter aquela crian\u00e7a ali em todos os sentidos, na alimenta\u00e7\u00e3o, no vestu\u00e1rio, no transporte para a escola, at\u00e9 a \u2018estadia\u2019 dela na Casa\u201d, comenta Ricardo Santos, diretor do abrigo e secret\u00e1rio da Promo\u00e7\u00e3o Humana da Comunidade Cat\u00f3lica Shalom em Sobral.<br \/>\nHoje o lar acolhe 23 crian\u00e7as e possui 19 funcion\u00e1rios. Ricardo ressalta ainda que neste tempo de pandemia \u00e9 essencial que haja mais benfeitores, pois tamb\u00e9m a institui\u00e7\u00e3o acaba sendo atingida pela crise econ\u00f4mica do pa\u00eds.<br \/>\n\u201cDessa forma, n\u00e3o faltar\u00e1 o leite, nem a fralda, n\u00e3o ser\u00e1 cortada a energia e dificilmente ficaremos sem pagar os funcion\u00e1rios\u201d, afirma o respons\u00e1vel, destacando a import\u00e2ncia dos padrinhos. A partir do apadrinhamento, ser\u00e1 trilhado um caminho de aproxima\u00e7\u00e3o desses irm\u00e3os com a Casa e as crian\u00e7as.<\/p>\n<p>Campanha Amigo dos Pobres<br \/>\nCom a pandemia e consequentemente o fechamento dos com\u00e9rcios devido ao isolamento, muitas pessoas ficaram desamparadas e em situa\u00e7\u00e3o de vulnerabilidade social. A Comunidade Cat\u00f3lica Shalom tem realizado in\u00fameras a\u00e7\u00f5es de amparo e assist\u00eancia a essas pessoas.<br \/>\nNa miss\u00e3o da Comunidade Shalom em Sobral n\u00e3o poderia ser diferente. At\u00e9 o momento foram feitas mais de 50 doa\u00e7\u00f5es de cestas b\u00e1sicas na cidade. A Promo\u00e7\u00e3o Humana ainda est\u00e1 recebendo doa\u00e7\u00f5es para serem destinadas \u00e0s pessoas que est\u00e3o precisando.<br \/>\nAl\u00e9m disso, tamb\u00e9m foi realizada uma parceria com a Prefeitura, por meio do Centro Pop, COMAD (Conselho de Pol\u00edticas sobre Drogas) e outras institui\u00e7\u00f5es que trabalham com pessoas em situa\u00e7\u00e3o de rua, para a campanha \u201cSobral Cora\u00e7\u00e3o Solid\u00e1rio\u201d, que arrecada kits de higiene pessoal e distribui roupas \u00e0s fam\u00edlias que foram atingidas economicamente com a crise causada pela pandemia de Covid-19.<br \/>\n\u201cN\u00f3s conseguimos, al\u00e9m de produtos de higiene pessoal, algumas roupas e tamb\u00e9m Liturgia Di\u00e1ria para favorecer a leitura e a ora\u00e7\u00e3o\u201d, comentou Ricardo. As doa\u00e7\u00f5es foram entregues para os abrigos tempor\u00e1rios da popula\u00e7\u00e3o em situa\u00e7\u00e3o de rua, na Escola Jos\u00e9 da Matta e na SAFS (Sociedade de Apoio \u00e0 Fam\u00edlia Sobralense) .<br \/>\nNeste tempo de pandemia, \u00e9 ainda mais necess\u00e1rio olhar para os que sofrem e socorrer os mais necessitados.<br \/>\nPara doar para a Campanha Amigo dos Pobres voc\u00ea pode entrar em contato atrav\u00e9s do n\u00famero (88) 9 99683184, j\u00e1 para a Campanha de Apadrinhamento da Casa S\u00e3o Francisco, fale conosco pelos telefones (88) 3611-5403 ou (88) 9 96587143.<\/p>\n<p><img fetchpriority=\"high\" decoding=\"async\" class=\"aligncenter size-medium wp-image-11571\" src=\"https:\/\/correiodasemana.com\/site\/wp-content\/uploads\/2020\/07\/WhatsApp-Image-2020-06-30-at-09.57.52-300x300.jpeg\" alt=\"\" width=\"300\" height=\"300\" srcset=\"https:\/\/correiodasemana.com\/site\/wp-content\/uploads\/2020\/07\/WhatsApp-Image-2020-06-30-at-09.57.52-300x300.jpeg 300w, https:\/\/correiodasemana.com\/site\/wp-content\/uploads\/2020\/07\/WhatsApp-Image-2020-06-30-at-09.57.52-150x150.jpeg 150w, https:\/\/correiodasemana.com\/site\/wp-content\/uploads\/2020\/07\/WhatsApp-Image-2020-06-30-at-09.57.52-768x768.jpeg 768w, https:\/\/correiodasemana.com\/site\/wp-content\/uploads\/2020\/07\/WhatsApp-Image-2020-06-30-at-09.57.52.jpeg 800w\" sizes=\"(max-width: 300px) 100vw, 300px\" \/><\/p>\n","protected":false},"excerpt":{"rendered":"<p>Campanha visa contribuir para a manuten\u00e7\u00e3o da Casa S\u00e3o Francisco, que acolhe crian\u00e7as de 0&#8230;<\/p>\n","protected":false},"author":1,"featured_media":11570,"comment_status":"open","ping_status":"open","sticky":false,"template":"","format":"standard","meta":{"_jetpack_memberships_contains_paid_content":false,"footnotes":"","jetpack_publicize_message":"","jetpack_publicize_feature_enabled":true,"jetpack_social_post_already_shared":true,"jetpack_social_options":{"image_generator_settings":{"template":"highway","default_image_id":0,"font":"","enabled":false},"version":2}},"categories":[1],"tags":[],"class_list":["post-11569","post","type-post","status-publish","format-standard","has-post-thumbnail","hentry","category-atualidade"],"jetpack_publicize_connections":[],"jetpack_featured_media_url":"https:\/\/correiodasemana.com\/site\/wp-content\/uploads\/2020\/07\/WhatsApp-Image-2020-06-30-at-09.57.50.jpeg","jetpack-related-posts":[{"id":13088,"url":"https:\/\/correiodasemana.com\/site\/casa-sao-francisco-vivemos-como-familia-e-somos-alcancados-pela-divina-providencia\/","url_meta":{"origin":11569,"position":0},"title":"Casa S\u00e3o Francisco: Vivemos como fam\u00edlia e somos alcan\u00e7ados pela divina provid\u00eancia","author":"","date":"Agosto 24, 2020","format":false,"excerpt":"Institui\u00e7\u00e3o atua h\u00e1 27 anos em Sobral \u2013 CE acolhendo crian\u00e7as em situa\u00e7\u00e3o de vulnerabilidade social e se mant\u00e9m por meio de doa\u00e7\u00f5es A Casa S\u00e3o Francisco \u00e9 um lar que acolhe crian\u00e7as de 0 a 6 anos que est\u00e3o em risco de vulnerabilidade social e cujos la\u00e7os foram rompidos\u2026","rel":"","context":"In &quot;Atualidade&quot;","block_context":{"text":"Atualidade","link":"https:\/\/correiodasemana.com\/site\/category\/atualidade\/"},"img":{"alt_text":"","src":"https:\/\/i0.wp.com\/correiodasemana.com\/site\/wp-content\/uploads\/2020\/08\/WhatsApp-Image-2020-08-20-at-13.22.11-1.jpeg?resize=350%2C200&ssl=1","width":350,"height":200,"srcset":"https:\/\/i0.wp.com\/correiodasemana.com\/site\/wp-content\/uploads\/2020\/08\/WhatsApp-Image-2020-08-20-at-13.22.11-1.jpeg?resize=350%2C200&ssl=1 1x, https:\/\/i0.wp.com\/correiodasemana.com\/site\/wp-content\/uploads\/2020\/08\/WhatsApp-Image-2020-08-20-at-13.22.11-1.jpeg?resize=525%2C300&ssl=1 1.5x, https:\/\/i0.wp.com\/correiodasemana.com\/site\/wp-content\/uploads\/2020\/08\/WhatsApp-Image-2020-08-20-at-13.22.11-1.jpeg?resize=700%2C400&ssl=1 2x"},"classes":[]},{"id":9676,"url":"https:\/\/correiodasemana.com\/site\/jantar-beneficente-sua-mao-e-abrigo-supera-850-participantes\/","url_meta":{"origin":11569,"position":1},"title":"Jantar beneficente \u2018Sua M\u00e3o \u00e9 Abrigo\u2019 supera 850 participantes","author":"","date":"Novembro 4, 2019","format":false,"excerpt":"Por Zaira Almeida Comunidade Cat\u00f3lica Shalom Miss\u00e3o Sobral A solidariedade e o amor \u00e0s crian\u00e7as da Casa S\u00e3o Francisco moveram o cora\u00e7\u00e3o de um p\u00fablico superior a 850 pessoas a participarem do jantar beneficente \u2018Sua M\u00e3o \u00e9 Abrigo\u2019 nesta ter\u00e7a-feira, 29, no Buffet Dona Flor. O evento est\u00e1 em sua\u2026","rel":"","context":"In &quot;Atualidade&quot;","block_context":{"text":"Atualidade","link":"https:\/\/correiodasemana.com\/site\/category\/atualidade\/"},"img":{"alt_text":"","src":"https:\/\/i0.wp.com\/correiodasemana.com\/site\/wp-content\/uploads\/2019\/11\/JANTAR-REUNIU-MAIS-DE-850-PARTICIPANTES.jpg?resize=350%2C200&ssl=1","width":350,"height":200,"srcset":"https:\/\/i0.wp.com\/correiodasemana.com\/site\/wp-content\/uploads\/2019\/11\/JANTAR-REUNIU-MAIS-DE-850-PARTICIPANTES.jpg?resize=350%2C200&ssl=1 1x, https:\/\/i0.wp.com\/correiodasemana.com\/site\/wp-content\/uploads\/2019\/11\/JANTAR-REUNIU-MAIS-DE-850-PARTICIPANTES.jpg?resize=525%2C300&ssl=1 1.5x, https:\/\/i0.wp.com\/correiodasemana.com\/site\/wp-content\/uploads\/2019\/11\/JANTAR-REUNIU-MAIS-DE-850-PARTICIPANTES.jpg?resize=700%2C400&ssl=1 2x, https:\/\/i0.wp.com\/correiodasemana.com\/site\/wp-content\/uploads\/2019\/11\/JANTAR-REUNIU-MAIS-DE-850-PARTICIPANTES.jpg?resize=1050%2C600&ssl=1 3x, https:\/\/i0.wp.com\/correiodasemana.com\/site\/wp-content\/uploads\/2019\/11\/JANTAR-REUNIU-MAIS-DE-850-PARTICIPANTES.jpg?resize=1400%2C800&ssl=1 4x"},"classes":[]},{"id":9442,"url":"https:\/\/correiodasemana.com\/site\/comunidade-shalom-em-sobral-realizara-jantar-beneficente-em-prol-de-abrigo-de-criancas\/","url_meta":{"origin":11569,"position":2},"title":"Comunidade Shalom em Sobral realizar\u00e1 Jantar Beneficente em prol de abrigo de crian\u00e7as","author":"","date":"Outubro 14, 2019","format":false,"excerpt":"Evento acontecer\u00e1 no dia 29 de outubro e objetiva arrecadar fundos para a manuten\u00e7\u00e3o da Casa S\u00e3o Francisco Assessoria de Comunica\u00e7\u00e3o da Comunidade Cat\u00f3lica Shalom A Casa S\u00e3o Francisco \u00e9 uma institui\u00e7\u00e3o que atua h\u00e1 17 anos em Sobral acolhendo crian\u00e7as de 0 a 6 anos em situa\u00e7\u00e3o de risco\u2026","rel":"","context":"In &quot;Atualidade&quot;","block_context":{"text":"Atualidade","link":"https:\/\/correiodasemana.com\/site\/category\/atualidade\/"},"img":{"alt_text":"","src":"https:\/\/i0.wp.com\/correiodasemana.com\/site\/wp-content\/uploads\/2019\/09\/rvrsa_abr_22081921127.jpg?resize=350%2C200&ssl=1","width":350,"height":200,"srcset":"https:\/\/i0.wp.com\/correiodasemana.com\/site\/wp-content\/uploads\/2019\/09\/rvrsa_abr_22081921127.jpg?resize=350%2C200&ssl=1 1x, https:\/\/i0.wp.com\/correiodasemana.com\/site\/wp-content\/uploads\/2019\/09\/rvrsa_abr_22081921127.jpg?resize=525%2C300&ssl=1 1.5x, https:\/\/i0.wp.com\/correiodasemana.com\/site\/wp-content\/uploads\/2019\/09\/rvrsa_abr_22081921127.jpg?resize=700%2C400&ssl=1 2x, https:\/\/i0.wp.com\/correiodasemana.com\/site\/wp-content\/uploads\/2019\/09\/rvrsa_abr_22081921127.jpg?resize=1050%2C600&ssl=1 3x"},"classes":[]},{"id":9325,"url":"https:\/\/correiodasemana.com\/site\/regiao-episcopal-2\/","url_meta":{"origin":11569,"position":3},"title":"Regi\u00e3o Episcopal","author":"","date":"Outubro 7, 2019","format":false,"excerpt":"Comunidade Cat\u00f3lica Mission\u00e1ria Mariana Filhos de Si\u00e3o \u2013 Bela Cruz-CE Programa\u00e7\u00e3o curso b\u00edblico sobre as cartas paulinas 05 e 06 de outubro S\u00e1bado Tarde: 13h \u2013 Acolhida com Louvor 13h:30 \u2013 1\u00aa Palestra: Quem foi Paulo? 15h \u2013 Intervalo para o Lanche 15h:20 \u2013 2\u00aa Palestra: Cartas Maiores (Romanos, 1-2\u2026","rel":"","context":"In &quot;Diocese&quot;","block_context":{"text":"Diocese","link":"https:\/\/correiodasemana.com\/site\/category\/diocese\/"},"img":{"alt_text":"","src":"https:\/\/i0.wp.com\/correiodasemana.com\/site\/wp-content\/uploads\/2019\/07\/igreja-do-ros%C3%A1rio.jpg?resize=350%2C200&ssl=1","width":350,"height":200,"srcset":"https:\/\/i0.wp.com\/correiodasemana.com\/site\/wp-content\/uploads\/2019\/07\/igreja-do-ros%C3%A1rio.jpg?resize=350%2C200&ssl=1 1x, https:\/\/i0.wp.com\/correiodasemana.com\/site\/wp-content\/uploads\/2019\/07\/igreja-do-ros%C3%A1rio.jpg?resize=525%2C300&ssl=1 1.5x, https:\/\/i0.wp.com\/correiodasemana.com\/site\/wp-content\/uploads\/2019\/07\/igreja-do-ros%C3%A1rio.jpg?resize=700%2C400&ssl=1 2x"},"classes":[]},{"id":31013,"url":"https:\/\/correiodasemana.com\/site\/sua-mao-e-abrigo-2024\/","url_meta":{"origin":11569,"position":4},"title":"Sua M\u00e3o \u00e9 Abrigo 2024","author":"adminredacao","date":"Outubro 21, 2024","format":false,"excerpt":"Sua M\u00e3o \u00e9 Abrigo \u00e9 um jantar beneficente que ser\u00e1 promovido no dia 24 de outubro em apoio \u00e0 Casa S\u00e3o Francisco. O evento acontecer\u00e1 no Espa\u00e7o Domus, em Sobral, a partir das 19h30, com o tema: \u201cCada crian\u00e7a \u00e9 um menino Jesus\u201d. Unindo solidariedade e cidadania, a Comunidade Cat\u00f3lica\u2026","rel":"","context":"In &quot;Atualidade&quot;","block_context":{"text":"Atualidade","link":"https:\/\/correiodasemana.com\/site\/category\/atualidade\/"},"img":{"alt_text":"","src":"https:\/\/i0.wp.com\/correiodasemana.com\/site\/wp-content\/uploads\/2024\/10\/461616978_18455518375016223_4729979689489805267_n.jpg?resize=350%2C200&ssl=1","width":350,"height":200,"srcset":"https:\/\/i0.wp.com\/correiodasemana.com\/site\/wp-content\/uploads\/2024\/10\/461616978_18455518375016223_4729979689489805267_n.jpg?resize=350%2C200&ssl=1 1x, https:\/\/i0.wp.com\/correiodasemana.com\/site\/wp-content\/uploads\/2024\/10\/461616978_18455518375016223_4729979689489805267_n.jpg?resize=525%2C300&ssl=1 1.5x, https:\/\/i0.wp.com\/correiodasemana.com\/site\/wp-content\/uploads\/2024\/10\/461616978_18455518375016223_4729979689489805267_n.jpg?resize=700%2C400&ssl=1 2x, https:\/\/i0.wp.com\/correiodasemana.com\/site\/wp-content\/uploads\/2024\/10\/461616978_18455518375016223_4729979689489805267_n.jpg?resize=1050%2C600&ssl=1 3x, https:\/\/i0.wp.com\/correiodasemana.com\/site\/wp-content\/uploads\/2024\/10\/461616978_18455518375016223_4729979689489805267_n.jpg?resize=1400%2C800&ssl=1 4x"},"classes":[]},{"id":20322,"url":"https:\/\/correiodasemana.com\/site\/santa-casa-de-sobral-realiza-atendimento-gratuito-a-pacientes-com-fissuras-labiopalatinas-em-parceria-com-a-smile-train\/","url_meta":{"origin":11569,"position":5},"title":"Santa Casa de Sobral realiza atendimento gratuito a pacientes com fissuras labiopalatinas em parceria com a Smile Train","author":"","date":"Julho 3, 2022","format":false,"excerpt":"Cerca de 30 pessoas, entre crian\u00e7as, adolescentes e adultos foram atendidas na campanha. A Santa Casa de Miseric\u00f3rdia de Sobral em parceria com a organiza\u00e7\u00e3o internacional filantr\u00f3pica Smile Train e com o curso de Odontologia do Centro Universit\u00e1rio INTA (UNINTA) promoveu na quarta-feira (29\/06) um mutir\u00e3o de avalia\u00e7\u00f5es pr\u00e9-cir\u00fargicas gratuitas\u2026","rel":"","context":"In &quot;Atualidade&quot;","block_context":{"text":"Atualidade","link":"https:\/\/correiodasemana.com\/site\/category\/atualidade\/"},"img":{"alt_text":"","src":"https:\/\/i0.wp.com\/correiodasemana.com\/site\/wp-content\/uploads\/2022\/07\/sta-casa-medcos.jpg?resize=350%2C200&ssl=1","width":350,"height":200,"srcset":"https:\/\/i0.wp.com\/correiodasemana.com\/site\/wp-content\/uploads\/2022\/07\/sta-casa-medcos.jpg?resize=350%2C200&ssl=1 1x, https:\/\/i0.wp.com\/correiodasemana.com\/site\/wp-content\/uploads\/2022\/07\/sta-casa-medcos.jpg?resize=525%2C300&ssl=1 1.5x, https:\/\/i0.wp.com\/correiodasemana.com\/site\/wp-content\/uploads\/2022\/07\/sta-casa-medcos.jpg?resize=700%2C400&ssl=1 2x, https:\/\/i0.wp.com\/correiodasemana.com\/site\/wp-content\/uploads\/2022\/07\/sta-casa-medcos.jpg?resize=1050%2C600&ssl=1 3x"},"classes":[]}],"jetpack_sharing_enabled":true,"_links":{"self":[{"href":"https:\/\/correiodasemana.com\/site\/wp-json\/wp\/v2\/posts\/11569","targetHints":{"allow":["GET"]}}],"collection":[{"href":"https:\/\/correiodasemana.com\/site\/wp-json\/wp\/v2\/posts"}],"about":[{"href":"https:\/\/correiodasemana.com\/site\/wp-json\/wp\/v2\/types\/post"}],"author":[{"embeddable":true,"href":"https:\/\/correiodasemana.com\/site\/wp-json\/wp\/v2\/users\/1"}],"replies":[{"embeddable":true,"href":"https:\/\/correiodasemana.com\/site\/wp-json\/wp\/v2\/comments?post=11569"}],"version-history":[{"count":1,"href":"https:\/\/correiodasemana.com\/site\/wp-json\/wp\/v2\/posts\/11569\/revisions"}],"predecessor-version":[{"id":11572,"href":"https:\/\/correiodasemana.com\/site\/wp-json\/wp\/v2\/posts\/11569\/revisions\/11572"}],"wp:featuredmedia":[{"embeddable":true,"href":"https:\/\/correiodasemana.com\/site\/wp-json\/wp\/v2\/media\/11570"}],"wp:attachment":[{"href":"https:\/\/correiodasemana.com\/site\/wp-json\/wp\/v2\/media?parent=11569"}],"wp:term":[{"taxonomy":"category","embeddable":true,"href":"https:\/\/correiodasemana.com\/site\/wp-json\/wp\/v2\/categories?post=11569"},{"taxonomy":"post_tag","embeddable":true,"href":"https:\/\/correiodasemana.com\/site\/wp-json\/wp\/v2\/tags?post=11569"}],"curies":[{"name":"wp","href":"https:\/\/api.w.org\/{rel}","templated":true}]}}