{"id":11628,"date":"2020-07-02T03:35:39","date_gmt":"2020-07-02T03:35:39","guid":{"rendered":"https:\/\/correiodasemana.com\/site\/?p=11628"},"modified":"2020-07-02T03:35:39","modified_gmt":"2020-07-02T03:35:39","slug":"instituto-teias-da-juventude-projeto-teias-da-solidariedade","status":"publish","type":"post","link":"https:\/\/correiodasemana.com\/site\/instituto-teias-da-juventude-projeto-teias-da-solidariedade\/","title":{"rendered":"INSTITUTO TEIAS DA JUVENTUDE &#8211; PROJETO TEIAS DA SOLIDARIEDADE"},"content":{"rendered":"<p>Por Chiquinho Silva<br \/>\nInstituto Teias da Juventude<\/p>\n<p><img fetchpriority=\"high\" decoding=\"async\" class=\"aligncenter size-medium wp-image-11629\" src=\"https:\/\/correiodasemana.com\/site\/wp-content\/uploads\/2020\/07\/WhatsApp-Image-2020-06-25-at-11.47.54-300x200.jpeg\" alt=\"\" width=\"300\" height=\"200\" srcset=\"https:\/\/correiodasemana.com\/site\/wp-content\/uploads\/2020\/07\/WhatsApp-Image-2020-06-25-at-11.47.54-300x200.jpeg 300w, https:\/\/correiodasemana.com\/site\/wp-content\/uploads\/2020\/07\/WhatsApp-Image-2020-06-25-at-11.47.54-1024x682.jpeg 1024w, https:\/\/correiodasemana.com\/site\/wp-content\/uploads\/2020\/07\/WhatsApp-Image-2020-06-25-at-11.47.54-768x512.jpeg 768w, https:\/\/correiodasemana.com\/site\/wp-content\/uploads\/2020\/07\/WhatsApp-Image-2020-06-25-at-11.47.54-675x450.jpeg 675w, https:\/\/correiodasemana.com\/site\/wp-content\/uploads\/2020\/07\/WhatsApp-Image-2020-06-25-at-11.47.54.jpeg 1280w\" sizes=\"(max-width: 300px) 100vw, 300px\" \/>O Instituto Teias da Juventude (ITJ), sediado no Bairro Terrenos Novos, \u00e9 uma organiza\u00e7\u00e3o social que desenvolve projetos junto a comunidades perif\u00e9ricas de Sobral. Idealizou o\u00a0Projeto Teias da Solidariedade,\u00a0movido por sua responsabilidade social e o compromisso em buscar alternativas para mitigar e permitir que fam\u00edlias em vulnerabilidade alimentar possam atravessar a pandemia covid-19 da forma mais cuidadosa, mais digna e menos dolorosa poss\u00edvel.<br \/>\nO Projeto Teias da Solidariedade tem por objetivo desenvolver a\u00e7\u00f5es para a redu\u00e7\u00e3o dos impactos decorrentes da pandemia do novo coronav\u00edrus, no que tange \u00e0 popula\u00e7\u00e3o de maior vulnerabilidade no munic\u00edpio de Sobral, fortalecendo a responsabilidade comunit\u00e1ria de adolescentes e jovens, e suas fam\u00edlias.\u00a0<img decoding=\"async\" class=\"aligncenter size-medium wp-image-11630\" src=\"https:\/\/correiodasemana.com\/site\/wp-content\/uploads\/2020\/07\/WhatsApp-Image-2020-06-25-at-11.48.20-1-300x225.jpeg\" alt=\"\" width=\"300\" height=\"225\" srcset=\"https:\/\/correiodasemana.com\/site\/wp-content\/uploads\/2020\/07\/WhatsApp-Image-2020-06-25-at-11.48.20-1-300x225.jpeg 300w, https:\/\/correiodasemana.com\/site\/wp-content\/uploads\/2020\/07\/WhatsApp-Image-2020-06-25-at-11.48.20-1-1024x768.jpeg 1024w, https:\/\/correiodasemana.com\/site\/wp-content\/uploads\/2020\/07\/WhatsApp-Image-2020-06-25-at-11.48.20-1-768x576.jpeg 768w, https:\/\/correiodasemana.com\/site\/wp-content\/uploads\/2020\/07\/WhatsApp-Image-2020-06-25-at-11.48.20-1.jpeg 1040w\" sizes=\"(max-width: 300px) 100vw, 300px\" \/>Ser\u00e3o beneficiadas por este Projeto, em m\u00e9dia 2000 pessoas, oriundas das\u00a0400 fam\u00edlias\u00a0diretamente contempladas, moradoras das comunidades de Terrenos Novos, Vila Uni\u00e3o, Residencial Nova Cai\u00e7ara, Dom Jos\u00e9, Pe. Palhano, Sumar\u00e9 e distrito de Apraz\u00edvel. Cada uma destas fam\u00edlias recebe um cart\u00e3o de vale alimenta\u00e7\u00e3o no valor de R$ 120,00 (cento e vinte reais). Vale ressaltar que os cart\u00f5es est\u00e3o nos nomes das mulheres, chefe de fam\u00edlia, como uma forma de empodera-las diante do momento pand\u00eamico. Os 400 cart\u00f5es, que equivalem a cestas b\u00e1sicas e kits de material de limpeza, foram doados pelo Instituto Votorantim e Votorantim Cimentos S\/A ao Instituto Teias da Juventude.<br \/>\nA pandemia covid-19 tem nos impulsionado a refletir em nosso compromisso conosco e com o outro. Neste sentido, o ITJ tem buscado de todas as formas alternativas que auxiliem as popula\u00e7\u00f5es mais vulner\u00e1veis a cuidar de si, de seus familiares e de suas comunidades.<\/p>\n<p><img decoding=\"async\" class=\"aligncenter size-medium wp-image-11631\" src=\"https:\/\/correiodasemana.com\/site\/wp-content\/uploads\/2020\/07\/WhatsApp-Image-2020-06-25-at-12.19.37-1-300x200.jpeg\" alt=\"\" width=\"300\" height=\"200\" srcset=\"https:\/\/correiodasemana.com\/site\/wp-content\/uploads\/2020\/07\/WhatsApp-Image-2020-06-25-at-12.19.37-1-300x200.jpeg 300w, https:\/\/correiodasemana.com\/site\/wp-content\/uploads\/2020\/07\/WhatsApp-Image-2020-06-25-at-12.19.37-1-1024x682.jpeg 1024w, https:\/\/correiodasemana.com\/site\/wp-content\/uploads\/2020\/07\/WhatsApp-Image-2020-06-25-at-12.19.37-1-768x512.jpeg 768w, https:\/\/correiodasemana.com\/site\/wp-content\/uploads\/2020\/07\/WhatsApp-Image-2020-06-25-at-12.19.37-1-675x450.jpeg 675w, https:\/\/correiodasemana.com\/site\/wp-content\/uploads\/2020\/07\/WhatsApp-Image-2020-06-25-at-12.19.37-1.jpeg 1280w\" sizes=\"(max-width: 300px) 100vw, 300px\" \/><\/p>\n","protected":false},"excerpt":{"rendered":"<p>Por Chiquinho Silva Instituto Teias da Juventude O Instituto Teias da Juventude (ITJ), sediado no&#8230;<\/p>\n","protected":false},"author":1,"featured_media":11629,"comment_status":"open","ping_status":"open","sticky":false,"template":"","format":"standard","meta":{"_jetpack_memberships_contains_paid_content":false,"footnotes":"","jetpack_publicize_message":"","jetpack_publicize_feature_enabled":true,"jetpack_social_post_already_shared":true,"jetpack_social_options":{"image_generator_settings":{"template":"highway","default_image_id":0,"font":"","enabled":false},"version":2}},"categories":[1],"tags":[],"class_list":["post-11628","post","type-post","status-publish","format-standard","has-post-thumbnail","hentry","category-atualidade"],"jetpack_publicize_connections":[],"jetpack_featured_media_url":"https:\/\/correiodasemana.com\/site\/wp-content\/uploads\/2020\/07\/WhatsApp-Image-2020-06-25-at-11.47.54.jpeg","jetpack-related-posts":[{"id":31590,"url":"https:\/\/correiodasemana.com\/site\/votorantim-cimentos-promove-acao-de-voluntariado-em-sobral\/","url_meta":{"origin":11628,"position":0},"title":"Votorantim Cimentos promove a\u00e7\u00e3o de voluntariado em Sobral","author":"adminredacao","date":"Novembro 24, 2024","format":false,"excerpt":"Empregados da empresa revitalizaram a pra\u00e7a Senador Jos\u00e9 Erm\u00edrio de Moraes. Iniciativa contou com a parceria da Secretaria Municipal de Meio Ambiente e do Instituto Teias da Juventude Por Rosana Terra\/Assessoria de Comunica\u00e7\u00e3o Sobral (CE), 18 de novembro de 2024 -\u00a0A Votorantim Cimentos, empresa de materiais de constru\u00e7\u00e3o e solu\u00e7\u00f5es\u2026","rel":"","context":"In &quot;Atualidade&quot;","block_context":{"text":"Atualidade","link":"https:\/\/correiodasemana.com\/site\/category\/atualidade\/"},"img":{"alt_text":"","src":"https:\/\/i0.wp.com\/correiodasemana.com\/site\/wp-content\/uploads\/2024\/11\/5ee73b8e-ac8e-40e5-b864-6670c6d85427.jpeg?resize=350%2C200&ssl=1","width":350,"height":200,"srcset":"https:\/\/i0.wp.com\/correiodasemana.com\/site\/wp-content\/uploads\/2024\/11\/5ee73b8e-ac8e-40e5-b864-6670c6d85427.jpeg?resize=350%2C200&ssl=1 1x, https:\/\/i0.wp.com\/correiodasemana.com\/site\/wp-content\/uploads\/2024\/11\/5ee73b8e-ac8e-40e5-b864-6670c6d85427.jpeg?resize=525%2C300&ssl=1 1.5x, https:\/\/i0.wp.com\/correiodasemana.com\/site\/wp-content\/uploads\/2024\/11\/5ee73b8e-ac8e-40e5-b864-6670c6d85427.jpeg?resize=700%2C400&ssl=1 2x, https:\/\/i0.wp.com\/correiodasemana.com\/site\/wp-content\/uploads\/2024\/11\/5ee73b8e-ac8e-40e5-b864-6670c6d85427.jpeg?resize=1050%2C600&ssl=1 3x, https:\/\/i0.wp.com\/correiodasemana.com\/site\/wp-content\/uploads\/2024\/11\/5ee73b8e-ac8e-40e5-b864-6670c6d85427.jpeg?resize=1400%2C800&ssl=1 4x"},"classes":[]},{"id":8173,"url":"https:\/\/correiodasemana.com\/site\/8a-semana-de-prevencao-ao-uso-abusivo-de-alcool-e-outras-drogas-de-sobral\/","url_meta":{"origin":11628,"position":1},"title":"8\u00aa Semana de Preven\u00e7\u00e3o ao Uso Abusivo de \u00c1lcool e outras Drogas de Sobral","author":"","date":"Julho 8, 2019","format":false,"excerpt":"O Conselho Municipal de Pol\u00edticas sobre Drogas (COMAD) realizou a 8\u00aa Semana de Preven\u00e7\u00e3o ao Uso Abusivo de \u00c1lcool e outras Drogas, em parceria com a gest\u00e3o da Secretaria Municipal da Sa\u00fade e a coordenadoria da Pol\u00edtica sobre Drogas. Por M\u00e1rcia Santos Durante a semana de 24 a 28 de\u2026","rel":"","context":"In &quot;Atualidade&quot;","block_context":{"text":"Atualidade","link":"https:\/\/correiodasemana.com\/site\/category\/atualidade\/"},"img":{"alt_text":"","src":"https:\/\/i0.wp.com\/correiodasemana.com\/site\/wp-content\/uploads\/2019\/07\/Foto-Semana-da-Preven%C3%A7%C3%A3o-1.jpeg?resize=350%2C200&ssl=1","width":350,"height":200,"srcset":"https:\/\/i0.wp.com\/correiodasemana.com\/site\/wp-content\/uploads\/2019\/07\/Foto-Semana-da-Preven%C3%A7%C3%A3o-1.jpeg?resize=350%2C200&ssl=1 1x, https:\/\/i0.wp.com\/correiodasemana.com\/site\/wp-content\/uploads\/2019\/07\/Foto-Semana-da-Preven%C3%A7%C3%A3o-1.jpeg?resize=525%2C300&ssl=1 1.5x, https:\/\/i0.wp.com\/correiodasemana.com\/site\/wp-content\/uploads\/2019\/07\/Foto-Semana-da-Preven%C3%A7%C3%A3o-1.jpeg?resize=700%2C400&ssl=1 2x, https:\/\/i0.wp.com\/correiodasemana.com\/site\/wp-content\/uploads\/2019\/07\/Foto-Semana-da-Preven%C3%A7%C3%A3o-1.jpeg?resize=1050%2C600&ssl=1 3x, https:\/\/i0.wp.com\/correiodasemana.com\/site\/wp-content\/uploads\/2019\/07\/Foto-Semana-da-Preven%C3%A7%C3%A3o-1.jpeg?resize=1400%2C800&ssl=1 4x"},"classes":[]},{"id":28199,"url":"https:\/\/correiodasemana.com\/site\/nucleo-sit-sobral-itapipoca-e-tiangua-da-rede-um-grito-pela-vida-rgpv-realiza-assembleia-de-avaliacao-e-planejamento-para-2024\/","url_meta":{"origin":11628,"position":2},"title":"N\u00facleo SIT \u2013 Sobral, Itapipoca e Tiangu\u00e1 da Rede um Grito pela Vida &#8211; RGPV\u201d realiza Assembleia de Avalia\u00e7\u00e3o e Planejamento para 2024","author":"adminredacao","date":"Janeiro 29, 2024","format":false,"excerpt":"\u00a0 Neste dia 20 de janeiro do corrente ano, na Diocese de Sobral, na serra da Meruoca. A rede \u201cUm Grito pela Vida\u201d reuniu seus membros, atrav\u00e9s do N\u00facleo SIT \u2013 Sobral, Itapipoca e Tiangu\u00e1, em uma assembleia para fazer avalia\u00e7\u00e3o da caminhada em defesa da vida e planejamento das\u2026","rel":"","context":"In &quot;Atualidade&quot;","block_context":{"text":"Atualidade","link":"https:\/\/correiodasemana.com\/site\/category\/atualidade\/"},"img":{"alt_text":"","src":"https:\/\/i0.wp.com\/correiodasemana.com\/site\/wp-content\/uploads\/2024\/01\/WhatsApp-Image-2024-01-23-at-11.56.37.jpeg?resize=350%2C200&ssl=1","width":350,"height":200,"srcset":"https:\/\/i0.wp.com\/correiodasemana.com\/site\/wp-content\/uploads\/2024\/01\/WhatsApp-Image-2024-01-23-at-11.56.37.jpeg?resize=350%2C200&ssl=1 1x, https:\/\/i0.wp.com\/correiodasemana.com\/site\/wp-content\/uploads\/2024\/01\/WhatsApp-Image-2024-01-23-at-11.56.37.jpeg?resize=525%2C300&ssl=1 1.5x, https:\/\/i0.wp.com\/correiodasemana.com\/site\/wp-content\/uploads\/2024\/01\/WhatsApp-Image-2024-01-23-at-11.56.37.jpeg?resize=700%2C400&ssl=1 2x"},"classes":[]},{"id":28520,"url":"https:\/\/correiodasemana.com\/site\/em-tempo-216\/","url_meta":{"origin":11628,"position":3},"title":"EM TEMPO \u2022","author":"adminredacao","date":"Fevereiro 27, 2024","format":false,"excerpt":"Festival de M\u00fasica da Juventude Prefeitura de Fortaleza abriu edital da 6\u00aa edi\u00e7\u00e3o do Festival de M\u00fasica da Juventude. As inscri\u00e7\u00f5es seguem at\u00e9 26 de fevereiro pelo site https:\/\/selecaojuventude.fortaleza.ce.gov.br. Ao todo, ser\u00e3o selecionados 20 projetos musicais. A grande final est\u00e1 prevista para dia 12 de abril. Os tr\u00eas primeiros lugares\u2026","rel":"","context":"In &quot;Artigos&quot;","block_context":{"text":"Artigos","link":"https:\/\/correiodasemana.com\/site\/category\/artigos\/"},"img":{"alt_text":"","src":"https:\/\/i0.wp.com\/correiodasemana.com\/site\/wp-content\/uploads\/2024\/02\/Custodiocidadaofortaleza_grok.jpg?resize=350%2C200&ssl=1","width":350,"height":200},"classes":[]},{"id":27096,"url":"https:\/\/correiodasemana.com\/site\/biblioteca-da-uva-festeja-42-anos-com-extensa-programacao\/","url_meta":{"origin":11628,"position":4},"title":"Biblioteca da UVA festeja 42 anos com extensa programa\u00e7\u00e3o","author":"adminredacao","date":"Outubro 30, 2023","format":false,"excerpt":"Por F\u00e1tima Moura Palestras, minicursos, oficina, lan\u00e7amentos de livros, visita\u00e7\u00e3o, apresenta\u00e7\u00f5es musicais, feira de artesanato, exposi\u00e7\u00f5es e premia\u00e7\u00f5es compuseram a programa\u00e7\u00e3o da XIX Semana do Livro e da Biblioteca, evento coincidente com o 42\u00ba anivers\u00e1rio de funda\u00e7\u00e3o da Biblioteca da Universidade Estadual Vale do Acara\u00fa, no per\u00edodo de 24 a\u2026","rel":"","context":"In &quot;Atualidade&quot;","block_context":{"text":"Atualidade","link":"https:\/\/correiodasemana.com\/site\/category\/atualidade\/"},"img":{"alt_text":"","src":"https:\/\/i0.wp.com\/correiodasemana.com\/site\/wp-content\/uploads\/2023\/10\/IMG-20231025-WA0021-1-scaled.jpg?resize=350%2C200&ssl=1","width":350,"height":200,"srcset":"https:\/\/i0.wp.com\/correiodasemana.com\/site\/wp-content\/uploads\/2023\/10\/IMG-20231025-WA0021-1-scaled.jpg?resize=350%2C200&ssl=1 1x, https:\/\/i0.wp.com\/correiodasemana.com\/site\/wp-content\/uploads\/2023\/10\/IMG-20231025-WA0021-1-scaled.jpg?resize=525%2C300&ssl=1 1.5x, https:\/\/i0.wp.com\/correiodasemana.com\/site\/wp-content\/uploads\/2023\/10\/IMG-20231025-WA0021-1-scaled.jpg?resize=700%2C400&ssl=1 2x, https:\/\/i0.wp.com\/correiodasemana.com\/site\/wp-content\/uploads\/2023\/10\/IMG-20231025-WA0021-1-scaled.jpg?resize=1050%2C600&ssl=1 3x, https:\/\/i0.wp.com\/correiodasemana.com\/site\/wp-content\/uploads\/2023\/10\/IMG-20231025-WA0021-1-scaled.jpg?resize=1400%2C800&ssl=1 4x"},"classes":[]},{"id":17824,"url":"https:\/\/correiodasemana.com\/site\/cine-miau-segue-com-exibicao-presencial-de-curtas-metragens-infantis-em-caucaia-sao-goncalo-do-amarante-sobral-e-itapipoca\/","url_meta":{"origin":11628,"position":5},"title":"Cine Miau segue com exibi\u00e7\u00e3o presencial de curtas-metragens infantis em Caucaia, S\u00e3o Gon\u00e7alo do Amarante, Sobral e Itapipoca","author":"","date":"Outubro 24, 2021","format":false,"excerpt":"Os filmes abordam temas como protagonismo infantil, preconceito, diversidade, pandemia, entre outros que dialogam com as diversas inf\u00e2ncias do Brasil e do mundo. Programa\u00e7\u00e3o gratuita. O\u00a0Cine MIAU - Mostra Internacional Infantil de Audiovisual\u00a0segue com o circuito de exibi\u00e7\u00f5es de filmes de curta-metragem da 3\u00aa edi\u00e7\u00e3o, pela regi\u00e3o metropolitana de Fortaleza\u2026","rel":"","context":"In &quot;Atualidade&quot;","block_context":{"text":"Atualidade","link":"https:\/\/correiodasemana.com\/site\/category\/atualidade\/"},"img":{"alt_text":"","src":"https:\/\/i0.wp.com\/correiodasemana.com\/site\/wp-content\/uploads\/2021\/10\/3%C2%B0-Cine-Miau_Praca-Verde-Dragao-do-Mar_-Foto-Luiz-Alves-116-scaled.jpg?resize=350%2C200&ssl=1","width":350,"height":200,"srcset":"https:\/\/i0.wp.com\/correiodasemana.com\/site\/wp-content\/uploads\/2021\/10\/3%C2%B0-Cine-Miau_Praca-Verde-Dragao-do-Mar_-Foto-Luiz-Alves-116-scaled.jpg?resize=350%2C200&ssl=1 1x, https:\/\/i0.wp.com\/correiodasemana.com\/site\/wp-content\/uploads\/2021\/10\/3%C2%B0-Cine-Miau_Praca-Verde-Dragao-do-Mar_-Foto-Luiz-Alves-116-scaled.jpg?resize=525%2C300&ssl=1 1.5x, https:\/\/i0.wp.com\/correiodasemana.com\/site\/wp-content\/uploads\/2021\/10\/3%C2%B0-Cine-Miau_Praca-Verde-Dragao-do-Mar_-Foto-Luiz-Alves-116-scaled.jpg?resize=700%2C400&ssl=1 2x, https:\/\/i0.wp.com\/correiodasemana.com\/site\/wp-content\/uploads\/2021\/10\/3%C2%B0-Cine-Miau_Praca-Verde-Dragao-do-Mar_-Foto-Luiz-Alves-116-scaled.jpg?resize=1050%2C600&ssl=1 3x, https:\/\/i0.wp.com\/correiodasemana.com\/site\/wp-content\/uploads\/2021\/10\/3%C2%B0-Cine-Miau_Praca-Verde-Dragao-do-Mar_-Foto-Luiz-Alves-116-scaled.jpg?resize=1400%2C800&ssl=1 4x"},"classes":[]}],"jetpack_sharing_enabled":true,"_links":{"self":[{"href":"https:\/\/correiodasemana.com\/site\/wp-json\/wp\/v2\/posts\/11628","targetHints":{"allow":["GET"]}}],"collection":[{"href":"https:\/\/correiodasemana.com\/site\/wp-json\/wp\/v2\/posts"}],"about":[{"href":"https:\/\/correiodasemana.com\/site\/wp-json\/wp\/v2\/types\/post"}],"author":[{"embeddable":true,"href":"https:\/\/correiodasemana.com\/site\/wp-json\/wp\/v2\/users\/1"}],"replies":[{"embeddable":true,"href":"https:\/\/correiodasemana.com\/site\/wp-json\/wp\/v2\/comments?post=11628"}],"version-history":[{"count":1,"href":"https:\/\/correiodasemana.com\/site\/wp-json\/wp\/v2\/posts\/11628\/revisions"}],"predecessor-version":[{"id":11632,"href":"https:\/\/correiodasemana.com\/site\/wp-json\/wp\/v2\/posts\/11628\/revisions\/11632"}],"wp:featuredmedia":[{"embeddable":true,"href":"https:\/\/correiodasemana.com\/site\/wp-json\/wp\/v2\/media\/11629"}],"wp:attachment":[{"href":"https:\/\/correiodasemana.com\/site\/wp-json\/wp\/v2\/media?parent=11628"}],"wp:term":[{"taxonomy":"category","embeddable":true,"href":"https:\/\/correiodasemana.com\/site\/wp-json\/wp\/v2\/categories?post=11628"},{"taxonomy":"post_tag","embeddable":true,"href":"https:\/\/correiodasemana.com\/site\/wp-json\/wp\/v2\/tags?post=11628"}],"curies":[{"name":"wp","href":"https:\/\/api.w.org\/{rel}","templated":true}]}}