{"id":11637,"date":"2020-07-07T17:37:33","date_gmt":"2020-07-07T17:37:33","guid":{"rendered":"https:\/\/correiodasemana.com\/site\/?p=11637"},"modified":"2020-07-07T17:37:33","modified_gmt":"2020-07-07T17:37:33","slug":"presidente-jair-bolsonaro-testa-positivo-para-covid-19","status":"publish","type":"post","link":"https:\/\/correiodasemana.com\/site\/presidente-jair-bolsonaro-testa-positivo-para-covid-19\/","title":{"rendered":"Presidente Jair Bolsonaro testa positivo para covid-19"},"content":{"rendered":"<div class=\"col-lg-12 mb-3\">\n<div class=\"row\">\n<h2 class=\"col-10 offset-1 animated fadeInDown dealy-750 display-6 display-md-4 display-lg-5 font-weight-bold alt-font text-center my-1\"><span style=\"font-size: 16px;\">Publicado em 07\/07\/2020 &#8211; 12:10 Por Andreia Verd\u00e9lio \u2013 Rep\u00f3rter da Ag\u00eancia Brasil &#8211; Bras\u00edlia<\/span><\/h2>\n<\/div>\n<div class=\"row\">\n<h4 class=\"col-10 offset-1 animated fadeInDown dealy-1100 alt-font font-italic my-2 small text-info text-center\">Atualizado em 07\/07\/2020 &#8211; 13:42<\/h4>\n<\/div>\n<\/div>\n<div class=\"col-xl-7 offset-xl-1 col-lg-8 offset-lg-0 col-md-10 offset-md-1 mb-3\">\n<div class=\"post-item alt-font\">\n<div class=\"post-item-wrap\">\n<p>O presidente Jair Bolsonaro informou hoje (7) que testou positivo para o novo coronav\u00edrus (covid-19). O resultado do exame realizado ontem (6) saiu nesta ter\u00e7a-feira por volta das 11h. Bolsonaro disse que, depois de um mal-estar, j\u00e1 sente que est\u00e1 bem. Ele informou ainda que est\u00e1 adotando o tratamento com hidroxicloroquina e azitromicina.<img decoding=\"async\" src=\"https:\/\/agenciabrasil.ebc.com.br\/ebc.png?id=1311020&amp;o=node\" \/><\/p>\n<p>Bolsonaro contou que os sintomas tiveram in\u00edcio no domingo (5). &#8220;Come\u00e7ou no domingo com uma certa indisposi\u00e7\u00e3o e se agravou durante a segunda-feira com mal-estar, cansa\u00e7o, um pouco de dor muscular e a febre no final da tarde chegou a bater 38 graus\u201d, disse em entrevista transmitida pela\u00a0<strong>TV Brasil\u00a0<\/strong>e outras emissoras. Com o m\u00e9dico da Presid\u00eancia apontando para possibilidade de contamina\u00e7\u00e3o por covid-19, Bolsonaro passou por uma tomografia no Hospital da For\u00e7as Armadas, em Bras\u00edlia, e, segundo ele, os pulm\u00f5es estavam limpos.<\/p>\n<p>\u201cMas, dados os sintomas, a equipe m\u00e9dica resolveu aplicar a hidroxicloroquina. Eu tomei ontem por volta das 17h o primeiro comprimido. Tamb\u00e9m a azitromicina, todo aquele composto foi ministrado e confesso, como acordo muito durante a noite, depois da meia-noite consegui sentir alguma melhora. \u00c0s 5h, tomei a segunda dose e confesso a voc\u00eas que estou perfeitamente bem\u201d, disse.<\/p>\n<p>Para ele, o pronto atendimento m\u00e9dico e a forma como administraram essas medica\u00e7\u00f5es levaram \u00e0 r\u00e1pida melhora. \u201cRefor\u00e7o aqui o que os m\u00e9dicos t\u00eam dito, que [com] a hidroxicloroquina na fase inicial a chance de sucesso chega a quase 100%\u201d, disse. Bolsonaro sempre defendeu esse protocolo, do uso de hidroxicloroquina na fase inicial de sintomas. Assim como essa droga, outros medicamentos vem sendo testados, mas ainda n\u00e3o h\u00e1 rem\u00e9dio ou vacina com efic\u00e1cia comprovada contra a covid-19.<\/p>\n<p>O presidente cancelou as viagens previstas para a Bahia e Minas Gerais nesta semana. Nos pr\u00f3ximos dias, Bolsonaro vai despachar por videoconfer\u00eancia e, em caso de necessidade, pessoalmente do Pal\u00e1cio da Alvorada, sua resid\u00eancia oficial. Segundo o presidente, ele deve repetir o\u00a0<a href=\"https:\/\/agenciabrasil.ebc.com.br\/saude\/noticia\/2020-07\/agencia-brasil-explica-como-funcionam-os-testes-para-detectar-covid-19\" target=\"_blank\" rel=\"noopener noreferrer\">exame<\/a>\u00a0na semana que vem. \u201cAs medidas protocolares que estou tomando \u00e9 para evitar contamina\u00e7\u00e3o a terceiros, isso cabe a todo cidad\u00e3o brasileiro, seja cidad\u00e3o comum ou o presidente da Rep\u00fablica\u201d, disse.<\/p>\n<\/div>\n<p>Fonte Ag\u00eancia Brasil<\/p>\n<\/div>\n<\/div>\n","protected":false},"excerpt":{"rendered":"<p>Publicado em 07\/07\/2020 &#8211; 12:10 Por Andreia Verd\u00e9lio \u2013 Rep\u00f3rter da Ag\u00eancia Brasil &#8211; Bras\u00edlia&#8230;<\/p>\n","protected":false},"author":1,"featured_media":11638,"comment_status":"open","ping_status":"open","sticky":false,"template":"","format":"standard","meta":{"_jetpack_memberships_contains_paid_content":false,"footnotes":"","jetpack_publicize_message":"","jetpack_publicize_feature_enabled":true,"jetpack_social_post_already_shared":true,"jetpack_social_options":{"image_generator_settings":{"template":"highway","default_image_id":0,"font":"","enabled":false},"version":2}},"categories":[1],"tags":[],"class_list":["post-11637","post","type-post","status-publish","format-standard","has-post-thumbnail","hentry","category-atualidade"],"jetpack_publicize_connections":[],"jetpack_featured_media_url":"https:\/\/correiodasemana.com\/site\/wp-content\/uploads\/2020\/07\/07_07_2020_bolsonaro3.jpg","jetpack-related-posts":[{"id":11319,"url":"https:\/\/correiodasemana.com\/site\/luiz-henrique-mandetta-e-demitido-do-ministerio-da-saude\/","url_meta":{"origin":11637,"position":0},"title":"Luiz Henrique Mandetta \u00e9 demitido do Minist\u00e9rio da Sa\u00fade","author":"","date":"Maio 7, 2020","format":false,"excerpt":"Por meio de uma rede social, o agora ex-ministro da Sa\u00fade, Luiz Henrique Mandetta, anunciou na quinta-feira (16) ter sido demitido pelo presidente Jair Bolsonaro Correio da Semana Por meio de uma rede social, o agora ex-ministro da Sa\u00fade, Luiz Henrique Mandetta, anunciou na quinta-feira (16) ter sido demitido pelo\u2026","rel":"","context":"In &quot;Atualidade&quot;","block_context":{"text":"Atualidade","link":"https:\/\/correiodasemana.com\/site\/category\/atualidade\/"},"img":{"alt_text":"","src":"https:\/\/i0.wp.com\/correiodasemana.com\/site\/wp-content\/uploads\/2020\/05\/WhatsApp-Image-2020-04-30-at-19.02.52.jpeg?resize=350%2C200&ssl=1","width":350,"height":200,"srcset":"https:\/\/i0.wp.com\/correiodasemana.com\/site\/wp-content\/uploads\/2020\/05\/WhatsApp-Image-2020-04-30-at-19.02.52.jpeg?resize=350%2C200&ssl=1 1x, https:\/\/i0.wp.com\/correiodasemana.com\/site\/wp-content\/uploads\/2020\/05\/WhatsApp-Image-2020-04-30-at-19.02.52.jpeg?resize=525%2C300&ssl=1 1.5x, https:\/\/i0.wp.com\/correiodasemana.com\/site\/wp-content\/uploads\/2020\/05\/WhatsApp-Image-2020-04-30-at-19.02.52.jpeg?resize=700%2C400&ssl=1 2x"},"classes":[]},{"id":11708,"url":"https:\/\/correiodasemana.com\/site\/sancionada-lei-que-prioriza-testes-para-profissionais-essenciais\/","url_meta":{"origin":11637,"position":1},"title":"Sancionada lei que prioriza testes para profissionais essenciais","author":"","date":"Julho 9, 2020","format":false,"excerpt":"Esses trabalhadores dever\u00e3o ser tratados e orientados O presidente Jair Bolsonaro sancionou a lei que garante a prioridade na realiza\u00e7\u00e3o de testes da covid-19 para profissionais essenciais ao controle de doen\u00e7as e \u00e0 manuten\u00e7\u00e3o da ordem p\u00fablica, que estiverem em contato direto com portadores ou poss\u00edveis portadores do novo coronav\u00edrus.\u2026","rel":"","context":"In &quot;Atualidade&quot;","block_context":{"text":"Atualidade","link":"https:\/\/correiodasemana.com\/site\/category\/atualidade\/"},"img":{"alt_text":"","src":"https:\/\/i0.wp.com\/correiodasemana.com\/site\/wp-content\/uploads\/2020\/07\/gettyimages-1215609255.jpg?resize=350%2C200&ssl=1","width":350,"height":200,"srcset":"https:\/\/i0.wp.com\/correiodasemana.com\/site\/wp-content\/uploads\/2020\/07\/gettyimages-1215609255.jpg?resize=350%2C200&ssl=1 1x, https:\/\/i0.wp.com\/correiodasemana.com\/site\/wp-content\/uploads\/2020\/07\/gettyimages-1215609255.jpg?resize=525%2C300&ssl=1 1.5x"},"classes":[]},{"id":12032,"url":"https:\/\/correiodasemana.com\/site\/bolsonaro-defende-autonomia-de-medico-para-prescrever-remedio\/","url_meta":{"origin":11637,"position":2},"title":"Bolsonaro defende autonomia de m\u00e9dico para prescrever rem\u00e9dio","author":"","date":"Julho 20, 2020","format":false,"excerpt":"Presidente, que toma hidroxicloroquina em seu tratamento contra a covid-19, postou texto da Associa\u00e7\u00e3o M\u00e9dica Brasileira sobre o medicamento O presidente Jair Bolsonaro postou um tu\u00edte nesta segunda-feira (20) defendendo a autonomia dos m\u00e9dicos na prescri\u00e7\u00e3o de rem\u00e9dios. Segundo ele, \"\u00e9 importante lembrar que o uso off label (fora da\u2026","rel":"","context":"In &quot;Atualidade&quot;","block_context":{"text":"Atualidade","link":"https:\/\/correiodasemana.com\/site\/category\/atualidade\/"},"img":{"alt_text":"","src":"https:\/\/i0.wp.com\/correiodasemana.com\/site\/wp-content\/uploads\/2020\/07\/reuters-jair-bolsonaro-1500-20072020095803877.jpeg?resize=350%2C200&ssl=1","width":350,"height":200},"classes":[]},{"id":14203,"url":"https:\/\/correiodasemana.com\/site\/bolsonaro-visita-laboratorio-do-1o-submarino-nuclear-brasileiro\/","url_meta":{"origin":11637,"position":3},"title":"Bolsonaro visita laborat\u00f3rio do 1\u00ba submarino nuclear brasileiro","author":"","date":"Outubro 21, 2020","format":false,"excerpt":"Unidade celebra nesta quarta-feira o in\u00edcio da montagem do reator O presidente Jair Bolsonaro visitou hoje (21) as instala\u00e7\u00f5es do Laborat\u00f3rio de Gera\u00e7\u00e3o de Energia Nucleoel\u00e9trica (Labgene), do Centro Tecnol\u00f3gico da Marinha em S\u00e3o Paulo (CTMSP), em Iper\u00f3, no interior paulista, onde \u00e9 desenvolvido o Programa Nuclear da Marinha. A\u2026","rel":"","context":"In &quot;Atualidade&quot;","block_context":{"text":"Atualidade","link":"https:\/\/correiodasemana.com\/site\/category\/atualidade\/"},"img":{"alt_text":"","src":"https:\/\/i0.wp.com\/correiodasemana.com\/site\/wp-content\/uploads\/2020\/10\/centro_tecnologico_da_marinha_002.jpg?resize=350%2C200&ssl=1","width":350,"height":200,"srcset":"https:\/\/i0.wp.com\/correiodasemana.com\/site\/wp-content\/uploads\/2020\/10\/centro_tecnologico_da_marinha_002.jpg?resize=350%2C200&ssl=1 1x, https:\/\/i0.wp.com\/correiodasemana.com\/site\/wp-content\/uploads\/2020\/10\/centro_tecnologico_da_marinha_002.jpg?resize=525%2C300&ssl=1 1.5x, https:\/\/i0.wp.com\/correiodasemana.com\/site\/wp-content\/uploads\/2020\/10\/centro_tecnologico_da_marinha_002.jpg?resize=700%2C400&ssl=1 2x, https:\/\/i0.wp.com\/correiodasemana.com\/site\/wp-content\/uploads\/2020\/10\/centro_tecnologico_da_marinha_002.jpg?resize=1050%2C600&ssl=1 3x"},"classes":[]},{"id":12089,"url":"https:\/\/correiodasemana.com\/site\/bolsonaro-sanciona-lei-que-libera-sorteios-de-premios-na-tv-e-no-radio\/","url_meta":{"origin":11637,"position":4},"title":"Bolsonaro sanciona lei que libera sorteios de pr\u00eamios na TV e no r\u00e1dio","author":"","date":"Julho 21, 2020","format":false,"excerpt":"Projeto aprovado pelo Congresso e sancionado pelo presidente \u00e9 oriundo de uma Medida Provis\u00f3ria formulada em mar\u00e7o pelo governo federal O presidente Jair Bolsonaro sancionou nesta ter\u00e7a-feira (21\/7) a legisla\u00e7\u00e3o que permite a realiza\u00e7\u00e3o de sorteios e a distribui\u00e7\u00e3o gratuita de brindes por emissoras de televis\u00e3o aberta e de r\u00e1dio.\u2026","rel":"","context":"In &quot;Atualidade&quot;","block_context":{"text":"Atualidade","link":"https:\/\/correiodasemana.com\/site\/category\/atualidade\/"},"img":{"alt_text":"","src":"https:\/\/i0.wp.com\/correiodasemana.com\/site\/wp-content\/uploads\/2020\/07\/reuters-jair-bolsonaro-1500-20072020095803877-1.jpeg?resize=350%2C200&ssl=1","width":350,"height":200},"classes":[]},{"id":13181,"url":"https:\/\/correiodasemana.com\/site\/bolsonaro-diz-que-proposta-do-renda-brasil-esta-suspensa\/","url_meta":{"origin":11637,"position":5},"title":"Bolsonaro diz que proposta do Renda Brasil est\u00e1 suspensa","author":"","date":"Agosto 26, 2020","format":false,"excerpt":"Atual proposta da equipe econ\u00f4mica n\u00e3o ser\u00e1 enviada ao Parlamento O presidente Jair Bolsonaro afirmou hoje (26), ao participar de evento em Ipatinga (MG), que a proposta do programa Renda Brasil est\u00e1 suspensa. O programa pretende expandir o Bolsa Fam\u00edlia. \"Ontem discutimos a proposta, a poss\u00edvel proposta do Renda Brasil.\u2026","rel":"","context":"In &quot;Atualidade&quot;","block_context":{"text":"Atualidade","link":"https:\/\/correiodasemana.com\/site\/category\/atualidade\/"},"img":{"alt_text":"","src":"https:\/\/i0.wp.com\/correiodasemana.com\/site\/wp-content\/uploads\/2020\/08\/520271949837_756bd80295_o.jpg?resize=350%2C200&ssl=1","width":350,"height":200,"srcset":"https:\/\/i0.wp.com\/correiodasemana.com\/site\/wp-content\/uploads\/2020\/08\/520271949837_756bd80295_o.jpg?resize=350%2C200&ssl=1 1x, https:\/\/i0.wp.com\/correiodasemana.com\/site\/wp-content\/uploads\/2020\/08\/520271949837_756bd80295_o.jpg?resize=525%2C300&ssl=1 1.5x, https:\/\/i0.wp.com\/correiodasemana.com\/site\/wp-content\/uploads\/2020\/08\/520271949837_756bd80295_o.jpg?resize=700%2C400&ssl=1 2x, https:\/\/i0.wp.com\/correiodasemana.com\/site\/wp-content\/uploads\/2020\/08\/520271949837_756bd80295_o.jpg?resize=1050%2C600&ssl=1 3x"},"classes":[]}],"jetpack_sharing_enabled":true,"_links":{"self":[{"href":"https:\/\/correiodasemana.com\/site\/wp-json\/wp\/v2\/posts\/11637","targetHints":{"allow":["GET"]}}],"collection":[{"href":"https:\/\/correiodasemana.com\/site\/wp-json\/wp\/v2\/posts"}],"about":[{"href":"https:\/\/correiodasemana.com\/site\/wp-json\/wp\/v2\/types\/post"}],"author":[{"embeddable":true,"href":"https:\/\/correiodasemana.com\/site\/wp-json\/wp\/v2\/users\/1"}],"replies":[{"embeddable":true,"href":"https:\/\/correiodasemana.com\/site\/wp-json\/wp\/v2\/comments?post=11637"}],"version-history":[{"count":1,"href":"https:\/\/correiodasemana.com\/site\/wp-json\/wp\/v2\/posts\/11637\/revisions"}],"predecessor-version":[{"id":11639,"href":"https:\/\/correiodasemana.com\/site\/wp-json\/wp\/v2\/posts\/11637\/revisions\/11639"}],"wp:featuredmedia":[{"embeddable":true,"href":"https:\/\/correiodasemana.com\/site\/wp-json\/wp\/v2\/media\/11638"}],"wp:attachment":[{"href":"https:\/\/correiodasemana.com\/site\/wp-json\/wp\/v2\/media?parent=11637"}],"wp:term":[{"taxonomy":"category","embeddable":true,"href":"https:\/\/correiodasemana.com\/site\/wp-json\/wp\/v2\/categories?post=11637"},{"taxonomy":"post_tag","embeddable":true,"href":"https:\/\/correiodasemana.com\/site\/wp-json\/wp\/v2\/tags?post=11637"}],"curies":[{"name":"wp","href":"https:\/\/api.w.org\/{rel}","templated":true}]}}