{"id":11741,"date":"2020-07-12T00:59:40","date_gmt":"2020-07-12T00:59:40","guid":{"rendered":"https:\/\/correiodasemana.com\/site\/?p=11741"},"modified":"2020-07-12T00:59:40","modified_gmt":"2020-07-12T00:59:40","slug":"politica-em-evidencia-29","status":"publish","type":"post","link":"https:\/\/correiodasemana.com\/site\/politica-em-evidencia-29\/","title":{"rendered":"Pol\u00edtica em Evid\u00eancia"},"content":{"rendered":"<p>Com a pandemia do coronav\u00edrus a nossa coluna ficou ausente, mais aos poucos estamos voltando, e lamentando as mortes dos muitos amigos leitores ou n\u00e3o que n\u00e3o resistiram essa doen\u00e7a. Com todo os esfor\u00e7os do prefeito Ivo Gomes, governador Camilo Santana, e o trabalho da secretaria da Sa\u00fade, poucos escaparam de pegar a Covid-19. Sobral ainda em isolamento social, mesmo depois de passar tr\u00eas meses, mais Gra\u00e7as a Deus a gente come\u00e7a a perceber que o v\u00edrus mortal est\u00e1 sendo defenestrado, e os sobralenses e brasileiros est\u00e3o se livrando desta peste.<\/p>\n<p>O vereador de Sobral, Vicente de Paulo (Paul\u00e3o), nas Sess\u00f5es Ordin\u00e1rias da C\u00e2mara de Sobral, vem elogiando o trabalho do prefeito Ivo Gomes e da secretaria da Sa\u00fade no combate ao coronav\u00edrus no munic\u00edpio. Vicente observa, que o prefeito Ivo em parceria com o governador Camilo Santana, tem se desdobrado para dar ao sobralense toda a estrutura necess\u00e1ria, para acolher os sobralenses que s\u00e3o infectados pela Covid-19.<\/p>\n<p>A Prefeitura de Meruoca ampliou as fiscaliza\u00e7\u00f5es com o objetivo de organizar as filas formadas nas portas de ag\u00eancias banc\u00e1rias, e com\u00e9rcios de servi\u00e7os essenciais, na Sede do Munic\u00edpio. A\u00e7\u00f5es de orienta\u00e7\u00e3o para as pessoas sobre a import\u00e2ncia do devido distanciamento social nas filas, higieniza\u00e7\u00e3o, o uso de m\u00e1scaras e a fiscaliza\u00e7\u00e3o dos estabelecimentos comerciais ser\u00e3o feitas diariamente por equipes da Vigil\u00e2ncia Sanit\u00e1ria e seguran\u00e7a.<\/p>\n<p>Os prazos eleitorais previstos para o m\u00eas de julho ser\u00e3o prorrogados por mais 42 dias. Agora, conforme a emenda constitucional, o primeiro turno ser\u00e1 no dia 15 de novembro e o segundo turno no dia 29 de novembro. Segundo as autoridades, o adiamento seria mais seguro para eleitores e mes\u00e1rios.<\/p>\n<p>O secret\u00e1rio de Sa\u00fade de Alc\u00e2ntaras, Nascimento, chama a aten\u00e7\u00e3o das pessoas que realizam caminhadas nas estradas e avenidas do munic\u00edpio, que segundo ele \u00e9 muito bom para a sa\u00fade, mais sem aglomera\u00e7\u00f5es e com uso de m\u00e1scaras. O secret\u00e1rio Nascimento afirma que o prefeito Joaquim tem dado total apoio a secretaria de Sa\u00fade a realizar a\u00e7\u00f5es para acabar a pandemia do coronav\u00edrus em Alc\u00e2ntaras, e chama a aten\u00e7\u00e3o para que as pessoas colaborem com a administra\u00e7\u00e3o e s\u00f3 saiam de casa com m\u00e1scara e respeitem o Decreto Municipal, para que todos possam se ver livre deste v\u00edrus.<\/p>\n<p>O prefeito de sobral, Ivo Gomes (PDT) visitou ao lado da secret\u00e1ria de Urbanismo e Meio Ambiente, Mar\u00edlia Ferreira e do respons\u00e1vel pela empresa S\u00e3o Jorge, Lucetti Sousa, visitou o diretor do Museu Diocesano, Jos\u00e9 Lu\u00eds Lira para uma visita t\u00e9cnica, e anunciar em breve a reforma do museu. Usando as redes sociais, Jos\u00e9 Lu\u00eds Lira, afirmou que teve a grata satisfa\u00e7\u00e3o de ter recebido o prefeito Ivo Gomes e os outros profissionais para uma visita t\u00e9cnica, e anunciou muito contente em sua p\u00e1gina social, que os trabalhos de restaura\u00e7\u00e3o estar\u00e3o come\u00e7ando muito em breve no Museu.<\/p>\n<p>A prefeitura de Massap\u00ea atrav\u00e9s da secretaria de Infraestrutura, depois do per\u00edodo invernoso vem realizado recupera\u00e7\u00e3o nas estradas vicinais de v\u00e1rias localidades do munic\u00edpio massapeense. De acordo com a secretaria de Infraestrutura, aconteceu a finaliza\u00e7\u00e3o das estadas vicinais das seguintes localidades: Contendas; S\u00edtio Apertado; Raiz e P\u00e9 da Serra. A secretaria vai recuperar trechos das localidades de Meruoquinha e Terra Nova, na Serra da Meruoca.<\/p>\n<p>O vereador de Meruoca, Thiago Marques (PDT), L\u00edder do Governo na C\u00e2mara Municipal, na \u00faltima Sess\u00e3o Virtual do Legislativo, apresentou v\u00e1rias obras executadas pelo gestor municipal com recursos pr\u00f3prios aos vereadores de oposi\u00e7\u00e3o, que disseram que a administra\u00e7\u00e3o municipal n\u00e3o teria investido o dinheiro de impostos arrecadados dos meruoquenses.<\/p>\n<p>Visitas da sociedade e tamb\u00e9m de familiares s\u00e3o momentos especiais para os idosos acolhidos no Abrigo Sagrado Cora\u00e7\u00e3o de Jesus em Sobral. Entretanto, desde o in\u00edcio da pandemia causada pelo novo coronav\u00edrus (Covid-19), todas as visitas foram suspensas como medida de preven\u00e7\u00e3o da doen\u00e7a. Pensando em amenizar a saudade que muitos deles sentem de conversar com familiares, os profissionais cuidadores come\u00e7aram a realizar durante o per\u00edodo de quarentena, v\u00eddeo chamadas semanais que proporcionam conforto e alegria.<\/p>\n<p>Dica do Marcelo Marques: Leia mais em www.politicaemevidencia.com.br<\/p>\n","protected":false},"excerpt":{"rendered":"<p>Com a pandemia do coronav\u00edrus a nossa coluna ficou ausente, mais aos poucos estamos voltando,&#8230;<\/p>\n","protected":false},"author":1,"featured_media":11615,"comment_status":"open","ping_status":"open","sticky":false,"template":"","format":"standard","meta":{"_jetpack_memberships_contains_paid_content":false,"footnotes":"","jetpack_publicize_message":"","jetpack_publicize_feature_enabled":true,"jetpack_social_post_already_shared":true,"jetpack_social_options":{"image_generator_settings":{"template":"highway","default_image_id":0,"font":"","enabled":false},"version":2}},"categories":[11,48],"tags":[],"class_list":["post-11741","post","type-post","status-publish","format-standard","has-post-thumbnail","hentry","category-artigos","category-politica-em-evidencia"],"jetpack_publicize_connections":[],"jetpack_featured_media_url":"https:\/\/correiodasemana.com\/site\/wp-content\/uploads\/2020\/07\/marcelo-marques-politica.jpg","jetpack-related-posts":[{"id":15656,"url":"https:\/\/correiodasemana.com\/site\/politica-em-evidencia-54\/","url_meta":{"origin":11741,"position":0},"title":"Pol\u00edtica em Evid\u00eancia","author":"","date":"Fevereiro 6, 2021","format":false,"excerpt":"Na contram\u00e3o da crise econ\u00f4mica agravada pela pandemia do novo coronav\u00edrus,\u00a0Sobral foi o munic\u00edpio que mais gerou empregos em 2020, fechando o ano com um saldo positivo de 2.834 novos postos de trabalho, superando a capital Fortaleza (2.419). Os dados s\u00e3o do Cadastro Geral de Empregados e Desempregados (Caged), do\u2026","rel":"","context":"In &quot;Artigos&quot;","block_context":{"text":"Artigos","link":"https:\/\/correiodasemana.com\/site\/category\/artigos\/"},"img":{"alt_text":"","src":"","width":0,"height":0},"classes":[]},{"id":11614,"url":"https:\/\/correiodasemana.com\/site\/politica-em-evidencia-28\/","url_meta":{"origin":11741,"position":1},"title":"Pol\u00edtica em Evid\u00eancia","author":"","date":"Julho 2, 2020","format":false,"excerpt":"O deputado federal, Le\u00f4nidas Cristino (PDT) afirmou em redes sociais, que neste momento de pandemia do coronav\u00edrus constitui um grande desafio para a administra\u00e7\u00e3o p\u00fablica, e parabenizou as a\u00e7\u00f5es do governador Camilo Santana e do prefeito Ivo Gomes. Usando as m\u00eddias sociais, Le\u00f4nidas afirmou: \u201cO prefeito Ivo Gomes se mant\u00e9m\u2026","rel":"","context":"In &quot;Artigos&quot;","block_context":{"text":"Artigos","link":"https:\/\/correiodasemana.com\/site\/category\/artigos\/"},"img":{"alt_text":"","src":"","width":0,"height":0},"classes":[]},{"id":8699,"url":"https:\/\/correiodasemana.com\/site\/politica-em-evidencia-5\/","url_meta":{"origin":11741,"position":2},"title":"Pol\u00edtica em Evid\u00eancia","author":"","date":"Agosto 17, 2019","format":false,"excerpt":"O deputado federal, Le\u00f4nidas Cristino, participou na semana passada em Sobral, da inaugura\u00e7\u00e3o da Pra\u00e7a do Empreendedor Manoel Ribeiro Parente, no bairro Sumar\u00e9 em Sobral. O novo espa\u00e7o \u00e9 um centro comercial com boxes individuais para o desenvolvimento de novos neg\u00f3cios. Usando as redes sociais, o deputado federal, Le\u00f4nidas Cristino,\u2026","rel":"","context":"In &quot;Artigos&quot;","block_context":{"text":"Artigos","link":"https:\/\/correiodasemana.com\/site\/category\/artigos\/"},"img":{"alt_text":"","src":"https:\/\/i0.wp.com\/correiodasemana.com\/site\/wp-content\/uploads\/2019\/08\/urna_lecr-e1447217261594.jpg?resize=350%2C200&ssl=1","width":350,"height":200,"srcset":"https:\/\/i0.wp.com\/correiodasemana.com\/site\/wp-content\/uploads\/2019\/08\/urna_lecr-e1447217261594.jpg?resize=350%2C200&ssl=1 1x, https:\/\/i0.wp.com\/correiodasemana.com\/site\/wp-content\/uploads\/2019\/08\/urna_lecr-e1447217261594.jpg?resize=525%2C300&ssl=1 1.5x, https:\/\/i0.wp.com\/correiodasemana.com\/site\/wp-content\/uploads\/2019\/08\/urna_lecr-e1447217261594.jpg?resize=700%2C400&ssl=1 2x, https:\/\/i0.wp.com\/correiodasemana.com\/site\/wp-content\/uploads\/2019\/08\/urna_lecr-e1447217261594.jpg?resize=1050%2C600&ssl=1 3x, https:\/\/i0.wp.com\/correiodasemana.com\/site\/wp-content\/uploads\/2019\/08\/urna_lecr-e1447217261594.jpg?resize=1400%2C800&ssl=1 4x"},"classes":[]},{"id":18979,"url":"https:\/\/correiodasemana.com\/site\/politica-em-evidencia-97\/","url_meta":{"origin":11741,"position":3},"title":"Pol\u00edtica em Evid\u00eancia","author":"","date":"Fevereiro 21, 2022","format":false,"excerpt":"Na tarde do s\u00e1bado (12\/02), o prefeito Ivo Gomes e o governador Camilo Santana cumpriram extensa\u00a0agenda no munic\u00edpio, acompanhados de suas respectivas vices, Christianne Coelho e Izolda Cela. Os gestores inauguraram a Delegacia Municipal de Pol\u00edcia Civil e o Parque Evangelina Saboya. Ainda na agenda, Ivo Gomes e Camilo Santana\u2026","rel":"","context":"In &quot;Artigos&quot;","block_context":{"text":"Artigos","link":"https:\/\/correiodasemana.com\/site\/category\/artigos\/"},"img":{"alt_text":"","src":"","width":0,"height":0},"classes":[]},{"id":9896,"url":"https:\/\/correiodasemana.com\/site\/politica-em-evidencia-14\/","url_meta":{"origin":11741,"position":4},"title":"Pol\u00edtica em Evid\u00eancia","author":"","date":"Novembro 18, 2019","format":false,"excerpt":"Prefeito Ivo Gomes entregou ao lado do governador Camilo Santana, na noite do domingo (11\/2) em Sobral, a Urbaniza\u00e7\u00e3o do Parque Paje\u00fa, uma Areninha e uma segunda Pra\u00e7a P\u00fablica. Constru\u00eddo com recursos do Tesouro Estadual e Municipal, o equipamento de 51 mil m\u00b2 recebeu investimento superior a R$ 5 milh\u00f5es.\u2026","rel":"","context":"In &quot;Artigos&quot;","block_context":{"text":"Artigos","link":"https:\/\/correiodasemana.com\/site\/category\/artigos\/"},"img":{"alt_text":"","src":"https:\/\/i0.wp.com\/correiodasemana.com\/site\/wp-content\/uploads\/2019\/08\/urna_lecr-e1447217261594.jpg?resize=350%2C200&ssl=1","width":350,"height":200,"srcset":"https:\/\/i0.wp.com\/correiodasemana.com\/site\/wp-content\/uploads\/2019\/08\/urna_lecr-e1447217261594.jpg?resize=350%2C200&ssl=1 1x, https:\/\/i0.wp.com\/correiodasemana.com\/site\/wp-content\/uploads\/2019\/08\/urna_lecr-e1447217261594.jpg?resize=525%2C300&ssl=1 1.5x, https:\/\/i0.wp.com\/correiodasemana.com\/site\/wp-content\/uploads\/2019\/08\/urna_lecr-e1447217261594.jpg?resize=700%2C400&ssl=1 2x, https:\/\/i0.wp.com\/correiodasemana.com\/site\/wp-content\/uploads\/2019\/08\/urna_lecr-e1447217261594.jpg?resize=1050%2C600&ssl=1 3x, https:\/\/i0.wp.com\/correiodasemana.com\/site\/wp-content\/uploads\/2019\/08\/urna_lecr-e1447217261594.jpg?resize=1400%2C800&ssl=1 4x"},"classes":[]},{"id":17724,"url":"https:\/\/correiodasemana.com\/site\/politica-em-evidencia-80\/","url_meta":{"origin":11741,"position":5},"title":"Pol\u00edtica em Evid\u00eancia","author":"","date":"Outubro 11, 2021","format":false,"excerpt":"Prefeito de Sobral, Ivo Gomes, dever\u00e1 em breve inaugurar depois de anos a Vila Ol\u00edmpica, para receber os jovens sobralenses para a pr\u00e1tica esportiva das diversas modalidades. O gestor ainda n\u00e3o anunciou a data da inaugura\u00e7\u00e3o, mais como os trabalhos est\u00e3o n\u00e3o reta final, n\u00f3s pr\u00f3ximos dias anunciar\u00e1 a data\u2026","rel":"","context":"In &quot;Artigos&quot;","block_context":{"text":"Artigos","link":"https:\/\/correiodasemana.com\/site\/category\/artigos\/"},"img":{"alt_text":"","src":"","width":0,"height":0},"classes":[]}],"jetpack_sharing_enabled":true,"_links":{"self":[{"href":"https:\/\/correiodasemana.com\/site\/wp-json\/wp\/v2\/posts\/11741","targetHints":{"allow":["GET"]}}],"collection":[{"href":"https:\/\/correiodasemana.com\/site\/wp-json\/wp\/v2\/posts"}],"about":[{"href":"https:\/\/correiodasemana.com\/site\/wp-json\/wp\/v2\/types\/post"}],"author":[{"embeddable":true,"href":"https:\/\/correiodasemana.com\/site\/wp-json\/wp\/v2\/users\/1"}],"replies":[{"embeddable":true,"href":"https:\/\/correiodasemana.com\/site\/wp-json\/wp\/v2\/comments?post=11741"}],"version-history":[{"count":1,"href":"https:\/\/correiodasemana.com\/site\/wp-json\/wp\/v2\/posts\/11741\/revisions"}],"predecessor-version":[{"id":11742,"href":"https:\/\/correiodasemana.com\/site\/wp-json\/wp\/v2\/posts\/11741\/revisions\/11742"}],"wp:featuredmedia":[{"embeddable":true,"href":"https:\/\/correiodasemana.com\/site\/wp-json\/wp\/v2\/media\/11615"}],"wp:attachment":[{"href":"https:\/\/correiodasemana.com\/site\/wp-json\/wp\/v2\/media?parent=11741"}],"wp:term":[{"taxonomy":"category","embeddable":true,"href":"https:\/\/correiodasemana.com\/site\/wp-json\/wp\/v2\/categories?post=11741"},{"taxonomy":"post_tag","embeddable":true,"href":"https:\/\/correiodasemana.com\/site\/wp-json\/wp\/v2\/tags?post=11741"}],"curies":[{"name":"wp","href":"https:\/\/api.w.org\/{rel}","templated":true}]}}