{"id":11743,"date":"2020-07-12T01:01:17","date_gmt":"2020-07-12T01:01:17","guid":{"rendered":"https:\/\/correiodasemana.com\/site\/?p=11743"},"modified":"2020-07-12T01:01:17","modified_gmt":"2020-07-12T01:01:17","slug":"sem-medidas-contra-covid-19-capitais-brasileiras-teriam-mais-mortes-aponta-estudo-da-uece","status":"publish","type":"post","link":"https:\/\/correiodasemana.com\/site\/sem-medidas-contra-covid-19-capitais-brasileiras-teriam-mais-mortes-aponta-estudo-da-uece\/","title":{"rendered":"Sem medidas contra Covid-19 capitais brasileiras teriam mais mortes, aponta estudo da Uece"},"content":{"rendered":"<p>A Universidade Estadual do Cear\u00e1 (Uece) publicou, no \u00faltimo dia 26 de junho, na Revista Latino-Americana de Enfermagem, o estudo \u201cEstima\u00e7\u00e3o e predi\u00e7\u00e3o dos casos de Covid-19 nas metr\u00f3poles brasileiras\u201d.<br \/>\nA Universidade Estadual do Cear\u00e1 (Uece) publicou, no \u00faltimo dia 26 de junho, na Revista Latino-Americana de Enfermagem, o estudo \u201cEstima\u00e7\u00e3o e predi\u00e7\u00e3o dos casos de Covid-19 nas metr\u00f3poles brasileiras\u201d. Foi o primeiro estudo \u201cpreditivo\u201d no Brasil, com o objetivo de estimar a taxa de transmiss\u00e3o, o pico epidemiol\u00f3gico e \u00f3bitos pelo novo coronav\u00edrus no pa\u00eds.<br \/>\nO estudo confirmou a r\u00e1pida dissemina\u00e7\u00e3o do v\u00edrus e sua alta mortalidade, mostrando que, sem as medidas de preven\u00e7\u00e3o e combate \u00e0 Covid-19 tomadas por Prefeituras e Governos, os n\u00fameros de infectados e mortos seriam ainda maiores.<br \/>\nPara a an\u00e1lise, foram selecionadas as capitais at\u00e9 ent\u00e3o com o maior n\u00famero de casos da infec\u00e7\u00e3o \u2013 Belo Horizonte, S\u00e3o Paulo e Rio de Janeiro, do Sudeste; Curitiba, Florian\u00f3polis e Porto Alegre, do Sul; Manaus, da regi\u00e3o Norte; Salvador e Fortaleza, do Nordeste; onde foi aplicado um modelo matem\u00e1tico e epidemiol\u00f3gico para os casos suscet\u00edveis, infectados e recuperados.<br \/>\nDessa forma, os pesquisadores estimaram o n\u00famero de casos no 80\u00ba dia em cada uma dessas capitais por meio de equa\u00e7\u00f5es diferenciais. Os resultados foram colocados em logaritmos e comparados com os n\u00fameros reais.<br \/>\nNa capital cearense, foram previstos no estudo mais de 400 mil casos da doen\u00e7a e 4.149 \u00f3bitos por Covid-19 at\u00e9 o 80\u00ba dia da curva de transmiss\u00e3o, se n\u00e3o tivessem sido aplicadas as medidas de preven\u00e7\u00e3o e combate ao coronav\u00edrus. Com ado\u00e7\u00e3o de medidas, os n\u00fameros reais foram de 27.905 casos e cerca de 2.500 \u00f3bitos.<\/p>\n<p>Predi\u00e7\u00e3o dos resultados do novo coronav\u00edrus<br \/>\nDe acordo com a pesquisadora, enfermeira e coordenadora do Grupo de Trabalho para enfrentamento \u00e0 pandemia do coronav\u00edrus na Uece, professora L\u00facia Duarte, \u201cFortaleza estava colocada entre as principais cidades em n\u00famero de casos logo nas primeiras semanas da pandemia no Brasil; e o estudo mostrou que a capital cearense tinha a maior taxa de transmissibilidade naquele per\u00edodo, portanto, as medidas de isolamento se faziam necess\u00e1rias com mais rigor e mais precoces\u201d.<br \/>\nA docente destacou ainda que, al\u00e9m de Fortaleza, Manaus foi outra metr\u00f3pole com taxa transmissibilidade mais elevada, possivelmente com a contribui\u00e7\u00e3o do turismo. \u201cEssas metr\u00f3poles t\u00eam tamb\u00e9m em comum um grande fluxo de turistas, pois s\u00e3o destinos internacionais; tanto Fortaleza como Manaus tiveram seus n\u00fameros relacionados \u00e0 ocupa\u00e7\u00e3o quase que total de leitos de UTI por Covid-19, naquele per\u00edodo\u201d, ressalta L\u00facia.<br \/>\nA tamb\u00e9m pesquisadora no estudo, enfermeira e membro do GT da Uece, professora Thereza Magalh\u00e3es, fala sobre a import\u00e2ncia do estudo. \u201cA maioria dos estudos brasileiros j\u00e1 publicados sobre os casos de Covid-19 em nosso pa\u00eds at\u00e9 o momento s\u00e3o relatos de experi\u00eancia, revis\u00f5es narrativas, mas nenhum \u2018estudo preditivo\u2019\u201d.<br \/>\nE explica a an\u00e1lise. \u201cOs dados foram extra\u00eddos de relat\u00f3rios epidemiol\u00f3gicos di\u00e1rios desde o primeiro dia em que casos da doen\u00e7a foram confirmados. Ent\u00e3o, o momento representado pelos dados do nosso estudo marca o momento inicial da pandemia em algumas das principais capitais brasileiras. Seria uma esp\u00e9cie de marco zero, portanto, bastante fiel do retrato que t\u00ednhamos do pa\u00eds em um primeiro cen\u00e1rio, o que \u00e9 sempre mais fiel que os dados que v\u00eam depois, que comumente sofrem interveni\u00eancia de mais vari\u00e1veis. Esse artigo ser\u00e1 para sempre relevante para a ci\u00eancia cearense, brasileira e at\u00e9 mesmo mundial, sem falsa mod\u00e9stia, por ser no caso do Cear\u00e1 o primeiro a representar este marco zero em nosso Estado, assim como tamb\u00e9m em nosso pa\u00eds, e mundialmente por mostrar t\u00e3o r\u00e1pido quanto vi\u00e1vel em ci\u00eancia os dados da pandemia em um pa\u00eds de clima quente, inclusive, pela expectativa que se tinha sobre o comportamento do v\u00edrus no clima tropical, o que n\u00e3o foi uma vari\u00e1vel do estudo, mas, pelos dados encontrados, viu-se que o comportamento observado do v\u00edrus aqui n\u00e3o foi diferente do observado nos pa\u00edses frios\u201d, destaca a pesquisadora.<br \/>\nDesta forma, o estudo confirma a import\u00e2ncia do isolamento social e das demais medidas de preven\u00e7\u00e3o e combate ao coronav\u00edrus. Agora, com mais de 100 dias ap\u00f3s a confirma\u00e7\u00e3o dos primeiros casos nas capitais analisadas, e com a flexibiliza\u00e7\u00e3o do isolamento, \u00e9 ainda muito importante a continuidade dos cuidados por parte de toda a popula\u00e7\u00e3o. \u201cA previs\u00e3o inicial \u00e9 de casos at\u00e9 o final de setembro, mas, como j\u00e1 passamos do pico de casos e de \u00f3bitos pela doen\u00e7a, estamos reabrindo a economia de Fortaleza. Assim, para n\u00e3o termos uma terceira onda, o principal \u00e9 sair o m\u00ednimo poss\u00edvel, manter m\u00ednimo de um metro e meio de dist\u00e2ncia das outras pessoas, usar m\u00e1scara que realmente proteja contra aeross\u00f3is, proteger os olhos e n\u00e3o esquecer de lavar sempre as m\u00e3os\u201d, refor\u00e7a Thereza.<br \/>\nO estudo contou tamb\u00e9m com mais quatro pesquisadores, todos enfermeiros cearenses \u2013 Raquel Flor\u00eancio, George Sousa, Thiago Garces e Virna Cestari.<br \/>\nPor Jornalista Adriana Rodrigues<\/p>\n","protected":false},"excerpt":{"rendered":"<p>A Universidade Estadual do Cear\u00e1 (Uece) publicou, no \u00faltimo dia 26 de junho, na Revista&#8230;<\/p>\n","protected":false},"author":1,"featured_media":11744,"comment_status":"open","ping_status":"open","sticky":false,"template":"","format":"standard","meta":{"_jetpack_memberships_contains_paid_content":false,"footnotes":"","jetpack_publicize_message":"","jetpack_publicize_feature_enabled":true,"jetpack_social_post_already_shared":true,"jetpack_social_options":{"image_generator_settings":{"template":"highway","default_image_id":0,"font":"","enabled":false},"version":2}},"categories":[1],"tags":[],"class_list":["post-11743","post","type-post","status-publish","format-standard","has-post-thumbnail","hentry","category-atualidade"],"jetpack_publicize_connections":[],"jetpack_featured_media_url":"https:\/\/correiodasemana.com\/site\/wp-content\/uploads\/2020\/07\/respirador-para-covid-19.jpg","jetpack-related-posts":[{"id":16496,"url":"https:\/\/correiodasemana.com\/site\/em-tempo-82\/","url_meta":{"origin":11743,"position":0},"title":"Em Tempo","author":"","date":"Maio 17, 2021","format":false,"excerpt":"Uece adia Vestibular devido \u00e0 Covid-19 A Universidade Estadual do Cear\u00e1 (Uece) resolveu adiar as provas da\u00a0primeira fase do vestibular 2021.1. Inicialmente, as provas estavam agendadas para ocorrer no pr\u00f3ximo dia 30, mas foram realocadas devido ao atual est\u00e1gio da pandemia da Covid-19 no Cear\u00e1. A\u00a0data prov\u00e1vel para a aplica\u00e7\u00e3o\u2026","rel":"","context":"In &quot;Artigos&quot;","block_context":{"text":"Artigos","link":"https:\/\/correiodasemana.com\/site\/category\/artigos\/"},"img":{"alt_text":"","src":"https:\/\/i0.wp.com\/correiodasemana.com\/site\/wp-content\/uploads\/2019\/12\/FOTO-EDILSON-SILVA-2.jpg?resize=350%2C200&ssl=1","width":350,"height":200,"srcset":"https:\/\/i0.wp.com\/correiodasemana.com\/site\/wp-content\/uploads\/2019\/12\/FOTO-EDILSON-SILVA-2.jpg?resize=350%2C200&ssl=1 1x, https:\/\/i0.wp.com\/correiodasemana.com\/site\/wp-content\/uploads\/2019\/12\/FOTO-EDILSON-SILVA-2.jpg?resize=525%2C300&ssl=1 1.5x, https:\/\/i0.wp.com\/correiodasemana.com\/site\/wp-content\/uploads\/2019\/12\/FOTO-EDILSON-SILVA-2.jpg?resize=700%2C400&ssl=1 2x"},"classes":[]},{"id":16920,"url":"https:\/\/correiodasemana.com\/site\/em-tempo-89\/","url_meta":{"origin":11743,"position":1},"title":"Em Tempo","author":"","date":"Julho 5, 2021","format":false,"excerpt":"Exame Nacional do Ensino M\u00e9dio As inscri\u00e7\u00f5es para o Exame Nacional do Ensino M\u00e9dio (Enem)\u00a02021 acontecem entre os dias\u00a030 de junho e 14 de julho. Para n\u00e3o isentos, o pagamento da taxa de R$ 85 pode ser feito at\u00e9 19 de julho. As provas acontecem nos dias 21 e 28\u2026","rel":"","context":"In &quot;Artigos&quot;","block_context":{"text":"Artigos","link":"https:\/\/correiodasemana.com\/site\/category\/artigos\/"},"img":{"alt_text":"","src":"https:\/\/i0.wp.com\/correiodasemana.com\/site\/wp-content\/uploads\/2019\/12\/FOTO-EDILSON-SILVA-2.jpg?resize=350%2C200&ssl=1","width":350,"height":200,"srcset":"https:\/\/i0.wp.com\/correiodasemana.com\/site\/wp-content\/uploads\/2019\/12\/FOTO-EDILSON-SILVA-2.jpg?resize=350%2C200&ssl=1 1x, https:\/\/i0.wp.com\/correiodasemana.com\/site\/wp-content\/uploads\/2019\/12\/FOTO-EDILSON-SILVA-2.jpg?resize=525%2C300&ssl=1 1.5x, https:\/\/i0.wp.com\/correiodasemana.com\/site\/wp-content\/uploads\/2019\/12\/FOTO-EDILSON-SILVA-2.jpg?resize=700%2C400&ssl=1 2x"},"classes":[]},{"id":16619,"url":"https:\/\/correiodasemana.com\/site\/em-tempo-84\/","url_meta":{"origin":11743,"position":2},"title":"Em Tempo","author":"","date":"Maio 31, 2021","format":false,"excerpt":"IFCE oferta 280 vagas em cursos t\u00e9cnicos Foi lan\u00e7ado o edital do processo seletivo para os cursos t\u00e9cnicos do campus de Sobral do Instituto Federal do Cear\u00e1 (IFCE), referente ao semestre 2021.1, previsto para iniciar no dia 8 de setembro. As inscri\u00e7\u00f5es ser\u00e3o recebidas at\u00e9 4 de junho, exclusivamente pela\u2026","rel":"","context":"In &quot;Artigos&quot;","block_context":{"text":"Artigos","link":"https:\/\/correiodasemana.com\/site\/category\/artigos\/"},"img":{"alt_text":"","src":"https:\/\/i0.wp.com\/correiodasemana.com\/site\/wp-content\/uploads\/2019\/12\/FOTO-EDILSON-SILVA-2.jpg?resize=350%2C200&ssl=1","width":350,"height":200,"srcset":"https:\/\/i0.wp.com\/correiodasemana.com\/site\/wp-content\/uploads\/2019\/12\/FOTO-EDILSON-SILVA-2.jpg?resize=350%2C200&ssl=1 1x, https:\/\/i0.wp.com\/correiodasemana.com\/site\/wp-content\/uploads\/2019\/12\/FOTO-EDILSON-SILVA-2.jpg?resize=525%2C300&ssl=1 1.5x, https:\/\/i0.wp.com\/correiodasemana.com\/site\/wp-content\/uploads\/2019\/12\/FOTO-EDILSON-SILVA-2.jpg?resize=700%2C400&ssl=1 2x"},"classes":[]},{"id":16429,"url":"https:\/\/correiodasemana.com\/site\/em-tempo-81\/","url_meta":{"origin":11743,"position":3},"title":"Em Tempo","author":"","date":"Maio 10, 2021","format":false,"excerpt":"INSS antecipa o 13\u00ba dos aposentados O Instituto Nacional do Seguro Social (INSS) pagar\u00e1, de 25 de maio at\u00e9 o dia 8 de junho, a primeira parcela do 13\u00ba sal\u00e1rio para aposentados e pensionistas. Segunda parcela ser\u00e1 paga entre 24 de junho e 7 de julho. As duas parcelas ser\u00e3o\u2026","rel":"","context":"In &quot;Artigos&quot;","block_context":{"text":"Artigos","link":"https:\/\/correiodasemana.com\/site\/category\/artigos\/"},"img":{"alt_text":"","src":"https:\/\/i0.wp.com\/correiodasemana.com\/site\/wp-content\/uploads\/2019\/12\/FOTO-EDILSON-SILVA-2.jpg?resize=350%2C200&ssl=1","width":350,"height":200,"srcset":"https:\/\/i0.wp.com\/correiodasemana.com\/site\/wp-content\/uploads\/2019\/12\/FOTO-EDILSON-SILVA-2.jpg?resize=350%2C200&ssl=1 1x, https:\/\/i0.wp.com\/correiodasemana.com\/site\/wp-content\/uploads\/2019\/12\/FOTO-EDILSON-SILVA-2.jpg?resize=525%2C300&ssl=1 1.5x, https:\/\/i0.wp.com\/correiodasemana.com\/site\/wp-content\/uploads\/2019\/12\/FOTO-EDILSON-SILVA-2.jpg?resize=700%2C400&ssl=1 2x"},"classes":[]},{"id":16192,"url":"https:\/\/correiodasemana.com\/site\/em-tempo-77\/","url_meta":{"origin":11743,"position":4},"title":"Em Tempo","author":"","date":"Abril 12, 2021","format":false,"excerpt":"Festival de Bolso de M\u00fasica Brasileira Qual interse\u00e7\u00e3o entre a m\u00fasica e a poesia? Melodias, letras e poemas se misturam. Tornam-se espa\u00e7o de encontros art\u00edsticos e reflex\u00f5es. Com essa proposta, o \u201cPoem\u00fasica \u2013 Festival de Bolso de M\u00fasica Brasileira\u201d acontece em abril nas plataformas virtuais. Na sexta-feira, dia 9, a\u2026","rel":"","context":"In &quot;Artigos&quot;","block_context":{"text":"Artigos","link":"https:\/\/correiodasemana.com\/site\/category\/artigos\/"},"img":{"alt_text":"","src":"https:\/\/i0.wp.com\/correiodasemana.com\/site\/wp-content\/uploads\/2019\/12\/FOTO-EDILSON-SILVA-2.jpg?resize=350%2C200&ssl=1","width":350,"height":200,"srcset":"https:\/\/i0.wp.com\/correiodasemana.com\/site\/wp-content\/uploads\/2019\/12\/FOTO-EDILSON-SILVA-2.jpg?resize=350%2C200&ssl=1 1x, https:\/\/i0.wp.com\/correiodasemana.com\/site\/wp-content\/uploads\/2019\/12\/FOTO-EDILSON-SILVA-2.jpg?resize=525%2C300&ssl=1 1.5x, https:\/\/i0.wp.com\/correiodasemana.com\/site\/wp-content\/uploads\/2019\/12\/FOTO-EDILSON-SILVA-2.jpg?resize=700%2C400&ssl=1 2x"},"classes":[]},{"id":16751,"url":"https:\/\/correiodasemana.com\/site\/em-tempo-86\/","url_meta":{"origin":11743,"position":5},"title":"Em Tempo","author":"","date":"Junho 14, 2021","format":false,"excerpt":"Vacina cearense\u00a0contra a Covid-19 Iniciada em abril de 2020, a pesquisa da Universidade Estadual do Cear\u00e1 (Uece) para o desenvolvimento de vacina contra a Covid-19 se prepara para a segunda fase, que consiste na realiza\u00e7\u00e3o de testes em humanos. Para isso, a institui\u00e7\u00e3o aguarda aprova\u00e7\u00e3o pela Anvisa. A pesquisa \u00e9\u2026","rel":"","context":"In &quot;Artigos&quot;","block_context":{"text":"Artigos","link":"https:\/\/correiodasemana.com\/site\/category\/artigos\/"},"img":{"alt_text":"","src":"https:\/\/i0.wp.com\/correiodasemana.com\/site\/wp-content\/uploads\/2019\/12\/FOTO-EDILSON-SILVA-2.jpg?resize=350%2C200&ssl=1","width":350,"height":200,"srcset":"https:\/\/i0.wp.com\/correiodasemana.com\/site\/wp-content\/uploads\/2019\/12\/FOTO-EDILSON-SILVA-2.jpg?resize=350%2C200&ssl=1 1x, https:\/\/i0.wp.com\/correiodasemana.com\/site\/wp-content\/uploads\/2019\/12\/FOTO-EDILSON-SILVA-2.jpg?resize=525%2C300&ssl=1 1.5x, https:\/\/i0.wp.com\/correiodasemana.com\/site\/wp-content\/uploads\/2019\/12\/FOTO-EDILSON-SILVA-2.jpg?resize=700%2C400&ssl=1 2x"},"classes":[]}],"jetpack_sharing_enabled":true,"_links":{"self":[{"href":"https:\/\/correiodasemana.com\/site\/wp-json\/wp\/v2\/posts\/11743","targetHints":{"allow":["GET"]}}],"collection":[{"href":"https:\/\/correiodasemana.com\/site\/wp-json\/wp\/v2\/posts"}],"about":[{"href":"https:\/\/correiodasemana.com\/site\/wp-json\/wp\/v2\/types\/post"}],"author":[{"embeddable":true,"href":"https:\/\/correiodasemana.com\/site\/wp-json\/wp\/v2\/users\/1"}],"replies":[{"embeddable":true,"href":"https:\/\/correiodasemana.com\/site\/wp-json\/wp\/v2\/comments?post=11743"}],"version-history":[{"count":1,"href":"https:\/\/correiodasemana.com\/site\/wp-json\/wp\/v2\/posts\/11743\/revisions"}],"predecessor-version":[{"id":11745,"href":"https:\/\/correiodasemana.com\/site\/wp-json\/wp\/v2\/posts\/11743\/revisions\/11745"}],"wp:featuredmedia":[{"embeddable":true,"href":"https:\/\/correiodasemana.com\/site\/wp-json\/wp\/v2\/media\/11744"}],"wp:attachment":[{"href":"https:\/\/correiodasemana.com\/site\/wp-json\/wp\/v2\/media?parent=11743"}],"wp:term":[{"taxonomy":"category","embeddable":true,"href":"https:\/\/correiodasemana.com\/site\/wp-json\/wp\/v2\/categories?post=11743"},{"taxonomy":"post_tag","embeddable":true,"href":"https:\/\/correiodasemana.com\/site\/wp-json\/wp\/v2\/tags?post=11743"}],"curies":[{"name":"wp","href":"https:\/\/api.w.org\/{rel}","templated":true}]}}