{"id":11746,"date":"2020-07-12T01:05:51","date_gmt":"2020-07-12T01:05:51","guid":{"rendered":"https:\/\/correiodasemana.com\/site\/?p=11746"},"modified":"2020-07-12T01:05:51","modified_gmt":"2020-07-12T01:05:51","slug":"morre-o-radialista-ivan-moreira","status":"publish","type":"post","link":"https:\/\/correiodasemana.com\/site\/morre-o-radialista-ivan-moreira\/","title":{"rendered":"Morre o radialista Ivan Moreira"},"content":{"rendered":"<p>O radialista, v\u00edtima de uma parada card\u00edaca, era conhecido por dominar assuntos relacionados ao esporte amador em Sobral e regi\u00e3o.<br \/>\nFaleceu na manh\u00e3 desta quinta-feira (9) o radialista Jos\u00e9 Ivan Moreira dos Santos Silva, 61 anos. O radialista, v\u00edtima de uma parada card\u00edaca, era conhecido por dominar assuntos relacionados ao esporte amador em Sobral e regi\u00e3o.<br \/>\nSegundo a fam\u00edlia, Ivan Moreira assistiu a Ta\u00e7a Rio na noite da \u00faltima quarta-feira (8), entretanto, no meio da madrugada o radialista reclamou de fortes dores no peito, sendo levado com urg\u00eancia ao Hospital do Cora\u00e7\u00e3o por volta das 4h30.<br \/>\nAtualmente o radialista comandava um programa na R\u00e1dio Tupinamb\u00e1 FM e o \u201cEsportes no Ar\u201d, na R\u00e1dio Educadora do Nordeste. Foi um dos respons\u00e1veis em levar a ocupar uma cadeira na C\u00e2mara de Sobral, o radialista in-memoriam Jos\u00e9 Maria F\u00e9lix.<\/p>\n<p><img fetchpriority=\"high\" decoding=\"async\" class=\"aligncenter size-medium wp-image-11747\" src=\"https:\/\/correiodasemana.com\/site\/wp-content\/uploads\/2020\/07\/Ivan-Moreira-Este-\u00e9-aquele-1-1-300x203.jpg\" alt=\"\" width=\"300\" height=\"203\" srcset=\"https:\/\/correiodasemana.com\/site\/wp-content\/uploads\/2020\/07\/Ivan-Moreira-Este-\u00e9-aquele-1-1-300x203.jpg 300w, https:\/\/correiodasemana.com\/site\/wp-content\/uploads\/2020\/07\/Ivan-Moreira-Este-\u00e9-aquele-1-1-1024x693.jpg 1024w, https:\/\/correiodasemana.com\/site\/wp-content\/uploads\/2020\/07\/Ivan-Moreira-Este-\u00e9-aquele-1-1-768x520.jpg 768w, https:\/\/correiodasemana.com\/site\/wp-content\/uploads\/2020\/07\/Ivan-Moreira-Este-\u00e9-aquele-1-1.jpg 1175w\" sizes=\"(max-width: 300px) 100vw, 300px\" \/> <img decoding=\"async\" class=\"aligncenter size-medium wp-image-11748\" src=\"https:\/\/correiodasemana.com\/site\/wp-content\/uploads\/2020\/07\/Ivan-Moreira-Este-\u00e9-aquele-2-1-300x249.jpg\" alt=\"\" width=\"300\" height=\"249\" srcset=\"https:\/\/correiodasemana.com\/site\/wp-content\/uploads\/2020\/07\/Ivan-Moreira-Este-\u00e9-aquele-2-1-300x249.jpg 300w, https:\/\/correiodasemana.com\/site\/wp-content\/uploads\/2020\/07\/Ivan-Moreira-Este-\u00e9-aquele-2-1-768x637.jpg 768w, https:\/\/correiodasemana.com\/site\/wp-content\/uploads\/2020\/07\/Ivan-Moreira-Este-\u00e9-aquele-2-1.jpg 904w\" sizes=\"(max-width: 300px) 100vw, 300px\" \/> <img decoding=\"async\" class=\"aligncenter size-medium wp-image-11749\" src=\"https:\/\/correiodasemana.com\/site\/wp-content\/uploads\/2020\/07\/Ivan-Moreira-Este-\u00e9-aquele-3-188x300.jpg\" alt=\"\" width=\"188\" height=\"300\" srcset=\"https:\/\/correiodasemana.com\/site\/wp-content\/uploads\/2020\/07\/Ivan-Moreira-Este-\u00e9-aquele-3-188x300.jpg 188w, https:\/\/correiodasemana.com\/site\/wp-content\/uploads\/2020\/07\/Ivan-Moreira-Este-\u00e9-aquele-3-640x1024.jpg 640w, https:\/\/correiodasemana.com\/site\/wp-content\/uploads\/2020\/07\/Ivan-Moreira-Este-\u00e9-aquele-3.jpg 729w\" sizes=\"(max-width: 188px) 100vw, 188px\" \/> <img loading=\"lazy\" decoding=\"async\" class=\"aligncenter size-medium wp-image-11750\" src=\"https:\/\/correiodasemana.com\/site\/wp-content\/uploads\/2020\/07\/DSC_7622-1-300x251.jpg\" alt=\"\" width=\"300\" height=\"251\" srcset=\"https:\/\/correiodasemana.com\/site\/wp-content\/uploads\/2020\/07\/DSC_7622-1-300x251.jpg 300w, https:\/\/correiodasemana.com\/site\/wp-content\/uploads\/2020\/07\/DSC_7622-1-768x643.jpg 768w, https:\/\/correiodasemana.com\/site\/wp-content\/uploads\/2020\/07\/DSC_7622-1.jpg 999w\" sizes=\"(max-width: 300px) 100vw, 300px\" \/> <img loading=\"lazy\" decoding=\"async\" class=\"aligncenter size-medium wp-image-11751\" src=\"https:\/\/correiodasemana.com\/site\/wp-content\/uploads\/2020\/07\/Junior-Ripardo-Carlos-Torres-e-Ivan-Moreira-2-1-300x201.jpg\" alt=\"\" width=\"300\" height=\"201\" srcset=\"https:\/\/correiodasemana.com\/site\/wp-content\/uploads\/2020\/07\/Junior-Ripardo-Carlos-Torres-e-Ivan-Moreira-2-1-300x201.jpg 300w, https:\/\/correiodasemana.com\/site\/wp-content\/uploads\/2020\/07\/Junior-Ripardo-Carlos-Torres-e-Ivan-Moreira-2-1-675x450.jpg 675w, https:\/\/correiodasemana.com\/site\/wp-content\/uploads\/2020\/07\/Junior-Ripardo-Carlos-Torres-e-Ivan-Moreira-2-1.jpg 724w\" sizes=\"(max-width: 300px) 100vw, 300px\" \/> <img loading=\"lazy\" decoding=\"async\" class=\"aligncenter size-medium wp-image-11752\" src=\"https:\/\/correiodasemana.com\/site\/wp-content\/uploads\/2020\/07\/DSC_7876-1-300x201.jpg\" alt=\"\" width=\"300\" height=\"201\" srcset=\"https:\/\/correiodasemana.com\/site\/wp-content\/uploads\/2020\/07\/DSC_7876-1-300x201.jpg 300w, https:\/\/correiodasemana.com\/site\/wp-content\/uploads\/2020\/07\/DSC_7876-1-768x514.jpg 768w, https:\/\/correiodasemana.com\/site\/wp-content\/uploads\/2020\/07\/DSC_7876-1-675x450.jpg 675w, https:\/\/correiodasemana.com\/site\/wp-content\/uploads\/2020\/07\/DSC_7876-1.jpg 968w\" sizes=\"(max-width: 300px) 100vw, 300px\" \/> <img loading=\"lazy\" decoding=\"async\" class=\"aligncenter size-medium wp-image-11753\" src=\"https:\/\/correiodasemana.com\/site\/wp-content\/uploads\/2020\/07\/Foto-9-Ivan-Moreira-1-300x201.jpg\" alt=\"\" width=\"300\" height=\"201\" srcset=\"https:\/\/correiodasemana.com\/site\/wp-content\/uploads\/2020\/07\/Foto-9-Ivan-Moreira-1-300x201.jpg 300w, https:\/\/correiodasemana.com\/site\/wp-content\/uploads\/2020\/07\/Foto-9-Ivan-Moreira-1-768x514.jpg 768w, https:\/\/correiodasemana.com\/site\/wp-content\/uploads\/2020\/07\/Foto-9-Ivan-Moreira-1-675x450.jpg 675w, https:\/\/correiodasemana.com\/site\/wp-content\/uploads\/2020\/07\/Foto-9-Ivan-Moreira-1.jpg 968w\" sizes=\"(max-width: 300px) 100vw, 300px\" \/><\/p>\n","protected":false},"excerpt":{"rendered":"<p>O radialista, v\u00edtima de uma parada card\u00edaca, era conhecido por dominar assuntos relacionados ao esporte&#8230;<\/p>\n","protected":false},"author":1,"featured_media":11750,"comment_status":"open","ping_status":"open","sticky":false,"template":"","format":"standard","meta":{"_jetpack_memberships_contains_paid_content":false,"footnotes":"","jetpack_publicize_message":"","jetpack_publicize_feature_enabled":true,"jetpack_social_post_already_shared":true,"jetpack_social_options":{"image_generator_settings":{"template":"highway","default_image_id":0,"font":"","enabled":false},"version":2}},"categories":[1],"tags":[],"class_list":["post-11746","post","type-post","status-publish","format-standard","has-post-thumbnail","hentry","category-atualidade"],"jetpack_publicize_connections":[],"jetpack_featured_media_url":"https:\/\/correiodasemana.com\/site\/wp-content\/uploads\/2020\/07\/DSC_7622-1.jpg","jetpack-related-posts":[{"id":11689,"url":"https:\/\/correiodasemana.com\/site\/morre-o-radialista-sobralense-ivan-moreira\/","url_meta":{"origin":11746,"position":0},"title":"Morre o radialista sobralense Ivan Moreira","author":"","date":"Julho 9, 2020","format":false,"excerpt":"Faleceu na manh\u00e3 desta quinta-feira, um dos mais conhecidos locutor esportivo da regi\u00e3o Norte do estado do Cear\u00e1, radialista Ivan Moreira, 63 anos.. Ivan Moreira comandava programas esportivos, atualmente na R\u00e1dio Tupinamb\u00e1 FM e R\u00e1dio Educadora do Nordeste AM. Ivan Moreira se destacou no mundo esportivo, atrav\u00e9s do esporte amador,\u2026","rel":"","context":"In &quot;Atualidade&quot;","block_context":{"text":"Atualidade","link":"https:\/\/correiodasemana.com\/site\/category\/atualidade\/"},"img":{"alt_text":"","src":"https:\/\/i0.wp.com\/correiodasemana.com\/site\/wp-content\/uploads\/2020\/07\/DSC_7622.jpg?resize=350%2C200&ssl=1","width":350,"height":200,"srcset":"https:\/\/i0.wp.com\/correiodasemana.com\/site\/wp-content\/uploads\/2020\/07\/DSC_7622.jpg?resize=350%2C200&ssl=1 1x, https:\/\/i0.wp.com\/correiodasemana.com\/site\/wp-content\/uploads\/2020\/07\/DSC_7622.jpg?resize=525%2C300&ssl=1 1.5x, https:\/\/i0.wp.com\/correiodasemana.com\/site\/wp-content\/uploads\/2020\/07\/DSC_7622.jpg?resize=700%2C400&ssl=1 2x, https:\/\/i0.wp.com\/correiodasemana.com\/site\/wp-content\/uploads\/2020\/07\/DSC_7622.jpg?resize=1050%2C600&ssl=1 3x, https:\/\/i0.wp.com\/correiodasemana.com\/site\/wp-content\/uploads\/2020\/07\/DSC_7622.jpg?resize=1400%2C800&ssl=1 4x"},"classes":[]},{"id":11699,"url":"https:\/\/correiodasemana.com\/site\/radio-educadora-publica-nota-de-falecimento-do-radialista-ivan-moreira\/","url_meta":{"origin":11746,"position":1},"title":"R\u00c1DIO EDUCADORA PUBLICA NOTA DE FALECIMENTO DO RADIALISTA IVAN MOREIRA","author":"","date":"Julho 9, 2020","format":false,"excerpt":"","rel":"","context":"In &quot;Atualidade&quot;","block_context":{"text":"Atualidade","link":"https:\/\/correiodasemana.com\/site\/category\/atualidade\/"},"img":{"alt_text":"","src":"https:\/\/i0.wp.com\/correiodasemana.com\/site\/wp-content\/uploads\/2020\/07\/WhatsApp-Image-2020-07-09-at-08.50.20.jpeg?resize=350%2C200&ssl=1","width":350,"height":200,"srcset":"https:\/\/i0.wp.com\/correiodasemana.com\/site\/wp-content\/uploads\/2020\/07\/WhatsApp-Image-2020-07-09-at-08.50.20.jpeg?resize=350%2C200&ssl=1 1x, https:\/\/i0.wp.com\/correiodasemana.com\/site\/wp-content\/uploads\/2020\/07\/WhatsApp-Image-2020-07-09-at-08.50.20.jpeg?resize=525%2C300&ssl=1 1.5x, https:\/\/i0.wp.com\/correiodasemana.com\/site\/wp-content\/uploads\/2020\/07\/WhatsApp-Image-2020-07-09-at-08.50.20.jpeg?resize=700%2C400&ssl=1 2x, https:\/\/i0.wp.com\/correiodasemana.com\/site\/wp-content\/uploads\/2020\/07\/WhatsApp-Image-2020-07-09-at-08.50.20.jpeg?resize=1050%2C600&ssl=1 3x"},"classes":[]},{"id":29800,"url":"https:\/\/correiodasemana.com\/site\/radio-educadora-fm-107-5-celebra-65-anos-de-criacao\/","url_meta":{"origin":11746,"position":2},"title":"R\u00e1dio Educadora FM 107.5 celebra 65 anos de cria\u00e7\u00e3o","author":"adminredacao","date":"Julho 1, 2024","format":false,"excerpt":"A manh\u00e3 desta quinta-feira, 27\/06, foi de muita alegria para os radialistas e colaboradores da R\u00e1dio Educadora FM 107.5 em virtude dos 65 anos de cria\u00e7\u00e3o da emissora. A comemora\u00e7\u00e3o ficou por conta do Show do Ivan Frota e reuniu radialistas, colaboradores, sacerdotes, ouvintes e amigos no audit\u00f3rio Dom Walfrido\u2026","rel":"","context":"In &quot;Atualidade&quot;","block_context":{"text":"Atualidade","link":"https:\/\/correiodasemana.com\/site\/category\/atualidade\/"},"img":{"alt_text":"","src":"https:\/\/i0.wp.com\/correiodasemana.com\/site\/wp-content\/uploads\/2024\/07\/RADIO-EDUCADORA-2-scaled.jpg?resize=350%2C200&ssl=1","width":350,"height":200,"srcset":"https:\/\/i0.wp.com\/correiodasemana.com\/site\/wp-content\/uploads\/2024\/07\/RADIO-EDUCADORA-2-scaled.jpg?resize=350%2C200&ssl=1 1x, https:\/\/i0.wp.com\/correiodasemana.com\/site\/wp-content\/uploads\/2024\/07\/RADIO-EDUCADORA-2-scaled.jpg?resize=525%2C300&ssl=1 1.5x, https:\/\/i0.wp.com\/correiodasemana.com\/site\/wp-content\/uploads\/2024\/07\/RADIO-EDUCADORA-2-scaled.jpg?resize=700%2C400&ssl=1 2x, https:\/\/i0.wp.com\/correiodasemana.com\/site\/wp-content\/uploads\/2024\/07\/RADIO-EDUCADORA-2-scaled.jpg?resize=1050%2C600&ssl=1 3x, https:\/\/i0.wp.com\/correiodasemana.com\/site\/wp-content\/uploads\/2024\/07\/RADIO-EDUCADORA-2-scaled.jpg?resize=1400%2C800&ssl=1 4x"},"classes":[]},{"id":29815,"url":"https:\/\/correiodasemana.com\/site\/morre-aos-77-anos-william-vasconcelos-o-radialista-esportivo\/","url_meta":{"origin":11746,"position":3},"title":"Morre, aos 77 anos, William Vasconcelos, o radialista esportivo","author":"adminredacao","date":"Julho 1, 2024","format":false,"excerpt":"Morreu na madrugada de segunda-feira (24\/06), em sua resid\u00eancia, por complica\u00e7\u00f5es de sa\u00fade, o radialista esportivo, William Vasconcelos. No r\u00e1dio, William Vasconcelos exerceu diversas fun\u00e7\u00f5es como: Narrador Esportivo, comentarista Esportivo, Rep\u00f3rter de Campo, Noticiarista, Disc-J\u00f3quei, entre outras. O enterro aconteceu na cidade de Santana do Acara\u00fa, onde est\u00e1 sepultada sua\u2026","rel":"","context":"In &quot;Atualidade&quot;","block_context":{"text":"Atualidade","link":"https:\/\/correiodasemana.com\/site\/category\/atualidade\/"},"img":{"alt_text":"","src":"https:\/\/i0.wp.com\/correiodasemana.com\/site\/wp-content\/uploads\/2024\/07\/William-Vasconcelos.jpg?resize=350%2C200&ssl=1","width":350,"height":200},"classes":[]},{"id":20273,"url":"https:\/\/correiodasemana.com\/site\/radio-educadora-fm-1075-celebra-63-anos-de-criacao\/","url_meta":{"origin":11746,"position":4},"title":"R\u00e1dio Educadora FM 107,5 celebra 63 anos de cria\u00e7\u00e3o","author":"","date":"Junho 27, 2022","format":false,"excerpt":"(Thais Helena \u2013 Reda\u00e7\u00e3o Correio da Semana) Para celebrar o 63\u00ba anivers\u00e1rio da R\u00e1dio Educadora FM 107,5 houve uma programa\u00e7\u00e3o especial no p\u00e1tio da C\u00faria Diocesana na manh\u00e3 da \u00faltima ter\u00e7a-feira, dia 21 de junho, com o Show do Ivan Frota, homenagens, momento musical e anima\u00e7\u00e3o com Rosinha do Acordeon.\u2026","rel":"","context":"In &quot;Atualidade&quot;","block_context":{"text":"Atualidade","link":"https:\/\/correiodasemana.com\/site\/category\/atualidade\/"},"img":{"alt_text":"","src":"https:\/\/i0.wp.com\/correiodasemana.com\/site\/wp-content\/uploads\/2022\/06\/niver-radio-educadora.jpg?resize=350%2C200&ssl=1","width":350,"height":200,"srcset":"https:\/\/i0.wp.com\/correiodasemana.com\/site\/wp-content\/uploads\/2022\/06\/niver-radio-educadora.jpg?resize=350%2C200&ssl=1 1x, https:\/\/i0.wp.com\/correiodasemana.com\/site\/wp-content\/uploads\/2022\/06\/niver-radio-educadora.jpg?resize=525%2C300&ssl=1 1.5x, https:\/\/i0.wp.com\/correiodasemana.com\/site\/wp-content\/uploads\/2022\/06\/niver-radio-educadora.jpg?resize=700%2C400&ssl=1 2x"},"classes":[]},{"id":35983,"url":"https:\/\/correiodasemana.com\/site\/sindicato-dos-radialistas-de-sobral-realizou-encontro-com-os-profissionais-da-comunicacao-da-zona-norte\/","url_meta":{"origin":11746,"position":5},"title":"Sindicato dos Radialistas de Sobral realizou encontro com os profissionais da comunica\u00e7\u00e3o da Zona Norte","author":"adminredacao","date":"Outubro 29, 2025","format":false,"excerpt":"O Sindicato dos Radialistas do Cear\u00e1 (SindRadioCE), realizou em Sobral, no dia 17 de outubro de 2025, um encontro com profissionais da comunica\u00e7\u00e3o da Regi\u00e3o Norte. O evento, que tamb\u00e9m incluiu blogueiros, aconteceu na C\u00e2mara Municipal de Sobral e teve como objetivo discutir temas relevantes para a categoria. A iniciativa\u2026","rel":"","context":"In &quot;Atualidade&quot;","block_context":{"text":"Atualidade","link":"https:\/\/correiodasemana.com\/site\/category\/atualidade\/"},"img":{"alt_text":"","src":"https:\/\/i0.wp.com\/correiodasemana.com\/site\/wp-content\/uploads\/2025\/10\/WhatsApp-Image-2025-10-18-at-15.06.23-2.jpeg?resize=350%2C200&ssl=1","width":350,"height":200,"srcset":"https:\/\/i0.wp.com\/correiodasemana.com\/site\/wp-content\/uploads\/2025\/10\/WhatsApp-Image-2025-10-18-at-15.06.23-2.jpeg?resize=350%2C200&ssl=1 1x, https:\/\/i0.wp.com\/correiodasemana.com\/site\/wp-content\/uploads\/2025\/10\/WhatsApp-Image-2025-10-18-at-15.06.23-2.jpeg?resize=525%2C300&ssl=1 1.5x, https:\/\/i0.wp.com\/correiodasemana.com\/site\/wp-content\/uploads\/2025\/10\/WhatsApp-Image-2025-10-18-at-15.06.23-2.jpeg?resize=700%2C400&ssl=1 2x"},"classes":[]}],"jetpack_sharing_enabled":true,"_links":{"self":[{"href":"https:\/\/correiodasemana.com\/site\/wp-json\/wp\/v2\/posts\/11746","targetHints":{"allow":["GET"]}}],"collection":[{"href":"https:\/\/correiodasemana.com\/site\/wp-json\/wp\/v2\/posts"}],"about":[{"href":"https:\/\/correiodasemana.com\/site\/wp-json\/wp\/v2\/types\/post"}],"author":[{"embeddable":true,"href":"https:\/\/correiodasemana.com\/site\/wp-json\/wp\/v2\/users\/1"}],"replies":[{"embeddable":true,"href":"https:\/\/correiodasemana.com\/site\/wp-json\/wp\/v2\/comments?post=11746"}],"version-history":[{"count":1,"href":"https:\/\/correiodasemana.com\/site\/wp-json\/wp\/v2\/posts\/11746\/revisions"}],"predecessor-version":[{"id":11754,"href":"https:\/\/correiodasemana.com\/site\/wp-json\/wp\/v2\/posts\/11746\/revisions\/11754"}],"wp:featuredmedia":[{"embeddable":true,"href":"https:\/\/correiodasemana.com\/site\/wp-json\/wp\/v2\/media\/11750"}],"wp:attachment":[{"href":"https:\/\/correiodasemana.com\/site\/wp-json\/wp\/v2\/media?parent=11746"}],"wp:term":[{"taxonomy":"category","embeddable":true,"href":"https:\/\/correiodasemana.com\/site\/wp-json\/wp\/v2\/categories?post=11746"},{"taxonomy":"post_tag","embeddable":true,"href":"https:\/\/correiodasemana.com\/site\/wp-json\/wp\/v2\/tags?post=11746"}],"curies":[{"name":"wp","href":"https:\/\/api.w.org\/{rel}","templated":true}]}}