{"id":11755,"date":"2020-07-12T01:12:28","date_gmt":"2020-07-12T01:12:28","guid":{"rendered":"https:\/\/correiodasemana.com\/site\/?p=11755"},"modified":"2020-07-12T01:12:28","modified_gmt":"2020-07-12T01:12:28","slug":"em-tempo-39","status":"publish","type":"post","link":"https:\/\/correiodasemana.com\/site\/em-tempo-39\/","title":{"rendered":"Em Tempo"},"content":{"rendered":"<p><strong>Dicion\u00e1rio Termos do Coronavirus<\/strong><br \/>\nProjeto criado na Catalunha, com a elabora\u00e7\u00e3o de dicion\u00e1rio sobre a pandemia do novo coronav\u00edrus, conta com a colabora\u00e7\u00e3o do professor cearense M\u00e1rcio Santiago. Ele \u00e9 respons\u00e1vel pelos termos em portugu\u00eas na plataforma digital dispon\u00edvel para todo o mundo.<br \/>\nO \u201cTermes del Coronavirus\u201d \u2013 \u201cTermos do Coronav\u00edrus\u2019, em tradu\u00e7\u00e3o literal para o portugu\u00eas \u2013 conta com tradu\u00e7\u00e3o tamb\u00e9m nos idiomas espanhol, ingl\u00eas, franc\u00eas e catal\u00e3o, l\u00edngua de origem da plataforma. O dicion\u00e1rio digital j\u00e1 conta com cerca de 140 termos.<\/p>\n<p><strong>A beatifica\u00e7\u00e3o da Menina Benigna<\/strong><br \/>\nA pandemia do novo coronav\u00edrus pode adiar o primeiro processo de beatifica\u00e7\u00e3o da hist\u00f3ria do Cear\u00e1,\u00a0que est\u00e1 marcado para dia 21 de outubro deste ano. A celebra\u00e7\u00e3o daria o t\u00edtulo de beata a\u00a0Benigna Cardoso da Silva, brutalmente assassinada em Santana do Cariri.<br \/>\nConhecida como Menina Benigna, a garota de 13 anos foi esfaqueada pelo seu agressor ap\u00f3s ter recusado manter rela\u00e7\u00f5es \u00edntimas e amorosas. Religiosa e temente a Deus, sua morte chocou a popula\u00e7\u00e3o e fez com que os fi\u00e9is da cidade a reconhecessem como santa.<\/p>\n<p><strong>Document\u00e1rio sobre Dom Fragoso <\/strong><\/p>\n<p><img decoding=\"async\" class=\"aligncenter size-medium wp-image-11756\" src=\"https:\/\/correiodasemana.com\/site\/wp-content\/uploads\/2020\/07\/DOM-FRAGOSO-300x159.png\" alt=\"\" width=\"300\" height=\"159\" \/><br \/>\nFoto-Divulga\u00e7\u00e3o<br \/>\nO filme exp\u00f5e reflex\u00f5es de Dom Fragoso sobre fatos importantes da hist\u00f3ria do Brasil<br \/>\nO document\u00e1rio \u201cDom Fragoso\u201d, de Francis Vale, com exibi\u00e7\u00e3o no dia 9 de julho, no site do Cineteatro S\u00e3o Luiz e em seu canal no YouTube, integrou a faixa de programa\u00e7\u00e3o online \u201cSemana do Audiovisual Cearense\u201d da Secretaria da Cultura do Estado (Secult).<br \/>\nO filme \u00e9 sobre Dom Ant\u00f4nio Batista Fragoso (1920 \u2013 2006), primeiro bispo da Diocese de Crate\u00fas, Cear\u00e1, de 1964 a 1998. Trata de sua experi\u00eancia na organiza\u00e7\u00e3o dos trabalhadores rurais em sindicatos e nas Comunidades Eclesiais de Base durante o regime militar.<\/p>\n<p><strong>Enem ser\u00e1 em janeiro de 2021<\/strong><br \/>\nO Minist\u00e9rio da Educa\u00e7\u00e3o (MEC) divulgou durante entrevista virtual, no dia 8 de julho, que os estudantes inscritos no Exame Nacional do Ensino M\u00e9dio (Enem) far\u00e3o provas nos dias 17 e 24 de janeiro de 2021. As provas foram\u00a0adiadas devido ao novo coronav\u00edrus.<br \/>\nMesmo ocorrendo em 2021, o Enem vai adotar o distanciamento, o uso obrigat\u00f3rio de m\u00e1scara e a utiliza\u00e7\u00e3o de \u00e1lcool em gel. Para garantir que os alunos realizem a prova com seguran\u00e7a, o MEC ampliar\u00e1 o n\u00famero de salas destinadas \u00e0 realiza\u00e7\u00e3o do exame.<\/p>\n<p><strong>Recursos educacionais digitais<\/strong><br \/>\nA Secretaria da Educa\u00e7\u00e3o de Sobral promoveu, no dia 10 de julho, a 14\u00aa aula do curso de aperfei\u00e7oamento em Letramento Digital e Tecnologia Educacional.\u00a0O\u00a0secret\u00e1rio da Educa\u00e7\u00e3o do Munic\u00edpio, professor Herbert Lima, foi o respons\u00e1vel pela\u00a0media\u00e7\u00e3o do encontro.<br \/>\nO professor Ismar Frango abordou o tema \u201cEnsino h\u00edbrido em tempos de (p\u00f3s?-) pandemia: o que vir\u00e1 pela frente?\u201d. Para falar sobre \u201cutiliza\u00e7\u00e3o de recursos educacionais digitais nos anos iniciais do Ensino Fundamental\u201d, foi convidada a professora Raquel Freire.<\/p>\n<p><strong>Dica da Coluna<\/strong><br \/>\nLeia o Blog do Edilson (www.blogdoedilson.com.br). Cultura, educa\u00e7\u00e3o, pol\u00edtica e utilidade p\u00fablica.<\/p>\n","protected":false},"excerpt":{"rendered":"<p>Dicion\u00e1rio Termos do Coronavirus Projeto criado na Catalunha, com a elabora\u00e7\u00e3o de dicion\u00e1rio sobre a&#8230;<\/p>\n","protected":false},"author":1,"featured_media":10199,"comment_status":"open","ping_status":"open","sticky":false,"template":"","format":"standard","meta":{"_jetpack_memberships_contains_paid_content":false,"footnotes":"","jetpack_publicize_message":"","jetpack_publicize_feature_enabled":true,"jetpack_social_post_already_shared":true,"jetpack_social_options":{"image_generator_settings":{"template":"highway","default_image_id":0,"font":"","enabled":false},"version":2}},"categories":[11,36],"tags":[],"class_list":["post-11755","post","type-post","status-publish","format-standard","has-post-thumbnail","hentry","category-artigos","category-em-tempo"],"jetpack_publicize_connections":[],"jetpack_featured_media_url":"https:\/\/correiodasemana.com\/site\/wp-content\/uploads\/2019\/12\/FOTO-EDILSON-SILVA-2.jpg","jetpack-related-posts":[{"id":19702,"url":"https:\/\/correiodasemana.com\/site\/diocese-de-crato-beatificacao-da-martir-benigna-cardoso-tem-data-anunciada\/","url_meta":{"origin":11755,"position":0},"title":"Diocese de Crato: Beatifica\u00e7\u00e3o da M\u00e1rtir Benigna Cardoso tem data anunciada","author":"","date":"Maio 8, 2022","format":false,"excerpt":"(Assessoria de Comunica\u00e7\u00e3o Diocese de Crato) - Benigna Cardoso, de Santana do Cariri, ser\u00e1 beatificada no dia 24 de outubro deste ano, em solene celebra\u00e7\u00e3o presidida por sua Emin\u00eancia, o Cardeal Marcello Semararo, Prefeito da Congrega\u00e7\u00e3o das Causas dos Santos, na Pra\u00e7a da Catedral de Nossa Senhora da Penha, em\u2026","rel":"","context":"In &quot;Atualidade&quot;","block_context":{"text":"Atualidade","link":"https:\/\/correiodasemana.com\/site\/category\/atualidade\/"},"img":{"alt_text":"","src":"https:\/\/i0.wp.com\/correiodasemana.com\/site\/wp-content\/uploads\/2022\/05\/WhatsApp-Image-2022-05-05-at-22.48.30.jpeg?resize=350%2C200&ssl=1","width":350,"height":200,"srcset":"https:\/\/i0.wp.com\/correiodasemana.com\/site\/wp-content\/uploads\/2022\/05\/WhatsApp-Image-2022-05-05-at-22.48.30.jpeg?resize=350%2C200&ssl=1 1x, https:\/\/i0.wp.com\/correiodasemana.com\/site\/wp-content\/uploads\/2022\/05\/WhatsApp-Image-2022-05-05-at-22.48.30.jpeg?resize=525%2C300&ssl=1 1.5x, https:\/\/i0.wp.com\/correiodasemana.com\/site\/wp-content\/uploads\/2022\/05\/WhatsApp-Image-2022-05-05-at-22.48.30.jpeg?resize=700%2C400&ssl=1 2x, https:\/\/i0.wp.com\/correiodasemana.com\/site\/wp-content\/uploads\/2022\/05\/WhatsApp-Image-2022-05-05-at-22.48.30.jpeg?resize=1050%2C600&ssl=1 3x"},"classes":[]},{"id":21402,"url":"https:\/\/correiodasemana.com\/site\/beatificada-a-serva-de-deus-benigna-cardoso-da-silva\/","url_meta":{"origin":11755,"position":1},"title":"Beatificada a Serva de Deus, Benigna Cardoso da Silva","author":"","date":"Outubro 30, 2022","format":false,"excerpt":"Dia 24 de outubro, a Igreja Cat\u00f3lica concedeu o t\u00edtulo de Beata \u00e0 Serva de Deus Benigna Cardoso da Silva. A Santa Missa com o rito da Beatifica\u00e7\u00e3o aconteceu ao cair da tarde, no Parque de Exposi\u00e7\u00e3o Pedro Fel\u00edcio Cavalcante, na cidade do Crato-CE, sob a presid\u00eancia do Cardeal e\u2026","rel":"","context":"In &quot;Atualidade&quot;","block_context":{"text":"Atualidade","link":"https:\/\/correiodasemana.com\/site\/category\/atualidade\/"},"img":{"alt_text":"","src":"https:\/\/i0.wp.com\/correiodasemana.com\/site\/wp-content\/uploads\/2022\/10\/Beatificacao-Benigna.jpg?resize=350%2C200&ssl=1","width":350,"height":200,"srcset":"https:\/\/i0.wp.com\/correiodasemana.com\/site\/wp-content\/uploads\/2022\/10\/Beatificacao-Benigna.jpg?resize=350%2C200&ssl=1 1x, https:\/\/i0.wp.com\/correiodasemana.com\/site\/wp-content\/uploads\/2022\/10\/Beatificacao-Benigna.jpg?resize=525%2C300&ssl=1 1.5x, https:\/\/i0.wp.com\/correiodasemana.com\/site\/wp-content\/uploads\/2022\/10\/Beatificacao-Benigna.jpg?resize=700%2C400&ssl=1 2x, https:\/\/i0.wp.com\/correiodasemana.com\/site\/wp-content\/uploads\/2022\/10\/Beatificacao-Benigna.jpg?resize=1050%2C600&ssl=1 3x, https:\/\/i0.wp.com\/correiodasemana.com\/site\/wp-content\/uploads\/2022\/10\/Beatificacao-Benigna.jpg?resize=1400%2C800&ssl=1 4x"},"classes":[]},{"id":21326,"url":"https:\/\/correiodasemana.com\/site\/ceara-se-prepara-para-a-beatificacao-da-menina-benigna\/","url_meta":{"origin":11755,"position":2},"title":"Cear\u00e1 se prepara para a beatifica\u00e7\u00e3o da Menina Benigna","author":"","date":"Outubro 24, 2022","format":false,"excerpt":"A jovem Benigna Cardoso, de Santana do Cariri, no Cear\u00e1, ser\u00e1 a pr\u00f3xima Beata brasileira em cerim\u00f4nia marcada para a pr\u00f3xima segunda-feira, dia 24 de outubro. A missa ser\u00e1 presidida pelo cardeal Leonardo Steiner no Parque de Exposi\u00e7\u00f5es da Expocrato para cerca de 60 mil pessoas. Andressa Collet - Vatican\u2026","rel":"","context":"In &quot;Atualidade&quot;","block_context":{"text":"Atualidade","link":"https:\/\/correiodasemana.com\/site\/category\/atualidade\/"},"img":{"alt_text":"","src":"https:\/\/i0.wp.com\/correiodasemana.com\/site\/wp-content\/uploads\/2022\/10\/beatificacao.jpg?resize=350%2C200&ssl=1","width":350,"height":200,"srcset":"https:\/\/i0.wp.com\/correiodasemana.com\/site\/wp-content\/uploads\/2022\/10\/beatificacao.jpg?resize=350%2C200&ssl=1 1x, https:\/\/i0.wp.com\/correiodasemana.com\/site\/wp-content\/uploads\/2022\/10\/beatificacao.jpg?resize=525%2C300&ssl=1 1.5x, https:\/\/i0.wp.com\/correiodasemana.com\/site\/wp-content\/uploads\/2022\/10\/beatificacao.jpg?resize=700%2C400&ssl=1 2x"},"classes":[]},{"id":27044,"url":"https:\/\/correiodasemana.com\/site\/menina-benigna\/","url_meta":{"origin":11755,"position":3},"title":"MENINA BENIGNA","author":"adminredacao","date":"Outubro 30, 2023","format":false,"excerpt":"\u201cEu te bendigo, Pai, Senhor do c\u00e9u e da terra, porque escondestes estas coisas aos s\u00e1bios e entendidos e as revelastes aos pequenos. Sim, Pai, eu te bendigo, porque assim foi do teu agrado\u201d (Mt 11, 25-26). No \u00faltimo dia 24, a Igreja celebrou a primeira festa em honra \u00e0\u2026","rel":"","context":"In &quot;Artigos&quot;","block_context":{"text":"Artigos","link":"https:\/\/correiodasemana.com\/site\/category\/artigos\/"},"img":{"alt_text":"","src":"https:\/\/i0.wp.com\/correiodasemana.com\/site\/wp-content\/uploads\/2018\/02\/editorial-cs.jpg?resize=350%2C200&ssl=1","width":350,"height":200,"srcset":"https:\/\/i0.wp.com\/correiodasemana.com\/site\/wp-content\/uploads\/2018\/02\/editorial-cs.jpg?resize=350%2C200&ssl=1 1x, https:\/\/i0.wp.com\/correiodasemana.com\/site\/wp-content\/uploads\/2018\/02\/editorial-cs.jpg?resize=525%2C300&ssl=1 1.5x"},"classes":[]},{"id":21420,"url":"https:\/\/correiodasemana.com\/site\/uma-beata-vestida-de-chita\/","url_meta":{"origin":11755,"position":4},"title":"\u201cUma beata vestida de chita\u201d","author":"","date":"Outubro 31, 2022","format":false,"excerpt":"\u201cEu te bendigo, Pai, Senhor do c\u00e9u e da terra, porque escondestes estas coisas aos s\u00e1bios e entendidos e as revelastes aos pequenos. Sim, Pai, eu te bendigo, porque assim foi do teu agrado\u201d (Mt 11, 25-26). No \u00faltimo dia 24, a Igreja oficialmente escreveu na lista dos bem-aventurados a\u2026","rel":"","context":"In &quot;Artigos&quot;","block_context":{"text":"Artigos","link":"https:\/\/correiodasemana.com\/site\/category\/artigos\/"},"img":{"alt_text":"","src":"https:\/\/i0.wp.com\/correiodasemana.com\/site\/wp-content\/uploads\/2018\/02\/editorial-cs.jpg?resize=350%2C200&ssl=1","width":350,"height":200,"srcset":"https:\/\/i0.wp.com\/correiodasemana.com\/site\/wp-content\/uploads\/2018\/02\/editorial-cs.jpg?resize=350%2C200&ssl=1 1x, https:\/\/i0.wp.com\/correiodasemana.com\/site\/wp-content\/uploads\/2018\/02\/editorial-cs.jpg?resize=525%2C300&ssl=1 1.5x"},"classes":[]},{"id":13792,"url":"https:\/\/correiodasemana.com\/site\/em-tempo-50\/","url_meta":{"origin":11755,"position":5},"title":"Em Tempo","author":"","date":"Setembro 29, 2020","format":false,"excerpt":"Ecologia e Recursos Naturais na UFC Programa de P\u00f3s-Gradua\u00e7\u00e3o em Ecologia e Recursos Naturais da Universidade Federal do Cear\u00e1 (UFC) est\u00e1 com inscri\u00e7\u00f5es abertas,\u00a0at\u00e9 31 de outubro, para sele\u00e7\u00e3o das turmas 2021.1 de\u00a0mestrado e doutorado. Para se inscrever, acessar https:\/\/si3.ufc.br\/sigaa\/public\/home.jsf. A UFC informa que o processo seletivo de ambos os\u2026","rel":"","context":"In &quot;Artigos&quot;","block_context":{"text":"Artigos","link":"https:\/\/correiodasemana.com\/site\/category\/artigos\/"},"img":{"alt_text":"","src":"https:\/\/i0.wp.com\/correiodasemana.com\/site\/wp-content\/uploads\/2019\/12\/FOTO-EDILSON-SILVA-2.jpg?resize=350%2C200&ssl=1","width":350,"height":200,"srcset":"https:\/\/i0.wp.com\/correiodasemana.com\/site\/wp-content\/uploads\/2019\/12\/FOTO-EDILSON-SILVA-2.jpg?resize=350%2C200&ssl=1 1x, https:\/\/i0.wp.com\/correiodasemana.com\/site\/wp-content\/uploads\/2019\/12\/FOTO-EDILSON-SILVA-2.jpg?resize=525%2C300&ssl=1 1.5x, https:\/\/i0.wp.com\/correiodasemana.com\/site\/wp-content\/uploads\/2019\/12\/FOTO-EDILSON-SILVA-2.jpg?resize=700%2C400&ssl=1 2x"},"classes":[]}],"jetpack_sharing_enabled":true,"_links":{"self":[{"href":"https:\/\/correiodasemana.com\/site\/wp-json\/wp\/v2\/posts\/11755","targetHints":{"allow":["GET"]}}],"collection":[{"href":"https:\/\/correiodasemana.com\/site\/wp-json\/wp\/v2\/posts"}],"about":[{"href":"https:\/\/correiodasemana.com\/site\/wp-json\/wp\/v2\/types\/post"}],"author":[{"embeddable":true,"href":"https:\/\/correiodasemana.com\/site\/wp-json\/wp\/v2\/users\/1"}],"replies":[{"embeddable":true,"href":"https:\/\/correiodasemana.com\/site\/wp-json\/wp\/v2\/comments?post=11755"}],"version-history":[{"count":1,"href":"https:\/\/correiodasemana.com\/site\/wp-json\/wp\/v2\/posts\/11755\/revisions"}],"predecessor-version":[{"id":11757,"href":"https:\/\/correiodasemana.com\/site\/wp-json\/wp\/v2\/posts\/11755\/revisions\/11757"}],"wp:featuredmedia":[{"embeddable":true,"href":"https:\/\/correiodasemana.com\/site\/wp-json\/wp\/v2\/media\/10199"}],"wp:attachment":[{"href":"https:\/\/correiodasemana.com\/site\/wp-json\/wp\/v2\/media?parent=11755"}],"wp:term":[{"taxonomy":"category","embeddable":true,"href":"https:\/\/correiodasemana.com\/site\/wp-json\/wp\/v2\/categories?post=11755"},{"taxonomy":"post_tag","embeddable":true,"href":"https:\/\/correiodasemana.com\/site\/wp-json\/wp\/v2\/tags?post=11755"}],"curies":[{"name":"wp","href":"https:\/\/api.w.org\/{rel}","templated":true}]}}