{"id":11758,"date":"2020-07-12T01:16:35","date_gmt":"2020-07-12T01:16:35","guid":{"rendered":"https:\/\/correiodasemana.com\/site\/?p=11758"},"modified":"2020-07-12T01:16:35","modified_gmt":"2020-07-12T01:16:35","slug":"o-testamento-de-uma-santa-e-sua-reconstrucao-facial","status":"publish","type":"post","link":"https:\/\/correiodasemana.com\/site\/o-testamento-de-uma-santa-e-sua-reconstrucao-facial\/","title":{"rendered":"O TESTAMENTO DE UMA SANTA E SUA RECONSTRU\u00c7\u00c3O FACIAL"},"content":{"rendered":"<p>\u201cTestamento de Santa Paulina<\/p>\n<p>Sede bem humildes.<br \/>\n\u00c9 nosso Senhor quem faz tudo.<br \/>\nN\u00f3s somos seus simples instrumentos.<br \/>\nConfiai sempre e muito na Divina Provid\u00eancia.<br \/>\nNunca, jamais desanimeis, embora venham ventos contr\u00e1rios.<br \/>\nNovamente vos digo: Confiai em Deus e em Maria Imaculada.<br \/>\nPermanecei firmes e adiante!<br \/>\nRecomendo-vos muito e muito a Santa Caridade entre v\u00f3s e especialmente para com os doentes das Santas Casas, dos Asilos&#8230;<br \/>\nTende grande amor \u00e0 pratica da Santa Caridade.<br \/>\nEst\u00e1 terminada minha miss\u00e3o.<br \/>\nMorro contente.<br \/>\nDou, de todo o cora\u00e7\u00e3o, a v\u00f3s todas a minha b\u00ean\u00e7\u00e3o.<br \/>\nS\u00e3o Paulo, 12 de julho de 1940<br \/>\nMadre Paulina do Cora\u00e7\u00e3o Agonizante de Jesus\u201d.<\/p>\n<p>No \u00faltimo dia 9 de julho a Igreja Cat\u00f3lica Apost\u00f3lica Romana celebrou a festa de Santa Paulina do Cora\u00e7\u00e3o Agonizante de Jesus, a primeira santa brasileira, que, embora nascida na It\u00e1lia,\u00a0viveu a maior parte de sua vida, cerca de 68 anos dos 77 que viveu e deixou em solo brasileiro seu maior legado: a Congrega\u00e7\u00e3o das Irm\u00e3zinhas da Imaculada Concei\u00e7\u00e3o.<br \/>\nEm 2012, enviei meu livro \u201cA Caminho da Santidade\u201d (Editora A Partilha) \u00e0 postuladora da Santa e de Frei Galv\u00e3o e de tantas outras Causas Brasil afora, Irm\u00e3 C\u00e9lia Bastiana Cadorin. Esta me agradeceu e reclamou que a foto da Santa, n\u00e3o constava na capa. Eu lhe disse que repararia o equ\u00edvoco involunt\u00e1rio.<br \/>\nAnos mais tarde, j\u00e1 tendo sido escolhido pelo Grande Magist\u00e9rio para a Ordem Equestre do Santo Sepulcro de Jerusal\u00e9m, e compondo a equipe do Designer 3D C\u00edcero Moraes, em outubro de 2015, fomos a S\u00e3o Paulo verificar as rel\u00edquias de Frei Galv\u00e3o para fazer sua reconstru\u00e7\u00e3o facial que n\u00e3o prosperou.<br \/>\nHavia em nosso projeto o desejo de fazer a reconstru\u00e7\u00e3o facial da Santa. Seriam os dois primeiros santos brasileiros reconstru\u00eddos facialmente. Tentei um contato com Irm\u00e3 C\u00e9lia, mas, ela, adoentada, j\u00e1 estava em Bragan\u00e7a Paulista. Falamos com Irm\u00e3 Roseli Amorin, madre da Congrega\u00e7\u00e3o, que nos autorizou a realizar a reconstru\u00e7\u00e3o.<br \/>\nCom m\u00e1quina fotogr\u00e1fica e celulares fizemos as fotografias para a reconstru\u00e7\u00e3o facial digital em 3D, em projeto por mim, Jos\u00e9 Lu\u00eds Lira, coordenado, com an\u00e1lise antropol\u00f3gica de Marcos Paulo Salles Machado e reconstru\u00e7\u00e3o facial em 3D por C\u00edcero Moraes, com a aprova\u00e7\u00e3o da Congrega\u00e7\u00e3o das Irm\u00e3zinhas da Imaculada Concei\u00e7\u00e3o<br \/>\nMinha Investidura na Ordem se deu em 10 de dezembro de 2015. Do Rio de Janeiro segui para S\u00e3o Paulo para o meu primeiro compromisso p\u00fablico ap\u00f3s ser sagrado Cavaleiro, a entrega do resultado final da reconstru\u00e7\u00e3o facial de Santa Paulina, na Capela da Sagrada Fam\u00edlia e de Santa Paulina, cont\u00edgua \u00e0 Casa Geral das Irm\u00e3zinhas, onde est\u00e3o os restos mortais da Santa, no dia 13 de dezembro de 2015. No ano dos 150 anos de nascimento da Santa. Na tarde daquele dia, C\u00edcero Moraes, as Irm\u00e3s e eu, fomos a Bragan\u00e7a Paulista apresentar a face reconstru\u00edda de Santa Paulina a Irm\u00e3 C\u00e9lia Cadorin e as outras irm\u00e3s que conheceram a Santa e a aprova\u00e7\u00e3o foi un\u00e2nime.<br \/>\nSanta Paulina \u00e9, tamb\u00e9m, a santa da obedi\u00eancia, da humildade e da esperan\u00e7a. Na ora\u00e7\u00e3o lit\u00fargica de sua celebra\u00e7\u00e3o rogamos a Deus que exalta os humildes e simples e conduziu Santa Paulina pelo caminho da santidade na prova\u00e7\u00e3o, no trabalho humilde e na ora\u00e7\u00e3o constante. Que Santa Paulina nos ensine essas li\u00e7\u00f5es e que, um dia, cheguemos \u00e0 gl\u00f3ria onde ela est\u00e1, junto aos eleitos por Deus.<\/p>\n","protected":false},"excerpt":{"rendered":"<p>\u201cTestamento de Santa Paulina Sede bem humildes. \u00c9 nosso Senhor quem faz tudo. N\u00f3s somos&#8230;<\/p>\n","protected":false},"author":1,"featured_media":8256,"comment_status":"open","ping_status":"open","sticky":false,"template":"","format":"standard","meta":{"_jetpack_memberships_contains_paid_content":false,"footnotes":"","jetpack_publicize_message":"","jetpack_publicize_feature_enabled":true,"jetpack_social_post_already_shared":true,"jetpack_social_options":{"image_generator_settings":{"template":"highway","default_image_id":0,"font":"","enabled":false},"version":2}},"categories":[11,41],"tags":[],"class_list":["post-11758","post","type-post","status-publish","format-standard","has-post-thumbnail","hentry","category-artigos","category-jose-luis-lira"],"jetpack_publicize_connections":[],"jetpack_featured_media_url":"https:\/\/correiodasemana.com\/site\/wp-content\/uploads\/2019\/07\/Jose\u0301-1.jpg","jetpack-related-posts":[{"id":16923,"url":"https:\/\/correiodasemana.com\/site\/tome-e-paulina-testemunhas-do-amor-maior\/","url_meta":{"origin":11758,"position":0},"title":"TOM\u00c9 E PAULINA, TESTEMUNHAS DO AMOR MAIOR\u00a0","author":"","date":"Julho 5, 2021","format":false,"excerpt":"Os ap\u00f3stolos de Jesus n\u00e3o eram perfeitos. Alguns, valentes, outros, cheios de f\u00e9, outros precisavam \u201cver\u201d para crer, um traiu... e assim sempre vi a humanidade retratada naqueles doze homens e nos disc\u00edpulos de Jesus. Das muitas emo\u00e7\u00f5es que tive na Terra Santa, duas delas a eles se relacionam. Ao\u2026","rel":"","context":"In &quot;Artigos&quot;","block_context":{"text":"Artigos","link":"https:\/\/correiodasemana.com\/site\/category\/artigos\/"},"img":{"alt_text":"","src":"https:\/\/i0.wp.com\/correiodasemana.com\/site\/wp-content\/uploads\/2018\/02\/Jose%CC%81-1.jpg?resize=350%2C200&ssl=1","width":350,"height":200,"srcset":"https:\/\/i0.wp.com\/correiodasemana.com\/site\/wp-content\/uploads\/2018\/02\/Jose%CC%81-1.jpg?resize=350%2C200&ssl=1 1x, https:\/\/i0.wp.com\/correiodasemana.com\/site\/wp-content\/uploads\/2018\/02\/Jose%CC%81-1.jpg?resize=525%2C300&ssl=1 1.5x, https:\/\/i0.wp.com\/correiodasemana.com\/site\/wp-content\/uploads\/2018\/02\/Jose%CC%81-1.jpg?resize=700%2C400&ssl=1 2x"},"classes":[]},{"id":14510,"url":"https:\/\/correiodasemana.com\/site\/eu-vi-deus-num-ser-humano\/","url_meta":{"origin":11758,"position":1},"title":"EU VI DEUS NUM SER HUMANO","author":"","date":"Novembro 12, 2020","format":false,"excerpt":"Quantas vezes n\u00e3o pensamos no t\u00edtulo, eu vi Deus num ser humano quando nos deparamos com pessoas \u201chumanas demais?\u201d. Na primeira viagem interestadual que realizei desde o in\u00edcio da pandemia tive a gra\u00e7a de conhecer o Pe. J\u00falio Lancellotti. Paulista, de 71 anos, simples, atencioso, disc\u00edpulo do Servo de Deus\u2026","rel":"","context":"In &quot;Artigos&quot;","block_context":{"text":"Artigos","link":"https:\/\/correiodasemana.com\/site\/category\/artigos\/"},"img":{"alt_text":"","src":"https:\/\/i0.wp.com\/correiodasemana.com\/site\/wp-content\/uploads\/2019\/07\/Jose%CC%81-1.jpg?resize=350%2C200&ssl=1","width":350,"height":200,"srcset":"https:\/\/i0.wp.com\/correiodasemana.com\/site\/wp-content\/uploads\/2019\/07\/Jose%CC%81-1.jpg?resize=350%2C200&ssl=1 1x, https:\/\/i0.wp.com\/correiodasemana.com\/site\/wp-content\/uploads\/2019\/07\/Jose%CC%81-1.jpg?resize=525%2C300&ssl=1 1.5x, https:\/\/i0.wp.com\/correiodasemana.com\/site\/wp-content\/uploads\/2019\/07\/Jose%CC%81-1.jpg?resize=700%2C400&ssl=1 2x"},"classes":[]},{"id":27969,"url":"https:\/\/correiodasemana.com\/site\/pastoral-da-comunicacao-ira-acolher-a-reliquia-do-beato-tiago-alberione-apostolo-da-comunicacao\/","url_meta":{"origin":11758,"position":2},"title":"Pastoral da Comunica\u00e7\u00e3o ir\u00e1 acolher a rel\u00edquia do Beato Tiago Alberione, ap\u00f3stolo da comunica\u00e7\u00e3o","author":"adminredacao","date":"Janeiro 8, 2024","format":false,"excerpt":"Os agentes da Pastoral da Comunica\u00e7\u00e3o em \u00e2mbito diocesano preparam-se para cumprir uma programa\u00e7\u00e3o repleta de espiritualidade a cerca da vida e testemunho do beato Tiago Alberione, ap\u00f3stolo da comunica\u00e7\u00e3o. Fundador da Fam\u00edlia Paulina, Tiago Alberione nasceu em 4 de abril de 1884, em S\u00e3o Louren\u00e7o de Fossano, norte da\u2026","rel":"","context":"In &quot;Atualidade&quot;","block_context":{"text":"Atualidade","link":"https:\/\/correiodasemana.com\/site\/category\/atualidade\/"},"img":{"alt_text":"","src":"https:\/\/i0.wp.com\/correiodasemana.com\/site\/wp-content\/uploads\/2024\/01\/Jornal-Correio-da-Semana-No-1001-Copia-2.jpg?resize=350%2C200&ssl=1","width":350,"height":200,"srcset":"https:\/\/i0.wp.com\/correiodasemana.com\/site\/wp-content\/uploads\/2024\/01\/Jornal-Correio-da-Semana-No-1001-Copia-2.jpg?resize=350%2C200&ssl=1 1x, https:\/\/i0.wp.com\/correiodasemana.com\/site\/wp-content\/uploads\/2024\/01\/Jornal-Correio-da-Semana-No-1001-Copia-2.jpg?resize=525%2C300&ssl=1 1.5x"},"classes":[]},{"id":19199,"url":"https:\/\/correiodasemana.com\/site\/carta-sobre-uma-fotografia-do-tempo-passado\/","url_meta":{"origin":11758,"position":3},"title":"CARTA SOBRE UMA FOTOGRAFIA DO TEMPO PASSADO\u00a0","author":"","date":"Mar\u00e7o 14, 2022","format":false,"excerpt":"Sempre achei a reconstru\u00e7\u00e3o facial uma imagem que nos \u00e9 enviada dos tempos passados. Quando o Designer C\u00edcero Moraes me mostra as primeiras provas de uma reconstru\u00e7\u00e3o facial, pare\u00e7o viajar no tempo e encontrar aquelas figuras que deixaram suas contribui\u00e7\u00f5es para a humanidade. Sempre h\u00e1 o reconhecimento p\u00fablico, as cr\u00edticas\u2026","rel":"","context":"In &quot;Artigos&quot;","block_context":{"text":"Artigos","link":"https:\/\/correiodasemana.com\/site\/category\/artigos\/"},"img":{"alt_text":"","src":"https:\/\/i0.wp.com\/correiodasemana.com\/site\/wp-content\/uploads\/2018\/02\/Jose%CC%81-1.jpg?resize=350%2C200&ssl=1","width":350,"height":200,"srcset":"https:\/\/i0.wp.com\/correiodasemana.com\/site\/wp-content\/uploads\/2018\/02\/Jose%CC%81-1.jpg?resize=350%2C200&ssl=1 1x, https:\/\/i0.wp.com\/correiodasemana.com\/site\/wp-content\/uploads\/2018\/02\/Jose%CC%81-1.jpg?resize=525%2C300&ssl=1 1.5x, https:\/\/i0.wp.com\/correiodasemana.com\/site\/wp-content\/uploads\/2018\/02\/Jose%CC%81-1.jpg?resize=700%2C400&ssl=1 2x"},"classes":[]},{"id":33498,"url":"https:\/\/correiodasemana.com\/site\/papa-francisco-morre-aos-88-anos-um-adeus-sereno-marcado-por-fe-servico-e-amor-aos-mais-humildes\/","url_meta":{"origin":11758,"position":4},"title":"Papa Francisco morre aos 88 anos: um adeus sereno marcado por f\u00e9, servi\u00e7o e amor aos mais humildes","author":"adminredacao","date":"Abril 23, 2025","format":false,"excerpt":"Na manh\u00e3 desta segunda-feira, 21, o Vaticano anunciou com pesar a morte do Papa Francisco, aos 88 anos. O comunicado oficial foi feito por Sua Emin\u00eancia, o cardeal Kevin Farrell, diretamente da Capela da Casa Santa Marta, onde o Santo Padre residia desde o in\u00edcio de seu pontificado. \u201cQueridos irm\u00e3os\u2026","rel":"","context":"In &quot;Atualidade&quot;","block_context":{"text":"Atualidade","link":"https:\/\/correiodasemana.com\/site\/category\/atualidade\/"},"img":{"alt_text":"","src":"https:\/\/i0.wp.com\/correiodasemana.com\/site\/wp-content\/uploads\/2025\/04\/WhatsApp-Image-2025-04-21-at-16.05.02.jpeg?resize=350%2C200&ssl=1","width":350,"height":200,"srcset":"https:\/\/i0.wp.com\/correiodasemana.com\/site\/wp-content\/uploads\/2025\/04\/WhatsApp-Image-2025-04-21-at-16.05.02.jpeg?resize=350%2C200&ssl=1 1x, https:\/\/i0.wp.com\/correiodasemana.com\/site\/wp-content\/uploads\/2025\/04\/WhatsApp-Image-2025-04-21-at-16.05.02.jpeg?resize=525%2C300&ssl=1 1.5x, https:\/\/i0.wp.com\/correiodasemana.com\/site\/wp-content\/uploads\/2025\/04\/WhatsApp-Image-2025-04-21-at-16.05.02.jpeg?resize=700%2C400&ssl=1 2x, https:\/\/i0.wp.com\/correiodasemana.com\/site\/wp-content\/uploads\/2025\/04\/WhatsApp-Image-2025-04-21-at-16.05.02.jpeg?resize=1050%2C600&ssl=1 3x"},"classes":[]},{"id":11170,"url":"https:\/\/correiodasemana.com\/site\/papa-acolhe-renuncia-de-dom-murilo-krieger-e-nomeia-novo-arcebispo-para-salvador-ba\/","url_meta":{"origin":11758,"position":5},"title":"Papa acolhe ren\u00fancia de dom Murilo Krieger e nomeia novo arcebispo para Salvador (BA)","author":"","date":"Mar\u00e7o 18, 2020","format":false,"excerpt":"O Papa Francisco acolheu, nesta quarta-feira, 11 de mar\u00e7o, o pedido de ren\u00fancia apresentado por dom Murilo Sebasti\u00e3o Ramos Krieger ao governo pastoral da arquidiocese S\u00e3o Salvador da Bahia, a S\u00e9 Primacial do Brasil. No mesmo ato, o Santo Padre nomeou arcebispo para a mesma arquidiocese o cardeal Sergio da\u2026","rel":"","context":"In &quot;Igreja&quot;","block_context":{"text":"Igreja","link":"https:\/\/correiodasemana.com\/site\/category\/igreja\/"},"img":{"alt_text":"","src":"https:\/\/i0.wp.com\/correiodasemana.com\/site\/wp-content\/uploads\/2020\/03\/Destaque_Agradecimento_DomMurilo.png?resize=350%2C200&ssl=1","width":350,"height":200,"srcset":"https:\/\/i0.wp.com\/correiodasemana.com\/site\/wp-content\/uploads\/2020\/03\/Destaque_Agradecimento_DomMurilo.png?resize=350%2C200&ssl=1 1x, https:\/\/i0.wp.com\/correiodasemana.com\/site\/wp-content\/uploads\/2020\/03\/Destaque_Agradecimento_DomMurilo.png?resize=525%2C300&ssl=1 1.5x, https:\/\/i0.wp.com\/correiodasemana.com\/site\/wp-content\/uploads\/2020\/03\/Destaque_Agradecimento_DomMurilo.png?resize=700%2C400&ssl=1 2x, https:\/\/i0.wp.com\/correiodasemana.com\/site\/wp-content\/uploads\/2020\/03\/Destaque_Agradecimento_DomMurilo.png?resize=1050%2C600&ssl=1 3x"},"classes":[]}],"jetpack_sharing_enabled":true,"_links":{"self":[{"href":"https:\/\/correiodasemana.com\/site\/wp-json\/wp\/v2\/posts\/11758","targetHints":{"allow":["GET"]}}],"collection":[{"href":"https:\/\/correiodasemana.com\/site\/wp-json\/wp\/v2\/posts"}],"about":[{"href":"https:\/\/correiodasemana.com\/site\/wp-json\/wp\/v2\/types\/post"}],"author":[{"embeddable":true,"href":"https:\/\/correiodasemana.com\/site\/wp-json\/wp\/v2\/users\/1"}],"replies":[{"embeddable":true,"href":"https:\/\/correiodasemana.com\/site\/wp-json\/wp\/v2\/comments?post=11758"}],"version-history":[{"count":1,"href":"https:\/\/correiodasemana.com\/site\/wp-json\/wp\/v2\/posts\/11758\/revisions"}],"predecessor-version":[{"id":11759,"href":"https:\/\/correiodasemana.com\/site\/wp-json\/wp\/v2\/posts\/11758\/revisions\/11759"}],"wp:featuredmedia":[{"embeddable":true,"href":"https:\/\/correiodasemana.com\/site\/wp-json\/wp\/v2\/media\/8256"}],"wp:attachment":[{"href":"https:\/\/correiodasemana.com\/site\/wp-json\/wp\/v2\/media?parent=11758"}],"wp:term":[{"taxonomy":"category","embeddable":true,"href":"https:\/\/correiodasemana.com\/site\/wp-json\/wp\/v2\/categories?post=11758"},{"taxonomy":"post_tag","embeddable":true,"href":"https:\/\/correiodasemana.com\/site\/wp-json\/wp\/v2\/tags?post=11758"}],"curies":[{"name":"wp","href":"https:\/\/api.w.org\/{rel}","templated":true}]}}