{"id":11760,"date":"2020-07-12T01:19:04","date_gmt":"2020-07-12T01:19:04","guid":{"rendered":"https:\/\/correiodasemana.com\/site\/?p=11760"},"modified":"2020-07-12T01:19:04","modified_gmt":"2020-07-12T01:19:04","slug":"sobral-1919-literatura-historica-protagonizada-por-eclipse-solar","status":"publish","type":"post","link":"https:\/\/correiodasemana.com\/site\/sobral-1919-literatura-historica-protagonizada-por-eclipse-solar\/","title":{"rendered":"Sobral, 1919: literatura hist\u00f3rica protagonizada por eclipse solar"},"content":{"rendered":"<p>Conhe\u00e7a a hist\u00f3ria de Jos\u00e9, personagem principal da obra \u201cDe Sobral \u00e0 \u00cdndia\u201d, e entenda como o famoso fen\u00f4meno astrol\u00f3gico transformou o destino do simples garoto nordestino<\/p>\n<p>6 minutos e 51 segundos. Foi esse o tempo que durou o famoso eclipse solar de Sobral, em 29 de maio de 1919. O evento, que comprovou a Teoria da Relatividade do cientista Albert Einstein, \u00e9 o ponto central da obra\u00a0De Sobral \u00e0 \u00cdndia,\u00a0do engenheiro e escritor\u00a0Fabr\u00edcio Surya.<br \/>\nProtagonizado por Jos\u00e9, o livro aborda a trajet\u00f3ria desde que os pais dele se conheceram \u00e0 pr\u00e9-adolesc\u00eancia do garoto. A palavra fam\u00edlia ganha um novo conceito quando chega a Sobral um coronel ingl\u00eas, William Trent Johan, para \u201cobservar\u201d o eclipse.<br \/>\nA bagagem do estrangeiro n\u00e3o chegou ao interior cearense somente com roupas: traz uma miss\u00e3o discreta e as experi\u00eancias vividas na \u00cdndia, quando foi obrigado a servir em Calcut\u00e1 \u2013 algo que o transformou para sempre. Ao encontrar o pequeno Jos\u00e9, o destino tamb\u00e9m traz decis\u00f5es dif\u00edceis e novos rumos para a vida do coronel William e sua esposa brasileira.<br \/>\nPor fim, desembarcando por \u00faltimo, vinha um homem branco, alto e com cabelos grisalhos. Vestia uma farda discreta, quase um terno comum.\u00a0 Seu bigode era proeminente, como o broche de sua patente militar presa no peito. Antes de deixar o \u00faltimo degrau, colocou seu chap\u00e9u. Seu nome era William Trent Johan, coronel ingl\u00eas, casado com uma brasileira, Susete Barbosa, enfermeira por voca\u00e7\u00e3o. Ambos se conheceram em meados do passado ano de 1918, durante os trabalhos realizados no hospital brasileiro na Fran\u00e7a, por conta da 1\u00aa Grande Guerra, quando o Brasil apoiou a tr\u00edplice entente. Sua esposa apareceu na porta de descida logo ap\u00f3s ele pisar no solo sobralense.\u00a0(De Sobral \u00e0 \u00cdndia, p\u00e1g. 199)<br \/>\nAl\u00e9m do fen\u00f4meno astrol\u00f3gico, a obra conta com outra caracter\u00edstica celestial: o narrador. Quem conta a hist\u00f3ria \u00e9 S\u00e3o Paulo, diretamente do Para\u00edso. Ao caminhar pelo \u00c9den, o santo encontra F\u00e9lix, um rapaz desanimado ao se deparar com o dia cinza. O pr\u00f3logo e ep\u00edlogo do livro registram o momento em que o santo inicia e finaliza a hist\u00f3ria ao rec\u00e9m-conhecido.<br \/>\nDe Sobral \u00e0 \u00cdndia\u00a0re\u00fane hist\u00f3ria, ci\u00eancia e cultura em uma narrativa cativante destinada aos admiradores de um belo e emocionante romance hist\u00f3rico que parece n\u00e3o findar-se por aqui&#8230;<br \/>\n\u201c\u2013 T\u00e1&#8230; O senhor parece andar muito e talvez n\u00e3o me encontre mais por aqui&#8230;<br \/>\nGostaria de agradecer por me contar essa hist\u00f3ria. Consegui abstrair-me de meus<br \/>\nproblemas por alguns momentos. Infelizmente acabou&#8230;<br \/>\n\u2013 Ora! Quem disse ter tudo terminado aqui?\u201d\u00a0 (De Sobral \u00e0 \u00cdndia, p\u00e1g. 357)<\/p>\n","protected":false},"excerpt":{"rendered":"<p>Conhe\u00e7a a hist\u00f3ria de Jos\u00e9, personagem principal da obra \u201cDe Sobral \u00e0 \u00cdndia\u201d, e entenda&#8230;<\/p>\n","protected":false},"author":1,"featured_media":11761,"comment_status":"open","ping_status":"open","sticky":false,"template":"","format":"standard","meta":{"_jetpack_memberships_contains_paid_content":false,"footnotes":"","jetpack_publicize_message":"","jetpack_publicize_feature_enabled":true,"jetpack_social_post_already_shared":true,"jetpack_social_options":{"image_generator_settings":{"template":"highway","default_image_id":0,"font":"","enabled":false},"version":2}},"categories":[1],"tags":[],"class_list":["post-11760","post","type-post","status-publish","format-standard","has-post-thumbnail","hentry","category-atualidade"],"jetpack_publicize_connections":[],"jetpack_featured_media_url":"https:\/\/correiodasemana.com\/site\/wp-content\/uploads\/2020\/07\/6a11953b1f473ea15d1bb312f6ae76be_medium.jpg","jetpack-related-posts":[{"id":33936,"url":"https:\/\/correiodasemana.com\/site\/106-anos-eclipse-sobral-relatividade-e-einstein\/","url_meta":{"origin":11760,"position":0},"title":"106 ANOS: Eclipse, Sobral, Relatividade e Einstein","author":"adminredacao","date":"Junho 3, 2025","format":false,"excerpt":"Como quase todos sabem, o 29 de maio de 1919 ficou marcado na hist\u00f3ria de Sobral e da Ci\u00eancia gra\u00e7as \u00e0 comprova\u00e7\u00e3o neste munic\u00edpio da Teoria da Relatividade Geral, formulada pelo alem\u00e3o Albert Einstein (1879-1955), por ocasi\u00e3o do Eclipse Total do Sol. O fen\u00f4meno foi amplamente divulgado por jornais sobralenses\u2026","rel":"","context":"In &quot;Artigos&quot;","block_context":{"text":"Artigos","link":"https:\/\/correiodasemana.com\/site\/category\/artigos\/"},"img":{"alt_text":"","src":"https:\/\/i0.wp.com\/correiodasemana.com\/site\/wp-content\/uploads\/2023\/05\/artemisio-da-costa-2.jpg?resize=350%2C200&ssl=1","width":350,"height":200},"classes":[]},{"id":29427,"url":"https:\/\/correiodasemana.com\/site\/poucas-e-boas-36\/","url_meta":{"origin":11760,"position":1},"title":"POUCAS E BOAS","author":"adminredacao","date":"Maio 27, 2024","format":false,"excerpt":"Eclipse de 19 Como quase todos sabem, o 29 de maio de 1919 ficou marcado na hist\u00f3ria de Sobral e da Ci\u00eancia gra\u00e7as \u00e0 comprova\u00e7\u00e3o neste munic\u00edpio da Teoria da Relatividade Geral, formulada pelo alem\u00e3o Albert Einstein (1879-1955), por ocasi\u00e3o do Eclipse Total do Sol. O fen\u00f4meno foi amplamente divulgado\u2026","rel":"","context":"In &quot;Artigos&quot;","block_context":{"text":"Artigos","link":"https:\/\/correiodasemana.com\/site\/category\/artigos\/"},"img":{"alt_text":"","src":"https:\/\/i0.wp.com\/correiodasemana.com\/site\/wp-content\/uploads\/2023\/05\/artemisio-da-costa-2.jpg?resize=350%2C200&ssl=1","width":350,"height":200},"classes":[]},{"id":28913,"url":"https:\/\/correiodasemana.com\/site\/eclipse-no-brasil-comprovou-teoria-de-einstein-ha-mais-de-100-anos\/","url_meta":{"origin":11760,"position":2},"title":"Eclipse no Brasil comprovou teoria de Einstein h\u00e1 mais de 100 anos","author":"adminredacao","date":"Abril 15, 2024","format":false,"excerpt":"Fonte: CNN A pequena Sobral, no interior do Cear\u00e1, tem em sua hist\u00f3ria um grande marco de contribui\u00e7\u00e3o para a ci\u00eancia e a astronomia. Foi l\u00e1 que, em 1919, cientistas brasileiros e ingleses puderam comprovar a Teoria da Relatividade Geral de Albert Einstein, a partir da observa\u00e7\u00e3o de um eclipse\u2026","rel":"","context":"In &quot;Atualidade&quot;","block_context":{"text":"Atualidade","link":"https:\/\/correiodasemana.com\/site\/category\/atualidade\/"},"img":{"alt_text":"","src":"https:\/\/i0.wp.com\/correiodasemana.com\/site\/wp-content\/uploads\/2024\/04\/placa_iii.webp?resize=350%2C200&ssl=1","width":350,"height":200,"srcset":"https:\/\/i0.wp.com\/correiodasemana.com\/site\/wp-content\/uploads\/2024\/04\/placa_iii.webp?resize=350%2C200&ssl=1 1x, https:\/\/i0.wp.com\/correiodasemana.com\/site\/wp-content\/uploads\/2024\/04\/placa_iii.webp?resize=525%2C300&ssl=1 1.5x, https:\/\/i0.wp.com\/correiodasemana.com\/site\/wp-content\/uploads\/2024\/04\/placa_iii.webp?resize=700%2C400&ssl=1 2x"},"classes":[]},{"id":8255,"url":"https:\/\/correiodasemana.com\/site\/a-norma-soares-com-carinho\/","url_meta":{"origin":11760,"position":3},"title":"A NORMA SOARES, COM CARINHO!","author":"","date":"Julho 8, 2019","format":false,"excerpt":"Querida Dona Norma, cinco anos se passaram. Sempre que posso levo uma rosa salm\u00e3o ou amarela no seu jazigo. A gente sabe que o que restou do seu f\u00edsico est\u00e1 ali\u2026, mas, a Senhora est\u00e1 no C\u00e9u. Naquele dia 6 de julho de 2014, eu estava na sua casa (que\u2026","rel":"","context":"In &quot;Artigos&quot;","block_context":{"text":"Artigos","link":"https:\/\/correiodasemana.com\/site\/category\/artigos\/"},"img":{"alt_text":"","src":"https:\/\/i0.wp.com\/correiodasemana.com\/site\/wp-content\/uploads\/2019\/07\/Jose%CC%81-1.jpg?resize=350%2C200&ssl=1","width":350,"height":200,"srcset":"https:\/\/i0.wp.com\/correiodasemana.com\/site\/wp-content\/uploads\/2019\/07\/Jose%CC%81-1.jpg?resize=350%2C200&ssl=1 1x, https:\/\/i0.wp.com\/correiodasemana.com\/site\/wp-content\/uploads\/2019\/07\/Jose%CC%81-1.jpg?resize=525%2C300&ssl=1 1.5x, https:\/\/i0.wp.com\/correiodasemana.com\/site\/wp-content\/uploads\/2019\/07\/Jose%CC%81-1.jpg?resize=700%2C400&ssl=1 2x"},"classes":[]},{"id":27645,"url":"https:\/\/correiodasemana.com\/site\/john-sanford-ainda-recebe-homenagens\/","url_meta":{"origin":11760,"position":4},"title":"John Sanford ainda recebe homenagens","author":"adminredacao","date":"Dezembro 18, 2023","format":false,"excerpt":"Em sua homenagem uma das principais vias de Sobral foi designada como Avenida John Sanford, homenagem esta concedida pelo ex Prefeito Ces\u00e1rio Barreto Lima em 1966. A Rua John Roshore Sanford \u00e9 origin\u00e1ria do Projeto e Decreto Legislativo (PDL 47 \/ 2023) com apresenta\u00e7\u00e3o em 29\/05\/2023 e com a data\u2026","rel":"","context":"In &quot;Atualidade&quot;","block_context":{"text":"Atualidade","link":"https:\/\/correiodasemana.com\/site\/category\/atualidade\/"},"img":{"alt_text":"","src":"https:\/\/i0.wp.com\/correiodasemana.com\/site\/wp-content\/uploads\/2023\/12\/caderno-2-familia-sanford-39-222.jpg?resize=350%2C200&ssl=1","width":350,"height":200},"classes":[]},{"id":8213,"url":"https:\/\/correiodasemana.com\/site\/estagios-de-um-eclipse-solar-total\/","url_meta":{"origin":11760,"position":5},"title":"Est\u00e1gios de um eclipse solar total","author":"","date":"Julho 8, 2019","format":false,"excerpt":"Fonte: Fotos P\u00fablicas Montagem de imagens captadas durante o eclipse solar total em 2 de julho de 2019, do Observat\u00f3rio La Silla do ESO no Chile, Am\u00e9rica do Sul. As imagens mostram a progress\u00e3o do eclipse quando a Lua se move na frente do Sol da perspectiva da Terra e\u2026","rel":"","context":"In &quot;Atualidade&quot;","block_context":{"text":"Atualidade","link":"https:\/\/correiodasemana.com\/site\/category\/atualidade\/"},"img":{"alt_text":"","src":"https:\/\/i0.wp.com\/correiodasemana.com\/site\/wp-content\/uploads\/2019\/07\/capturadepantall-fae5bc467ca5d45a8bd6d7728677d87f-1200x600.jpg?resize=350%2C200&ssl=1","width":350,"height":200,"srcset":"https:\/\/i0.wp.com\/correiodasemana.com\/site\/wp-content\/uploads\/2019\/07\/capturadepantall-fae5bc467ca5d45a8bd6d7728677d87f-1200x600.jpg?resize=350%2C200&ssl=1 1x, https:\/\/i0.wp.com\/correiodasemana.com\/site\/wp-content\/uploads\/2019\/07\/capturadepantall-fae5bc467ca5d45a8bd6d7728677d87f-1200x600.jpg?resize=525%2C300&ssl=1 1.5x, https:\/\/i0.wp.com\/correiodasemana.com\/site\/wp-content\/uploads\/2019\/07\/capturadepantall-fae5bc467ca5d45a8bd6d7728677d87f-1200x600.jpg?resize=700%2C400&ssl=1 2x, https:\/\/i0.wp.com\/correiodasemana.com\/site\/wp-content\/uploads\/2019\/07\/capturadepantall-fae5bc467ca5d45a8bd6d7728677d87f-1200x600.jpg?resize=1050%2C600&ssl=1 3x"},"classes":[]}],"jetpack_sharing_enabled":true,"_links":{"self":[{"href":"https:\/\/correiodasemana.com\/site\/wp-json\/wp\/v2\/posts\/11760","targetHints":{"allow":["GET"]}}],"collection":[{"href":"https:\/\/correiodasemana.com\/site\/wp-json\/wp\/v2\/posts"}],"about":[{"href":"https:\/\/correiodasemana.com\/site\/wp-json\/wp\/v2\/types\/post"}],"author":[{"embeddable":true,"href":"https:\/\/correiodasemana.com\/site\/wp-json\/wp\/v2\/users\/1"}],"replies":[{"embeddable":true,"href":"https:\/\/correiodasemana.com\/site\/wp-json\/wp\/v2\/comments?post=11760"}],"version-history":[{"count":1,"href":"https:\/\/correiodasemana.com\/site\/wp-json\/wp\/v2\/posts\/11760\/revisions"}],"predecessor-version":[{"id":11762,"href":"https:\/\/correiodasemana.com\/site\/wp-json\/wp\/v2\/posts\/11760\/revisions\/11762"}],"wp:featuredmedia":[{"embeddable":true,"href":"https:\/\/correiodasemana.com\/site\/wp-json\/wp\/v2\/media\/11761"}],"wp:attachment":[{"href":"https:\/\/correiodasemana.com\/site\/wp-json\/wp\/v2\/media?parent=11760"}],"wp:term":[{"taxonomy":"category","embeddable":true,"href":"https:\/\/correiodasemana.com\/site\/wp-json\/wp\/v2\/categories?post=11760"},{"taxonomy":"post_tag","embeddable":true,"href":"https:\/\/correiodasemana.com\/site\/wp-json\/wp\/v2\/tags?post=11760"}],"curies":[{"name":"wp","href":"https:\/\/api.w.org\/{rel}","templated":true}]}}