{"id":11775,"date":"2020-07-13T12:15:44","date_gmt":"2020-07-13T12:15:44","guid":{"rendered":"https:\/\/correiodasemana.com\/site\/?p=11775"},"modified":"2020-07-13T12:28:40","modified_gmt":"2020-07-13T12:28:40","slug":"santa-casa-de-misericordia-de-sobral-recebe-doacao-de-protetores-faciais-da-empresa-baterias-moura","status":"publish","type":"post","link":"https:\/\/correiodasemana.com\/site\/santa-casa-de-misericordia-de-sobral-recebe-doacao-de-protetores-faciais-da-empresa-baterias-moura\/","title":{"rendered":"Santa Casa de Miseric\u00f3rdia de Sobral recebe doa\u00e7\u00e3o de protetores faciais da empresa Baterias Moura"},"content":{"rendered":"<p><strong>SA\u00daDE<\/strong><\/p>\n<p><span style=\"font-family: tahoma, sans-serif;\">Proporcionando maior seguran\u00e7a aos profissionais que atuam na linha de frente no combate \u00e0 Covid-19 na Santa Casa de Miseric\u00f3rdia de Sobral (SCMS), a institui\u00e7\u00e3o recebeu nesta quinta-feira (09\/07) a doa\u00e7\u00e3o de protetores faciais realizada pela empresa Baterias Moura.<\/span><\/p>\n<p>De acordo com a gerente comercial da Baterias Moura Distribuidora na cidade de Sobral, Cristiane Caetano, ajudar as pessoas \u00e9 uma preocupa\u00e7\u00e3o da empresa, e no contexto de pandemia da Covid-19, a mobiliza\u00e7\u00e3o solid\u00e1ria s\u00f3 cresceu:<i>\u00a0\u201cEstamos realizando doa\u00e7\u00e3o de protetores faciais por todo o pa\u00eds. Nossa empresa, diante da situa\u00e7\u00e3o alarmante em nosso estado, se prontificou a enviar protetores para a cidade de Sobral, e um dos locais contemplados \u00e9 a Santa Casa, e estamos muito felizes de estarmos contribuindo com a seguran\u00e7a dos profissionais\u201d<\/i>, explica Cristiane.<\/p>\n<p>Para o diretor-geral do Complexo SCMS, Klebson Carvalho, o olhar solid\u00e1rio que empresas como a Baterias Moura destinam \u00e0 Santa Casa nesse momento garantem maior seguran\u00e7a aos profissionais e qualidade nos servi\u00e7os assistenciais prestados pela institui\u00e7\u00e3o:\u00a0<i>\u201cA Santa Casa \u00e9 respons\u00e1vel pelo atendimento a pacientes de Sobral e outros 54 munic\u00edpios da regi\u00e3o norte do estado do Cear\u00e1, e em momentos dif\u00edceis como o que enfrentamos devido \u00e0 pandemia, toda ajuda faz a diferen\u00e7a\u201d<\/i>, enfatiza.<\/p>\n<div class=\"gmail_signature\" dir=\"ltr\" data-smartmail=\"gmail_signature\">\n<div dir=\"ltr\">\n<div>\n<div dir=\"ltr\">\n<div>\n<div dir=\"ltr\">\n<div>\n<div dir=\"ltr\">\n<div>\n<div dir=\"ltr\">\n<div>\n<div dir=\"ltr\">\n<div>\n<div dir=\"ltr\">\n<div>\n<div dir=\"ltr\">\n<div><span style=\"color: #999999;\">Santa Casa de Miseric\u00f3rdia de Sobral<br \/>\n<\/span><\/div>\n<div>Assessoria de Comunica\u00e7\u00e3o<\/div>\n<div><b>Thais Menezes\/ Henrique Brito\/ Domingos Jr.<\/b><\/div>\n<div><\/div>\n<\/div>\n<\/div>\n<\/div>\n<\/div>\n<\/div>\n<\/div>\n<\/div>\n<\/div>\n<\/div>\n<\/div>\n<\/div>\n<\/div>\n<\/div>\n<\/div>\n<\/div>\n<\/div>\n","protected":false},"excerpt":{"rendered":"<p>SA\u00daDE Proporcionando maior seguran\u00e7a aos profissionais que atuam na linha de frente no combate \u00e0&#8230;<\/p>\n","protected":false},"author":1,"featured_media":11776,"comment_status":"open","ping_status":"open","sticky":false,"template":"","format":"standard","meta":{"_jetpack_memberships_contains_paid_content":false,"footnotes":"","jetpack_publicize_message":"","jetpack_publicize_feature_enabled":true,"jetpack_social_post_already_shared":true,"jetpack_social_options":{"image_generator_settings":{"template":"highway","default_image_id":0,"font":"","enabled":false},"version":2}},"categories":[1],"tags":[],"class_list":["post-11775","post","type-post","status-publish","format-standard","has-post-thumbnail","hentry","category-atualidade"],"jetpack_publicize_connections":[],"jetpack_featured_media_url":"https:\/\/correiodasemana.com\/site\/wp-content\/uploads\/2020\/07\/Doa\u00e7\u00f5es.jpg","jetpack-related-posts":[{"id":12405,"url":"https:\/\/correiodasemana.com\/site\/santa-casa-de-misericordia-de-sobral-recebe-doacao-de-protetores-faciais-de-parceria-entre-ifce-e-sindicato-dos-engenheiros-do-ceara\/","url_meta":{"origin":11775,"position":0},"title":"Santa Casa de Miseric\u00f3rdia de Sobral recebe doa\u00e7\u00e3o de protetores faciais de parceria entre IFCE e Sindicato dos Engenheiros do Cear\u00e1","author":"","date":"Agosto 2, 2020","format":false,"excerpt":"O equipamento de prote\u00e7\u00e3o \u00e9 indicado no combate ao novo coronav\u00edrus como complemento \u00e0s m\u00e1scaras do tipo N95. Assessoria de Comunica\u00e7\u00e3o do Complexo SCMS Desde o in\u00edcio da pandemia da Covid-19, o Complexo Santa Casa de Miseric\u00f3rdia de Sobral vem recebendo doa\u00e7\u00f5es de Equipamentos de Prote\u00e7\u00e3o Individual (EPIs), itens essenciais\u2026","rel":"","context":"In &quot;Atualidade&quot;","block_context":{"text":"Atualidade","link":"https:\/\/correiodasemana.com\/site\/category\/atualidade\/"},"img":{"alt_text":"","src":"https:\/\/i0.wp.com\/correiodasemana.com\/site\/wp-content\/uploads\/2020\/08\/IFCE-1-scaled.jpg?resize=350%2C200&ssl=1","width":350,"height":200,"srcset":"https:\/\/i0.wp.com\/correiodasemana.com\/site\/wp-content\/uploads\/2020\/08\/IFCE-1-scaled.jpg?resize=350%2C200&ssl=1 1x, https:\/\/i0.wp.com\/correiodasemana.com\/site\/wp-content\/uploads\/2020\/08\/IFCE-1-scaled.jpg?resize=525%2C300&ssl=1 1.5x, https:\/\/i0.wp.com\/correiodasemana.com\/site\/wp-content\/uploads\/2020\/08\/IFCE-1-scaled.jpg?resize=700%2C400&ssl=1 2x, https:\/\/i0.wp.com\/correiodasemana.com\/site\/wp-content\/uploads\/2020\/08\/IFCE-1-scaled.jpg?resize=1050%2C600&ssl=1 3x, https:\/\/i0.wp.com\/correiodasemana.com\/site\/wp-content\/uploads\/2020\/08\/IFCE-1-scaled.jpg?resize=1400%2C800&ssl=1 4x"},"classes":[]},{"id":14662,"url":"https:\/\/correiodasemana.com\/site\/solidariedade-santa-casa-de-misericordia-de-sobral-recebe-doacao-de-72-mil-mascaras-da-empresa-grendene\/","url_meta":{"origin":11775,"position":1},"title":"Solidariedade \u2022 Santa Casa de Miseric\u00f3rdia de Sobral recebe doa\u00e7\u00e3o de 72 mil m\u00e1scaras da empresa Grendene","author":"","date":"Novembro 23, 2020","format":false,"excerpt":"Somente a Grendene j\u00e1 destinou um total de 208.660 EPIs como jalecos, gorros, prop\u00e9s, protetores faciais e m\u00e1scaras descart\u00e1veis \u00e0 institui\u00e7\u00e3o. Ascom Complexo SCMS Desde o in\u00edcio da pandemia de Covid-19 em mar\u00e7o, com a escassez de Equipamentos de Prote\u00e7\u00e3o Individual (EPIs) no mercado, al\u00e9m de seus altos pre\u00e7os, a\u2026","rel":"","context":"In &quot;Atualidade&quot;","block_context":{"text":"Atualidade","link":"https:\/\/correiodasemana.com\/site\/category\/atualidade\/"},"img":{"alt_text":"","src":"https:\/\/i0.wp.com\/correiodasemana.com\/site\/wp-content\/uploads\/2020\/11\/Doacoes-Grendene-1.jpg?resize=350%2C200&ssl=1","width":350,"height":200,"srcset":"https:\/\/i0.wp.com\/correiodasemana.com\/site\/wp-content\/uploads\/2020\/11\/Doacoes-Grendene-1.jpg?resize=350%2C200&ssl=1 1x, https:\/\/i0.wp.com\/correiodasemana.com\/site\/wp-content\/uploads\/2020\/11\/Doacoes-Grendene-1.jpg?resize=525%2C300&ssl=1 1.5x, https:\/\/i0.wp.com\/correiodasemana.com\/site\/wp-content\/uploads\/2020\/11\/Doacoes-Grendene-1.jpg?resize=700%2C400&ssl=1 2x"},"classes":[]},{"id":16345,"url":"https:\/\/correiodasemana.com\/site\/santa-casa-de-misericordia-de-sobral-recebe-doacao-de-10-mil-mascaras-da-empresa-grendene\/","url_meta":{"origin":11775,"position":2},"title":"Santa Casa de Miseric\u00f3rdia de Sobral recebe doa\u00e7\u00e3o de 10 mil m\u00e1scaras da empresa Grendene","author":"","date":"Maio 3, 2021","format":false,"excerpt":"A empresa j\u00e1 destinou \u00e0 Santa Casa mais de 200 mil EPIs\u00a0\u00a0 Ascom Complexo SCMS A Santa Casa de Miseric\u00f3rdia de Sobral recebeu, na quinta-feira (22\/04), doa\u00e7\u00e3o de 10 mil m\u00e1scaras da empresa Grendene. Desde o in\u00edcio da pandemia de Covid-19 em mar\u00e7o de 2020, com a escassez de Equipamentos\u2026","rel":"","context":"In &quot;Atualidade&quot;","block_context":{"text":"Atualidade","link":"https:\/\/correiodasemana.com\/site\/category\/atualidade\/"},"img":{"alt_text":"","src":"https:\/\/i0.wp.com\/correiodasemana.com\/site\/wp-content\/uploads\/2021\/05\/IMG_6889.jpg?resize=350%2C200&ssl=1","width":350,"height":200,"srcset":"https:\/\/i0.wp.com\/correiodasemana.com\/site\/wp-content\/uploads\/2021\/05\/IMG_6889.jpg?resize=350%2C200&ssl=1 1x, https:\/\/i0.wp.com\/correiodasemana.com\/site\/wp-content\/uploads\/2021\/05\/IMG_6889.jpg?resize=525%2C300&ssl=1 1.5x"},"classes":[]},{"id":14031,"url":"https:\/\/correiodasemana.com\/site\/hospital-regional-norte-supera-1200-altas-por-covid-19-em-seis-meses-de-combate-a-pandemia\/","url_meta":{"origin":11775,"position":3},"title":"Hospital Regional Norte supera 1200 altas por COVID-19 em seis meses de combate \u00e0 pandemia","author":"","date":"Outubro 13, 2020","format":false,"excerpt":"Por Joc\u00e9lio Tavares. Com informa\u00e7\u00f5es de Teresa Fernandes O Hospital Regional Norte (HRN), do Governo do Cear\u00e1, administrado pelo Instituto de Sa\u00fade e Gest\u00e3o Hospitalar (ISGH), \u00e9 refer\u00eancia no atendimento a casos de m\u00e9dia e alta complexidade da Covid-19 na Regi\u00e3o Norte do Cear\u00e1. Completando seis meses do primeiro caso\u2026","rel":"","context":"In &quot;Atualidade&quot;","block_context":{"text":"Atualidade","link":"https:\/\/correiodasemana.com\/site\/category\/atualidade\/"},"img":{"alt_text":"","src":"https:\/\/i0.wp.com\/correiodasemana.com\/site\/wp-content\/uploads\/2020\/10\/IMG-20201007-WA0019.png?resize=350%2C200&ssl=1","width":350,"height":200,"srcset":"https:\/\/i0.wp.com\/correiodasemana.com\/site\/wp-content\/uploads\/2020\/10\/IMG-20201007-WA0019.png?resize=350%2C200&ssl=1 1x, https:\/\/i0.wp.com\/correiodasemana.com\/site\/wp-content\/uploads\/2020\/10\/IMG-20201007-WA0019.png?resize=525%2C300&ssl=1 1.5x, https:\/\/i0.wp.com\/correiodasemana.com\/site\/wp-content\/uploads\/2020\/10\/IMG-20201007-WA0019.png?resize=700%2C400&ssl=1 2x, https:\/\/i0.wp.com\/correiodasemana.com\/site\/wp-content\/uploads\/2020\/10\/IMG-20201007-WA0019.png?resize=1050%2C600&ssl=1 3x"},"classes":[]},{"id":12208,"url":"https:\/\/correiodasemana.com\/site\/santa-casa-de-misericordia-de-sobral-recebe-doacao-de-cestas-basicas-do-banco-santander\/","url_meta":{"origin":11775,"position":4},"title":"Santa Casa de Miseric\u00f3rdia de Sobral recebe doa\u00e7\u00e3o de cestas b\u00e1sicas do Banco Santander","author":"","date":"Julho 25, 2020","format":false,"excerpt":"Cestas foram arrecadadas por meio de um projeto social - Amigos de Valor - que o Banco Santander possui. Assessoria de Comunica\u00e7\u00e3o Complexo SCMS Contribuindo com a humaniza\u00e7\u00e3o prestada pela Santa Casa de Miseric\u00f3rdia de Sobral (SCMS) a pacientes de Sobral e outros 54 munic\u00edpios da regi\u00e3o norte do estado\u2026","rel":"","context":"In &quot;Santa Casa&quot;","block_context":{"text":"Santa Casa","link":"https:\/\/correiodasemana.com\/site\/category\/santa-casa\/"},"img":{"alt_text":"","src":"https:\/\/i0.wp.com\/correiodasemana.com\/site\/wp-content\/uploads\/2020\/07\/IMG_5129.jpg?resize=350%2C200&ssl=1","width":350,"height":200,"srcset":"https:\/\/i0.wp.com\/correiodasemana.com\/site\/wp-content\/uploads\/2020\/07\/IMG_5129.jpg?resize=350%2C200&ssl=1 1x, https:\/\/i0.wp.com\/correiodasemana.com\/site\/wp-content\/uploads\/2020\/07\/IMG_5129.jpg?resize=525%2C300&ssl=1 1.5x, https:\/\/i0.wp.com\/correiodasemana.com\/site\/wp-content\/uploads\/2020\/07\/IMG_5129.jpg?resize=700%2C400&ssl=1 2x"},"classes":[]},{"id":16671,"url":"https:\/\/correiodasemana.com\/site\/santa-casa-de-sobral-recebe-doacao-de-capacetes-elmo-da-fabrica-coelho\/","url_meta":{"origin":11775,"position":5},"title":"Santa Casa de Sobral recebe doa\u00e7\u00e3o de Capacetes Elmo da F\u00e1brica Coelho","author":"","date":"Junho 7, 2021","format":false,"excerpt":"Os 10 equipamentos doados pela empresa contribuir\u00e3o com a redu\u00e7\u00e3o da necessidade de interna\u00e7\u00e3o de pacientes em Unidades de Terapia Intensiva (UTI). Ascom Complexo SCMS A Santa Casa de Miseric\u00f3rdia de Sobral (SCMS) recebeu na segunda-feira (31\/05) a doa\u00e7\u00e3o de 10 capacetes Elmo da F\u00e1brica Coelho. O uso do equipamento\u2026","rel":"","context":"In &quot;Atualidade&quot;","block_context":{"text":"Atualidade","link":"https:\/\/correiodasemana.com\/site\/category\/atualidade\/"},"img":{"alt_text":"","src":"https:\/\/i0.wp.com\/correiodasemana.com\/site\/wp-content\/uploads\/2021\/06\/Doacao-Fabrica-Coelho-scaled.jpg?resize=350%2C200&ssl=1","width":350,"height":200,"srcset":"https:\/\/i0.wp.com\/correiodasemana.com\/site\/wp-content\/uploads\/2021\/06\/Doacao-Fabrica-Coelho-scaled.jpg?resize=350%2C200&ssl=1 1x, https:\/\/i0.wp.com\/correiodasemana.com\/site\/wp-content\/uploads\/2021\/06\/Doacao-Fabrica-Coelho-scaled.jpg?resize=525%2C300&ssl=1 1.5x, https:\/\/i0.wp.com\/correiodasemana.com\/site\/wp-content\/uploads\/2021\/06\/Doacao-Fabrica-Coelho-scaled.jpg?resize=700%2C400&ssl=1 2x, https:\/\/i0.wp.com\/correiodasemana.com\/site\/wp-content\/uploads\/2021\/06\/Doacao-Fabrica-Coelho-scaled.jpg?resize=1050%2C600&ssl=1 3x, https:\/\/i0.wp.com\/correiodasemana.com\/site\/wp-content\/uploads\/2021\/06\/Doacao-Fabrica-Coelho-scaled.jpg?resize=1400%2C800&ssl=1 4x"},"classes":[]}],"jetpack_sharing_enabled":true,"_links":{"self":[{"href":"https:\/\/correiodasemana.com\/site\/wp-json\/wp\/v2\/posts\/11775","targetHints":{"allow":["GET"]}}],"collection":[{"href":"https:\/\/correiodasemana.com\/site\/wp-json\/wp\/v2\/posts"}],"about":[{"href":"https:\/\/correiodasemana.com\/site\/wp-json\/wp\/v2\/types\/post"}],"author":[{"embeddable":true,"href":"https:\/\/correiodasemana.com\/site\/wp-json\/wp\/v2\/users\/1"}],"replies":[{"embeddable":true,"href":"https:\/\/correiodasemana.com\/site\/wp-json\/wp\/v2\/comments?post=11775"}],"version-history":[{"count":3,"href":"https:\/\/correiodasemana.com\/site\/wp-json\/wp\/v2\/posts\/11775\/revisions"}],"predecessor-version":[{"id":11780,"href":"https:\/\/correiodasemana.com\/site\/wp-json\/wp\/v2\/posts\/11775\/revisions\/11780"}],"wp:featuredmedia":[{"embeddable":true,"href":"https:\/\/correiodasemana.com\/site\/wp-json\/wp\/v2\/media\/11776"}],"wp:attachment":[{"href":"https:\/\/correiodasemana.com\/site\/wp-json\/wp\/v2\/media?parent=11775"}],"wp:term":[{"taxonomy":"category","embeddable":true,"href":"https:\/\/correiodasemana.com\/site\/wp-json\/wp\/v2\/categories?post=11775"},{"taxonomy":"post_tag","embeddable":true,"href":"https:\/\/correiodasemana.com\/site\/wp-json\/wp\/v2\/tags?post=11775"}],"curies":[{"name":"wp","href":"https:\/\/api.w.org\/{rel}","templated":true}]}}