{"id":11781,"date":"2020-07-13T17:39:44","date_gmt":"2020-07-13T17:39:44","guid":{"rendered":"https:\/\/correiodasemana.com\/site\/?p=11781"},"modified":"2020-07-13T17:39:44","modified_gmt":"2020-07-13T17:39:44","slug":"prazos-processuais-voltam-a-correr-nas-varas-do-trabalho-de-sobral-e-tiangua-nesta-segunda-feira-13-7","status":"publish","type":"post","link":"https:\/\/correiodasemana.com\/site\/prazos-processuais-voltam-a-correr-nas-varas-do-trabalho-de-sobral-e-tiangua-nesta-segunda-feira-13-7\/","title":{"rendered":"Prazos processuais voltam a correr nas Varas do Trabalho de Sobral e Tiangu\u00e1 nesta segunda-feira (13\/7)"},"content":{"rendered":"<p><em>J\u00e1 nas Varas do Trabalho do Cariri e de Iguatu, fica mantida a suspens\u00e3o dos prazos em raz\u00e3o do isolamento social r\u00edgido<\/em><\/p>\n<p>No \u00faltimo s\u00e1bado (11\/7), o Governo do Cear\u00e1 publicou\u00a0<a href=\"https:\/\/www.ceara.gov.br\/wp-content\/uploads\/2020\/07\/do20200711p01.pdf\">novo Decreto<\/a>\u00a0que renova a pol\u00edtica de regionaliza\u00e7\u00e3o do isolamento social para combate do coronav\u00edrus. Segundo o documento, o sistema de isolamento social r\u00edgido (<em>lockdown<\/em>) permanece nas cidades de Iguatu e Juazeiro do Norte, entre outras. Com isso, os prazos de processos que tramitam nas Varas do Trabalho dessas localidades (Iguatu e Cariri) permanecem suspensos. As medidas s\u00e3o v\u00e1lidas at\u00e9 o dia 19 de julho. J\u00e1 nas Varas do Trabalho de Sobral e Tiangu\u00e1, os prazos processuais voltam a correr normalmente a partir desta segunda-feira (13\/7).<\/p>\n<p>A\u00a0<a href=\"https:\/\/www.trt7.jus.br\/files\/atos_normativos\/resolucoes\/2020\/BD_RESOLUO_NORMATIVA_05-2020.pdf\">Resolu\u00e7\u00e3o Normativa do TRT\/CE\u00a0<\/a>em vigor sobre o tema prev\u00ea que nos processos que tramitam em varas cuja jurisdi\u00e7\u00e3o englobem munic\u00edpios que devam manter isolamento social r\u00edgido, por for\u00e7a de Decreto estadual, os prazos permane\u00e7am suspensos.<\/p>\n<p>A restri\u00e7\u00e3o das atividades tamb\u00e9m segue\u00a0<a href=\"https:\/\/www.trt7.jus.br\/files\/publicacoes\/Resolucao_n_318_-_CNJ_de_7_de_maio_de_2020_LOCKDOWN.pdf\">Resolu\u00e7\u00e3o do Conselho Nacional de Justi\u00e7a,<\/a>\u00a0que determina aos \u00f3rg\u00e3os do Poder Judici\u00e1rio que, \u201cem caso de imposi\u00e7\u00e3o de medidas sanit\u00e1rias restritivas \u00e0 livre locomo\u00e7\u00e3o de pessoas (<em>lockdown<\/em>) por parte da autoridade estadual competente, ficam automaticamente suspensos os prazos processuais nos feitos que tramitem em meios eletr\u00f4nico e f\u00edsico, pelo tempo que perdurarem as restri\u00e7\u00f5es\u201d.<\/p>\n<p><strong>Informa\u00e7\u00f5es para Imprensa<\/strong><\/p>\n<p>Divis\u00e3o de Comunica\u00e7\u00e3o Social do TRT\/CE<\/p>\n<p>&nbsp;<\/p>\n","protected":false},"excerpt":{"rendered":"<p>J\u00e1 nas Varas do Trabalho do Cariri e de Iguatu, fica mantida a suspens\u00e3o dos&#8230;<\/p>\n","protected":false},"author":1,"featured_media":11782,"comment_status":"open","ping_status":"open","sticky":false,"template":"","format":"standard","meta":{"_jetpack_memberships_contains_paid_content":false,"footnotes":"","jetpack_publicize_message":"","jetpack_publicize_feature_enabled":true,"jetpack_social_post_already_shared":true,"jetpack_social_options":{"image_generator_settings":{"template":"highway","default_image_id":0,"font":"","enabled":false},"version":2}},"categories":[1],"tags":[],"class_list":["post-11781","post","type-post","status-publish","format-standard","has-post-thumbnail","hentry","category-atualidade"],"jetpack_publicize_connections":[],"jetpack_featured_media_url":"https:\/\/correiodasemana.com\/site\/wp-content\/uploads\/2020\/07\/camila_domingues_palacio_piratini.jpg","jetpack-related-posts":[{"id":11986,"url":"https:\/\/correiodasemana.com\/site\/maioria-dos-estados-avanca-nos-planos-de-retomada-economica\/","url_meta":{"origin":11781,"position":0},"title":"Maioria dos estados avan\u00e7a nos planos de retomada econ\u00f4mica","author":"","date":"Julho 20, 2020","format":false,"excerpt":"Restri\u00e7\u00e3o varia conforme casos da doen\u00e7a e leitos de UTI dispon\u00edveis H\u00e1 cerca de quatro meses, desde que a pandemia do novo coronav\u00edrus imp\u00f4s o isolamento social, para tentar conter o avan\u00e7o do n\u00famero de\u00a0casos e mortes por covid-19, os governos dos 26 estados brasileiros e do Distrito Federal criaram\u2026","rel":"","context":"In &quot;Atualidade&quot;","block_context":{"text":"Atualidade","link":"https:\/\/correiodasemana.com\/site\/category\/atualidade\/"},"img":{"alt_text":"","src":"https:\/\/i0.wp.com\/correiodasemana.com\/site\/wp-content\/uploads\/2020\/07\/16_07_2020_movimentacao_sp-3.jpg?resize=350%2C200&ssl=1","width":350,"height":200,"srcset":"https:\/\/i0.wp.com\/correiodasemana.com\/site\/wp-content\/uploads\/2020\/07\/16_07_2020_movimentacao_sp-3.jpg?resize=350%2C200&ssl=1 1x, https:\/\/i0.wp.com\/correiodasemana.com\/site\/wp-content\/uploads\/2020\/07\/16_07_2020_movimentacao_sp-3.jpg?resize=525%2C300&ssl=1 1.5x, https:\/\/i0.wp.com\/correiodasemana.com\/site\/wp-content\/uploads\/2020\/07\/16_07_2020_movimentacao_sp-3.jpg?resize=700%2C400&ssl=1 2x, https:\/\/i0.wp.com\/correiodasemana.com\/site\/wp-content\/uploads\/2020\/07\/16_07_2020_movimentacao_sp-3.jpg?resize=1050%2C600&ssl=1 3x"},"classes":[]},{"id":11823,"url":"https:\/\/correiodasemana.com\/site\/sobral-e-iguatu-tem-256-mil-pessoas-com-anticorpos-para-a-covid-19-estima-pesquisa\/","url_meta":{"origin":11781,"position":1},"title":"Sobral e Iguatu t\u00eam 25,6 mil pessoas com anticorpos para a Covid-19, estima pesquisa","author":"","date":"Julho 14, 2020","format":false,"excerpt":"Somadas, as duas cidades concentram 57,3 mil pessoas em contato com o v\u00edrus, considerando-se as que t\u00eam a doen\u00e7a ativa e as que desenvolveram anticorpos, segundo estudo do Governo do Cear\u00e1 e do Instituto Opnus Um total de 25,6 mil pessoas nas cidades de Sobral e Iguatu j\u00e1 podem ter\u2026","rel":"","context":"In &quot;Atualidade&quot;","block_context":{"text":"Atualidade","link":"https:\/\/correiodasemana.com\/site\/category\/atualidade\/"},"img":{"alt_text":"","src":"https:\/\/i0.wp.com\/correiodasemana.com\/site\/wp-content\/uploads\/2020\/07\/coronavirus.jpg?resize=350%2C200&ssl=1","width":350,"height":200,"srcset":"https:\/\/i0.wp.com\/correiodasemana.com\/site\/wp-content\/uploads\/2020\/07\/coronavirus.jpg?resize=350%2C200&ssl=1 1x, https:\/\/i0.wp.com\/correiodasemana.com\/site\/wp-content\/uploads\/2020\/07\/coronavirus.jpg?resize=525%2C300&ssl=1 1.5x, https:\/\/i0.wp.com\/correiodasemana.com\/site\/wp-content\/uploads\/2020\/07\/coronavirus.jpg?resize=700%2C400&ssl=1 2x, https:\/\/i0.wp.com\/correiodasemana.com\/site\/wp-content\/uploads\/2020\/07\/coronavirus.jpg?resize=1050%2C600&ssl=1 3x, https:\/\/i0.wp.com\/correiodasemana.com\/site\/wp-content\/uploads\/2020\/07\/coronavirus.jpg?resize=1400%2C800&ssl=1 4x"},"classes":[]},{"id":16257,"url":"https:\/\/correiodasemana.com\/site\/isolamento-social-rigido-em-sobral-permanece-ate-dia-28-de-abril-e-ja-inicia-primeiras-fases-de-flexibilizacao\/","url_meta":{"origin":11781,"position":2},"title":"Isolamento Social R\u00edgido em Sobral permanece at\u00e9 dia 28 de Abril e j\u00e1 inicia primeiras fases de flexibiliza\u00e7\u00e3o","author":"","date":"Abril 25, 2021","format":false,"excerpt":"Por Samuel Carvalho - Reda\u00e7\u00e3o Correio da Semana Em processo de flexibiliza\u00e7\u00e3o, o isolamento social r\u00edgido de Sobral vai at\u00e9 dia 28 de Abril e j\u00e1 apresenta algumas novidades que entraram em vigor nessa semana de acordo com o decreto 2.635 publicado no Di\u00e1rio Oficial do Munic\u00edpio no \u00faltimo s\u00e1bado\u2026","rel":"","context":"In &quot;Atualidade&quot;","block_context":{"text":"Atualidade","link":"https:\/\/correiodasemana.com\/site\/category\/atualidade\/"},"img":{"alt_text":"","src":"https:\/\/i0.wp.com\/correiodasemana.com\/site\/wp-content\/uploads\/2021\/04\/PMSOBRAL9015-scaled-1.jpg?resize=350%2C200&ssl=1","width":350,"height":200,"srcset":"https:\/\/i0.wp.com\/correiodasemana.com\/site\/wp-content\/uploads\/2021\/04\/PMSOBRAL9015-scaled-1.jpg?resize=350%2C200&ssl=1 1x, https:\/\/i0.wp.com\/correiodasemana.com\/site\/wp-content\/uploads\/2021\/04\/PMSOBRAL9015-scaled-1.jpg?resize=525%2C300&ssl=1 1.5x, https:\/\/i0.wp.com\/correiodasemana.com\/site\/wp-content\/uploads\/2021\/04\/PMSOBRAL9015-scaled-1.jpg?resize=700%2C400&ssl=1 2x, https:\/\/i0.wp.com\/correiodasemana.com\/site\/wp-content\/uploads\/2021\/04\/PMSOBRAL9015-scaled-1.jpg?resize=1050%2C600&ssl=1 3x, https:\/\/i0.wp.com\/correiodasemana.com\/site\/wp-content\/uploads\/2021\/04\/PMSOBRAL9015-scaled-1.jpg?resize=1400%2C800&ssl=1 4x"},"classes":[]},{"id":11966,"url":"https:\/\/correiodasemana.com\/site\/pesquisa-estima-que-256-mil-cearenses-tem-anticorpos-para-covid-19-em-sobral-e-em-iguatu\/","url_meta":{"origin":11781,"position":3},"title":"Pesquisa estima que 25,6 mil cearenses t\u00eam anticorpos para Covid-19 em Sobral e em Iguatu","author":"","date":"Julho 19, 2020","format":false,"excerpt":"As duas cidades conclu\u00edram primeira etapa da pesquisa de soropreval\u00eancia. Pesquisadores tamb\u00e9m fizeram busca ativa de pessoas contaminadas nos munic\u00edpios Enquanto Fortaleza inicia, nesta segunda-feira (13), a fase dois da pesquisa de soropreval\u00eancia na popula\u00e7\u00e3o, os munic\u00edpios de Sobral e Iguatu recebem os resultados da primeira fase do estudo. Ao\u2026","rel":"","context":"In &quot;Atualidade&quot;","block_context":{"text":"Atualidade","link":"https:\/\/correiodasemana.com\/site\/category\/atualidade\/"},"img":{"alt_text":"","src":"https:\/\/i0.wp.com\/correiodasemana.com\/site\/wp-content\/uploads\/2020\/07\/WhatsApp-Image-2020-07-16-at-15.58.11.jpeg?resize=350%2C200&ssl=1","width":350,"height":200,"srcset":"https:\/\/i0.wp.com\/correiodasemana.com\/site\/wp-content\/uploads\/2020\/07\/WhatsApp-Image-2020-07-16-at-15.58.11.jpeg?resize=350%2C200&ssl=1 1x, https:\/\/i0.wp.com\/correiodasemana.com\/site\/wp-content\/uploads\/2020\/07\/WhatsApp-Image-2020-07-16-at-15.58.11.jpeg?resize=525%2C300&ssl=1 1.5x, https:\/\/i0.wp.com\/correiodasemana.com\/site\/wp-content\/uploads\/2020\/07\/WhatsApp-Image-2020-07-16-at-15.58.11.jpeg?resize=700%2C400&ssl=1 2x, https:\/\/i0.wp.com\/correiodasemana.com\/site\/wp-content\/uploads\/2020\/07\/WhatsApp-Image-2020-07-16-at-15.58.11.jpeg?resize=1050%2C600&ssl=1 3x"},"classes":[]},{"id":16313,"url":"https:\/\/correiodasemana.com\/site\/sobral-iniciou-reabertura-gradual-do-comercio-e-dos-transportes-essa-semana-saiba-o-que-voltou-a-funcionar\/","url_meta":{"origin":11781,"position":4},"title":"Sobral iniciou reabertura gradual do com\u00e9rcio e dos transportes essa semana; Saiba o que voltou a funcionar","author":"","date":"Maio 2, 2021","format":false,"excerpt":"Por Samuel Carvalho - Reda\u00e7\u00e3o Correio da Semana Sobral seguiu em isolamento r\u00edgido mesmo ap\u00f3s o in\u00edcio do decreto de flexibiliza\u00e7\u00e3o estadual que come\u00e7ou no dia 12 de Abril. Para os sobralenses o lockdown continuou at\u00e9 dia 21 de abril com a libera\u00e7\u00e3o das atividades econ\u00f4micas de menor impacto de\u2026","rel":"","context":"In &quot;Atualidade&quot;","block_context":{"text":"Atualidade","link":"https:\/\/correiodasemana.com\/site\/category\/atualidade\/"},"img":{"alt_text":"","src":"https:\/\/i0.wp.com\/correiodasemana.com\/site\/wp-content\/uploads\/2021\/05\/DSC0586.jpg?resize=350%2C200&ssl=1","width":350,"height":200,"srcset":"https:\/\/i0.wp.com\/correiodasemana.com\/site\/wp-content\/uploads\/2021\/05\/DSC0586.jpg?resize=350%2C200&ssl=1 1x, https:\/\/i0.wp.com\/correiodasemana.com\/site\/wp-content\/uploads\/2021\/05\/DSC0586.jpg?resize=525%2C300&ssl=1 1.5x"},"classes":[]},{"id":30467,"url":"https:\/\/correiodasemana.com\/site\/governo-do-ceara-anuncia-construcao-de-11-399-cisternas-em-80-municipios-cearenses\/","url_meta":{"origin":11781,"position":5},"title":"Governo do Cear\u00e1 anuncia constru\u00e7\u00e3o de 11.399 cisternas em 80 munic\u00edpios cearenses","author":"adminredacao","date":"Agosto 26, 2024","format":false,"excerpt":"Ordens de servi\u00e7o devem ser assinadas em setembro e a constru\u00e7\u00e3o das cisternas e sistemas de re\u00faso at\u00e9 maio de 2026 \u00a0 O governador Elmano de Freitas e o secret\u00e1rio do Desenvolvimento Agr\u00e1rio (SDA), Mois\u00e9s Braz, anunciaram durante live nas redes sociais, nesta sexta-feira (23), o resultado final do edital\u2026","rel":"","context":"In &quot;Atualidade&quot;","block_context":{"text":"Atualidade","link":"https:\/\/correiodasemana.com\/site\/category\/atualidade\/"},"img":{"alt_text":"","src":"https:\/\/i0.wp.com\/correiodasemana.com\/site\/wp-content\/uploads\/2024\/08\/DSC3554.jpg?resize=350%2C200&ssl=1","width":350,"height":200,"srcset":"https:\/\/i0.wp.com\/correiodasemana.com\/site\/wp-content\/uploads\/2024\/08\/DSC3554.jpg?resize=350%2C200&ssl=1 1x, https:\/\/i0.wp.com\/correiodasemana.com\/site\/wp-content\/uploads\/2024\/08\/DSC3554.jpg?resize=525%2C300&ssl=1 1.5x, https:\/\/i0.wp.com\/correiodasemana.com\/site\/wp-content\/uploads\/2024\/08\/DSC3554.jpg?resize=700%2C400&ssl=1 2x, https:\/\/i0.wp.com\/correiodasemana.com\/site\/wp-content\/uploads\/2024\/08\/DSC3554.jpg?resize=1050%2C600&ssl=1 3x"},"classes":[]}],"jetpack_sharing_enabled":true,"_links":{"self":[{"href":"https:\/\/correiodasemana.com\/site\/wp-json\/wp\/v2\/posts\/11781","targetHints":{"allow":["GET"]}}],"collection":[{"href":"https:\/\/correiodasemana.com\/site\/wp-json\/wp\/v2\/posts"}],"about":[{"href":"https:\/\/correiodasemana.com\/site\/wp-json\/wp\/v2\/types\/post"}],"author":[{"embeddable":true,"href":"https:\/\/correiodasemana.com\/site\/wp-json\/wp\/v2\/users\/1"}],"replies":[{"embeddable":true,"href":"https:\/\/correiodasemana.com\/site\/wp-json\/wp\/v2\/comments?post=11781"}],"version-history":[{"count":2,"href":"https:\/\/correiodasemana.com\/site\/wp-json\/wp\/v2\/posts\/11781\/revisions"}],"predecessor-version":[{"id":11785,"href":"https:\/\/correiodasemana.com\/site\/wp-json\/wp\/v2\/posts\/11781\/revisions\/11785"}],"wp:featuredmedia":[{"embeddable":true,"href":"https:\/\/correiodasemana.com\/site\/wp-json\/wp\/v2\/media\/11782"}],"wp:attachment":[{"href":"https:\/\/correiodasemana.com\/site\/wp-json\/wp\/v2\/media?parent=11781"}],"wp:term":[{"taxonomy":"category","embeddable":true,"href":"https:\/\/correiodasemana.com\/site\/wp-json\/wp\/v2\/categories?post=11781"},{"taxonomy":"post_tag","embeddable":true,"href":"https:\/\/correiodasemana.com\/site\/wp-json\/wp\/v2\/tags?post=11781"}],"curies":[{"name":"wp","href":"https:\/\/api.w.org\/{rel}","templated":true}]}}