{"id":11787,"date":"2020-07-13T18:05:08","date_gmt":"2020-07-13T18:05:08","guid":{"rendered":"https:\/\/correiodasemana.com\/site\/?p=11787"},"modified":"2020-07-13T18:05:08","modified_gmt":"2020-07-13T18:05:08","slug":"lei-estadual-determina-multa-para-quem-nao-usar-mascara-no-ceara","status":"publish","type":"post","link":"https:\/\/correiodasemana.com\/site\/lei-estadual-determina-multa-para-quem-nao-usar-mascara-no-ceara\/","title":{"rendered":"Lei estadual determina multa para quem n\u00e3o usar m\u00e1scara no Cear\u00e1"},"content":{"rendered":"<p>Desde o dia 11 de maio de 2020, a medida foi estendida para todas as pessoas que circularem nas ruas de Sobral, mesmo que estejam no interior de ve\u00edculos automotores. Ser\u00e1 considerada circula\u00e7\u00e3o a perman\u00eancia do cidad\u00e3o em todo e qualquer ambiente que n\u00e3o seja sua resid\u00eancia oficial.<\/p>\n<p>A lei<strong>\u00a0N\u00ba 17.234\u00a0<\/strong>que torna obrigat\u00f3rio o uso de m\u00e1scara no Cear\u00e1 foi sancionada pelo governado\u00a0<strong>Camilo Santana<\/strong>, publicada no\u00a0<strong>Di\u00e1rio Oficial do Estado<\/strong>\u00a0e entrou em vigor na \u00faltima sexta-feira (10). Ela<strong>\u00a0prev\u00ea multa\u00a0<\/strong>para pessoas que\u00a0<strong>n\u00e3o usarem m\u00e1scaras de prote\u00e7\u00e3o<\/strong>, seja caseira ou industrial, em espa\u00e7os p\u00fablicos e privados no Estado, durante a pandemia do novo coronav\u00edrus.<\/p>\n<p>O valor a ser pago por quem descumprir as normas previstas na lei, no entanto,\u00a0<strong>ainda ser\u00e1 definido\u00a0<\/strong>pela Secretaria da Sa\u00fade do Estado (Sesa). J\u00e1 a aplica\u00e7\u00e3o da multa ficar\u00e1 a cargo da autoridade de fiscaliza\u00e7\u00e3o competente.<\/p>\n<p>A utiliza\u00e7\u00e3o das m\u00e1scaras ser\u00e1 obrigat\u00f3ria em espa\u00e7os como\u00a0<strong>\u00e1reas comuns de condom\u00ednios\u00a0<\/strong>de resid\u00eancias, pr\u00e9dios comerciais e similares. Nestes casos, o administrador e\/ou s\u00edndico ser\u00e3o responsabilizados em casos de descumprimento da lei.<\/p>\n<p>&nbsp;<\/p>\n<p><strong>EM SOBRAL<\/strong><\/p>\n<p>&nbsp;<\/p>\n<p>O prefeito Ivo Gomes decretou, na quinta-feira (30\/04), uso obrigat\u00f3rio de m\u00e1scaras faciais n\u00e3o profissionais (caseiras) em todo o territ\u00f3rio de Sobral. A multa j\u00e1 est\u00e1 valendo desde o dia (04\/05) e \u00e9 uma das a\u00e7\u00f5es de preven\u00e7\u00e3o \u00e0 Covid-19 no munic\u00edpio, seguindo orienta\u00e7\u00f5es da Organiza\u00e7\u00e3o Mundial da Sa\u00fade (OMS) e de \u00f3rg\u00e3os nacionais e estaduais de vigil\u00e2ncia sanit\u00e1ria.<\/p>\n<p>De acordo com o decreto, estabelecimentos comerciais, atividades essenciais, reparti\u00e7\u00f5es p\u00fablicas, assim como os bancos, lot\u00e9ricas e cong\u00eaneres, somente poder\u00e3o atender pessoas que estiverem utilizando m\u00e1scaras. Os estabelecimentos que descumprirem as determina\u00e7\u00f5es do decreto ficar\u00e3o sujeitos \u00e0 aplica\u00e7\u00e3o de multa no valor de R$ 10 mil, podendo, em caso de reincid\u00eancia, chegar ao patamar de R$ 50 mil.<\/p>\n<p><strong><em>Fonte: Governo do Estado do Cear\u00e1 e assessoria de imprensa da Prefeitura de Sobral<\/em><\/strong><\/p>\n","protected":false},"excerpt":{"rendered":"<p>Desde o dia 11 de maio de 2020, a medida foi estendida para todas as&#8230;<\/p>\n","protected":false},"author":1,"featured_media":11788,"comment_status":"open","ping_status":"open","sticky":false,"template":"","format":"standard","meta":{"_jetpack_memberships_contains_paid_content":false,"footnotes":"","jetpack_publicize_message":"","jetpack_publicize_feature_enabled":true,"jetpack_social_post_already_shared":true,"jetpack_social_options":{"image_generator_settings":{"template":"highway","default_image_id":0,"font":"","enabled":false},"version":2}},"categories":[1],"tags":[],"class_list":["post-11787","post","type-post","status-publish","format-standard","has-post-thumbnail","hentry","category-atualidade"],"jetpack_publicize_connections":[],"jetpack_featured_media_url":"https:\/\/correiodasemana.com\/site\/wp-content\/uploads\/2020\/07\/106088497_1340560659483176_2222295279908822734_n.jpg","jetpack-related-posts":[{"id":13376,"url":"https:\/\/correiodasemana.com\/site\/mais-de-16-mil-abordagens-foram-realizadas-em-acoes-educativas-e-de-fiscalizacao-para-o-uso-de-mascara-no-ceara\/","url_meta":{"origin":11787,"position":0},"title":"Mais de 16 mil abordagens foram realizadas em a\u00e7\u00f5es educativas e de fiscaliza\u00e7\u00e3o para o uso de m\u00e1scara no Cear\u00e1","author":"","date":"Setembro 7, 2020","format":false,"excerpt":"Por Joc\u00e9lio Tavares. - Com informa\u00e7\u00f5es do Governo do Estado do Cear\u00e1. A recomenda\u00e7\u00e3o de uso de m\u00e1scaras, sejam elas compradas ou caseiras, tem como base a prote\u00e7\u00e3o coletiva, uma vez que muitas pessoas est\u00e3o infectadas e ainda n\u00e3o apresentaram sintomas da doen\u00e7a. No Cear\u00e1, \u00e9 obrigat\u00f3rio usar o equipamento\u2026","rel":"","context":"In &quot;Atualidade&quot;","block_context":{"text":"Atualidade","link":"https:\/\/correiodasemana.com\/site\/category\/atualidade\/"},"img":{"alt_text":"","src":"https:\/\/i0.wp.com\/correiodasemana.com\/site\/wp-content\/uploads\/2020\/09\/Jornal-Correio-da-Semana-No-883-1.jpg?resize=350%2C200&ssl=1","width":350,"height":200,"srcset":"https:\/\/i0.wp.com\/correiodasemana.com\/site\/wp-content\/uploads\/2020\/09\/Jornal-Correio-da-Semana-No-883-1.jpg?resize=350%2C200&ssl=1 1x, https:\/\/i0.wp.com\/correiodasemana.com\/site\/wp-content\/uploads\/2020\/09\/Jornal-Correio-da-Semana-No-883-1.jpg?resize=525%2C300&ssl=1 1.5x"},"classes":[]},{"id":12502,"url":"https:\/\/correiodasemana.com\/site\/projeto-que-tramita-na-al-fixa-multa-para-quem-nao-usar-mascara-de-protecao-no-ceara\/","url_meta":{"origin":11787,"position":1},"title":"Projeto que tramita na AL fixa multa para quem n\u00e3o usar m\u00e1scara de prote\u00e7\u00e3o no Cear\u00e1","author":"","date":"Agosto 5, 2020","format":false,"excerpt":"Tramita na Assembleia Legislativa projeto de lei que estabelece diretrizes para fiscaliza\u00e7\u00e3o e fixa multa entre 22,30 a 67,00 unidades fiscais de refer\u00eancia do Cear\u00e1 (Ufirce) \u2013 correspondentes, atualmente, a R$ 99,90 e R$ 300,16, respectivamente \u2013 para quem estiver em local p\u00fablico ou privado sem m\u00e1scara. De autoria do\u2026","rel":"","context":"In &quot;Atualidade&quot;","block_context":{"text":"Atualidade","link":"https:\/\/correiodasemana.com\/site\/category\/atualidade\/"},"img":{"alt_text":"","src":"https:\/\/i0.wp.com\/correiodasemana.com\/site\/wp-content\/uploads\/2020\/08\/mascara.jpg?resize=350%2C200&ssl=1","width":350,"height":200},"classes":[]},{"id":13394,"url":"https:\/\/correiodasemana.com\/site\/em-tempo-47\/","url_meta":{"origin":11787,"position":2},"title":"Em Tempo","author":"","date":"Setembro 7, 2020","format":false,"excerpt":"Festival da M\u00fasica de Fortaleza 2020 M\u00fasicas in\u00e9ditas compostas em l\u00edngua portuguesa,\u00a0dos mais variados g\u00eaneros. Esses s\u00e3o requisitos, dentre outros, para o Festival da M\u00fasica de Fortaleza 2020, com. inscri\u00e7\u00f5es at\u00e9 18 de outubro. Podem participar artistas residentes no Pa\u00eds e no exterior, com idade acima de 18 anos. O\u2026","rel":"","context":"In &quot;Artigos&quot;","block_context":{"text":"Artigos","link":"https:\/\/correiodasemana.com\/site\/category\/artigos\/"},"img":{"alt_text":"","src":"https:\/\/i0.wp.com\/correiodasemana.com\/site\/wp-content\/uploads\/2019\/12\/FOTO-EDILSON-SILVA-2.jpg?resize=350%2C200&ssl=1","width":350,"height":200,"srcset":"https:\/\/i0.wp.com\/correiodasemana.com\/site\/wp-content\/uploads\/2019\/12\/FOTO-EDILSON-SILVA-2.jpg?resize=350%2C200&ssl=1 1x, https:\/\/i0.wp.com\/correiodasemana.com\/site\/wp-content\/uploads\/2019\/12\/FOTO-EDILSON-SILVA-2.jpg?resize=525%2C300&ssl=1 1.5x, https:\/\/i0.wp.com\/correiodasemana.com\/site\/wp-content\/uploads\/2019\/12\/FOTO-EDILSON-SILVA-2.jpg?resize=700%2C400&ssl=1 2x"},"classes":[]},{"id":11333,"url":"https:\/\/correiodasemana.com\/site\/prefeito-ivo-gomes-decreta-uso-obrigatorio-de-mascaras-em-sobral\/","url_meta":{"origin":11787,"position":3},"title":"Prefeito Ivo Gomes decreta uso obrigat\u00f3rio de m\u00e1scaras em Sobral","author":"","date":"Maio 7, 2020","format":false,"excerpt":"A medida come\u00e7a a valer a partir de segunda-feira (04\/05) e \u00e9 uma das a\u00e7\u00f5es de preven\u00e7\u00e3o \u00e0 Covid-19 no munic\u00edpio, seguindo orienta\u00e7\u00f5es da Organiza\u00e7\u00e3o Mundial da Sa\u00fade (OMS) e de \u00f3rg\u00e3os nacionais e estaduais de vigil\u00e2ncia sanit\u00e1ria Assessoria da Prefeitura Municipal de Sobral O prefeito Ivo Gomes decretou, nesta\u2026","rel":"","context":"In &quot;Atualidade&quot;","block_context":{"text":"Atualidade","link":"https:\/\/correiodasemana.com\/site\/category\/atualidade\/"},"img":{"alt_text":"","src":"https:\/\/i0.wp.com\/correiodasemana.com\/site\/wp-content\/uploads\/2020\/05\/WhatsApp-Image-2020-04-30-at-18.15.35-04.jpeg?resize=350%2C200&ssl=1","width":350,"height":200,"srcset":"https:\/\/i0.wp.com\/correiodasemana.com\/site\/wp-content\/uploads\/2020\/05\/WhatsApp-Image-2020-04-30-at-18.15.35-04.jpeg?resize=350%2C200&ssl=1 1x, https:\/\/i0.wp.com\/correiodasemana.com\/site\/wp-content\/uploads\/2020\/05\/WhatsApp-Image-2020-04-30-at-18.15.35-04.jpeg?resize=525%2C300&ssl=1 1.5x, https:\/\/i0.wp.com\/correiodasemana.com\/site\/wp-content\/uploads\/2020\/05\/WhatsApp-Image-2020-04-30-at-18.15.35-04.jpeg?resize=700%2C400&ssl=1 2x"},"classes":[]},{"id":22216,"url":"https:\/\/correiodasemana.com\/site\/casos-de-covid-19-tem-indicativo-de-queda-no-ceara-recomendacao-de-mascara-e-mantida\/","url_meta":{"origin":11787,"position":4},"title":"Casos de covid-19 t\u00eam indicativo de queda no Cear\u00e1; recomenda\u00e7\u00e3o de m\u00e1scara \u00e9 mantida","author":"","date":"Dezembro 11, 2022","format":false,"excerpt":"Fonte: Governo do Estado do Cear\u00e1 Em reuni\u00e3o realizada na manh\u00e3 desta sexta-feira (9), o Comit\u00ea Estadual de Enfrentamento \u00e0 Pandemia deliberou por manter a recomenda\u00e7\u00e3o do uso de m\u00e1scaras faciais em locais fechados ou com aglomera\u00e7\u00e3o, ainda que haja registro do in\u00edcio da redu\u00e7\u00e3o do n\u00famero de casos. A\u2026","rel":"","context":"In &quot;Atualidade&quot;","block_context":{"text":"Atualidade","link":"https:\/\/correiodasemana.com\/site\/category\/atualidade\/"},"img":{"alt_text":"","src":"https:\/\/i0.wp.com\/correiodasemana.com\/site\/wp-content\/uploads\/2022\/12\/prefeitura-de-sobral.jpg?resize=350%2C200&ssl=1","width":350,"height":200,"srcset":"https:\/\/i0.wp.com\/correiodasemana.com\/site\/wp-content\/uploads\/2022\/12\/prefeitura-de-sobral.jpg?resize=350%2C200&ssl=1 1x, https:\/\/i0.wp.com\/correiodasemana.com\/site\/wp-content\/uploads\/2022\/12\/prefeitura-de-sobral.jpg?resize=525%2C300&ssl=1 1.5x, https:\/\/i0.wp.com\/correiodasemana.com\/site\/wp-content\/uploads\/2022\/12\/prefeitura-de-sobral.jpg?resize=700%2C400&ssl=1 2x"},"classes":[]},{"id":14247,"url":"https:\/\/correiodasemana.com\/site\/candidatos-ao-pleito-de-vicosa-do-ceara-sao-multados-por-promover-aglomeracoes-durante-campanha-politica\/","url_meta":{"origin":11787,"position":5},"title":"Candidatos ao pleito de Vi\u00e7osa do Cear\u00e1 s\u00e3o multados por promover aglomera\u00e7\u00f5es durante campanha pol\u00edtica","author":"","date":"Outubro 25, 2020","format":false,"excerpt":"Candidatos j\u00e1 vinham realizando eventos com aglomera\u00e7\u00f5es desde o in\u00edcio da campanha eleitoral Por Joc\u00e9lio Tavares. Com informa\u00e7\u00f5es do CN7. A Justi\u00e7a Eleitoral aplicou multa de R$ 100.000,00 aos candidatos a prefeito Divaldo Soares (PDT) e Z\u00e9 Firmino (MDB) e suas respectivas coliga\u00e7\u00f5es, em Vi\u00e7osa do Cear\u00e1, por desrespeito \u00e0s\u2026","rel":"","context":"In &quot;Atualidade&quot;","block_context":{"text":"Atualidade","link":"https:\/\/correiodasemana.com\/site\/category\/atualidade\/"},"img":{"alt_text":"","src":"https:\/\/i0.wp.com\/correiodasemana.com\/site\/wp-content\/uploads\/2020\/10\/WhatsApp-Image-2020-10-11-at-17.18.46-1.jpeg?resize=350%2C200&ssl=1","width":350,"height":200,"srcset":"https:\/\/i0.wp.com\/correiodasemana.com\/site\/wp-content\/uploads\/2020\/10\/WhatsApp-Image-2020-10-11-at-17.18.46-1.jpeg?resize=350%2C200&ssl=1 1x, https:\/\/i0.wp.com\/correiodasemana.com\/site\/wp-content\/uploads\/2020\/10\/WhatsApp-Image-2020-10-11-at-17.18.46-1.jpeg?resize=525%2C300&ssl=1 1.5x, https:\/\/i0.wp.com\/correiodasemana.com\/site\/wp-content\/uploads\/2020\/10\/WhatsApp-Image-2020-10-11-at-17.18.46-1.jpeg?resize=700%2C400&ssl=1 2x, https:\/\/i0.wp.com\/correiodasemana.com\/site\/wp-content\/uploads\/2020\/10\/WhatsApp-Image-2020-10-11-at-17.18.46-1.jpeg?resize=1050%2C600&ssl=1 3x"},"classes":[]}],"jetpack_sharing_enabled":true,"_links":{"self":[{"href":"https:\/\/correiodasemana.com\/site\/wp-json\/wp\/v2\/posts\/11787","targetHints":{"allow":["GET"]}}],"collection":[{"href":"https:\/\/correiodasemana.com\/site\/wp-json\/wp\/v2\/posts"}],"about":[{"href":"https:\/\/correiodasemana.com\/site\/wp-json\/wp\/v2\/types\/post"}],"author":[{"embeddable":true,"href":"https:\/\/correiodasemana.com\/site\/wp-json\/wp\/v2\/users\/1"}],"replies":[{"embeddable":true,"href":"https:\/\/correiodasemana.com\/site\/wp-json\/wp\/v2\/comments?post=11787"}],"version-history":[{"count":2,"href":"https:\/\/correiodasemana.com\/site\/wp-json\/wp\/v2\/posts\/11787\/revisions"}],"predecessor-version":[{"id":11791,"href":"https:\/\/correiodasemana.com\/site\/wp-json\/wp\/v2\/posts\/11787\/revisions\/11791"}],"wp:featuredmedia":[{"embeddable":true,"href":"https:\/\/correiodasemana.com\/site\/wp-json\/wp\/v2\/media\/11788"}],"wp:attachment":[{"href":"https:\/\/correiodasemana.com\/site\/wp-json\/wp\/v2\/media?parent=11787"}],"wp:term":[{"taxonomy":"category","embeddable":true,"href":"https:\/\/correiodasemana.com\/site\/wp-json\/wp\/v2\/categories?post=11787"},{"taxonomy":"post_tag","embeddable":true,"href":"https:\/\/correiodasemana.com\/site\/wp-json\/wp\/v2\/tags?post=11787"}],"curies":[{"name":"wp","href":"https:\/\/api.w.org\/{rel}","templated":true}]}}