{"id":11810,"date":"2020-07-13T19:45:44","date_gmt":"2020-07-13T19:45:44","guid":{"rendered":"https:\/\/correiodasemana.com\/site\/?p=11810"},"modified":"2020-07-13T19:45:44","modified_gmt":"2020-07-13T19:45:44","slug":"ceara-investe-em-tecnologia-e-manejo-para-voltar-a-ser-um-dos-principais-produtores-de-algodao-no-brasil","status":"publish","type":"post","link":"https:\/\/correiodasemana.com\/site\/ceara-investe-em-tecnologia-e-manejo-para-voltar-a-ser-um-dos-principais-produtores-de-algodao-no-brasil\/","title":{"rendered":"Cear\u00e1 investe em tecnologia e manejo para voltar a ser um dos principais produtores de algod\u00e3o no Brasil"},"content":{"rendered":"<p><strong>Cear\u00e1 investe em tecnologia e manejo para voltar a ser um dos principais produtores de algod\u00e3o no Brasil<\/strong><\/p>\n<p><em>\u00a0<\/em><\/p>\n<p><em>O Estado, que j\u00e1 foi um dos principais produtores de algod\u00e3o h\u00e1 cerca de tr\u00eas d\u00e9cadas, \u00e9 um polo nacional da ind\u00fastria t\u00eaxtil, mas tem que adquirir fora de suas divisas a mat\u00e9ria-prima. O\u00a0Programa de Implanta\u00e7\u00e3o da Cultura do Algod\u00e3o no Cear\u00e1 tem incentivado a mudan\u00e7a dessa realidade<\/em><\/p>\n<p>Ap\u00f3s ser destaque nacional na produ\u00e7\u00e3o de algod\u00e3o h\u00e1 cerca de tr\u00eas d\u00e9cadas, o Cear\u00e1 viu suas planta\u00e7\u00f5es serem devastadas pela praga do bicudo, levando embora a fonte de renda de muito agricultores que tiveram que se adaptar a outros cultivos. Contudo, h\u00e1 pouco mais de dois anos o Governo do Cear\u00e1 firmou uma parceria com a\u00a0Empresa Brasileira de Pesquisa Agropecu\u00e1ria\u00a0(Embrapa) e o Instituto Federal do Cear\u00e1 (IFCE) para o desenvolvimento de sementes e uma metodologia que possa trazer de volta ao Estado o protagonismo na produ\u00e7\u00e3o, al\u00e9m de dar mais sustentabilidade \u00e0 cadeia t\u00eaxtil cearense, um dos polos nacionais e que precisa adquirir fora de suas divisas a mat\u00e9ria-prima de seu neg\u00f3cio. Atrav\u00e9s do\u00a0Programa de Implanta\u00e7\u00e3o da Cultura do Algod\u00e3o no Cear\u00e1, essa realidade parece estar mudando aos poucos. H\u00e1 algumas semanas foi iniciada a colheita de milhares de hectares (ha) plantados em solo cearense, ainda pouco em rela\u00e7\u00e3o \u00e0 demanda das empresas locais, mas um alento para o futuro, visto o resultado nas lavouras.\u00a0A expectativa do Estado \u00e9 colher 3.500 ha este ano.<\/p>\n<p>O crescimento de \u00e1reas plantadas com a cultura no Cear\u00e1 tem sido relevante. Em 2019, o aumento superou em 80% o ano anterior. Mas al\u00e9m da quantidade, o trabalho que vem sendo desenvolvido pelo\u00a0Programa de Implanta\u00e7\u00e3o da Cultura do Algod\u00e3o no Cear\u00e1 tem ampliado tamb\u00e9m a produtividade por \u00e1rea, como explica o coordenador Euvaldo Bringel.\u00a0\u201cAno passado chegamos a 1.800 kg por hectare e esse ano acho que vamos para uma produtividade m\u00e9dia de 2.500 kg\/ha.\u00a0\u00a0Acredito que em dez anos a gente volte a ter a nossa produtividade do passado. \u00c9 importante que a gente continue com esse programa e a Aprece (Associa\u00e7\u00e3o dos Munic\u00edpios do Cear\u00e1) j\u00e1 se manifestou que quer levar para outras regi\u00f5es. N\u00f3s queremos levar com o pacote controlado para que n\u00e3o volte a dar preju\u00edzo. O governador Camilo Santana j\u00e1 garantiu que vai ampliar\u201d, destacou Bringel.<\/p>\n<p>O coordenador do programa, que \u00e9 tocado pela Secretaria do Desenvolvimento Econ\u00f4mico e Trabalho (Sedet), explica que o aumento da produ\u00e7\u00e3o \u00e9 fruto da utiliza\u00e7\u00e3o de tecnologia, capacita\u00e7\u00e3o dos produtores, aproveitamento da infraestrutura de irriga\u00e7\u00e3o do Estado e parcerias. \u201cS\u00e3o v\u00e1rias regi\u00f5es no Cear\u00e1 que a gente tem condi\u00e7\u00f5es de plantar algod\u00e3o em larga escala com alt\u00edssima produtividade. Dentro desse pacote a gente fez parceria com as empresas para garantir a compra do algod\u00e3o. Articulamos a cadeia de compra, de m\u00e1quinas colheitadeiras, de insumos. A gente est\u00e1 dando todo o apoio para o agricultor produzir. Estamos organizando o neg\u00f3cio e abrindo caminhos\u201d, enfatizou.<\/p>\n<p><strong>Condi\u00e7\u00f5es favor\u00e1veis<\/strong><\/p>\n<p>O Cear\u00e1 possui um conjunto de caracter\u00edsticas naturais que o credencia a voltar a ser um grande produtor de algod\u00e3o se aliado \u00e0 tecnologia. Nessas primeiras colheitas, o novo produto cearense est\u00e1 apresentando um custo de produ\u00e7\u00e3o menor que o produzido em outras \u00e1reas do Pa\u00eds \u2013 entre 30% e 50%.\u00a0\u00a0\u201cO Cear\u00e1 j\u00e1 foi o maior produtor do Nordeste de algod\u00e3o e o terceiro maior do Brasil. Nos anos 1980, antes do bicudo, a gente chegou a plantar cerca de 1,2 milh\u00e3o de hectares. Muitas pessoas no Cear\u00e1 viviam do algod\u00e3o. Existem estudos j\u00e1 bem sedimentados de que o sol no Cear\u00e1 produz o melhor algod\u00e3o do Brasil, com fibras longas, a planta vegeta muito bem com a insola\u00e7\u00e3o, ent\u00e3o n\u00f3s temos condi\u00e7\u00f5es edafoclim\u00e1ticas (relacionadas ao solo e clima) fant\u00e1sticas para a quest\u00e3o do algod\u00e3o\u201d, comentou Euvaldo Bringel.<\/p>\n<p>Al\u00e9m do ganho qualitativo com as novas sementes desenvolvidas pela Embrapa, o protocolo de manejo da cultura tem ajudado a reduzir o custo da planta\u00e7\u00e3o e controlar pragas.\u00a0No Cear\u00e1 foi implementado um vazio sanit\u00e1rio entre os meses de outubro e dezembro, nos quais o agricultor \u00e9 obrigado a limpar a terra de qualquer presen\u00e7a de algod\u00e3o, fazendo assim com que o bicudo n\u00e3o tenha com o que se alimentar e consequentemente diminua sua capacidade de reprodu\u00e7\u00e3o. Em outros estados brasileiros esse hiato \u00e9 somente de dois meses.<\/p>\n<p>Essa diferen\u00e7a de um m\u00eas a mais no Cear\u00e1 tem refletido na quantidade de defensivos agr\u00edcolas utilizados na lavoura, o que acaba por diminuir o investimento e aumentar o uso sustent\u00e1vel da terra. A expectativa \u00e9 que, em um futuro breve, o Cear\u00e1 possa estar produzindo 4 mil kg de algod\u00e3o por hectare em m\u00e9dia.\u00a0Atualmente, o Estado j\u00e1 registra \u00e1reas plantadas no Vale do Jaguaribe, Cariri e Sert\u00e3o Central. Para o ano que vem a ideia \u00e9 ampliar para o Centro Sul e os Inhamuns.<\/p>\n<p><strong>Alternativa para produzir em meio \u00e0 seca<\/strong><\/p>\n<p>Por ser bem adaptada \u00e0 nossa realidade clim\u00e1tica, com precipita\u00e7\u00f5es chuvosas irregulares no decorrer dos anos, a produ\u00e7\u00e3o de algod\u00e3o, seguindo os protocolos estabelecidos no\u00a0Programa de Implanta\u00e7\u00e3o da Cultura,\u00a0tem sido vista por agricultores como um produto confi\u00e1vel. Em Limoeiro do Norte, a\u00a0Federa\u00e7\u00e3o das Associa\u00e7\u00f5es do Per\u00edmetro Irrigado Jaguaribe-Apodi (Fapija) apostou no novo algod\u00e3o e j\u00e1 est\u00e1 colhendo os 260 hectares plantados por seus associados.\u00a0Raimundo C\u00e9sar, presidente da Fapija, comenta que os 324 agricultores que comp\u00f5em a entidade sofreram bastante com os recentes seis anos de estiagem no Cear\u00e1, mas que hoje est\u00e3o confiantes que com o algod\u00e3o isso ser\u00e1 diferente.<\/p>\n<p>\u201cCome\u00e7amos a plantar o algod\u00e3o esse ano, que nos mostrou que \u00e9 uma sa\u00edda para voltar a produzir. Come\u00e7amos aos poucos, ainda tem muita \u00e1rea. Para 2021 a gente espera plantar dois mil a tr\u00eas mil\u00a0hectares\u00a0s\u00f3 aqui no projeto. O Cear\u00e1 por ser seco a sa\u00edda \u00e9 o algod\u00e3o. Estamos esperando de 4 mil a 5 mil kg por hectare, ent\u00e3o \u00e9 uma produ\u00e7\u00e3o excelente\u201d, comemorou Raimundo C\u00e9sar. Com o trabalho feito pelo\u00a0Programa de Implanta\u00e7\u00e3o da Cultura do Algod\u00e3o no Cear\u00e1, de ligar os produtores \u00e0s empresas do setor t\u00eaxtil, o\u00a0quilo est\u00e1 sendo vendido pelos agricultores por R$ 2,15 e toda a produ\u00e7\u00e3o com venda garantida.<\/p>\n<p><strong>Esperan\u00e7a de dias melhores<\/strong><\/p>\n<p>Criado dentro das planta\u00e7\u00f5es, o agricultor\u00a0Jos\u00e9 da Silva Ferreira, conhecido em Limoeiro do Norte como \u201cNegro de J\u00falio\u201d, desde de crian\u00e7a acompanha o pai na agricultura. Nesses anos lutando pela sobreviv\u00eancia junto \u00e0 terra, o sertanejo disse que j\u00e1 plantou diversas culturas. Contudo, \u201cNegro de J\u00falio\u201d se viu nos \u00faltimos anos sem muitas alternativas para furar as dificuldades geradas aos agricultores pela pouca oferta h\u00eddrica.\u00a0\u201cAqui, a gente estava sem op\u00e7\u00e3o de plantar\u201d confessou.<\/p>\n<p>Foi ent\u00e3o que ele decidiu arriscar no novo algod\u00e3o, que, at\u00e9 o momento, tem representado um fio de esperan\u00e7a diante do passado que assombra a vida no campo.\u00a0\u00a0\u201cMinha produ\u00e7\u00e3o est\u00e1 l\u00e1. \u00c9 um algod\u00e3o lindo, uma das melhores produ\u00e7\u00f5es que t\u00eam por aqui. Segui as regras e est\u00e1 surpreendendo. Tenho 150 hectares e plantei 50 esse ano. Tudo saindo bem posso plantar o dobro ano que vem ou at\u00e9 mais\u201d, fala com entusiasmado com dias melhores.<\/p>\n<p>Outro que tem uma realidade parecida \u00e9 o agricultor\u00a0Jo\u00e3o Batista, que resolveu experimentar a cultura em\u00a037 hectares. Na opini\u00e3o do homem do campo, 2020 ser\u00e1 um ano para se comemorar e de fazer planejamentos mais ousados para o que se avizinha. \u201cQuem entende diz que a qualidade do algod\u00e3o est\u00e1 boa. Acredito que vai ser bom. Para a gente que vinha sofrendo com a seca, \u00e9 uma alternativa a mais. Dando o retorno esperado, quero plantar pelo menos uns 100 hectares no pr\u00f3ximo ano\u201d, ressalta.<\/p>\n<p>Reda\u00e7\u00e3o: Fhilipe Augusto\u00a0&#8211;<br \/>\nFotos:Tatiana Fortes<\/p>\n<p>Assessoria da Secretaria de Agricultura do Cear\u00e1<\/p>\n","protected":false},"excerpt":{"rendered":"<p>Cear\u00e1 investe em tecnologia e manejo para voltar a ser um dos principais produtores de&#8230;<\/p>\n","protected":false},"author":1,"featured_media":11811,"comment_status":"open","ping_status":"open","sticky":false,"template":"","format":"standard","meta":{"_jetpack_memberships_contains_paid_content":false,"footnotes":"","jetpack_publicize_message":"","jetpack_publicize_feature_enabled":true,"jetpack_social_post_already_shared":true,"jetpack_social_options":{"image_generator_settings":{"template":"highway","default_image_id":0,"font":"","enabled":false},"version":2}},"categories":[1],"tags":[],"class_list":["post-11810","post","type-post","status-publish","format-standard","has-post-thumbnail","hentry","category-atualidade"],"jetpack_publicize_connections":[],"jetpack_featured_media_url":"https:\/\/correiodasemana.com\/site\/wp-content\/uploads\/2020\/07\/200709_LIMOEIRO-COLHEITA-ALGODAO_TF3020.jpg","jetpack-related-posts":[{"id":35884,"url":"https:\/\/correiodasemana.com\/site\/projeto-ouro-branco-amplia-apoio-aos-agricultores-e-reforca-a-cadeia-do-algodao-em-sobral\/","url_meta":{"origin":11810,"position":0},"title":"Projeto Ouro Branco amplia apoio aos agricultores e refor\u00e7a a cadeia do algod\u00e3o em Sobral","author":"adminredacao","date":"Outubro 13, 2025","format":false,"excerpt":"A Prefeitura de Sobral, por meio da Secretaria da Agricultura (SEAGRI), concluiu mais uma etapa do Projeto Ouro Branco, iniciativa que vem fortalecendo a produ\u00e7\u00e3o de algod\u00e3o no munic\u00edpio. A a\u00e7\u00e3o garantiu assist\u00eancia t\u00e9cnica aos produtores, preparo das \u00e1reas de plantio e apoio log\u00edstico para a comercializa\u00e7\u00e3o do produto. Nesta\u2026","rel":"","context":"In &quot;Atualidade&quot;","block_context":{"text":"Atualidade","link":"https:\/\/correiodasemana.com\/site\/category\/atualidade\/"},"img":{"alt_text":"","src":"https:\/\/i0.wp.com\/correiodasemana.com\/site\/wp-content\/uploads\/2025\/10\/210902_-ALGODAO-LIMOEIRO_HS2890-scaled-1.jpg?resize=350%2C200&ssl=1","width":350,"height":200,"srcset":"https:\/\/i0.wp.com\/correiodasemana.com\/site\/wp-content\/uploads\/2025\/10\/210902_-ALGODAO-LIMOEIRO_HS2890-scaled-1.jpg?resize=350%2C200&ssl=1 1x, https:\/\/i0.wp.com\/correiodasemana.com\/site\/wp-content\/uploads\/2025\/10\/210902_-ALGODAO-LIMOEIRO_HS2890-scaled-1.jpg?resize=525%2C300&ssl=1 1.5x, https:\/\/i0.wp.com\/correiodasemana.com\/site\/wp-content\/uploads\/2025\/10\/210902_-ALGODAO-LIMOEIRO_HS2890-scaled-1.jpg?resize=700%2C400&ssl=1 2x, https:\/\/i0.wp.com\/correiodasemana.com\/site\/wp-content\/uploads\/2025\/10\/210902_-ALGODAO-LIMOEIRO_HS2890-scaled-1.jpg?resize=1050%2C600&ssl=1 3x, https:\/\/i0.wp.com\/correiodasemana.com\/site\/wp-content\/uploads\/2025\/10\/210902_-ALGODAO-LIMOEIRO_HS2890-scaled-1.jpg?resize=1400%2C800&ssl=1 4x"},"classes":[]},{"id":15374,"url":"https:\/\/correiodasemana.com\/site\/15374\/","url_meta":{"origin":11810,"position":1},"title":"Cear\u00e1 inicia vacina\u00e7\u00e3o contra a Covid-19 nesta segunda-feira (18)","author":"","date":"Janeiro 18, 2021","format":false,"excerpt":"Direto de S\u00e3o Paulo, onde acompanhou o envio das primeiras vacinas para os estados brasileiros, o governador Camilo Santana afirmou que o Governo do Cear\u00e1 inicia a campanha de vacina\u00e7\u00e3o contra a Covid-19 ainda nesta segunda-feira (18). As primeiras 218 mil doses da vacina Coronavac devem chegar a Fortaleza no\u2026","rel":"","context":"In &quot;Atualidade&quot;","block_context":{"text":"Atualidade","link":"https:\/\/correiodasemana.com\/site\/category\/atualidade\/"},"img":{"alt_text":"","src":"https:\/\/i0.wp.com\/correiodasemana.com\/site\/wp-content\/uploads\/2021\/01\/mail-2-scaled.jpg?resize=350%2C200&ssl=1","width":350,"height":200,"srcset":"https:\/\/i0.wp.com\/correiodasemana.com\/site\/wp-content\/uploads\/2021\/01\/mail-2-scaled.jpg?resize=350%2C200&ssl=1 1x, https:\/\/i0.wp.com\/correiodasemana.com\/site\/wp-content\/uploads\/2021\/01\/mail-2-scaled.jpg?resize=525%2C300&ssl=1 1.5x, https:\/\/i0.wp.com\/correiodasemana.com\/site\/wp-content\/uploads\/2021\/01\/mail-2-scaled.jpg?resize=700%2C400&ssl=1 2x, https:\/\/i0.wp.com\/correiodasemana.com\/site\/wp-content\/uploads\/2021\/01\/mail-2-scaled.jpg?resize=1050%2C600&ssl=1 3x, https:\/\/i0.wp.com\/correiodasemana.com\/site\/wp-content\/uploads\/2021\/01\/mail-2-scaled.jpg?resize=1400%2C800&ssl=1 4x"},"classes":[]},{"id":22832,"url":"https:\/\/correiodasemana.com\/site\/ceara-224-anos\/","url_meta":{"origin":11810,"position":2},"title":"Cear\u00e1 224 Anos","author":"","date":"Janeiro 17, 2023","format":false,"excerpt":"Nesta ter\u00e7a-feira, o Estado do Cear\u00e1 completa 224 anos de sua independ\u00eancia de Pernambuco. No ano de 1799, a ent\u00e3o capitania do Siar\u00e1, ligada \u00e0 do estado vizinho, ganhou sua liberdade como territ\u00f3rio administrativo, depois de uma decis\u00e3o da a Rainha Maria I, no dia 17 de janeiro daquele ano.\u2026","rel":"","context":"In &quot;Atualidade&quot;","block_context":{"text":"Atualidade","link":"https:\/\/correiodasemana.com\/site\/category\/atualidade\/"},"img":{"alt_text":"","src":"https:\/\/i0.wp.com\/correiodasemana.com\/site\/wp-content\/uploads\/2023\/01\/IMG-20230117-WA0003.jpg?resize=350%2C200&ssl=1","width":350,"height":200,"srcset":"https:\/\/i0.wp.com\/correiodasemana.com\/site\/wp-content\/uploads\/2023\/01\/IMG-20230117-WA0003.jpg?resize=350%2C200&ssl=1 1x, https:\/\/i0.wp.com\/correiodasemana.com\/site\/wp-content\/uploads\/2023\/01\/IMG-20230117-WA0003.jpg?resize=525%2C300&ssl=1 1.5x, https:\/\/i0.wp.com\/correiodasemana.com\/site\/wp-content\/uploads\/2023\/01\/IMG-20230117-WA0003.jpg?resize=700%2C400&ssl=1 2x, https:\/\/i0.wp.com\/correiodasemana.com\/site\/wp-content\/uploads\/2023\/01\/IMG-20230117-WA0003.jpg?resize=1050%2C600&ssl=1 3x"},"classes":[]},{"id":15369,"url":"https:\/\/correiodasemana.com\/site\/ceara-inicia-vacinacao-contra-a-covid-19-nesta-segunda-feira-18\/","url_meta":{"origin":11810,"position":3},"title":"Cear\u00e1 inicia vacina\u00e7\u00e3o contra a Covid-19 nesta segunda-feira (18)","author":"","date":"Janeiro 18, 2021","format":false,"excerpt":"Direto de S\u00e3o Paulo, onde acompanhou o envio das primeiras vacinas para os estados brasileiros, o governador Camilo Santana afirmou que o Governo do Cear\u00e1 inicia a campanha de vacina\u00e7\u00e3o contra a Covid-19 ainda nesta segunda-feira (18). As primeiras 218 mil doses da vacina Coronavac devem chegar a Fortaleza no\u2026","rel":"","context":"In &quot;Atualidade&quot;","block_context":{"text":"Atualidade","link":"https:\/\/correiodasemana.com\/site\/category\/atualidade\/"},"img":{"alt_text":"","src":"https:\/\/i0.wp.com\/correiodasemana.com\/site\/wp-content\/uploads\/2021\/01\/mail-scaled.jpg?resize=350%2C200&ssl=1","width":350,"height":200,"srcset":"https:\/\/i0.wp.com\/correiodasemana.com\/site\/wp-content\/uploads\/2021\/01\/mail-scaled.jpg?resize=350%2C200&ssl=1 1x, https:\/\/i0.wp.com\/correiodasemana.com\/site\/wp-content\/uploads\/2021\/01\/mail-scaled.jpg?resize=525%2C300&ssl=1 1.5x, https:\/\/i0.wp.com\/correiodasemana.com\/site\/wp-content\/uploads\/2021\/01\/mail-scaled.jpg?resize=700%2C400&ssl=1 2x, https:\/\/i0.wp.com\/correiodasemana.com\/site\/wp-content\/uploads\/2021\/01\/mail-scaled.jpg?resize=1050%2C600&ssl=1 3x, https:\/\/i0.wp.com\/correiodasemana.com\/site\/wp-content\/uploads\/2021\/01\/mail-scaled.jpg?resize=1400%2C800&ssl=1 4x"},"classes":[]},{"id":15423,"url":"https:\/\/correiodasemana.com\/site\/tres-produtos-representaram-96-da-producao-total-de-graos-em-2020\/","url_meta":{"origin":11810,"position":4},"title":"Tr\u00eas produtos representaram 96% da produ\u00e7\u00e3o total de gr\u00e3os, em 2020","author":"","date":"Janeiro 18, 2021","format":false,"excerpt":"A produ\u00e7\u00e3o da safra de gr\u00e3os foi 794.480 toneladas em 2020, o que representou crescimento de 71,72%, em rela\u00e7\u00e3o \u00e0 primeira estimativa (462.673 t), e, em rela\u00e7\u00e3o \u00e0 safra obtida em 2019 (564.616 t), foi de 40,71%. Quanto \u00e0 participa\u00e7\u00e3o dos produtos na Safra de Gr\u00e3os Cearense, tr\u00eas produtos em\u2026","rel":"","context":"In &quot;Atualidade&quot;","block_context":{"text":"Atualidade","link":"https:\/\/correiodasemana.com\/site\/category\/atualidade\/"},"img":{"alt_text":"","src":"https:\/\/i0.wp.com\/correiodasemana.com\/site\/wp-content\/uploads\/2021\/01\/graos.jpg?resize=350%2C200&ssl=1","width":350,"height":200,"srcset":"https:\/\/i0.wp.com\/correiodasemana.com\/site\/wp-content\/uploads\/2021\/01\/graos.jpg?resize=350%2C200&ssl=1 1x, https:\/\/i0.wp.com\/correiodasemana.com\/site\/wp-content\/uploads\/2021\/01\/graos.jpg?resize=525%2C300&ssl=1 1.5x, https:\/\/i0.wp.com\/correiodasemana.com\/site\/wp-content\/uploads\/2021\/01\/graos.jpg?resize=700%2C400&ssl=1 2x"},"classes":[]},{"id":37779,"url":"https:\/\/correiodasemana.com\/site\/ceara-ultrapassa-18-mil-leitos-em-funcionamento-e-acompanha-maior-crescimento-sustentado-do-sus-na-decada\/","url_meta":{"origin":11810,"position":5},"title":"Cear\u00e1 ultrapassa 18 mil leitos em funcionamento e acompanha maior crescimento sustentado do SUS na d\u00e9cada","author":"adminredacao","date":"Mar\u00e7o 20, 2026","format":false,"excerpt":"Mais de 10 mil leitos foram criados desde 2023, revertendo queda ap\u00f3s pandemia. No Cear\u00e1, foram cerca de 900 a mais na rede p\u00fablica O\u00a0Sistema \u00danico de Sa\u00fade (SUS)\u00a0voltou a registrar crescimento sustentado na oferta de leitos, superando 360,4 mil em funcionamento no pa\u00eds. Foram criados mais de 10 mil\u2026","rel":"","context":"In &quot;Atualidade&quot;","block_context":{"text":"Atualidade","link":"https:\/\/correiodasemana.com\/site\/category\/atualidade\/"},"img":{"alt_text":"","src":"https:\/\/i0.wp.com\/correiodasemana.com\/site\/wp-content\/uploads\/2026\/03\/Leitos.webp?resize=350%2C200&ssl=1","width":350,"height":200,"srcset":"https:\/\/i0.wp.com\/correiodasemana.com\/site\/wp-content\/uploads\/2026\/03\/Leitos.webp?resize=350%2C200&ssl=1 1x, https:\/\/i0.wp.com\/correiodasemana.com\/site\/wp-content\/uploads\/2026\/03\/Leitos.webp?resize=525%2C300&ssl=1 1.5x, https:\/\/i0.wp.com\/correiodasemana.com\/site\/wp-content\/uploads\/2026\/03\/Leitos.webp?resize=700%2C400&ssl=1 2x"},"classes":[]}],"jetpack_sharing_enabled":true,"_links":{"self":[{"href":"https:\/\/correiodasemana.com\/site\/wp-json\/wp\/v2\/posts\/11810","targetHints":{"allow":["GET"]}}],"collection":[{"href":"https:\/\/correiodasemana.com\/site\/wp-json\/wp\/v2\/posts"}],"about":[{"href":"https:\/\/correiodasemana.com\/site\/wp-json\/wp\/v2\/types\/post"}],"author":[{"embeddable":true,"href":"https:\/\/correiodasemana.com\/site\/wp-json\/wp\/v2\/users\/1"}],"replies":[{"embeddable":true,"href":"https:\/\/correiodasemana.com\/site\/wp-json\/wp\/v2\/comments?post=11810"}],"version-history":[{"count":2,"href":"https:\/\/correiodasemana.com\/site\/wp-json\/wp\/v2\/posts\/11810\/revisions"}],"predecessor-version":[{"id":11814,"href":"https:\/\/correiodasemana.com\/site\/wp-json\/wp\/v2\/posts\/11810\/revisions\/11814"}],"wp:featuredmedia":[{"embeddable":true,"href":"https:\/\/correiodasemana.com\/site\/wp-json\/wp\/v2\/media\/11811"}],"wp:attachment":[{"href":"https:\/\/correiodasemana.com\/site\/wp-json\/wp\/v2\/media?parent=11810"}],"wp:term":[{"taxonomy":"category","embeddable":true,"href":"https:\/\/correiodasemana.com\/site\/wp-json\/wp\/v2\/categories?post=11810"},{"taxonomy":"post_tag","embeddable":true,"href":"https:\/\/correiodasemana.com\/site\/wp-json\/wp\/v2\/tags?post=11810"}],"curies":[{"name":"wp","href":"https:\/\/api.w.org\/{rel}","templated":true}]}}