{"id":11816,"date":"2020-07-14T11:36:53","date_gmt":"2020-07-14T11:36:53","guid":{"rendered":"https:\/\/correiodasemana.com\/site\/?p=11816"},"modified":"2020-07-14T11:36:53","modified_gmt":"2020-07-14T11:36:53","slug":"nao-ha-magica-a-formula-para-o-sucesso-do-ceara-e-de-sobral-para-reduzir-a-pobreza-de-aprendizagem","status":"publish","type":"post","link":"https:\/\/correiodasemana.com\/site\/nao-ha-magica-a-formula-para-o-sucesso-do-ceara-e-de-sobral-para-reduzir-a-pobreza-de-aprendizagem\/","title":{"rendered":"N\u00e3o h\u00e1 m\u00e1gica: a f\u00f3rmula para o sucesso do Cear\u00e1 e de Sobral para reduzir a pobreza de aprendizagem"},"content":{"rendered":"<p>A foto mostra a sala de aula em Sobral, Brasil, recebendo visita da delega\u00e7\u00e3o do Banco Mundial. Fevereiro de 2020.<\/p>\n<p>A pandemia da Covid-19 afetou severamente a vida como a conhecemos. \u00a0Na educa\u00e7\u00e3o, o fechamento em massa de escolas deixou mais de um bilh\u00e3o de crian\u00e7as fora das salas de aula na grande maioria dos pa\u00edses do mundo. Essa situa\u00e7\u00e3o ir\u00e1 exacerbar a j\u00e1 existente crise de aprendizagem global. A\u00a0<a href=\"https:\/\/blogs.worldbank.org\/pt\/education\/acabar-com-pobreza-na-aprendizagem-o-apelo-dos-nossos-tempos\">pobreza de aprendizagem<\/a>\u00a0no mundo antes da Covid-19, medida pela porcentagem de crian\u00e7as de 10 anos que n\u00e3o conseguem ler e interpretar um texto simples, estava em 53% no mundo, chegando a 90% na \u00c1frica. Sem uma a\u00e7\u00e3o pol\u00edtica efetiva de resposta, os\u00a0<a href=\"http:\/\/pubdocs.worldbank.org\/en\/186511594316593763\/Covid-19-Education-Summary-port-new.pdf\">impactos negativos da pandemia sobre o aprendizado<\/a>\u00a0ir\u00e3o causar enormes perdas socioecon\u00f4micas para a atual gera\u00e7\u00e3o de crian\u00e7as e jovens.<\/p>\n<p>A resposta das pol\u00edticas p\u00fablicas aos choques da Covid-19 na educa\u00e7\u00e3o precisa ser abrangente e bem planejada para garantir que os sistemas educacionais sejam constru\u00eddos de volta melhor do que eram antes. O que sabemos a partir de experi\u00eancias bem-sucedidas na educa\u00e7\u00e3o \u00e9 fundamental para ajudar a desenvolver esta resposta. Muitas li\u00e7\u00f5es sobre como combater com sucesso a pobreza de aprendizagem podem ser tirados do Cear\u00e1 &#8211; um estado relativamente pobre, com 9 milh\u00f5es de habitantes &#8211; e de Sobral &#8211; um munic\u00edpio de 200 mil habitantes, onde, 20 anos atr\u00e1s, a maioria das crian\u00e7as eram analfabetas. Estas li\u00e7\u00f5es s\u00e3o ainda mais importantes agora que o Brasil e o mundo ter\u00e3o de se recuperar dos efeitos da pandemia e, neste processo, ter uma oportunidade de reformar profundamente seus sistemas educacionais para acelerar o aprendizado.<\/p>\n<p>Como parte de um esfor\u00e7o para saber mais sobre casos de sucesso global, uma equipe de especialistas em educa\u00e7\u00e3o do Banco Mundial visitou o Cear\u00e1, incluindo o munic\u00edpio de Sobral, no in\u00edcio de fevereiro deste ano. \u00c9ramos um grupo formado por pessoas de oito nacionalidades diferentes com a expectativa de descobrir um grande segredo a ser revelado para o mundo.<\/p>\n<p>Da professora Izolda Cela, vice-governadora do Cear\u00e1, que liderou as principais reformas educacionais no estado como secret\u00e1ria da educa\u00e7\u00e3o, e de Ivo Gomes, prefeito do munic\u00edpio de Sobral, que tamb\u00e9m esteve \u00e0 frente de v\u00e1rias das principais mudan\u00e7as na educa\u00e7\u00e3o naquele munic\u00edpio, ouvimos a mesma resposta: na verdade, n\u00e3o h\u00e1 segredo! Trata-se de um foco implac\u00e1vel em fazer o b\u00e1sico como, por exemplo, ensinar as crian\u00e7as a lerem na idade certa e fazer com que todos do sistema educacional trabalhem em conjunto para alcan\u00e7ar esse objetivo.<\/p>\n<p>A receita parece simples, mas, para muitos outros sistemas educacionais que querem replicar o sucesso de Sobral e do Cear\u00e1, o que foi feito na educa\u00e7\u00e3o ainda parece um grande quebra-cabe\u00e7a. Em um relat\u00f3rio recente, o Banco Mundial analisou as li\u00e7\u00f5es para o excelente desempenho do Cear\u00e1 e de Sobral no aprendizado no ensino fundamental. Vamos aqui apresentar um resumo dos principais ingredientes dessa f\u00f3rmula.<\/p>\n<p><strong>Em primeiro lugar, os fatos: a qualidade da educa\u00e7\u00e3o melhorou rapidamente primeiro em Sobral e, depois, no Cear\u00e1 com um todo<\/strong><\/p>\n<p>Os munic\u00edpios do Cear\u00e1, e notadamente Sobral, tiveram o maior aumento na qualidade da educa\u00e7\u00e3o (conforme medido pelo \u00cdndice de Desenvolvimento da Educa\u00e7\u00e3o B\u00e1sica, IDEB), entre 2005 e 2017. Quase todos os 184 munic\u00edpios cearenses inicialmente tinham n\u00edveis muito baixos de qualidade no ensino e recursos muito limitados, investindo cerca de um ter\u00e7o dos gastos por aluno de estados brasileiros mais ricos, como S\u00e3o Paulo.<\/p>\n<p>Em pouco mais de uma d\u00e9cada, os munic\u00edpios cearenses melhoraram a qualidade do ensino mais rapidamente do que o resto do Brasil. Sobral partiu da posi\u00e7\u00e3o 1.366\u00ba para ficar em primeiro lugar nacional no IDEB tanto nos anos iniciais como nos anos finais do ensino fundamental, al\u00e9m de alcan\u00e7ar n\u00edveis de qualidade educacional compar\u00e1veis aos dos sistemas de educa\u00e7\u00e3o de excel\u00eancia mundial, conforme medido pelo PISA. Hoje, o Cear\u00e1 tem os menores \u00edndices de pobreza de aprendizagem do Brasil e conta com dez dos 20 munic\u00edpios mais bem classificados no ranking do IDEB. Sobral tem algumas das melhores escolas de ensino fundamental do Brasil. Al\u00e9m disso, os excelentes resultados educacionais dos alunos do Cear\u00e1 e de Sobral est\u00e3o bem acima do que se esperaria do contexto socioecon\u00f4mico em que eles vivem e aprendem.<\/p>\n<p><strong>Ent\u00e3o, quais s\u00e3o os ingredientes-chave da f\u00f3rmula para o sucesso na educa\u00e7\u00e3o do Cear\u00e1 e de Sobral?<\/strong><\/p>\n<p>O que as escolas de Sobral e do Cear\u00e1 realizaram est\u00e1 firmemente fundamentado na Ci\u00eancia da Aprendizagem, que enfatiza tr\u00eas princ\u00edpios-chave: primeiro, que o aprendizado precisa acontecer com alegria, rigor e prop\u00f3sito; segundo, que a melhoria requer prontid\u00e3o, oportunidades e incentivos para melhorar; e terceiro, que a melhoria sustentada do desempenho requer uma devolutiva constante e focada. Sobral, primeiro, seguido dos demais munic\u00edpios do Cear\u00e1, abra\u00e7aram estes princ\u00edpios nas pr\u00e1ticas e intera\u00e7\u00f5es do dia-a-dia dos alunos, professores e diretores nas escolas.<\/p>\n<p>No n\u00edvel do sistema educacional, estes princ\u00edpios manifestam-se em ter um diagn\u00f3stico claro da aprendizagem e do desempenho do sistema, concentrando os esfor\u00e7os nas principais prioridades de melhoria e, em seguida, escolhendo o conjunto certo de estrat\u00e9gias e implementando-as de forma coordenada e persistente com todos os principais atores da educa\u00e7\u00e3o.<\/p>\n<p>Concretamente, a f\u00f3rmula para o sucesso educacional do Cear\u00e1 tem cinco ingredientes principais, que s\u00e3o apoiados por evid\u00eancias internacionais sobre o que funciona na educa\u00e7\u00e3o. Os tr\u00eas primeiros envolvem s\u00f3lidas pol\u00edticas pedag\u00f3gicas e de financiamento, a saber: (i) incentivos, tanto financeiros quanto n\u00e3o-financeiros, para que os munic\u00edpios alcancem melhores resultados educacionais; (ii) apoio t\u00e9cnico \u00e0s rede municipais de educa\u00e7\u00e3o que t\u00eam dificuldades para melhorar as metas de aprendizagem, com um forte foco no aumento da efic\u00e1cia dos professores e na obten\u00e7\u00e3o da alfabetiza\u00e7\u00e3o universal na idade certa; e (iii) o uso de um sistema robusto e confi\u00e1vel de monitoramento e avalia\u00e7\u00e3o, que analisa continuamente os principais resultados da educa\u00e7\u00e3o, principalmente a aprendizagem dos alunos. Estes tr\u00eas ingredientes enfatizam a coer\u00eancia instrucional em termos de alinhamento do curr\u00edculo (o que se espera que os estudantes aprendam), abordagens pedag\u00f3gicas dos professores (como os estudantes s\u00e3o ensinados) e avalia\u00e7\u00e3o da aprendizagem (como o sistema verifica se os estudantes est\u00e3o aprendendo). Tamb\u00e9m mostram uma implementa\u00e7\u00e3o consistente ao longo do tempo, com base em reformas preparat\u00f3rias anteriores.<\/p>\n<p>O quarto ingrediente \u00e9 um alto grau de autonomia para que os munic\u00edpios projetem e implementem suas pol\u00edticas educacionais. Juntamente com os tr\u00eas primeiros, essa autonomia leva \u00e0 cria\u00e7\u00e3o de uma cultura onde a devolutiva \u00e9 essencial para melhorar o desempenho em todo o sistema. O que mais nos impressionou ao visitar o Cear\u00e1 \u00e9 que, quando questionados sobre os potenciais inconvenientes do uso de avalia\u00e7\u00f5es e incentivos para impulsionar o desempenho, diretores, professores e gestores municipais geralmente reestruturaram a conversa: eles veem as avalia\u00e7\u00f5es e os incentivos como essenciais para alcan\u00e7ar o aprendizado para todos e n\u00e3o como instrumentos de responsabiliza\u00e7\u00e3o. O \u00faltimo ingrediente, mas n\u00e3o menos importante, que faz com que tudo fique integrado e permita a a\u00e7\u00e3o, \u00e9 uma lideran\u00e7a pol\u00edtica sustentada e o compromisso com a qualidade da educa\u00e7\u00e3o.<\/p>\n<p><strong>Receita para o sucesso na Educa\u00e7\u00e3o no estado do Cear\u00e1<\/strong><\/p>\n<p><img fetchpriority=\"high\" decoding=\"async\" class=\"aligncenter size-medium wp-image-11818\" src=\"https:\/\/correiodasemana.com\/site\/wp-content\/uploads\/2020\/07\/brazil-blog-port-1-300x192.png\" alt=\"\" width=\"300\" height=\"192\" srcset=\"https:\/\/correiodasemana.com\/site\/wp-content\/uploads\/2020\/07\/brazil-blog-port-1-300x192.png 300w, https:\/\/correiodasemana.com\/site\/wp-content\/uploads\/2020\/07\/brazil-blog-port-1.png 667w\" sizes=\"(max-width: 300px) 100vw, 300px\" \/>Nenhum outro munic\u00edpio ilustra melhor esta receita n\u00e3o milagrosa do que Sobral.<\/p>\n<p>O que levou Sobral a se tornar o melhor sistema educacional do Brasil \u00e9 uma combina\u00e7\u00e3o coerente de: \u00a0(i) Uso eficaz e cont\u00ednuo da avalia\u00e7\u00e3o dos alunos, atrav\u00e9s de avalia\u00e7\u00f5es escritas e orais de todas as crian\u00e7as com foco na flu\u00eancia da leitura, e uso extensivo dos resultados das avalia\u00e7\u00f5es de aprendizagem para orientar a pol\u00edtica educacional e as pr\u00e1ticas pedag\u00f3gicas em sala de aula; (ii) curr\u00edculo focado e bem alinhado, com uma clara sequ\u00eancia de aprendizado e prioriza\u00e7\u00e3o das habilidades fundamentais, particularmente a alfabetiza\u00e7\u00e3o na idade certa, bem como seu total alinhamento com as avalia\u00e7\u00f5es nacionais, estaduais e municipais, livros did\u00e1ticos e forma\u00e7\u00e3o de professores; (iii) professores preparados e motivados, com desenvolvimento profissional focado e pr\u00e1tico, observa\u00e7\u00f5es de sala de aula e apoio atrav\u00e9s de planos de aula estruturados, visando melhorar as pr\u00e1ticas de ensino, al\u00e9m de incentivos aos professores e avalia\u00e7\u00f5es de aprendizagem para impulsionar um melhor desempenho; e (iv) gest\u00e3o escolar aut\u00f4noma e respons\u00e1vel, com os diretores das escolas sendo definidos por um processo de sele\u00e7\u00e3o meritocr\u00e1tico, permitindo um alto n\u00edvel de autonomia escolar, com incentivos financeiros e n\u00e3o financeiros para os diretores ligados ao alcance das metas de aprendizagem dos alunos de sua escola e apoio substancial da Secretaria de Educa\u00e7\u00e3o Municipal de Sobral \u00e0 administra\u00e7\u00e3o escolar.<\/p>\n<p><strong>Receita para o sucesso no aprendizado na cidade de Sobral<\/strong><\/p>\n<p><img decoding=\"async\" class=\"aligncenter size-medium wp-image-11819\" src=\"https:\/\/correiodasemana.com\/site\/wp-content\/uploads\/2020\/07\/brazil-blog-port-2-300x129.png\" alt=\"\" width=\"300\" height=\"129\" srcset=\"https:\/\/correiodasemana.com\/site\/wp-content\/uploads\/2020\/07\/brazil-blog-port-2-300x129.png 300w, https:\/\/correiodasemana.com\/site\/wp-content\/uploads\/2020\/07\/brazil-blog-port-2.png 558w\" sizes=\"(max-width: 300px) 100vw, 300px\" \/><br \/>\nTodas as reformas bem-sucedidas da pol\u00edtica educacional no Cear\u00e1 e em Sobral envolveram um primeiro passo crucial: lideran\u00e7a pol\u00edtica e compromisso de colocar o aprendizado em primeiro lugar ou, como um l\u00edder pol\u00edtico cearense afirmou &#8220;deixar a pol\u00edtica fora das decis\u00f5es de pol\u00edtica educacional&#8221;. Uma forte lideran\u00e7a pol\u00edtica \u00e9 necess\u00e1ria para enfrentar a resist\u00eancia das partes cujos interesses nem sempre est\u00e3o bem alinhados com o aprendizado dos alunos. Novamente em Sobral, uma lideran\u00e7a pol\u00edtica forte e sustentada colocou a educa\u00e7\u00e3o como prioridade m\u00e1xima, como seguinte objetivo geral: assegurar que todos as crian\u00e7as sejam alfabetizadas at\u00e9 o segundo ano.<\/p>\n<p>Os pa\u00edses que est\u00e3o firmemente comprometidos em alcan\u00e7ar o aprendizado para todos podem come\u00e7ar com o estabelecimento de metas semelhantes, ambiciosas e limitadas no tempo para eliminar a pobreza de aprendizado e adaptar os ingredientes-chave da f\u00f3rmula de sucesso do Cear\u00e1 e de Sobral aos contextos de seus pr\u00f3prios pa\u00edses. Essa \u00e9 a verdadeira m\u00e1gica!<\/p>\n<p><strong>Por <a href=\"https:\/\/blogs.worldbank.org\/team\/andre-loureiro\">ANDRE LOUREIRO<\/a>, <a href=\"https:\/\/blogs.worldbank.org\/team\/emanuela-di-gropello\">EMANUELA DI GROPELLO<\/a> e <a href=\"https:\/\/blogs.worldbank.org\/team\/omar-arias\">OMAR ARIAS<\/a><\/strong><\/p>\n<p><strong>Fonte: World Bank<\/strong><\/p>\n<p>&nbsp;<\/p>\n","protected":false},"excerpt":{"rendered":"<p>A foto mostra a sala de aula em Sobral, Brasil, recebendo visita da delega\u00e7\u00e3o do&#8230;<\/p>\n","protected":false},"author":1,"featured_media":11817,"comment_status":"open","ping_status":"open","sticky":false,"template":"","format":"standard","meta":{"_jetpack_memberships_contains_paid_content":false,"footnotes":"","jetpack_publicize_message":"","jetpack_publicize_feature_enabled":true,"jetpack_social_post_already_shared":true,"jetpack_social_options":{"image_generator_settings":{"template":"highway","default_image_id":0,"font":"","enabled":false},"version":2}},"categories":[1],"tags":[],"class_list":["post-11816","post","type-post","status-publish","format-standard","has-post-thumbnail","hentry","category-atualidade"],"jetpack_publicize_connections":[],"jetpack_featured_media_url":"https:\/\/correiodasemana.com\/site\/wp-content\/uploads\/2020\/07\/brazil_blog.jpg","jetpack-related-posts":[{"id":23395,"url":"https:\/\/correiodasemana.com\/site\/o-futuro-que-queremos-se-constroi-hoje\/","url_meta":{"origin":11816,"position":0},"title":"O futuro que queremos se constr\u00f3i hoje","author":"","date":"Fevereiro 5, 2023","format":false,"excerpt":"LBV inicia campanha nacional em prol da Educa\u00e7\u00e3o para incentivar estudos e combater inseguran\u00e7a alimentar de estudantes Sabemos que alimenta\u00e7\u00e3o saud\u00e1vel e material escolar s\u00e3o fortes aliados na melhora do desempenho escolar. Por isso, olhar para a Educa\u00e7\u00e3o nesse momento em que o pa\u00eds ainda se recupera dos reflexos causados\u2026","rel":"","context":"In &quot;Atualidade&quot;","block_context":{"text":"Atualidade","link":"https:\/\/correiodasemana.com\/site\/category\/atualidade\/"},"img":{"alt_text":"","src":"https:\/\/i0.wp.com\/correiodasemana.com\/site\/wp-content\/uploads\/2023\/02\/WhatsApp-Image-2023-01-31-at-13.27.50.jpeg?resize=350%2C200&ssl=1","width":350,"height":200,"srcset":"https:\/\/i0.wp.com\/correiodasemana.com\/site\/wp-content\/uploads\/2023\/02\/WhatsApp-Image-2023-01-31-at-13.27.50.jpeg?resize=350%2C200&ssl=1 1x, https:\/\/i0.wp.com\/correiodasemana.com\/site\/wp-content\/uploads\/2023\/02\/WhatsApp-Image-2023-01-31-at-13.27.50.jpeg?resize=525%2C300&ssl=1 1.5x, https:\/\/i0.wp.com\/correiodasemana.com\/site\/wp-content\/uploads\/2023\/02\/WhatsApp-Image-2023-01-31-at-13.27.50.jpeg?resize=700%2C400&ssl=1 2x, https:\/\/i0.wp.com\/correiodasemana.com\/site\/wp-content\/uploads\/2023\/02\/WhatsApp-Image-2023-01-31-at-13.27.50.jpeg?resize=1050%2C600&ssl=1 3x, https:\/\/i0.wp.com\/correiodasemana.com\/site\/wp-content\/uploads\/2023\/02\/WhatsApp-Image-2023-01-31-at-13.27.50.jpeg?resize=1400%2C800&ssl=1 4x"},"classes":[]},{"id":8340,"url":"https:\/\/correiodasemana.com\/site\/escolas-de-sobral-proporcionam-aprendizado-e-diversao-nas-ferias\/","url_meta":{"origin":11816,"position":1},"title":"Escolas de Sobral proporcionam aprendizado e divers\u00e3o nas f\u00e9rias","author":"","date":"Julho 16, 2019","format":false,"excerpt":"Diversas atividades educativas, culturais e esportivas foram realizadas nas escolas da sede e distritos O m\u00eas de julho lembra f\u00e9rias escolares, m\u00eas de divers\u00e3o, descanso, lazer. Muitos pais ainda est\u00e3o trabalhando, e com isso surgem as preocupa\u00e7\u00f5es sobre os afazeres dos filhos no per\u00edodo sem aula. No munic\u00edpio de Sobral,\u2026","rel":"","context":"In &quot;Atualidade&quot;","block_context":{"text":"Atualidade","link":"https:\/\/correiodasemana.com\/site\/category\/atualidade\/"},"img":{"alt_text":"","src":"https:\/\/i0.wp.com\/correiodasemana.com\/site\/wp-content\/uploads\/2019\/07\/IMG-20190710-WA0026.jpg?resize=350%2C200&ssl=1","width":350,"height":200,"srcset":"https:\/\/i0.wp.com\/correiodasemana.com\/site\/wp-content\/uploads\/2019\/07\/IMG-20190710-WA0026.jpg?resize=350%2C200&ssl=1 1x, https:\/\/i0.wp.com\/correiodasemana.com\/site\/wp-content\/uploads\/2019\/07\/IMG-20190710-WA0026.jpg?resize=525%2C300&ssl=1 1.5x, https:\/\/i0.wp.com\/correiodasemana.com\/site\/wp-content\/uploads\/2019\/07\/IMG-20190710-WA0026.jpg?resize=700%2C400&ssl=1 2x, https:\/\/i0.wp.com\/correiodasemana.com\/site\/wp-content\/uploads\/2019\/07\/IMG-20190710-WA0026.jpg?resize=1050%2C600&ssl=1 3x"},"classes":[]},{"id":28852,"url":"https:\/\/correiodasemana.com\/site\/a-educacao-transforma-sonhos-em-realidade\/","url_meta":{"origin":11816,"position":2},"title":"A Educa\u00e7\u00e3o transforma sonhos em realidade","author":"adminredacao","date":"Abril 2, 2024","format":false,"excerpt":"No Cear\u00e1, institui\u00e7\u00e3o entrega kits pedag\u00f3gicos para crian\u00e7as em situa\u00e7\u00e3o de pobreza e vulnerabilidade social Alimenta\u00e7\u00e3o e material escolar s\u00e3o fortes aliados para um bom desempenho escolar, por isso, \u00e9 fundamental a realiza\u00e7\u00e3o de a\u00e7\u00f5es efetivas que garantam os direitos b\u00e1sicos de crian\u00e7as e jovens em situa\u00e7\u00e3o de vulnerabilidade social.\u2026","rel":"","context":"In &quot;Atualidade&quot;","block_context":{"text":"Atualidade","link":"https:\/\/correiodasemana.com\/site\/category\/atualidade\/"},"img":{"alt_text":"","src":"https:\/\/i0.wp.com\/correiodasemana.com\/site\/wp-content\/uploads\/2023\/01\/Ministerio-da-Educacao-Fonte-ARCH-Consultoria-Educacional-.png?resize=350%2C200&ssl=1","width":350,"height":200,"srcset":"https:\/\/i0.wp.com\/correiodasemana.com\/site\/wp-content\/uploads\/2023\/01\/Ministerio-da-Educacao-Fonte-ARCH-Consultoria-Educacional-.png?resize=350%2C200&ssl=1 1x, https:\/\/i0.wp.com\/correiodasemana.com\/site\/wp-content\/uploads\/2023\/01\/Ministerio-da-Educacao-Fonte-ARCH-Consultoria-Educacional-.png?resize=525%2C300&ssl=1 1.5x, https:\/\/i0.wp.com\/correiodasemana.com\/site\/wp-content\/uploads\/2023\/01\/Ministerio-da-Educacao-Fonte-ARCH-Consultoria-Educacional-.png?resize=700%2C400&ssl=1 2x, https:\/\/i0.wp.com\/correiodasemana.com\/site\/wp-content\/uploads\/2023\/01\/Ministerio-da-Educacao-Fonte-ARCH-Consultoria-Educacional-.png?resize=1050%2C600&ssl=1 3x, https:\/\/i0.wp.com\/correiodasemana.com\/site\/wp-content\/uploads\/2023\/01\/Ministerio-da-Educacao-Fonte-ARCH-Consultoria-Educacional-.png?resize=1400%2C800&ssl=1 4x"},"classes":[]},{"id":12128,"url":"https:\/\/correiodasemana.com\/site\/o-ensino-a-distancia-e-uma-realidade-a-qual-temos-que-nos-adaptar\/","url_meta":{"origin":11816,"position":3},"title":"O ensino \u00e0 dist\u00e2ncia \u00e9 uma realidade \u00e0 qual temos que nos adaptar","author":"","date":"Julho 22, 2020","format":false,"excerpt":"Os tempos que vivemos s\u00e3o tempos de mudan\u00e7a. H\u00e1 novas realidades a que n\u00f3s temos que adaptar, novas formas de viver e de experienciar. O ensino \u00e0 dist\u00e2ncia \u00e9 uma dessas novas etapas que teremos que integrar nas nossas vidas. Segundo o neurofil\u00f3sofo, psicopedagogo e especialista em estudos da mente\u2026","rel":"","context":"In &quot;Atualidade&quot;","block_context":{"text":"Atualidade","link":"https:\/\/correiodasemana.com\/site\/category\/atualidade\/"},"img":{"alt_text":"","src":"https:\/\/i0.wp.com\/correiodasemana.com\/site\/wp-content\/uploads\/2020\/07\/ENSINO-A-DISTANCIA.jpg?resize=350%2C200&ssl=1","width":350,"height":200,"srcset":"https:\/\/i0.wp.com\/correiodasemana.com\/site\/wp-content\/uploads\/2020\/07\/ENSINO-A-DISTANCIA.jpg?resize=350%2C200&ssl=1 1x, https:\/\/i0.wp.com\/correiodasemana.com\/site\/wp-content\/uploads\/2020\/07\/ENSINO-A-DISTANCIA.jpg?resize=525%2C300&ssl=1 1.5x, https:\/\/i0.wp.com\/correiodasemana.com\/site\/wp-content\/uploads\/2020\/07\/ENSINO-A-DISTANCIA.jpg?resize=700%2C400&ssl=1 2x, https:\/\/i0.wp.com\/correiodasemana.com\/site\/wp-content\/uploads\/2020\/07\/ENSINO-A-DISTANCIA.jpg?resize=1050%2C600&ssl=1 3x"},"classes":[]},{"id":16487,"url":"https:\/\/correiodasemana.com\/site\/10-dicas-para-melhorar-o-desempenho-do-seu-filho-nas-aulas-on-line\/","url_meta":{"origin":11816,"position":4},"title":"10 dicas para melhorar o desempenho do seu filho nas aulas on-line","author":"","date":"Maio 17, 2021","format":false,"excerpt":"A volta das restri\u00e7\u00f5es de circula\u00e7\u00e3o impostas em v\u00e1rios estados brasileiros por conta da pandemia de Covid-19 retorna tamb\u00e9m uma rotina mais digital para milh\u00f5es de brasileiros, em especial as crian\u00e7as. Pela primeira vez na hist\u00f3ria, a pandemia acontece com amplo acesso a meios digitais, o que possibilita a manuten\u00e7\u00e3o\u2026","rel":"","context":"In &quot;Atualidade&quot;","block_context":{"text":"Atualidade","link":"https:\/\/correiodasemana.com\/site\/category\/atualidade\/"},"img":{"alt_text":"","src":"https:\/\/i0.wp.com\/correiodasemana.com\/site\/wp-content\/uploads\/2021\/05\/Reuniao-de-pais-online-scaled-1.jpg?resize=350%2C200&ssl=1","width":350,"height":200,"srcset":"https:\/\/i0.wp.com\/correiodasemana.com\/site\/wp-content\/uploads\/2021\/05\/Reuniao-de-pais-online-scaled-1.jpg?resize=350%2C200&ssl=1 1x, https:\/\/i0.wp.com\/correiodasemana.com\/site\/wp-content\/uploads\/2021\/05\/Reuniao-de-pais-online-scaled-1.jpg?resize=525%2C300&ssl=1 1.5x, https:\/\/i0.wp.com\/correiodasemana.com\/site\/wp-content\/uploads\/2021\/05\/Reuniao-de-pais-online-scaled-1.jpg?resize=700%2C400&ssl=1 2x, https:\/\/i0.wp.com\/correiodasemana.com\/site\/wp-content\/uploads\/2021\/05\/Reuniao-de-pais-online-scaled-1.jpg?resize=1050%2C600&ssl=1 3x, https:\/\/i0.wp.com\/correiodasemana.com\/site\/wp-content\/uploads\/2021\/05\/Reuniao-de-pais-online-scaled-1.jpg?resize=1400%2C800&ssl=1 4x"},"classes":[]},{"id":13878,"url":"https:\/\/correiodasemana.com\/site\/a-educacao-no-novo-normal-como-sera\/","url_meta":{"origin":11816,"position":5},"title":"A educa\u00e7\u00e3o no novo normal: como ser\u00e1?","author":"","date":"Outubro 4, 2020","format":false,"excerpt":"O mundo mudou e as pessoas tamb\u00e9m. E qual \u00e9 o papel da educa\u00e7\u00e3onesse novo normal? Bem, sem nenhuma exce\u00e7\u00e3o, todas as empresas sentiram os impactos causados pela pandemia do COVID-19. Se antes a educa\u00e7\u00e3o corporativaj\u00e1 era de suma import\u00e2ncia para as organiza\u00e7\u00f5es, agora com tantas mudan\u00e7as no mundo empresarial,\u2026","rel":"","context":"In &quot;Atualidade&quot;","block_context":{"text":"Atualidade","link":"https:\/\/correiodasemana.com\/site\/category\/atualidade\/"},"img":{"alt_text":"","src":"https:\/\/i0.wp.com\/correiodasemana.com\/site\/wp-content\/uploads\/2020\/10\/ViewImage.jpg?resize=350%2C200&ssl=1","width":350,"height":200,"srcset":"https:\/\/i0.wp.com\/correiodasemana.com\/site\/wp-content\/uploads\/2020\/10\/ViewImage.jpg?resize=350%2C200&ssl=1 1x, https:\/\/i0.wp.com\/correiodasemana.com\/site\/wp-content\/uploads\/2020\/10\/ViewImage.jpg?resize=525%2C300&ssl=1 1.5x, https:\/\/i0.wp.com\/correiodasemana.com\/site\/wp-content\/uploads\/2020\/10\/ViewImage.jpg?resize=700%2C400&ssl=1 2x"},"classes":[]}],"jetpack_sharing_enabled":true,"_links":{"self":[{"href":"https:\/\/correiodasemana.com\/site\/wp-json\/wp\/v2\/posts\/11816","targetHints":{"allow":["GET"]}}],"collection":[{"href":"https:\/\/correiodasemana.com\/site\/wp-json\/wp\/v2\/posts"}],"about":[{"href":"https:\/\/correiodasemana.com\/site\/wp-json\/wp\/v2\/types\/post"}],"author":[{"embeddable":true,"href":"https:\/\/correiodasemana.com\/site\/wp-json\/wp\/v2\/users\/1"}],"replies":[{"embeddable":true,"href":"https:\/\/correiodasemana.com\/site\/wp-json\/wp\/v2\/comments?post=11816"}],"version-history":[{"count":2,"href":"https:\/\/correiodasemana.com\/site\/wp-json\/wp\/v2\/posts\/11816\/revisions"}],"predecessor-version":[{"id":11821,"href":"https:\/\/correiodasemana.com\/site\/wp-json\/wp\/v2\/posts\/11816\/revisions\/11821"}],"wp:featuredmedia":[{"embeddable":true,"href":"https:\/\/correiodasemana.com\/site\/wp-json\/wp\/v2\/media\/11817"}],"wp:attachment":[{"href":"https:\/\/correiodasemana.com\/site\/wp-json\/wp\/v2\/media?parent=11816"}],"wp:term":[{"taxonomy":"category","embeddable":true,"href":"https:\/\/correiodasemana.com\/site\/wp-json\/wp\/v2\/categories?post=11816"},{"taxonomy":"post_tag","embeddable":true,"href":"https:\/\/correiodasemana.com\/site\/wp-json\/wp\/v2\/tags?post=11816"}],"curies":[{"name":"wp","href":"https:\/\/api.w.org\/{rel}","templated":true}]}}