{"id":11823,"date":"2020-07-14T11:59:52","date_gmt":"2020-07-14T11:59:52","guid":{"rendered":"https:\/\/correiodasemana.com\/site\/?p=11823"},"modified":"2020-07-14T11:59:52","modified_gmt":"2020-07-14T11:59:52","slug":"sobral-e-iguatu-tem-256-mil-pessoas-com-anticorpos-para-a-covid-19-estima-pesquisa","status":"publish","type":"post","link":"https:\/\/correiodasemana.com\/site\/sobral-e-iguatu-tem-256-mil-pessoas-com-anticorpos-para-a-covid-19-estima-pesquisa\/","title":{"rendered":"Sobral e Iguatu t\u00eam 25,6 mil pessoas com anticorpos para a Covid-19, estima pesquisa"},"content":{"rendered":"<p>Somadas, as duas cidades concentram 57,3 mil pessoas em contato com o v\u00edrus, considerando-se as que t\u00eam a doen\u00e7a ativa e as que desenvolveram anticorpos, segundo estudo do Governo do Cear\u00e1 e do Instituto Opnus<\/p>\n<p>Um total de 25,6 mil pessoas nas cidades de Sobral e Iguatu j\u00e1 podem ter desenvolvido anticorpos para a\u00a0<a href=\"https:\/\/diariodonordeste.verdesmares.com.br\/coronavirus\">Covid-19<\/a>, segundo pesquisa realizada pelo Governo do Cear\u00e1 em parceria com o Instituto Opnus. Os dados foram divulgados nesta segunda-feira (13). Levando-se em conta a soma das pessoas que est\u00e3o com o v\u00edrus ativo com as que desenvolveram anticorpos, o n\u00famero de pessoas em contato com a doen\u00e7a chega a 57,3 mil.<\/p>\n<p>Foram aplicados testes em 1,5 mil pacientes nos dois munic\u00edpios, sendo 800 em Sobral e 700 em Iguatu, projetando resultados sobre a popula\u00e7\u00e3o total. Os testes aplicados foram do tipo RT-PCR, que detecta a fase aguda da doen\u00e7a.<\/p>\n<p>Com registro de casos de infec\u00e7\u00e3o pelo novo coronav\u00edrus desde meados de mar\u00e7o deste ano, Sobral pode ter 24 mil pessoas com anticorpos e 30,2 mil com v\u00edrus, segundo a pesquisa. Conforme Magda Almeida, secret\u00e1ria executiva de Vigil\u00e2ncia e Regula\u00e7\u00e3o da Secretaria da Sa\u00fade (Sesa), mesmo os assintom\u00e1ticos precisam redobrar as medidas de preven\u00e7\u00e3o para evitar a transmiss\u00e3o do v\u00edrus.<\/p>\n<p>\u201cObservamos l\u00e1 muitos pacientes com coronav\u00edrus, mas assintom\u00e1ticos. As pessoas sem sintomas precisam tomar medidas preventivas tamb\u00e9m, porque elas t\u00eam potencial de contamina\u00e7\u00e3o\u201d, refor\u00e7a a secret\u00e1ria.<\/p>\n<p>Em Iguatu, apenas 7,71% dos testes indicaram positivo. A pesquisa apontou uma proje\u00e7\u00e3o de 7,9 mil pessoas com algum contato com o v\u00edrus, sendo que a maioria com o agente infeccioso ainda ativo, e apenas 1,6 mil com anticorpos detectados.<\/p>\n<p>Para a secret\u00e1ria, o baixo \u00edndice de testes positivos na cidade se explica pelo fato de a chegada da doen\u00e7a ter acontecido de forma tardia em rela\u00e7\u00e3o \u00e0s outras regi\u00f5es como a Grande Fortaleza e a regi\u00e3o norte.<\/p>\n<p>\u201cSignifica que a chegada da epidemia l\u00e1 ainda \u00e9 recente, as pessoas est\u00e3o sendo infectadas agora, n\u00e3o tiveram tempo nem de desenvolver anticorpos\u201d, avaliou.<\/p>\n<p>Cear\u00e1 tem quase 7 mil \u00f3bitos por Covid-19<\/p>\n<p>O\u00a0<a href=\"https:\/\/diariodonordeste.verdesmares.com.br\/metro\/covid-19-ceara-se-aproxima-dos-7-mil-obitos-ja-sao-137234-casos-confirmados-1.2965669\">Cear\u00e1 j\u00e1 conta com\u00a0<\/a><a href=\"https:\/\/diariodonordeste.verdesmares.com.br\/metro\/covid-19-ceara-se-aproxima-dos-7-mil-obitos-ja-sao-137234-casos-confirmados-1.2965669\">137.234 diagn\u00f3sticos positivos<\/a>\u00a0do novo coronav\u00edrus, e j\u00e1 se\u00a0somam 6.975 mortes\u00a0pela\u00a0Covid-19\u00a0desde o come\u00e7o da pandemia. O dados s\u00e3o da Secretaria de Sa\u00fade do Estado do Cear\u00e1 (Sesa), por meio da plataforma digital IntegraSUS, atualizada nesta segunda-feira (13), \u00e0s 17h57.\u00a0 O estado j\u00e1 registra 111.238 recuperados da Covid-19.<\/p>\n<p>Fonte: Di\u00e1rio do Nordeste<\/p>\n<p>&nbsp;<\/p>\n","protected":false},"excerpt":{"rendered":"<p>Somadas, as duas cidades concentram 57,3 mil pessoas em contato com o v\u00edrus, considerando-se as&#8230;<\/p>\n","protected":false},"author":1,"featured_media":11824,"comment_status":"open","ping_status":"open","sticky":false,"template":"","format":"standard","meta":{"_jetpack_memberships_contains_paid_content":false,"footnotes":"","jetpack_publicize_message":"","jetpack_publicize_feature_enabled":true,"jetpack_social_post_already_shared":true,"jetpack_social_options":{"image_generator_settings":{"template":"highway","default_image_id":0,"font":"","enabled":false},"version":2}},"categories":[1],"tags":[],"class_list":["post-11823","post","type-post","status-publish","format-standard","has-post-thumbnail","hentry","category-atualidade"],"jetpack_publicize_connections":[],"jetpack_featured_media_url":"https:\/\/correiodasemana.com\/site\/wp-content\/uploads\/2020\/07\/coronavirus.jpg","jetpack-related-posts":[{"id":11966,"url":"https:\/\/correiodasemana.com\/site\/pesquisa-estima-que-256-mil-cearenses-tem-anticorpos-para-covid-19-em-sobral-e-em-iguatu\/","url_meta":{"origin":11823,"position":0},"title":"Pesquisa estima que 25,6 mil cearenses t\u00eam anticorpos para Covid-19 em Sobral e em Iguatu","author":"","date":"Julho 19, 2020","format":false,"excerpt":"As duas cidades conclu\u00edram primeira etapa da pesquisa de soropreval\u00eancia. Pesquisadores tamb\u00e9m fizeram busca ativa de pessoas contaminadas nos munic\u00edpios Enquanto Fortaleza inicia, nesta segunda-feira (13), a fase dois da pesquisa de soropreval\u00eancia na popula\u00e7\u00e3o, os munic\u00edpios de Sobral e Iguatu recebem os resultados da primeira fase do estudo. Ao\u2026","rel":"","context":"In &quot;Atualidade&quot;","block_context":{"text":"Atualidade","link":"https:\/\/correiodasemana.com\/site\/category\/atualidade\/"},"img":{"alt_text":"","src":"https:\/\/i0.wp.com\/correiodasemana.com\/site\/wp-content\/uploads\/2020\/07\/WhatsApp-Image-2020-07-16-at-15.58.11.jpeg?resize=350%2C200&ssl=1","width":350,"height":200,"srcset":"https:\/\/i0.wp.com\/correiodasemana.com\/site\/wp-content\/uploads\/2020\/07\/WhatsApp-Image-2020-07-16-at-15.58.11.jpeg?resize=350%2C200&ssl=1 1x, https:\/\/i0.wp.com\/correiodasemana.com\/site\/wp-content\/uploads\/2020\/07\/WhatsApp-Image-2020-07-16-at-15.58.11.jpeg?resize=525%2C300&ssl=1 1.5x, https:\/\/i0.wp.com\/correiodasemana.com\/site\/wp-content\/uploads\/2020\/07\/WhatsApp-Image-2020-07-16-at-15.58.11.jpeg?resize=700%2C400&ssl=1 2x, https:\/\/i0.wp.com\/correiodasemana.com\/site\/wp-content\/uploads\/2020\/07\/WhatsApp-Image-2020-07-16-at-15.58.11.jpeg?resize=1050%2C600&ssl=1 3x"},"classes":[]},{"id":12748,"url":"https:\/\/correiodasemana.com\/site\/soros-produzidos-por-cavalos-tem-anticorpos-potentes-para-covid-19\/","url_meta":{"origin":11823,"position":1},"title":"Soros produzidos por cavalos t\u00eam anticorpos potentes para covid-19","author":"","date":"Agosto 13, 2020","format":false,"excerpt":"Estudo mostra que soro \u00e9 at\u00e9 100 vezes mais potente que v\u00edrus Trabalhos\u00a0iniciados em maio deste ano por pesquisadores brasileiros de v\u00e1rias institui\u00e7\u00f5es cient\u00edficas verificaram que soros produzidos por cavalos para o tratamento da covid-19 t\u00eam, em alguns casos, at\u00e9 100 vezes mais pot\u00eancia em termos de anticorpos neutralizantes do\u2026","rel":"","context":"In &quot;Atualidade&quot;","block_context":{"text":"Atualidade","link":"https:\/\/correiodasemana.com\/site\/category\/atualidade\/"},"img":{"alt_text":"","src":"https:\/\/i0.wp.com\/correiodasemana.com\/site\/wp-content\/uploads\/2020\/08\/cavalos_soro_0.jpg?resize=350%2C200&ssl=1","width":350,"height":200,"srcset":"https:\/\/i0.wp.com\/correiodasemana.com\/site\/wp-content\/uploads\/2020\/08\/cavalos_soro_0.jpg?resize=350%2C200&ssl=1 1x, https:\/\/i0.wp.com\/correiodasemana.com\/site\/wp-content\/uploads\/2020\/08\/cavalos_soro_0.jpg?resize=525%2C300&ssl=1 1.5x, https:\/\/i0.wp.com\/correiodasemana.com\/site\/wp-content\/uploads\/2020\/08\/cavalos_soro_0.jpg?resize=700%2C400&ssl=1 2x, https:\/\/i0.wp.com\/correiodasemana.com\/site\/wp-content\/uploads\/2020\/08\/cavalos_soro_0.jpg?resize=1050%2C600&ssl=1 3x"},"classes":[]},{"id":12028,"url":"https:\/\/correiodasemana.com\/site\/vacina-chinesa-contra-covid-19-comecara-a-ser-testada-amanha-em-sp\/","url_meta":{"origin":11823,"position":2},"title":"Vacina chinesa contra covid-19 come\u00e7ar\u00e1 a ser testada amanh\u00e3 em SP","author":"","date":"Julho 20, 2020","format":false,"excerpt":"Mais de 1 milh\u00e3o de pessoas se cadastraram para testes cl\u00ednicos A vacina chinesa contra o novo coronav\u00edrus, chamada de CoronaVac, come\u00e7ar\u00e1 a ser testada em volunt\u00e1rios brasileiros a partir de amanh\u00e3 (20). A vacina ser\u00e1 aplicada em 890 volunt\u00e1rios da \u00e1rea da sa\u00fade do Hospital das Cl\u00ednicas, na capital\u2026","rel":"","context":"In &quot;Atualidade&quot;","block_context":{"text":"Atualidade","link":"https:\/\/correiodasemana.com\/site\/category\/atualidade\/"},"img":{"alt_text":"","src":"https:\/\/i0.wp.com\/correiodasemana.com\/site\/wp-content\/uploads\/2020\/07\/20_07_2020_vacina_sao_paulo.jpg?resize=350%2C200&ssl=1","width":350,"height":200,"srcset":"https:\/\/i0.wp.com\/correiodasemana.com\/site\/wp-content\/uploads\/2020\/07\/20_07_2020_vacina_sao_paulo.jpg?resize=350%2C200&ssl=1 1x, https:\/\/i0.wp.com\/correiodasemana.com\/site\/wp-content\/uploads\/2020\/07\/20_07_2020_vacina_sao_paulo.jpg?resize=525%2C300&ssl=1 1.5x, https:\/\/i0.wp.com\/correiodasemana.com\/site\/wp-content\/uploads\/2020\/07\/20_07_2020_vacina_sao_paulo.jpg?resize=700%2C400&ssl=1 2x, https:\/\/i0.wp.com\/correiodasemana.com\/site\/wp-content\/uploads\/2020\/07\/20_07_2020_vacina_sao_paulo.jpg?resize=1050%2C600&ssl=1 3x"},"classes":[]},{"id":12968,"url":"https:\/\/correiodasemana.com\/site\/covid-19-16-dos-alunos-da-rede-municipal-paulista-foram-contaminados\/","url_meta":{"origin":11823,"position":3},"title":"Covid-19: 16% dos alunos da rede municipal paulista foram contaminados","author":"","date":"Agosto 18, 2020","format":false,"excerpt":"Estudo foi feito com 6 mil dos 676 mil estudantes da rede Pesquisa feita a partir da testagem de alunos da rede municipal de ensino de S\u00e3o Paulo indicou que 16,1% das crian\u00e7as e adolescentes entre 4 e 14 anos foram infectados pelo novo coronav\u00edrus e contra\u00edram a doen\u00e7a. O\u2026","rel":"","context":"In &quot;Atualidade&quot;","block_context":{"text":"Atualidade","link":"https:\/\/correiodasemana.com\/site\/category\/atualidade\/"},"img":{"alt_text":"","src":"https:\/\/i0.wp.com\/correiodasemana.com\/site\/wp-content\/uploads\/2020\/08\/sala-de-aula-vazia.jpg?resize=350%2C200&ssl=1","width":350,"height":200,"srcset":"https:\/\/i0.wp.com\/correiodasemana.com\/site\/wp-content\/uploads\/2020\/08\/sala-de-aula-vazia.jpg?resize=350%2C200&ssl=1 1x, https:\/\/i0.wp.com\/correiodasemana.com\/site\/wp-content\/uploads\/2020\/08\/sala-de-aula-vazia.jpg?resize=525%2C300&ssl=1 1.5x, https:\/\/i0.wp.com\/correiodasemana.com\/site\/wp-content\/uploads\/2020\/08\/sala-de-aula-vazia.jpg?resize=700%2C400&ssl=1 2x, https:\/\/i0.wp.com\/correiodasemana.com\/site\/wp-content\/uploads\/2020\/08\/sala-de-aula-vazia.jpg?resize=1050%2C600&ssl=1 3x"},"classes":[]},{"id":11394,"url":"https:\/\/correiodasemana.com\/site\/vacina-para-covid-19-da-moderna-mostra-resultado-promissor-e-faz-acoes-dispararem\/","url_meta":{"origin":11823,"position":4},"title":"Vacina para Covid-19 da Moderna mostra resultado promissor e faz a\u00e7\u00f5es dispararem","author":"","date":"Maio 18, 2020","format":false,"excerpt":"A Moderna informou nesta segunda-feira que sua vacina experimental contra a Covid-19 mostrou potencial em um estudo de est\u00e1gio inicial, j\u00e1 que produziu anticorpos neutralizadores do v\u00edrus semelhantes \u00e0queles encontrados em pacientes recuperados, o que fez o pre\u00e7o das a\u00e7\u00f5es dispararem cerca de 25%. A vacina da empresa est\u00e1 na\u2026","rel":"","context":"In &quot;Sa\u00fade&quot;","block_context":{"text":"Sa\u00fade","link":"https:\/\/correiodasemana.com\/site\/category\/saude\/"},"img":{"alt_text":"","src":"https:\/\/i0.wp.com\/correiodasemana.com\/site\/wp-content\/uploads\/2020\/05\/6A9A0579-2297-45BA-84DB-83A0238999C1.jpeg?resize=350%2C200&ssl=1","width":350,"height":200,"srcset":"https:\/\/i0.wp.com\/correiodasemana.com\/site\/wp-content\/uploads\/2020\/05\/6A9A0579-2297-45BA-84DB-83A0238999C1.jpeg?resize=350%2C200&ssl=1 1x, https:\/\/i0.wp.com\/correiodasemana.com\/site\/wp-content\/uploads\/2020\/05\/6A9A0579-2297-45BA-84DB-83A0238999C1.jpeg?resize=525%2C300&ssl=1 1.5x, https:\/\/i0.wp.com\/correiodasemana.com\/site\/wp-content\/uploads\/2020\/05\/6A9A0579-2297-45BA-84DB-83A0238999C1.jpeg?resize=700%2C400&ssl=1 2x"},"classes":[]},{"id":12533,"url":"https:\/\/correiodasemana.com\/site\/no-mundo-9-a-cada-10-pessoas-estao-vulneraveis-a-covid-19-diz-oms\/","url_meta":{"origin":11823,"position":5},"title":"No mundo, 9 a cada 10 pessoas est\u00e3o vulner\u00e1veis \u00e0 covid-19, diz OMS","author":"","date":"Agosto 6, 2020","format":false,"excerpt":"O diretor do programa de emerg\u00eancias da Organiza\u00e7\u00e3o Mundial da\u00a0Sa\u00fade\u00a0(OMS), Michael Ryan, afirmou nesta quarta-feira, 5, que 10% da popula\u00e7\u00e3o mundial foi infectada pela covid-19 e o restante permanece vulner\u00e1vel ao v\u00edrus. Ele disse que, de acordo com os estudos sorol\u00f3gicos, o n\u00famero de pessoas que atualmente tem anticorpos para\u2026","rel":"","context":"In &quot;Atualidade&quot;","block_context":{"text":"Atualidade","link":"https:\/\/correiodasemana.com\/site\/category\/atualidade\/"},"img":{"alt_text":"","src":"https:\/\/i0.wp.com\/correiodasemana.com\/site\/wp-content\/uploads\/2020\/08\/michael-ryan.jpg?resize=350%2C200&ssl=1","width":350,"height":200,"srcset":"https:\/\/i0.wp.com\/correiodasemana.com\/site\/wp-content\/uploads\/2020\/08\/michael-ryan.jpg?resize=350%2C200&ssl=1 1x, https:\/\/i0.wp.com\/correiodasemana.com\/site\/wp-content\/uploads\/2020\/08\/michael-ryan.jpg?resize=525%2C300&ssl=1 1.5x, https:\/\/i0.wp.com\/correiodasemana.com\/site\/wp-content\/uploads\/2020\/08\/michael-ryan.jpg?resize=700%2C400&ssl=1 2x"},"classes":[]}],"jetpack_sharing_enabled":true,"_links":{"self":[{"href":"https:\/\/correiodasemana.com\/site\/wp-json\/wp\/v2\/posts\/11823","targetHints":{"allow":["GET"]}}],"collection":[{"href":"https:\/\/correiodasemana.com\/site\/wp-json\/wp\/v2\/posts"}],"about":[{"href":"https:\/\/correiodasemana.com\/site\/wp-json\/wp\/v2\/types\/post"}],"author":[{"embeddable":true,"href":"https:\/\/correiodasemana.com\/site\/wp-json\/wp\/v2\/users\/1"}],"replies":[{"embeddable":true,"href":"https:\/\/correiodasemana.com\/site\/wp-json\/wp\/v2\/comments?post=11823"}],"version-history":[{"count":2,"href":"https:\/\/correiodasemana.com\/site\/wp-json\/wp\/v2\/posts\/11823\/revisions"}],"predecessor-version":[{"id":11826,"href":"https:\/\/correiodasemana.com\/site\/wp-json\/wp\/v2\/posts\/11823\/revisions\/11826"}],"wp:featuredmedia":[{"embeddable":true,"href":"https:\/\/correiodasemana.com\/site\/wp-json\/wp\/v2\/media\/11824"}],"wp:attachment":[{"href":"https:\/\/correiodasemana.com\/site\/wp-json\/wp\/v2\/media?parent=11823"}],"wp:term":[{"taxonomy":"category","embeddable":true,"href":"https:\/\/correiodasemana.com\/site\/wp-json\/wp\/v2\/categories?post=11823"},{"taxonomy":"post_tag","embeddable":true,"href":"https:\/\/correiodasemana.com\/site\/wp-json\/wp\/v2\/tags?post=11823"}],"curies":[{"name":"wp","href":"https:\/\/api.w.org\/{rel}","templated":true}]}}