{"id":11827,"date":"2020-07-14T12:21:11","date_gmt":"2020-07-14T12:21:11","guid":{"rendered":"https:\/\/correiodasemana.com\/site\/?p=11827"},"modified":"2020-07-14T12:21:11","modified_gmt":"2020-07-14T12:21:11","slug":"psl-nao-esta-na-base-do-governo-e-nem-fara-parte-disse-o-presidente-luciano-bivar","status":"publish","type":"post","link":"https:\/\/correiodasemana.com\/site\/psl-nao-esta-na-base-do-governo-e-nem-fara-parte-disse-o-presidente-luciano-bivar\/","title":{"rendered":"&#8220;PSL n\u00e3o est\u00e1 na base do governo e nem far\u00e1 parte&#8221;, disse o presidente Luciano Bivar"},"content":{"rendered":"<p><strong>POL\u00cdTICA<\/strong><\/p>\n<p>O presidente nacional do PSL, deputado federal Luciano Bivar (PE), disse em entrevista ao\u00a0<strong>Congresso em Foco<\/strong>\u00a0que o\u00a0<strong><a href=\"https:\/\/congressoemfoco.uol.com.br\/legislativo\/major-olimpio-diz-que-saira-do-psl-por-reaproximacao-da-sigla-com-bolsonaro\/\">partido n\u00e3o se reaproximar\u00e1 do presidente Jair Bolsonaro<\/a><\/strong>.\u201cO PSL n\u00e3o est\u00e1 na base do governo e nem far\u00e1, continuaremos preservando nossa independ\u00eancia como sempre\u201d, declarou.<\/p>\n<p><em>As principais informa\u00e7\u00f5es deste texto foram enviadas antes para os assinantes dos servi\u00e7os premium do Congresso em Foco.\u00a0<strong><a href=\"https:\/\/congressoemfoco.uol.com.br\/servicos-premium\/\">Cadastre-se e fa\u00e7a um\u00a0test drive<\/a><\/strong><\/em>.<\/p>\n<p>Bolsonaro est\u00e1 rompido com o PSL, legenda pela qual se elegeu,<strong><a href=\"https:\/\/bit.ly\/2ZqopF6\">\u00a0desde novembro de 2019.\u00a0<\/a><\/strong>Reportagem do jornal O Globo afirma que o presidente Jair Bolsonaro negocia cargos com o partido em troca de apoio na C\u00e2mara.13 jul, 2020<\/p>\n<p>De acordo com Bivar, a legenda segue apoiando as reformas econ\u00f4micas e n\u00e3o exige ocupa\u00e7\u00e3o de cargos em troca de votos. \u201cO governo pode se preocupar com todos os partidos em rela\u00e7\u00e3o \u00e0s pautas liberais, menos com o PSL, que n\u00f3s fazemos isso por convic\u00e7\u00e3o.\u201d<\/p>\n<p>Bivar afirmou que n\u00e3o participou de negocia\u00e7\u00e3o de cargos no governo federal, mas que n\u00e3o condena os partidos que fazem isso.<\/p>\n<p>\u201cIsso n\u00e3o chega \u00e0 Executiva Nacional porque ela tem por princ\u00edpio a gente n\u00e3o aceitar nenhum cargo, n\u00e3o \u00e9 condena\u00e7\u00e3o, a gente n\u00e3o condena quem aceita cargo, mas o PSL n\u00e3o quer macular seus votos para que o p\u00fablico imagine que a gente v\u00e1 votar em fun\u00e7\u00e3o de cargos\u201d.<\/p>\n<p>Ele confirmou que conversou recentemente por telefone com Bolsonaro, mas negou aproxima\u00e7\u00e3o. \u201cFoi uma liga\u00e7\u00e3o de cumprimentos, nada mais\u201d.<\/p>\n<p>O l\u00edder do PSL na C\u00e2mara, deputado Felipe Francischini (PR), disse ao\u00a0<strong>Congresso em Foco\u00a0<\/strong>que h\u00e1 uma retomada no di\u00e1logo com o governo, mas negou estejam negociando cargos na administra\u00e7\u00e3o federal.<\/p>\n<p>&#8220;Retomada do di\u00e1logo sim. Para debater projetos, pautas. Quanto a nomea\u00e7\u00f5es no governo, n\u00e3o. N\u00e3o debatemos isso nem internamente, e nem com o governo. O partido seguir\u00e1 independente. Independ\u00eancia pressup\u00f5e di\u00e1logo com todas as esferas. Participaremos ativamente dos grandes debates para retomada da economia.&#8221;<\/p>\n<p>Embora Bivar negue estar de novo apoiando Bolsonaro, a retomada de di\u00e1logo com o governo j\u00e1 produz efeitos pr\u00e1ticos, o senador Major Ol\u00edmpio (PSL-SP), l\u00edder da sigla no Senado e rompido com o chefe do Executivo, anunciou que vai sair do partido.<\/p>\n<p>O deputado Sargento Gurgel, presidente do PSL no Rio de Janeiro, disse que n\u00e3o h\u00e1 uma divis\u00e3o no partido. &#8220;N\u00e3o vejo um racha no PSL, o que vejo s\u00e3o alguns irm\u00e3os de luta e correligion\u00e1rios que foram duramente atacados e podem ter alguma resist\u00eancia&#8221;.<\/p>\n<p>De acordo com ele, o que h\u00e1 \u00e9 uma reaproxima\u00e7\u00e3o pessoal entre Bivar e Bolsonaro. &#8220;A maioria dos parlamentares do PSL nunca foi oposi\u00e7\u00e3o ao presidente, ocorreu apenas uma escolha em permanecer no partido que n\u00f3s constru\u00edmos ou deix\u00e1-lo. Ent\u00e3o, realinhamento s\u00f3 poderia se falar no caso do presidente Bivar com o presidente Bolsonaro, ainda assim, talvez no campo pessoal, pois na pol\u00edtica, o PSL \u00e9 a favor do Brasil e isso nos norteia&#8221;.<\/p>\n<p>Luciano Caldas Bivar fundou o PSL em 1998. Foi candidato a presidente pela legenda em 2006. J\u00e1 comandou o Sport Club do Recife. Atualmente exerce o cargo de 2\u00ba vice-presidente da C\u00e2mara dos Deputados.<\/p>\n<p>Leia a seguir a entrevista com o presidente do PSL:<\/p>\n<p><strong>Congresso em Foco: h\u00e1 uma reaproxima\u00e7\u00e3o com o presidente Bolsonaro?<\/strong><\/p>\n<p><strong>Luciano Bivar<\/strong>: isso n\u00e3o existe, o que existe \u00e9\u2026 O PSL \u00e9 um partido independente, temos nossas pautas desde as elei\u00e7\u00f5es e vamos segui-las. O governo pode se preocupar com todos os partidos em rela\u00e7\u00e3o \u00e0s pautas liberais, menos com o PSL, que n\u00f3s fazemos isso por convic\u00e7\u00e3o. A gente n\u00e3o faz nenhuma restri\u00e7\u00e3o aos partidos que se alinharam ao governo. O PSL n\u00e3o est\u00e1 na base do governo e nem far\u00e1, continuaremos preservando nossa independ\u00eancia como sempre.<\/p>\n<p><strong>Houve uma liga\u00e7\u00e3o recente entre o senhor e o presidente. O senhores tinham rompido ap\u00f3s ele sair do partido, h\u00e1 di\u00e1logo agora?<\/strong><\/p>\n<p>Foi uma liga\u00e7\u00e3o de cumprimentos, nada mais.<\/p>\n<p><strong>Ent\u00e3o n\u00e3o vai mudar em rela\u00e7\u00e3o aos \u00faltimos meses?<\/strong><\/p>\n<p>Absolutamente nada, s\u00f3 uma liga\u00e7\u00e3o de cumprimentos, o que temos trabalhado nas \u00faltimas elei\u00e7\u00f5es.<\/p>\n<p><strong>O conflito estava muito grande no final do ano passado e come\u00e7o desse. Agora parece que deu uma acalmada, a lideran\u00e7a do PSL foi mudada, saiu a deputada Joice que era cr\u00edtica ao governo e entrou\u00a0<a href=\"https:\/\/congressoemfoco.uol.com.br\/legislativo\/com-francischini-na-lideranca-do-psl-na-camara-partido-busca-pacificacao\/\">Francischini<\/a>, que \u00e9 mais discreto.<\/strong><\/p>\n<p>Dentro do PSL cada um tem sua postura, convic\u00e7\u00f5es, respeitamos todos eles, isso \u00e9 uma pr\u00e1tica do nosso partido. A gente \u00e9 liberal por ess\u00eancia. Todas as ideias s\u00e3o respeitadas desde que n\u00e3o fuja do senso comum.<\/p>\n<p><strong>Alguns deputados subiram muito o tom contra o partido, ainda est\u00e3o filiados, mas h\u00e1\u00a0<a href=\"https:\/\/congressoemfoco.uol.com.br\/legislativo\/expulsoes-de-deputados-voltam-a-pauta-apos-novo-racha-no-psl\/\">processo aberto no Conselho de \u00c9tica<\/a>. H\u00e1 como algum desses processos serem revertidos caso o deputado demonstre que se arrependeu?<\/strong><\/p>\n<p>Esses processos foram formatados, julgados pelo Conselho de \u00c9tica dentro da institui\u00e7\u00e3o\u2026 No PSL a coisa que n\u00f3s mais preservamos \u00e9 o respeito \u00e0s institui\u00e7\u00f5es democr\u00e1ticas do pa\u00eds. A gente \u00e9 um partido muito desprendido, muito feliz, a gente quer o melhor para o pa\u00eds. N\u00e3o tem nada que nos afete quando a gente est\u00e1 dentro do regime democr\u00e1tico.<\/p>\n<p><strong>O senador Major Olimpio falou sobre sair do partido. Chegou a falar com ele?<\/strong><\/p>\n<p>Ele tomou conhecimento pelo jornal, tira as vers\u00f5es dele e o que fazer com as vers\u00f5es dele, eu n\u00e3o posso brigar contra a fuma\u00e7a.<\/p>\n<p><strong>O senhor chegou a falar com ele?<\/strong><\/p>\n<p>N\u00e3o, ele sabe quais s\u00e3o as posi\u00e7\u00f5es do partido, todo mundo sabe qual as posi\u00e7\u00e3o do partido. Eu mesmo n\u00e3o posso fugir das posi\u00e7\u00f5es do partido, at\u00e9 mesmo dentro do pr\u00f3prio partido, eu seria recha\u00e7ado.<\/p>\n<p><strong>O PSL est\u00e1 negociando cargos com o governo?<\/strong><\/p>\n<p>N\u00e3o, isso n\u00e3o chega \u00e0 Executiva Nacional porque ela tem por princ\u00edpio a gente n\u00e3o aceitar nenhum cargo, n\u00e3o \u00e9 condena\u00e7\u00e3o, a gente n\u00e3o condena quem aceita cargo, mas o PSL n\u00e3o quer macular seus votos para que o p\u00fablico imagine que a gente v\u00e1 votar em fun\u00e7\u00e3o de cargos. Quanto a isso, o governo n\u00e3o se preocupe que n\u00f3s votaremos com o governo independente de cargos quando assim a gente entender que deve ser feita a vota\u00e7\u00e3o.<\/p>\n<p><strong>O presidente adotou h\u00e1 algumas semanas postura de menos confronto, trocou minist\u00e9rios e n\u00e3o tem atacado o Supremo. Acha correta a mudan\u00e7a? Ela deve durar?<\/strong><\/p>\n<p>Eu n\u00e3o sei, o PSL n\u00e3o faz parte do governo, n\u00e3o sei qual a estrat\u00e9gia do governo, n\u00e3o sei qual a ideia dele, o governo tem seus objetivos e ideias e n\u00e3o nos diz respeito. O que nos diz respeito, sim, a gente como partido, diante de uma C\u00e2mara que a gente respeita, tem o presidente Maia que \u00e9 muito sereno e \u00e9 por a\u00ed que vamos caminhar.<\/p>\n<p><strong>Ent\u00e3o o PSL n\u00e3o vai ser base nem oposi\u00e7\u00e3o ao governo?<\/strong><\/p>\n<p>O governo, se tem algum partido que tem d\u00favida, que traga para sua base, participando de sua administra\u00e7\u00e3o, mas o PSL n\u00e3o vai.<\/p>\n<p><strong>Al\u00e9m de Rio de Janeiro, S\u00e3o Paulo e Curitiba, o senhores pretendem lan\u00e7ar candidatos em quais capitais?<\/strong><\/p>\n<p>Temos em v\u00e1rios lugares, o nosso deputado federal Nicoletti em Rond\u00f4nia, \u00e9 um favorito, um candidato muito bom. Temos em Juiz de Fora, a Sheila, que \u00e9 uma candidata muito competitiva. Temos alguns bons candidatos em outros lugares do pa\u00eds.<\/p>\n<p><a href=\"https:\/\/congressoemfoco.uol.com.br\/author\/lauriberto-pompeu\/\">Por\u00a0<strong>Lauriberto Pompeu<\/strong><\/a><\/p>\n<p>Fonte: Congresso em Foco<\/p>\n<p>&nbsp;<\/p>\n","protected":false},"excerpt":{"rendered":"<p>POL\u00cdTICA O presidente nacional do PSL, deputado federal Luciano Bivar (PE), disse em entrevista ao\u00a0Congresso&#8230;<\/p>\n","protected":false},"author":1,"featured_media":11828,"comment_status":"open","ping_status":"open","sticky":false,"template":"","format":"standard","meta":{"_jetpack_memberships_contains_paid_content":false,"footnotes":"","jetpack_publicize_message":"","jetpack_publicize_feature_enabled":true,"jetpack_social_post_already_shared":true,"jetpack_social_options":{"image_generator_settings":{"template":"highway","default_image_id":0,"font":"","enabled":false},"version":2}},"categories":[1],"tags":[],"class_list":["post-11827","post","type-post","status-publish","format-standard","has-post-thumbnail","hentry","category-atualidade"],"jetpack_publicize_connections":[],"jetpack_featured_media_url":"https:\/\/correiodasemana.com\/site\/wp-content\/uploads\/2020\/07\/Luciano-Bivar-e1571601710910.jpg","jetpack-related-posts":[{"id":14315,"url":"https:\/\/correiodasemana.com\/site\/pt-e-psl-sao-aliados-nas-eleicoes-em-136-municipios-veja-a-lista\/","url_meta":{"origin":11827,"position":0},"title":"PT e PSL s\u00e3o aliados nas elei\u00e7\u00f5es em 136 munic\u00edpios. Veja a lista","author":"","date":"Outubro 28, 2020","format":false,"excerpt":"Expoentes da atual polariza\u00e7\u00e3o pol\u00edtica nacional, PT e PSL est\u00e3o coligados em 136 munic\u00edpios, revela levantamento do Congresso em Foco, com base em dados do Tribunal Superior Eleitoral (TSE). As alian\u00e7as envolvendo os dois partidos s\u00e3o, em sua maioria, com candidatos a prefeito de outras legendas. Em Aparecida de Goi\u00e2nia\u2026","rel":"","context":"In &quot;Atualidade&quot;","block_context":{"text":"Atualidade","link":"https:\/\/correiodasemana.com\/site\/category\/atualidade\/"},"img":{"alt_text":"","src":"https:\/\/i0.wp.com\/correiodasemana.com\/site\/wp-content\/uploads\/2020\/10\/belfor-roxo.jpg?resize=350%2C200&ssl=1","width":350,"height":200,"srcset":"https:\/\/i0.wp.com\/correiodasemana.com\/site\/wp-content\/uploads\/2020\/10\/belfor-roxo.jpg?resize=350%2C200&ssl=1 1x, https:\/\/i0.wp.com\/correiodasemana.com\/site\/wp-content\/uploads\/2020\/10\/belfor-roxo.jpg?resize=525%2C300&ssl=1 1.5x"},"classes":[]},{"id":9471,"url":"https:\/\/correiodasemana.com\/site\/mes-do-professor-professores-sao-homenageados-em-sessao-solene-na-camara-municipal\/","url_meta":{"origin":11827,"position":1},"title":"M\u00eas do Professor: Professores s\u00e3o homenageados em sess\u00e3o solene na C\u00e2mara Municipal","author":"","date":"Outubro 14, 2019","format":false,"excerpt":"Como parte das comemora\u00e7\u00f5es do m\u00eas do professor, a C\u00e2mara Municipal de Sobral realizou, na noite de ter\u00e7a-feira (08\/10), uma sess\u00e3o solene em homenagem aos professores da Rede P\u00fablica Municipal de Ensino de Sobral. Foram homenageados 127 professores que receberam o Trof\u00e9u Professor Destaque 2019, ap\u00f3s serem eleitos pelos pr\u00f3prios\u2026","rel":"","context":"In &quot;Atualidade&quot;","block_context":{"text":"Atualidade","link":"https:\/\/correiodasemana.com\/site\/category\/atualidade\/"},"img":{"alt_text":"","src":"https:\/\/i0.wp.com\/correiodasemana.com\/site\/wp-content\/uploads\/2019\/10\/Dia-do-professor-na-camara.jpg?resize=350%2C200&ssl=1","width":350,"height":200,"srcset":"https:\/\/i0.wp.com\/correiodasemana.com\/site\/wp-content\/uploads\/2019\/10\/Dia-do-professor-na-camara.jpg?resize=350%2C200&ssl=1 1x, https:\/\/i0.wp.com\/correiodasemana.com\/site\/wp-content\/uploads\/2019\/10\/Dia-do-professor-na-camara.jpg?resize=525%2C300&ssl=1 1.5x, https:\/\/i0.wp.com\/correiodasemana.com\/site\/wp-content\/uploads\/2019\/10\/Dia-do-professor-na-camara.jpg?resize=700%2C400&ssl=1 2x"},"classes":[]},{"id":14872,"url":"https:\/\/correiodasemana.com\/site\/centrao-e-oposicao-assinam-manifesto-contra-reeleicao-de-maia-e-davi\/","url_meta":{"origin":11827,"position":2},"title":"Centr\u00e3o e oposi\u00e7\u00e3o assinam manifesto contra reelei\u00e7\u00e3o de Maia e Davi","author":"","date":"Dezembro 2, 2020","format":false,"excerpt":"Partidos do Centr\u00e3o e da oposi\u00e7\u00e3o se manifestaram nesta ter\u00e7a-feira (1\u00ba) contra a reelei\u00e7\u00e3o dos atuais presidentes da C\u00e2mara, Rodrigo Maia\u00a0(DEM-RJ), e do Senado,\u00a0Davi Alcolumbre\u00a0(DEM-AP). Em uma carta direcionada \u00e0 na\u00e7\u00e3o brasileira e ao Supremo Tribunal Federal, as dire\u00e7\u00f5es nacionais das siglas pressionam para que os atuais presidentes n\u00e3o possam\u2026","rel":"","context":"In &quot;Atualidade&quot;","block_context":{"text":"Atualidade","link":"https:\/\/correiodasemana.com\/site\/category\/atualidade\/"},"img":{"alt_text":"","src":"https:\/\/i0.wp.com\/correiodasemana.com\/site\/wp-content\/uploads\/2020\/12\/49868387852_6cf197f8e5_k-750x430-1.jpg?resize=350%2C200&ssl=1","width":350,"height":200,"srcset":"https:\/\/i0.wp.com\/correiodasemana.com\/site\/wp-content\/uploads\/2020\/12\/49868387852_6cf197f8e5_k-750x430-1.jpg?resize=350%2C200&ssl=1 1x, https:\/\/i0.wp.com\/correiodasemana.com\/site\/wp-content\/uploads\/2020\/12\/49868387852_6cf197f8e5_k-750x430-1.jpg?resize=525%2C300&ssl=1 1.5x, https:\/\/i0.wp.com\/correiodasemana.com\/site\/wp-content\/uploads\/2020\/12\/49868387852_6cf197f8e5_k-750x430-1.jpg?resize=700%2C400&ssl=1 2x"},"classes":[]},{"id":14842,"url":"https:\/\/correiodasemana.com\/site\/resultados-de-pt-e-psdb-nas-eleicoes-mostram-fortalecimento-de-centro-direita\/","url_meta":{"origin":11827,"position":3},"title":"Resultados de PT e PSDB nas elei\u00e7\u00f5es mostram fortalecimento de centro-direita","author":"","date":"Dezembro 1, 2020","format":false,"excerpt":"Como j\u00e1 apontado ap\u00f3s a parcial do primeiro turno, o\u00a0resultado das urnas este ano indica o fortalecimento dos\u00a0partidos do chamado Centr\u00e3o, al\u00e9m de uma derrota expressiva da extrema-direita, liderada pelo PSL, e uma esquerda ainda dividida.\u00a0Como consequ\u00eancia, vislumbra-se terreno f\u00e9rtil para a centro-direita nas elei\u00e7\u00f5es gerais de 2022, na avalia\u00e7\u00e3o\u2026","rel":"","context":"In &quot;Atualidade&quot;","block_context":{"text":"Atualidade","link":"https:\/\/correiodasemana.com\/site\/category\/atualidade\/"},"img":{"alt_text":"","src":"https:\/\/i0.wp.com\/correiodasemana.com\/site\/wp-content\/uploads\/2020\/12\/plenario-camara-2-868x644-750x430-1.jpg?resize=350%2C200&ssl=1","width":350,"height":200,"srcset":"https:\/\/i0.wp.com\/correiodasemana.com\/site\/wp-content\/uploads\/2020\/12\/plenario-camara-2-868x644-750x430-1.jpg?resize=350%2C200&ssl=1 1x, https:\/\/i0.wp.com\/correiodasemana.com\/site\/wp-content\/uploads\/2020\/12\/plenario-camara-2-868x644-750x430-1.jpg?resize=525%2C300&ssl=1 1.5x, https:\/\/i0.wp.com\/correiodasemana.com\/site\/wp-content\/uploads\/2020\/12\/plenario-camara-2-868x644-750x430-1.jpg?resize=700%2C400&ssl=1 2x"},"classes":[]},{"id":12093,"url":"https:\/\/correiodasemana.com\/site\/camara-aprova-pec-do-novo-fundeb-em-dois-turnos\/","url_meta":{"origin":11827,"position":4},"title":"C\u00e2mara aprova PEC do novo Fundeb em dois turnos","author":"","date":"Julho 22, 2020","format":false,"excerpt":"A C\u00e2mara aprovou na noite desta ter\u00e7a-feira (21) , em dois turnos, a proposta de emenda \u00e0 Constitui\u00e7\u00e3o (PEC) do novo Fundo de Desenvolvimento da Educa\u00e7\u00e3o B\u00e1sica (Fundeb). A vers\u00e3o atual do fundo expira no dia 31 de dezembro deste ano. O texto segue para an\u00e1lise do Senado. O primeiro\u2026","rel":"","context":"In &quot;Atualidade&quot;","block_context":{"text":"Atualidade","link":"https:\/\/correiodasemana.com\/site\/category\/atualidade\/"},"img":{"alt_text":"","src":"https:\/\/i0.wp.com\/correiodasemana.com\/site\/wp-content\/uploads\/2020\/07\/img20200403182700372-768x512-1.jpg?resize=350%2C200&ssl=1","width":350,"height":200,"srcset":"https:\/\/i0.wp.com\/correiodasemana.com\/site\/wp-content\/uploads\/2020\/07\/img20200403182700372-768x512-1.jpg?resize=350%2C200&ssl=1 1x, https:\/\/i0.wp.com\/correiodasemana.com\/site\/wp-content\/uploads\/2020\/07\/img20200403182700372-768x512-1.jpg?resize=525%2C300&ssl=1 1.5x"},"classes":[]},{"id":8514,"url":"https:\/\/correiodasemana.com\/site\/bolsonaro-diz-que-acao-de-hackers-e-atentado-grave-contra-o-brasil\/","url_meta":{"origin":11827,"position":5},"title":"Bolsonaro diz que a\u00e7\u00e3o de hackers \u00e9 atentado grave contra o Brasil","author":"","date":"Julho 30, 2019","format":false,"excerpt":"Na ter\u00e7a-feira (23), a PF deflagrou a chamada Opera\u00e7\u00e3o Spoofing, que apura a suspeita de crimes cibern\u00e9ticos Por\u00a0Ana Cristina Campos \u2013 Rep\u00f3rter da Ag\u00eancia Brasil O presidente\u00a0Jair Bolsonaro\u00a0disse na quinta-feira (25), em sua conta no Twitter, que a a\u00e7\u00e3o dos\u00a0hackers\u00a0que invadiram seu telefone celular \u00e9 \u201cum atentado grave contra o\u2026","rel":"","context":"In &quot;Atualidade&quot;","block_context":{"text":"Atualidade","link":"https:\/\/correiodasemana.com\/site\/category\/atualidade\/"},"img":{"alt_text":"","src":"https:\/\/i0.wp.com\/correiodasemana.com\/site\/wp-content\/uploads\/2019\/07\/vac_abr_0879230719.jpg?resize=350%2C200&ssl=1","width":350,"height":200,"srcset":"https:\/\/i0.wp.com\/correiodasemana.com\/site\/wp-content\/uploads\/2019\/07\/vac_abr_0879230719.jpg?resize=350%2C200&ssl=1 1x, https:\/\/i0.wp.com\/correiodasemana.com\/site\/wp-content\/uploads\/2019\/07\/vac_abr_0879230719.jpg?resize=525%2C300&ssl=1 1.5x, https:\/\/i0.wp.com\/correiodasemana.com\/site\/wp-content\/uploads\/2019\/07\/vac_abr_0879230719.jpg?resize=700%2C400&ssl=1 2x, https:\/\/i0.wp.com\/correiodasemana.com\/site\/wp-content\/uploads\/2019\/07\/vac_abr_0879230719.jpg?resize=1050%2C600&ssl=1 3x"},"classes":[]}],"jetpack_sharing_enabled":true,"_links":{"self":[{"href":"https:\/\/correiodasemana.com\/site\/wp-json\/wp\/v2\/posts\/11827","targetHints":{"allow":["GET"]}}],"collection":[{"href":"https:\/\/correiodasemana.com\/site\/wp-json\/wp\/v2\/posts"}],"about":[{"href":"https:\/\/correiodasemana.com\/site\/wp-json\/wp\/v2\/types\/post"}],"author":[{"embeddable":true,"href":"https:\/\/correiodasemana.com\/site\/wp-json\/wp\/v2\/users\/1"}],"replies":[{"embeddable":true,"href":"https:\/\/correiodasemana.com\/site\/wp-json\/wp\/v2\/comments?post=11827"}],"version-history":[{"count":2,"href":"https:\/\/correiodasemana.com\/site\/wp-json\/wp\/v2\/posts\/11827\/revisions"}],"predecessor-version":[{"id":11830,"href":"https:\/\/correiodasemana.com\/site\/wp-json\/wp\/v2\/posts\/11827\/revisions\/11830"}],"wp:featuredmedia":[{"embeddable":true,"href":"https:\/\/correiodasemana.com\/site\/wp-json\/wp\/v2\/media\/11828"}],"wp:attachment":[{"href":"https:\/\/correiodasemana.com\/site\/wp-json\/wp\/v2\/media?parent=11827"}],"wp:term":[{"taxonomy":"category","embeddable":true,"href":"https:\/\/correiodasemana.com\/site\/wp-json\/wp\/v2\/categories?post=11827"},{"taxonomy":"post_tag","embeddable":true,"href":"https:\/\/correiodasemana.com\/site\/wp-json\/wp\/v2\/tags?post=11827"}],"curies":[{"name":"wp","href":"https:\/\/api.w.org\/{rel}","templated":true}]}}