{"id":11836,"date":"2020-07-14T13:13:36","date_gmt":"2020-07-14T13:13:36","guid":{"rendered":"https:\/\/correiodasemana.com\/site\/?p=11836"},"modified":"2020-07-14T13:13:36","modified_gmt":"2020-07-14T13:13:36","slug":"sem-a-fonte-nova-cbf-divulga-tabela-detalhada-da-copa-do-nordeste-veja-datas","status":"publish","type":"post","link":"https:\/\/correiodasemana.com\/site\/sem-a-fonte-nova-cbf-divulga-tabela-detalhada-da-copa-do-nordeste-veja-datas\/","title":{"rendered":"Sem a Fonte Nova, CBF divulga tabela detalhada da Copa do Nordeste; veja datas"},"content":{"rendered":"<h3>Fortaleza x Am\u00e9rica-RN abre retomada da competi\u00e7\u00e3o no dia 21, no Barrad\u00e3o, e jogos restantes da \u00faltima rodada da fase de grupo ser\u00e3o realizados no dia 22<\/h3>\n<p><a href=\"https:\/\/globoesporte.globo.com\/ce\/futebol\/copa-do-nordeste\/noticia\/copa-do-nordeste-recomeca-em-salvador-a-partir-de-21-de-julho.ghtml\"><strong style=\"font-style: inherit;\">Ap\u00f3s a defini\u00e7\u00e3o de volta da Copa do Nordeste<\/strong><\/a>, a CBF divulgou nesta sexta-feira (10)\u00a0<a style=\"font-style: inherit;\" href=\"https:\/\/www.cbf.com.br\/futebol-brasileiro\/noticias\/copa-nordeste-masculino\/cbf-divulga-tabela-detalhada-do-retorno-da-copa-do-nordeste-2020\"><strong>as datas e locais dos jogos de retorno da competi\u00e7\u00e3o.\u00a0<\/strong><\/a>Sem a Fonte Nova, vetada pelo Governo da Bahia, por ter instala\u00e7\u00f5es de um hospital de campanha, a organiza\u00e7\u00e3o optou por usar o est\u00e1dio Valfred\u00e3o, que fica na cidade de Riach\u00e3o do Jacu\u00edpe, a 186km de Salvador.<\/p>\n<p data-track-category=\"Link no Texto\" data-track-links=\"\">Al\u00e9m dele, os jogos ser\u00e3o disputados na Arena Cajueiro e na Joia da Princesa, em Feira de Santana, no Barrad\u00e3o e Pitua\u00e7u, em Salvador, e no CT Praia do Forte, que fica em Mata de S\u00e3o Jo\u00e3o, localizada a 62km da capital.<\/p>\n<p data-track-category=\"Link no Texto\" data-track-links=\"\"><strong>O primeiro jogo ser\u00e1 \u00e0s 20h do dia 21 de julho, com Fortaleza x Am\u00e9rica-RN, no Barrad\u00e3o. A \u00faltima rodada da primeira fase ser\u00e1 completada no dia 22, com todos os jogos ocorrendo \u00e0s 20h.<\/strong><\/p>\n<p><strong style=\"font-style: inherit;\">Sem chances de classifica\u00e7\u00e3o, Frei Paulistano e Imperatriz, que se enfrentariam, decidiram n\u00e3o atuar. Com isso, o jogo foi cancelado.<\/strong><\/p>\n<p><img fetchpriority=\"high\" decoding=\"async\" class=\"aligncenter size-medium wp-image-11837\" src=\"https:\/\/correiodasemana.com\/site\/wp-content\/uploads\/2020\/07\/foto1-300x225.jpg\" alt=\"\" width=\"300\" height=\"225\" srcset=\"https:\/\/correiodasemana.com\/site\/wp-content\/uploads\/2020\/07\/foto1-300x225.jpg 300w, https:\/\/correiodasemana.com\/site\/wp-content\/uploads\/2020\/07\/foto1-768x576.jpg 768w, https:\/\/correiodasemana.com\/site\/wp-content\/uploads\/2020\/07\/foto1.jpg 984w\" sizes=\"(max-width: 300px) 100vw, 300px\" \/><\/p>\n<p style=\"text-align: center;\">Joia da Princesa receber\u00e1 partidas do Nordest\u00e3o \u2014 Foto: Ruan Melo<\/p>\n<p data-track-category=\"Link no Texto\" data-track-links=\"\">Em jogo \u00fanico, as quartas de finais ser\u00e3o disputadas no dia 25 de julho. Locais e hor\u00e1rios ainda ser\u00e3o definidos pela organiza\u00e7\u00e3o. As semifinais, tamb\u00e9m em jogo \u00fanico, ser\u00e3o disputadas nos dias 28 e 29 de julho. Em dois jogos, a final da competi\u00e7\u00e3o ser\u00e1 disputada nos dias 1 e 4 de agosto.<\/p>\n<p data-track-category=\"Link no Texto\" data-track-links=\"\">Caso os clubes de Pernambuco avancem para a segunda fase do Nordest\u00e3o e do Estadual, \u00e9 poss\u00edvel que necessitem de adequa\u00e7\u00e3o no calend\u00e1rio. Isso porque as segundas fases das competi\u00e7\u00f5es correm no mesmo final de semana. Marcada para o dia 29 de julho, a semifinal do Estadual ocorre no mesmo dia de um dos jogos da semifinal do Regional. As<a style=\"font-style: inherit;\" href=\"https:\/\/globoesporte.globo.com\/pe\/futebol\/campeonato-pernambucano\/noticia\/federacao-divulga-calendario-atualizado-e-pernambucano-tera-finais-nos-dias-2-a-5-de-agosto.ghtml\"><strong style=\"font-style: inherit;\">\u00a0finais dos torneios tamb\u00e9m ocorrem em datas pr\u00f3ximas<\/strong><\/a>: Nordest\u00e3o nos dias 1 e 4 de agosto, enquanto o Pernambucano nos dias 2 e 5 do mesmo m\u00eas.<\/p>\n<h2><strong style=\"font-style: inherit;\"> Confira os locais dos jogos da fase classificat\u00f3ria:<\/strong><\/h2>\n<p><strong style=\"font-style: inherit;\">Dia 21 de julho, \u00e0s 20h<\/strong><\/p>\n<ul>\n<li>Fortaleza x Am\u00e9rica-RN (Barrad\u00e3o, Salvador)<\/li>\n<\/ul>\n<p><strong style=\"font-style: inherit;\">Dia 22 de julho, \u00e0s 20h<\/strong><\/p>\n<ul>\n<li>Sport x Confian\u00e7a (Arena Cajueiro, Feira de Santana)<\/li>\n<li>ABC x CSA (CT Praia do Forte, Mato de S\u00e3o Jo\u00e3o)<\/li>\n<li>CRB AL x Cear\u00e1 (Manoel Barradas, Salvador)<\/li>\n<li>Bahia x N\u00e1utico (Pitua\u00e7u, Salvador)<\/li>\n<li>Botafogo-PB x Vit\u00f3ria (Joia da Princesa, Feira de Santana)<\/li>\n<li>River-PI x Santa Cruz (Eliel Martins, Riach\u00e3o do Jacu\u00edpe)<\/li>\n<li>Frei Paulistano x Imperatriz (Cancelado)<\/li>\n<\/ul>\n<p><strong>Por GloboEsporte.com &#8211;<\/strong> Recife<\/p>\n<p>&nbsp;<\/p>\n","protected":false},"excerpt":{"rendered":"<p>Fortaleza x Am\u00e9rica-RN abre retomada da competi\u00e7\u00e3o no dia 21, no Barrad\u00e3o, e jogos restantes&#8230;<\/p>\n","protected":false},"author":1,"featured_media":11838,"comment_status":"open","ping_status":"open","sticky":false,"template":"","format":"standard","meta":{"_jetpack_memberships_contains_paid_content":false,"footnotes":"","jetpack_publicize_message":"","jetpack_publicize_feature_enabled":true,"jetpack_social_post_already_shared":true,"jetpack_social_options":{"image_generator_settings":{"template":"highway","default_image_id":0,"font":"","enabled":false},"version":2}},"categories":[1],"tags":[],"class_list":["post-11836","post","type-post","status-publish","format-standard","has-post-thumbnail","hentry","category-atualidade"],"jetpack_publicize_connections":[],"jetpack_featured_media_url":"https:\/\/correiodasemana.com\/site\/wp-content\/uploads\/2020\/07\/copanordeste-2020.jpg","jetpack-related-posts":[{"id":10898,"url":"https:\/\/correiodasemana.com\/site\/paulo-guedes-critica-dolar-baixo-empregada-domestica-ia-para-a-disney\/","url_meta":{"origin":11836,"position":0},"title":"Paulo Guedes critica d\u00f3lar baixo: \u2018empregada dom\u00e9stica ia para a Disney\u2019","author":"","date":"Fevereiro 17, 2020","format":false,"excerpt":"O ministro Paulo Guedes disse na quarta-feira (12) que a taxa de c\u00e2mbio mais alta \u00e9 \u201cboa para todo mundo\u201d. Ele ilustrou seu racioc\u00ednio dizendo que, com o d\u00f3lar numa cota\u00e7\u00e3o mais baixa, at\u00e9 mesmo \u201cempregada dom\u00e9stica\u201d estava viajando para a Disney, nos Estados Unidos. \u201cN\u00e3o tem neg\u00f3cio de c\u00e2mbio\u2026","rel":"","context":"In &quot;Atualidade&quot;","block_context":{"text":"Atualidade","link":"https:\/\/correiodasemana.com\/site\/category\/atualidade\/"},"img":{"alt_text":"","src":"https:\/\/i0.wp.com\/correiodasemana.com\/site\/wp-content\/uploads\/2020\/02\/x84445720_EN-Rio-de-Janeiro-RJ-06-09-2019Brasil-e-Argentina-anunciam-acordo-comercial-automoti.jpg.pagespeed.ic_.UOWM4q43bX.jpg?resize=350%2C200&ssl=1","width":350,"height":200,"srcset":"https:\/\/i0.wp.com\/correiodasemana.com\/site\/wp-content\/uploads\/2020\/02\/x84445720_EN-Rio-de-Janeiro-RJ-06-09-2019Brasil-e-Argentina-anunciam-acordo-comercial-automoti.jpg.pagespeed.ic_.UOWM4q43bX.jpg?resize=350%2C200&ssl=1 1x, https:\/\/i0.wp.com\/correiodasemana.com\/site\/wp-content\/uploads\/2020\/02\/x84445720_EN-Rio-de-Janeiro-RJ-06-09-2019Brasil-e-Argentina-anunciam-acordo-comercial-automoti.jpg.pagespeed.ic_.UOWM4q43bX.jpg?resize=525%2C300&ssl=1 1.5x, https:\/\/i0.wp.com\/correiodasemana.com\/site\/wp-content\/uploads\/2020\/02\/x84445720_EN-Rio-de-Janeiro-RJ-06-09-2019Brasil-e-Argentina-anunciam-acordo-comercial-automoti.jpg.pagespeed.ic_.UOWM4q43bX.jpg?resize=700%2C400&ssl=1 2x, https:\/\/i0.wp.com\/correiodasemana.com\/site\/wp-content\/uploads\/2020\/02\/x84445720_EN-Rio-de-Janeiro-RJ-06-09-2019Brasil-e-Argentina-anunciam-acordo-comercial-automoti.jpg.pagespeed.ic_.UOWM4q43bX.jpg?resize=1050%2C600&ssl=1 3x"},"classes":[]},{"id":23629,"url":"https:\/\/correiodasemana.com\/site\/cbf-divulga-tabela-do-campeonato-brasileiro-2023\/","url_meta":{"origin":11836,"position":1},"title":"CBF divulga tabela do Campeonato Brasileiro 2023","author":"","date":"Fevereiro 15, 2023","format":false,"excerpt":"Faltando pouco mais de dois meses para seu in\u00edcio, o\u00a0Campeonato Brasileiro S\u00e9rie A 2023\u00a0teve sua tabela completa divulgada nesta ter\u00e7a-feira, 14, pela\u00a0CBF\u00a0com uma grande novidade: o campeonato ser\u00e1 paralisado para as\u00a0\u2018Datas Fifa\u2019, momentos em que a\u00a0sele\u00e7\u00e3o brasileira\u00a0atuar. Nos \u00faltimos anos, as convoca\u00e7\u00f5es eram um dos maiores entraves entre clubes e\u2026","rel":"","context":"In &quot;Atualidade&quot;","block_context":{"text":"Atualidade","link":"https:\/\/correiodasemana.com\/site\/category\/atualidade\/"},"img":{"alt_text":"","src":"https:\/\/i0.wp.com\/correiodasemana.com\/site\/wp-content\/uploads\/2023\/02\/carrossel-guia-serie-a.webp?resize=350%2C200&ssl=1","width":350,"height":200,"srcset":"https:\/\/i0.wp.com\/correiodasemana.com\/site\/wp-content\/uploads\/2023\/02\/carrossel-guia-serie-a.webp?resize=350%2C200&ssl=1 1x, https:\/\/i0.wp.com\/correiodasemana.com\/site\/wp-content\/uploads\/2023\/02\/carrossel-guia-serie-a.webp?resize=525%2C300&ssl=1 1.5x, https:\/\/i0.wp.com\/correiodasemana.com\/site\/wp-content\/uploads\/2023\/02\/carrossel-guia-serie-a.webp?resize=700%2C400&ssl=1 2x, https:\/\/i0.wp.com\/correiodasemana.com\/site\/wp-content\/uploads\/2023\/02\/carrossel-guia-serie-a.webp?resize=1050%2C600&ssl=1 3x"},"classes":[]},{"id":24433,"url":"https:\/\/correiodasemana.com\/site\/ceara-vence-o-sport-e-e-tricampeao-da-copa-do-nordeste\/","url_meta":{"origin":11836,"position":2},"title":"Cear\u00e1 vence o Sport e \u00e9 TRICAMPE\u00c3O da Copa do Nordeste","author":"","date":"Maio 4, 2023","format":false,"excerpt":"A Copa do Nordeste conheceu seu mais novo campe\u00e3o na noite desta quarta-feira. Na Ilha do Retiro, no Recife (PE), Sport e Cear\u00e1 se enfrentaram na volta da grande final da competi\u00e7\u00e3o regional. Com gol de Luciano Juba, o Le\u00e3o da Ilha venceu por 1 a 0, igualou o placar\u2026","rel":"","context":"In &quot;Atualidade&quot;","block_context":{"text":"Atualidade","link":"https:\/\/correiodasemana.com\/site\/category\/atualidade\/"},"img":{"alt_text":"","src":"https:\/\/i0.wp.com\/correiodasemana.com\/site\/wp-content\/uploads\/2023\/05\/900x600-ca4f95c028aec7926eeb0fd5dc2efc1e.jpg?resize=350%2C200&ssl=1","width":350,"height":200,"srcset":"https:\/\/i0.wp.com\/correiodasemana.com\/site\/wp-content\/uploads\/2023\/05\/900x600-ca4f95c028aec7926eeb0fd5dc2efc1e.jpg?resize=350%2C200&ssl=1 1x, https:\/\/i0.wp.com\/correiodasemana.com\/site\/wp-content\/uploads\/2023\/05\/900x600-ca4f95c028aec7926eeb0fd5dc2efc1e.jpg?resize=525%2C300&ssl=1 1.5x, https:\/\/i0.wp.com\/correiodasemana.com\/site\/wp-content\/uploads\/2023\/05\/900x600-ca4f95c028aec7926eeb0fd5dc2efc1e.jpg?resize=700%2C400&ssl=1 2x"},"classes":[]},{"id":13699,"url":"https:\/\/correiodasemana.com\/site\/governo-aprova-plano-da-cbf-para-volta-de-publico-com-30-do-estadio\/","url_meta":{"origin":11836,"position":3},"title":"Governo aprova plano da CBF para volta de p\u00fablico com 30% do est\u00e1dio","author":"","date":"Setembro 22, 2020","format":false,"excerpt":"O Minist\u00e9rio da Sa\u00fade aprovou o plano da CBF para volta de p\u00fablico no Brasileiro em of\u00edcio enviado nesta segunda-feira. Inicialmente, est\u00e1 prevista a capacidade de 30% dos est\u00e1dios j\u00e1 em outubro. Para a volta definitiva da presen\u00e7a de torcedores, s\u00e3o necess\u00e1rias regras de autoridades municipais com regula\u00e7\u00f5es sanit\u00e1rias e\u2026","rel":"","context":"In &quot;Atualidade&quot;","block_context":{"text":"Atualidade","link":"https:\/\/correiodasemana.com\/site\/category\/atualidade\/"},"img":{"alt_text":"","src":"https:\/\/i0.wp.com\/correiodasemana.com\/site\/wp-content\/uploads\/2020\/09\/maraca.jpg?resize=350%2C200&ssl=1","width":350,"height":200,"srcset":"https:\/\/i0.wp.com\/correiodasemana.com\/site\/wp-content\/uploads\/2020\/09\/maraca.jpg?resize=350%2C200&ssl=1 1x, https:\/\/i0.wp.com\/correiodasemana.com\/site\/wp-content\/uploads\/2020\/09\/maraca.jpg?resize=525%2C300&ssl=1 1.5x, https:\/\/i0.wp.com\/correiodasemana.com\/site\/wp-content\/uploads\/2020\/09\/maraca.jpg?resize=700%2C400&ssl=1 2x"},"classes":[]},{"id":21502,"url":"https:\/\/correiodasemana.com\/site\/e-hoje-convocacao-para-a-copa-do-mundo\/","url_meta":{"origin":11836,"position":4},"title":"\u00c9 HOJE! Convoca\u00e7\u00e3o para a Copa do Mundo","author":"","date":"Novembro 7, 2022","format":false,"excerpt":"Convoca\u00e7\u00e3o da Sele\u00e7\u00e3o Brasileira para a Copa 2022 do CATAR Ap\u00f3s mandar lista com 55 nomes para a Fifa, Tite anuncia nesta segunda-feira, dia 7 de novembro, os 26 eleitos para o Mundial do Catar. Apresenta\u00e7\u00e3o est\u00e1 marcada para dia 14, em Turim O t\u00e9cnico Tite anuncia nesta segunda-feira os\u2026","rel":"","context":"In &quot;Atualidade&quot;","block_context":{"text":"Atualidade","link":"https:\/\/correiodasemana.com\/site\/category\/atualidade\/"},"img":{"alt_text":"","src":"https:\/\/i0.wp.com\/correiodasemana.com\/site\/wp-content\/uploads\/2022\/11\/0101.webp?resize=350%2C200&ssl=1","width":350,"height":200,"srcset":"https:\/\/i0.wp.com\/correiodasemana.com\/site\/wp-content\/uploads\/2022\/11\/0101.webp?resize=350%2C200&ssl=1 1x, https:\/\/i0.wp.com\/correiodasemana.com\/site\/wp-content\/uploads\/2022\/11\/0101.webp?resize=525%2C300&ssl=1 1.5x, https:\/\/i0.wp.com\/correiodasemana.com\/site\/wp-content\/uploads\/2022\/11\/0101.webp?resize=700%2C400&ssl=1 2x, https:\/\/i0.wp.com\/correiodasemana.com\/site\/wp-content\/uploads\/2022\/11\/0101.webp?resize=1050%2C600&ssl=1 3x"},"classes":[]},{"id":13839,"url":"https:\/\/correiodasemana.com\/site\/tv-brasil-transmite-serie-d-do-campeonato-brasileiro\/","url_meta":{"origin":11836,"position":5},"title":"TV Brasil transmite S\u00e9rie D do Campeonato Brasileiro","author":"","date":"Setembro 30, 2020","format":false,"excerpt":"Transmiss\u00f5es come\u00e7am amanh\u00e3 com Bragantino (PA) e Fast Clube (AM) A partir desta quarta-feira (30), o pa\u00eds inteiro poder\u00e1 acompanhar a S\u00e9rie D do Campeonato Brasileiro. A\u00a0TV Brasil\u00a0vai transmitir, ao vivo, 42 partidas da competi\u00e7\u00e3o. O acordo com a Confedera\u00e7\u00e3o Brasileira de Futebol (CBF) foi assinado na segunda-feira (28) e\u2026","rel":"","context":"In &quot;Atualidade&quot;","block_context":{"text":"Atualidade","link":"https:\/\/correiodasemana.com\/site\/category\/atualidade\/"},"img":{"alt_text":"","src":"https:\/\/i0.wp.com\/correiodasemana.com\/site\/wp-content\/uploads\/2020\/09\/20200926225254_413.jpeg?resize=350%2C200&ssl=1","width":350,"height":200,"srcset":"https:\/\/i0.wp.com\/correiodasemana.com\/site\/wp-content\/uploads\/2020\/09\/20200926225254_413.jpeg?resize=350%2C200&ssl=1 1x, https:\/\/i0.wp.com\/correiodasemana.com\/site\/wp-content\/uploads\/2020\/09\/20200926225254_413.jpeg?resize=525%2C300&ssl=1 1.5x, https:\/\/i0.wp.com\/correiodasemana.com\/site\/wp-content\/uploads\/2020\/09\/20200926225254_413.jpeg?resize=700%2C400&ssl=1 2x, https:\/\/i0.wp.com\/correiodasemana.com\/site\/wp-content\/uploads\/2020\/09\/20200926225254_413.jpeg?resize=1050%2C600&ssl=1 3x"},"classes":[]}],"jetpack_sharing_enabled":true,"_links":{"self":[{"href":"https:\/\/correiodasemana.com\/site\/wp-json\/wp\/v2\/posts\/11836","targetHints":{"allow":["GET"]}}],"collection":[{"href":"https:\/\/correiodasemana.com\/site\/wp-json\/wp\/v2\/posts"}],"about":[{"href":"https:\/\/correiodasemana.com\/site\/wp-json\/wp\/v2\/types\/post"}],"author":[{"embeddable":true,"href":"https:\/\/correiodasemana.com\/site\/wp-json\/wp\/v2\/users\/1"}],"replies":[{"embeddable":true,"href":"https:\/\/correiodasemana.com\/site\/wp-json\/wp\/v2\/comments?post=11836"}],"version-history":[{"count":2,"href":"https:\/\/correiodasemana.com\/site\/wp-json\/wp\/v2\/posts\/11836\/revisions"}],"predecessor-version":[{"id":11840,"href":"https:\/\/correiodasemana.com\/site\/wp-json\/wp\/v2\/posts\/11836\/revisions\/11840"}],"wp:featuredmedia":[{"embeddable":true,"href":"https:\/\/correiodasemana.com\/site\/wp-json\/wp\/v2\/media\/11838"}],"wp:attachment":[{"href":"https:\/\/correiodasemana.com\/site\/wp-json\/wp\/v2\/media?parent=11836"}],"wp:term":[{"taxonomy":"category","embeddable":true,"href":"https:\/\/correiodasemana.com\/site\/wp-json\/wp\/v2\/categories?post=11836"},{"taxonomy":"post_tag","embeddable":true,"href":"https:\/\/correiodasemana.com\/site\/wp-json\/wp\/v2\/tags?post=11836"}],"curies":[{"name":"wp","href":"https:\/\/api.w.org\/{rel}","templated":true}]}}