{"id":11860,"date":"2020-07-15T11:46:04","date_gmt":"2020-07-15T11:46:04","guid":{"rendered":"https:\/\/correiodasemana.com\/site\/?p=11860"},"modified":"2020-07-15T11:46:04","modified_gmt":"2020-07-15T11:46:04","slug":"3o-bpm-divulga-contato-de-whatsapp-do-seu-comandante","status":"publish","type":"post","link":"https:\/\/correiodasemana.com\/site\/3o-bpm-divulga-contato-de-whatsapp-do-seu-comandante\/","title":{"rendered":"3\u00ba BPM DIVULGA CONTATO DE WHATSAPP DO SEU COMANDANTE"},"content":{"rendered":"<p>A Pol\u00edcia Militar do Cear\u00e1, visando uma aproxima\u00e7\u00e3o entre o comando do 3\u00ba BPM e a popula\u00e7\u00e3o sobralense, disponibiliza um canal na rede de mensagens Whatsapp para contato direto com o comandante geral da unidade sobralense, Ten.Cel. Charles Roberto. O telefone \u00e9 o (85) 98439-4214 e o cidad\u00e3o dever\u00e1 us\u00e1-lo apenas atrav\u00e9s de mensagens escritas ou em \u00e1udio.<\/p>\n<p>Fonte: Pol\u00edcia Militar de Sobral<\/p>\n","protected":false},"excerpt":{"rendered":"<p>A Pol\u00edcia Militar do Cear\u00e1, visando uma aproxima\u00e7\u00e3o entre o comando do 3\u00ba BPM e&#8230;<\/p>\n","protected":false},"author":1,"featured_media":11861,"comment_status":"open","ping_status":"open","sticky":false,"template":"","format":"standard","meta":{"_jetpack_memberships_contains_paid_content":false,"footnotes":"","jetpack_publicize_message":"","jetpack_publicize_feature_enabled":true,"jetpack_social_post_already_shared":true,"jetpack_social_options":{"image_generator_settings":{"template":"highway","default_image_id":0,"font":"","enabled":false},"version":2}},"categories":[1],"tags":[],"class_list":["post-11860","post","type-post","status-publish","format-standard","has-post-thumbnail","hentry","category-atualidade"],"jetpack_publicize_connections":[],"jetpack_featured_media_url":"https:\/\/correiodasemana.com\/site\/wp-content\/uploads\/2020\/07\/WhatsApp-Image-2020-07-14-at-16.17.03.jpeg","jetpack-related-posts":[{"id":12081,"url":"https:\/\/correiodasemana.com\/site\/3o-bpm-da-pmce-ganha-nova-sede-em-sobral\/","url_meta":{"origin":11860,"position":0},"title":"3\u00ba BPM da PMCE ganha nova sede em Sobral","author":"","date":"Julho 21, 2020","format":false,"excerpt":"A nova sede do 3\u00ba Batalh\u00e3o Policial Militar (3\u00baBPM), da Pol\u00edcia Militar do Cear\u00e1 (PMCE), no munic\u00edpio de Sobral (CE), que est\u00e1 com previs\u00e3o para ser inaugurada ainda esta semana (19\/07 a 26\/07), tem toda uma estrutura que vai contribuir para o servi\u00e7o policial militar realizado na regi\u00e3o, bem como\u2026","rel":"","context":"In &quot;Atualidade&quot;","block_context":{"text":"Atualidade","link":"https:\/\/correiodasemana.com\/site\/category\/atualidade\/"},"img":{"alt_text":"","src":"https:\/\/i0.wp.com\/correiodasemana.com\/site\/wp-content\/uploads\/2020\/07\/3-bpm-sobral.jpg?resize=350%2C200&ssl=1","width":350,"height":200,"srcset":"https:\/\/i0.wp.com\/correiodasemana.com\/site\/wp-content\/uploads\/2020\/07\/3-bpm-sobral.jpg?resize=350%2C200&ssl=1 1x, https:\/\/i0.wp.com\/correiodasemana.com\/site\/wp-content\/uploads\/2020\/07\/3-bpm-sobral.jpg?resize=525%2C300&ssl=1 1.5x, https:\/\/i0.wp.com\/correiodasemana.com\/site\/wp-content\/uploads\/2020\/07\/3-bpm-sobral.jpg?resize=700%2C400&ssl=1 2x, https:\/\/i0.wp.com\/correiodasemana.com\/site\/wp-content\/uploads\/2020\/07\/3-bpm-sobral.jpg?resize=1050%2C600&ssl=1 3x"},"classes":[]},{"id":17123,"url":"https:\/\/correiodasemana.com\/site\/operacao-em-distritos-de-sobral-e-realizada-por-ama-policia-militar-ambiental-e-defesa-civil\/","url_meta":{"origin":11860,"position":1},"title":"Opera\u00e7\u00e3o em distritos de Sobral \u00e9 realizada por AMA, Pol\u00edcia Militar Ambiental e Defesa Civil","author":"","date":"Agosto 2, 2021","format":false,"excerpt":"Por Samuel Carvalho - Reda\u00e7\u00e3o Correio da Semana Essa semana foi realizada uma a\u00e7\u00e3o de opera\u00e7\u00e3o de fiscaliza\u00e7\u00e3o nos distritos do Jord\u00e3o e Baracho por Fiscais da Ag\u00eancia Municipal do Meio Ambiente (AMA), juntamente com o Batalh\u00e3o da Pol\u00edcia Militar Ambiental (BPMA) e a Defesa Civil. A a\u00e7\u00e3o faz parte\u2026","rel":"","context":"In &quot;Atualidade&quot;","block_context":{"text":"Atualidade","link":"https:\/\/correiodasemana.com\/site\/category\/atualidade\/"},"img":{"alt_text":"","src":"https:\/\/i0.wp.com\/correiodasemana.com\/site\/wp-content\/uploads\/2021\/08\/AMA_Fechada.jpeg?resize=350%2C200&ssl=1","width":350,"height":200,"srcset":"https:\/\/i0.wp.com\/correiodasemana.com\/site\/wp-content\/uploads\/2021\/08\/AMA_Fechada.jpeg?resize=350%2C200&ssl=1 1x, https:\/\/i0.wp.com\/correiodasemana.com\/site\/wp-content\/uploads\/2021\/08\/AMA_Fechada.jpeg?resize=525%2C300&ssl=1 1.5x, https:\/\/i0.wp.com\/correiodasemana.com\/site\/wp-content\/uploads\/2021\/08\/AMA_Fechada.jpeg?resize=700%2C400&ssl=1 2x, https:\/\/i0.wp.com\/correiodasemana.com\/site\/wp-content\/uploads\/2021\/08\/AMA_Fechada.jpeg?resize=1050%2C600&ssl=1 3x"},"classes":[]},{"id":16293,"url":"https:\/\/correiodasemana.com\/site\/macaco-prego-resgatado-pelo-bpma-em-massape-e-atendido-por-hospital-veterinario-em-sobral\/","url_meta":{"origin":11860,"position":2},"title":"Macaco-Prego resgatado pelo BPMA em Massap\u00ea \u00e9 atendido por Hospital Veterin\u00e1rio em Sobral","author":"","date":"Abril 26, 2021","format":false,"excerpt":"Por Samuel Carvalho - Reda\u00e7\u00e3o Correio da Semana Um macaco-prego foi resgatado no munic\u00edpio de Massap\u00ea, cujo atendimento foi feito no Hospital Veterin\u00e1rio de Pequenos e Grandes Animais (HOVET) do Centro Universit\u00e1rio Inta (UNINTA) por meio da parceria com a Pol\u00edcia de Meio Ambiente de Sobral da Pol\u00edcia Militar do\u2026","rel":"","context":"In &quot;Atualidade&quot;","block_context":{"text":"Atualidade","link":"https:\/\/correiodasemana.com\/site\/category\/atualidade\/"},"img":{"alt_text":"","src":"https:\/\/i0.wp.com\/correiodasemana.com\/site\/wp-content\/uploads\/2021\/04\/macaco-prego-em-massape.jpg?resize=350%2C200&ssl=1","width":350,"height":200},"classes":[]},{"id":17408,"url":"https:\/\/correiodasemana.com\/site\/camara-realiza-audiencia-publica-sobre-seguranca-publica-no-municipio-de-sobral\/","url_meta":{"origin":11860,"position":3},"title":"C\u00e2mara realiza Audi\u00eancia P\u00fablica sobre Seguran\u00e7a P\u00fablica no Munic\u00edpio de Sobral","author":"","date":"Setembro 6, 2021","format":false,"excerpt":"Por Simone Fernandes Fonte: Assessoria de Comunica\u00e3o da CMS Buscando discutir e esclarecer \u00e0 popula\u00e7\u00e3o sobre pontos relacionados \u00e0 Seguran\u00e7a P\u00fablica no munic\u00edpio de Sobral, a C\u00e2mara de Vereadores realizou na noite desta segunda-feira (30) em seu plen\u00e1rio, uma Audi\u00eancia P\u00fablica, a pedido do vereador Tiago Ramos Vieira (MDB), atrav\u00e9s\u2026","rel":"","context":"In &quot;Atualidade&quot;","block_context":{"text":"Atualidade","link":"https:\/\/correiodasemana.com\/site\/category\/atualidade\/"},"img":{"alt_text":"","src":"https:\/\/i0.wp.com\/correiodasemana.com\/site\/wp-content\/uploads\/2021\/09\/camara-municipal-de-sobral-3.jpg?resize=350%2C200&ssl=1","width":350,"height":200,"srcset":"https:\/\/i0.wp.com\/correiodasemana.com\/site\/wp-content\/uploads\/2021\/09\/camara-municipal-de-sobral-3.jpg?resize=350%2C200&ssl=1 1x, https:\/\/i0.wp.com\/correiodasemana.com\/site\/wp-content\/uploads\/2021\/09\/camara-municipal-de-sobral-3.jpg?resize=525%2C300&ssl=1 1.5x, https:\/\/i0.wp.com\/correiodasemana.com\/site\/wp-content\/uploads\/2021\/09\/camara-municipal-de-sobral-3.jpg?resize=700%2C400&ssl=1 2x"},"classes":[]},{"id":21191,"url":"https:\/\/correiodasemana.com\/site\/em-sobral-governadora-izolda-cela-entrega-quinta-unidade-do-comando-da-policia-militar-para-prevencao-e-apoio-as-comunidades\/","url_meta":{"origin":11860,"position":4},"title":"Em Sobral, governadora Izolda Cela entrega quinta unidade do Comando da Pol\u00edcia Militar para Preven\u00e7\u00e3o e Apoio \u00e0s Comunidades","author":"","date":"Outubro 10, 2022","format":false,"excerpt":"Larissa Falc\u00e3o - Ascom Casa Civil -\u00a0Texto Thiago Gaspar \u2013\u00a0Fotos Policiamento \u00e9 caracterizado pela atua\u00e7\u00e3o mais pr\u00f3xima \u00e0 comunidade e integrada ao Sistema da Seguran\u00e7a P\u00fablica do Cear\u00e1 Sobral \u00e9 a quinta cidade cearense a receber uma unidade do Comando da Pol\u00edcia Militar para Preven\u00e7\u00e3o e Apoio \u00e0s Comunidades (Copac).\u2026","rel":"","context":"In &quot;Atualidade&quot;","block_context":{"text":"Atualidade","link":"https:\/\/correiodasemana.com\/site\/category\/atualidade\/"},"img":{"alt_text":"","src":"https:\/\/i0.wp.com\/correiodasemana.com\/site\/wp-content\/uploads\/2022\/10\/unnamed-1-scaled.jpg?resize=350%2C200&ssl=1","width":350,"height":200,"srcset":"https:\/\/i0.wp.com\/correiodasemana.com\/site\/wp-content\/uploads\/2022\/10\/unnamed-1-scaled.jpg?resize=350%2C200&ssl=1 1x, https:\/\/i0.wp.com\/correiodasemana.com\/site\/wp-content\/uploads\/2022\/10\/unnamed-1-scaled.jpg?resize=525%2C300&ssl=1 1.5x, https:\/\/i0.wp.com\/correiodasemana.com\/site\/wp-content\/uploads\/2022\/10\/unnamed-1-scaled.jpg?resize=700%2C400&ssl=1 2x, https:\/\/i0.wp.com\/correiodasemana.com\/site\/wp-content\/uploads\/2022\/10\/unnamed-1-scaled.jpg?resize=1050%2C600&ssl=1 3x, https:\/\/i0.wp.com\/correiodasemana.com\/site\/wp-content\/uploads\/2022\/10\/unnamed-1-scaled.jpg?resize=1400%2C800&ssl=1 4x"},"classes":[]},{"id":32691,"url":"https:\/\/correiodasemana.com\/site\/bairros-caicara-e-sumare-receberao-bases-fixas-da-pm\/","url_meta":{"origin":11860,"position":5},"title":"Bairros Cai\u00e7ara e Sumar\u00e9 receber\u00e3o bases fixas da PM","author":"adminredacao","date":"Fevereiro 25, 2025","format":false,"excerpt":"Em entrevista ao rep\u00f3rter Jonas Deison, do Portal Sobral Online, o comandante do 3\u00ba Batalh\u00e3o da Pol\u00edcia Militar de Sobral, coronel Eduardo, anunciou a cria\u00e7\u00e3o de dois novos pelot\u00f5es da PM na cidade. As novas bases ser\u00e3o instaladas nos bairros Nova Cai\u00e7ara e Sumar\u00e9, com o objetivo de refor\u00e7ar a\u2026","rel":"","context":"In &quot;Atualidade&quot;","block_context":{"text":"Atualidade","link":"https:\/\/correiodasemana.com\/site\/category\/atualidade\/"},"img":{"alt_text":"","src":"https:\/\/i0.wp.com\/correiodasemana.com\/site\/wp-content\/uploads\/2025\/02\/Nova-sede-do-3o-BPM-de-Sobral-1.webp?resize=350%2C200&ssl=1","width":350,"height":200,"srcset":"https:\/\/i0.wp.com\/correiodasemana.com\/site\/wp-content\/uploads\/2025\/02\/Nova-sede-do-3o-BPM-de-Sobral-1.webp?resize=350%2C200&ssl=1 1x, https:\/\/i0.wp.com\/correiodasemana.com\/site\/wp-content\/uploads\/2025\/02\/Nova-sede-do-3o-BPM-de-Sobral-1.webp?resize=525%2C300&ssl=1 1.5x, https:\/\/i0.wp.com\/correiodasemana.com\/site\/wp-content\/uploads\/2025\/02\/Nova-sede-do-3o-BPM-de-Sobral-1.webp?resize=700%2C400&ssl=1 2x"},"classes":[]}],"jetpack_sharing_enabled":true,"_links":{"self":[{"href":"https:\/\/correiodasemana.com\/site\/wp-json\/wp\/v2\/posts\/11860","targetHints":{"allow":["GET"]}}],"collection":[{"href":"https:\/\/correiodasemana.com\/site\/wp-json\/wp\/v2\/posts"}],"about":[{"href":"https:\/\/correiodasemana.com\/site\/wp-json\/wp\/v2\/types\/post"}],"author":[{"embeddable":true,"href":"https:\/\/correiodasemana.com\/site\/wp-json\/wp\/v2\/users\/1"}],"replies":[{"embeddable":true,"href":"https:\/\/correiodasemana.com\/site\/wp-json\/wp\/v2\/comments?post=11860"}],"version-history":[{"count":2,"href":"https:\/\/correiodasemana.com\/site\/wp-json\/wp\/v2\/posts\/11860\/revisions"}],"predecessor-version":[{"id":11864,"href":"https:\/\/correiodasemana.com\/site\/wp-json\/wp\/v2\/posts\/11860\/revisions\/11864"}],"wp:featuredmedia":[{"embeddable":true,"href":"https:\/\/correiodasemana.com\/site\/wp-json\/wp\/v2\/media\/11861"}],"wp:attachment":[{"href":"https:\/\/correiodasemana.com\/site\/wp-json\/wp\/v2\/media?parent=11860"}],"wp:term":[{"taxonomy":"category","embeddable":true,"href":"https:\/\/correiodasemana.com\/site\/wp-json\/wp\/v2\/categories?post=11860"},{"taxonomy":"post_tag","embeddable":true,"href":"https:\/\/correiodasemana.com\/site\/wp-json\/wp\/v2\/tags?post=11860"}],"curies":[{"name":"wp","href":"https:\/\/api.w.org\/{rel}","templated":true}]}}