{"id":11866,"date":"2020-07-15T11:59:11","date_gmt":"2020-07-15T11:59:11","guid":{"rendered":"https:\/\/correiodasemana.com\/site\/?p=11866"},"modified":"2020-07-15T11:59:11","modified_gmt":"2020-07-15T11:59:11","slug":"produtos-roubados-de-residencia-avaliados-em-r-40-mil-sao-recuperados-pela-policia-em-sobral","status":"publish","type":"post","link":"https:\/\/correiodasemana.com\/site\/produtos-roubados-de-residencia-avaliados-em-r-40-mil-sao-recuperados-pela-policia-em-sobral\/","title":{"rendered":"PRODUTOS ROUBADOS DE RESID\u00caNCIA, AVALIADOS EM R$ 40 MIL, S\u00c3O RECUPERADOS PELA POL\u00cdCIA EM SOBRAL"},"content":{"rendered":"<p>Rafael Lopes da Silva, 34 anos, e um adolescente foram encaminhados para a Delegacia Regional de Sobral.<\/p>\n<p>Cerca de R$ 40 mil em produtos roubados de uma resid\u00eancia no munic\u00edpio de Sobral foram recuperados pela Pol\u00edcia Civil nesta segunda-feira (13). Conforme divulgado nessa ter\u00e7a-feira (14), um homem e um adolescente foram detidos.<\/p>\n<p>De acordo com a Pol\u00edcia Civil do Cear\u00e1 (PCCE), no \u00faltimo s\u00e1bado (11), a v\u00edtima procurou a delegacia para comunicar que teve a casa invadida. Os criminosos levaram na a\u00e7\u00e3o diversas joias de alto valor, rel\u00f3gios, \u00f3culos de marcas famosas, entre outros objetos, totalizando cerca de R$ 40 mil em produtos.<\/p>\n<p>De posse das informa\u00e7\u00f5es repassadas pela propriet\u00e1rio da resid\u00eancia, os policiais conseguiram localizar um adolescente. No momento da abordagem, o jovem estava com o mesmo bon\u00e9 usado no crime.<\/p>\n<p>Ap\u00f3s confessar a participa\u00e7\u00e3o, o adolescente indicou para a pol\u00edcia Rafael Lopes da Silva, 34 anos, com antecedentes criminais por furto quando menor, como c\u00famplice. Os agentes foram at\u00e9 a casa de Rafael, localizada no bairro Padre Palhano, onde encontraram partes dos objetos roubados.<\/p>\n<p>Segundo a pol\u00edcia, o homem e o adolescente foram encaminhados para a Delegacia Municipal de Sobral. Na unidade policial, o adolescente foi indiciado por ato infracional an\u00e1logo a furto qualificado, e Rafael por furto qualificado. A Pol\u00edcia Civil segue investigando o caso<\/p>\n<p><strong>Por <a href=\"https:\/\/www.blogger.com\/profile\/06364727983842907516\">Frank Oliveira<\/a><\/strong><\/p>\n<p><strong>Blog Tiro &amp; Queda Not\u00edcias<\/strong><\/p>\n<p>&nbsp;<\/p>\n","protected":false},"excerpt":{"rendered":"<p>Rafael Lopes da Silva, 34 anos, e um adolescente foram encaminhados para a Delegacia Regional&#8230;<\/p>\n","protected":false},"author":1,"featured_media":11867,"comment_status":"open","ping_status":"open","sticky":false,"template":"","format":"standard","meta":{"_jetpack_memberships_contains_paid_content":false,"footnotes":"","jetpack_publicize_message":"","jetpack_publicize_feature_enabled":true,"jetpack_social_post_already_shared":true,"jetpack_social_options":{"image_generator_settings":{"template":"highway","default_image_id":0,"font":"","enabled":false},"version":2}},"categories":[1],"tags":[],"class_list":["post-11866","post","type-post","status-publish","format-standard","has-post-thumbnail","hentry","category-atualidade"],"jetpack_publicize_connections":[],"jetpack_featured_media_url":"https:\/\/correiodasemana.com\/site\/wp-content\/uploads\/2020\/07\/apreens-o.jpeg","jetpack-related-posts":[{"id":35013,"url":"https:\/\/correiodasemana.com\/site\/pmce-captura-em-flagrante-nove-suspeitos-de-trafico-de-drogas-na-regiao-norte\/","url_meta":{"origin":11866,"position":0},"title":"PMCE captura em flagrante nove suspeitos de tr\u00e1fico de drogas na Regi\u00e3o Norte","author":"adminredacao","date":"Agosto 17, 2025","format":false,"excerpt":"FONTE: Ascom PMCE\u00a0\u2013 Texto Seis adultos foram presos e tr\u00eas adolescentes foram apreendidos no distrito de Jord\u00e3o, em Sobral Um trabalho ostensivo realizado pela Pol\u00edcia Militar do Cear\u00e1 (PMCE) resultou na captura de nove suspeitos de envolvimento com o com\u00e9rcio ilegal de drogas na Regi\u00e3o Norte do Estado. Ao todo,\u2026","rel":"","context":"In &quot;Atualidade&quot;","block_context":{"text":"Atualidade","link":"https:\/\/correiodasemana.com\/site\/category\/atualidade\/"},"img":{"alt_text":"","src":"https:\/\/i0.wp.com\/correiodasemana.com\/site\/wp-content\/uploads\/2023\/01\/1_pm_ce_foto_soldados-20842349.jpg?resize=350%2C200&ssl=1","width":350,"height":200,"srcset":"https:\/\/i0.wp.com\/correiodasemana.com\/site\/wp-content\/uploads\/2023\/01\/1_pm_ce_foto_soldados-20842349.jpg?resize=350%2C200&ssl=1 1x, https:\/\/i0.wp.com\/correiodasemana.com\/site\/wp-content\/uploads\/2023\/01\/1_pm_ce_foto_soldados-20842349.jpg?resize=525%2C300&ssl=1 1.5x, https:\/\/i0.wp.com\/correiodasemana.com\/site\/wp-content\/uploads\/2023\/01\/1_pm_ce_foto_soldados-20842349.jpg?resize=700%2C400&ssl=1 2x"},"classes":[]},{"id":9019,"url":"https:\/\/correiodasemana.com\/site\/ama-intensifica-acoes-de-fiscalizacao-ambiental-e-apreende-48-passaros-silvestres\/","url_meta":{"origin":11866,"position":1},"title":"AMA intensifica a\u00e7\u00f5es de fiscaliza\u00e7\u00e3o ambiental e apreende 48 p\u00e1ssaros silvestres","author":"","date":"Setembro 8, 2019","format":false,"excerpt":"A AMA tamb\u00e9m realiza fiscaliza\u00e7\u00e3o de descarte inadequado de res\u00edduos s\u00f3lidos, polui\u00e7\u00e3o sonora, ambiental e desmatamento. Assessoria de imprensa da Prefeitura Municipal de Sobral A Ag\u00eancia Municipal do Meio Ambiente (AMA) realizou na segunda-feira (02\/09), a apreens\u00e3o de 48 p\u00e1ssaros silvestres em Sobral. As aves foram encontradas em cativeiro e\u2026","rel":"","context":"In &quot;Atualidade&quot;","block_context":{"text":"Atualidade","link":"https:\/\/correiodasemana.com\/site\/category\/atualidade\/"},"img":{"alt_text":"","src":"https:\/\/i0.wp.com\/correiodasemana.com\/site\/wp-content\/uploads\/2019\/09\/P%C3%A1g.-12-imagem.jpg?resize=350%2C200&ssl=1","width":350,"height":200,"srcset":"https:\/\/i0.wp.com\/correiodasemana.com\/site\/wp-content\/uploads\/2019\/09\/P%C3%A1g.-12-imagem.jpg?resize=350%2C200&ssl=1 1x, https:\/\/i0.wp.com\/correiodasemana.com\/site\/wp-content\/uploads\/2019\/09\/P%C3%A1g.-12-imagem.jpg?resize=525%2C300&ssl=1 1.5x, https:\/\/i0.wp.com\/correiodasemana.com\/site\/wp-content\/uploads\/2019\/09\/P%C3%A1g.-12-imagem.jpg?resize=700%2C400&ssl=1 2x, https:\/\/i0.wp.com\/correiodasemana.com\/site\/wp-content\/uploads\/2019\/09\/P%C3%A1g.-12-imagem.jpg?resize=1050%2C600&ssl=1 3x"},"classes":[]},{"id":22826,"url":"https:\/\/correiodasemana.com\/site\/mais-de-7-mil-metros-de-fios-foram-roubados-no-ceara-em-2022\/","url_meta":{"origin":11866,"position":2},"title":"Mais de 7 mil metros de fios foram roubados no Cear\u00e1 em 2022","author":"","date":"Janeiro 17, 2023","format":false,"excerpt":"Entre janeiro e dezembro de 2022, 7.682 metros de fios foram recuperados em todo o Cear\u00e1 pelas Pol\u00edcias Civil e Militar do Estado. Destes, 5.321 metros foram apreendidos em Fortaleza. Os dados foram compilados pela Ger\u00eancia de Estat\u00edstica e Geoprocessamento (Geesp) da Superintend\u00eancia de Pesquisa e Estrat\u00e9gia de Seguran\u00e7a P\u00fablica\u2026","rel":"","context":"In &quot;Atualidade&quot;","block_context":{"text":"Atualidade","link":"https:\/\/correiodasemana.com\/site\/category\/atualidade\/"},"img":{"alt_text":"","src":"https:\/\/i0.wp.com\/correiodasemana.com\/site\/wp-content\/uploads\/2023\/01\/furto-cabo-1700.webp?resize=350%2C200&ssl=1","width":350,"height":200,"srcset":"https:\/\/i0.wp.com\/correiodasemana.com\/site\/wp-content\/uploads\/2023\/01\/furto-cabo-1700.webp?resize=350%2C200&ssl=1 1x, https:\/\/i0.wp.com\/correiodasemana.com\/site\/wp-content\/uploads\/2023\/01\/furto-cabo-1700.webp?resize=525%2C300&ssl=1 1.5x, https:\/\/i0.wp.com\/correiodasemana.com\/site\/wp-content\/uploads\/2023\/01\/furto-cabo-1700.webp?resize=700%2C400&ssl=1 2x"},"classes":[]},{"id":22483,"url":"https:\/\/correiodasemana.com\/site\/ceara-teve-media-de-21-veiculos-roubados-por-dia-entre-janeiro-e-novembro-de-2022\/","url_meta":{"origin":11866,"position":3},"title":"Cear\u00e1 teve m\u00e9dia de 21 ve\u00edculos roubados por dia entre janeiro e novembro de 2022","author":"","date":"Janeiro 3, 2023","format":false,"excerpt":"O Cear\u00e1 teve m\u00e9dia de 21 ve\u00edculos roubados por dia entre janeiro e novembro de 2022, conforme dados da Secretaria da Seguran\u00e7a P\u00fablica e Defesa Social (SSPDS). Em 11 meses, o n\u00famero de ocorr\u00eancias registradas no Estado chegou a 6.970. Na compara\u00e7\u00e3o com o mesmo intervalo de 2021, houve uma\u2026","rel":"","context":"In &quot;Atualidade&quot;","block_context":{"text":"Atualidade","link":"https:\/\/correiodasemana.com\/site\/category\/atualidade\/"},"img":{"alt_text":"","src":"https:\/\/i0.wp.com\/correiodasemana.com\/site\/wp-content\/uploads\/2023\/01\/0055.jpg?resize=350%2C200&ssl=1","width":350,"height":200,"srcset":"https:\/\/i0.wp.com\/correiodasemana.com\/site\/wp-content\/uploads\/2023\/01\/0055.jpg?resize=350%2C200&ssl=1 1x, https:\/\/i0.wp.com\/correiodasemana.com\/site\/wp-content\/uploads\/2023\/01\/0055.jpg?resize=525%2C300&ssl=1 1.5x, https:\/\/i0.wp.com\/correiodasemana.com\/site\/wp-content\/uploads\/2023\/01\/0055.jpg?resize=700%2C400&ssl=1 2x"},"classes":[]},{"id":22280,"url":"https:\/\/correiodasemana.com\/site\/policia-civil-de-sobral-prende-dupla-suspeita-de-trafico-de-drogas-na-regiao-norte\/","url_meta":{"origin":11866,"position":4},"title":"Pol\u00edcia Civil de Sobral prende dupla suspeita de tr\u00e1fico de drogas na Regi\u00e3o norte","author":"","date":"Dezembro 15, 2022","format":false,"excerpt":"A Pol\u00edcia Civil do Estado do Cear\u00e1 (PC-CE) realizou, na manh\u00e3 dessa ter\u00e7a-feira (13), a captura de dois homens suspeitos de envolvimento com o tr\u00e1fico il\u00edcito de drogas na Regi\u00e3o Norte do Estado. As pris\u00f5es aconteceram por for\u00e7a de cumprimento de mandados de pris\u00e3o, em Sobral, na \u00c1rea Integrada de\u2026","rel":"","context":"In &quot;Atualidade&quot;","block_context":{"text":"Atualidade","link":"https:\/\/correiodasemana.com\/site\/category\/atualidade\/"},"img":{"alt_text":"","src":"https:\/\/i0.wp.com\/correiodasemana.com\/site\/wp-content\/uploads\/2022\/12\/319826618_140306271887657_7634682964013337278_n.jpg?resize=350%2C200&ssl=1","width":350,"height":200,"srcset":"https:\/\/i0.wp.com\/correiodasemana.com\/site\/wp-content\/uploads\/2022\/12\/319826618_140306271887657_7634682964013337278_n.jpg?resize=350%2C200&ssl=1 1x, https:\/\/i0.wp.com\/correiodasemana.com\/site\/wp-content\/uploads\/2022\/12\/319826618_140306271887657_7634682964013337278_n.jpg?resize=525%2C300&ssl=1 1.5x, https:\/\/i0.wp.com\/correiodasemana.com\/site\/wp-content\/uploads\/2022\/12\/319826618_140306271887657_7634682964013337278_n.jpg?resize=700%2C400&ssl=1 2x, https:\/\/i0.wp.com\/correiodasemana.com\/site\/wp-content\/uploads\/2022\/12\/319826618_140306271887657_7634682964013337278_n.jpg?resize=1050%2C600&ssl=1 3x"},"classes":[]},{"id":24960,"url":"https:\/\/correiodasemana.com\/site\/ex-vereador-condenado-por-estelionato-e-preso-pela-policia-civil-em-sobral\/","url_meta":{"origin":11866,"position":5},"title":"Ex-vereador condenado por estelionato \u00e9 preso pela Pol\u00edcia Civil em Sobral","author":"","date":"Maio 29, 2023","format":false,"excerpt":"Uma a\u00e7\u00e3o da Pol\u00edcia Civil do Estado do Cear\u00e1 (PC-CE) resultou, nessa sexta-feira (26), no cumprimento de um mandado de pris\u00e3o de senten\u00e7a condenat\u00f3ria em desfavor de um ex-vereador, de 34 anos, condenado por crime de estelionato. A captura ocorreu no bairro Centro, em Sobral \u2013 \u00c1rea Integrada de Seguran\u00e7a\u2026","rel":"","context":"In &quot;Atualidade&quot;","block_context":{"text":"Atualidade","link":"https:\/\/correiodasemana.com\/site\/category\/atualidade\/"},"img":{"alt_text":"","src":"https:\/\/i0.wp.com\/correiodasemana.com\/site\/wp-content\/uploads\/2023\/05\/VEREADOR.jpg?resize=350%2C200&ssl=1","width":350,"height":200,"srcset":"https:\/\/i0.wp.com\/correiodasemana.com\/site\/wp-content\/uploads\/2023\/05\/VEREADOR.jpg?resize=350%2C200&ssl=1 1x, https:\/\/i0.wp.com\/correiodasemana.com\/site\/wp-content\/uploads\/2023\/05\/VEREADOR.jpg?resize=525%2C300&ssl=1 1.5x, https:\/\/i0.wp.com\/correiodasemana.com\/site\/wp-content\/uploads\/2023\/05\/VEREADOR.jpg?resize=700%2C400&ssl=1 2x"},"classes":[]}],"jetpack_sharing_enabled":true,"_links":{"self":[{"href":"https:\/\/correiodasemana.com\/site\/wp-json\/wp\/v2\/posts\/11866","targetHints":{"allow":["GET"]}}],"collection":[{"href":"https:\/\/correiodasemana.com\/site\/wp-json\/wp\/v2\/posts"}],"about":[{"href":"https:\/\/correiodasemana.com\/site\/wp-json\/wp\/v2\/types\/post"}],"author":[{"embeddable":true,"href":"https:\/\/correiodasemana.com\/site\/wp-json\/wp\/v2\/users\/1"}],"replies":[{"embeddable":true,"href":"https:\/\/correiodasemana.com\/site\/wp-json\/wp\/v2\/comments?post=11866"}],"version-history":[{"count":2,"href":"https:\/\/correiodasemana.com\/site\/wp-json\/wp\/v2\/posts\/11866\/revisions"}],"predecessor-version":[{"id":11870,"href":"https:\/\/correiodasemana.com\/site\/wp-json\/wp\/v2\/posts\/11866\/revisions\/11870"}],"wp:featuredmedia":[{"embeddable":true,"href":"https:\/\/correiodasemana.com\/site\/wp-json\/wp\/v2\/media\/11867"}],"wp:attachment":[{"href":"https:\/\/correiodasemana.com\/site\/wp-json\/wp\/v2\/media?parent=11866"}],"wp:term":[{"taxonomy":"category","embeddable":true,"href":"https:\/\/correiodasemana.com\/site\/wp-json\/wp\/v2\/categories?post=11866"},{"taxonomy":"post_tag","embeddable":true,"href":"https:\/\/correiodasemana.com\/site\/wp-json\/wp\/v2\/tags?post=11866"}],"curies":[{"name":"wp","href":"https:\/\/api.w.org\/{rel}","templated":true}]}}