{"id":11871,"date":"2020-07-15T12:12:15","date_gmt":"2020-07-15T12:12:15","guid":{"rendered":"https:\/\/correiodasemana.com\/site\/?p=11871"},"modified":"2020-07-15T12:12:15","modified_gmt":"2020-07-15T12:12:15","slug":"uso-de-mascaras-pode-controlar-covid-19-em-ate-8-semanas-diz-cdc","status":"publish","type":"post","link":"https:\/\/correiodasemana.com\/site\/uso-de-mascaras-pode-controlar-covid-19-em-ate-8-semanas-diz-cdc\/","title":{"rendered":"Uso de m\u00e1scaras pode controlar covid-19 em at\u00e9 8 semanas, diz CDC"},"content":{"rendered":"<p><strong>Alerta \u00e9 do Centro de Controle e Preven\u00e7\u00e3o de Doen\u00e7as dos EUA<\/strong><\/p>\n<p>O diretor do Centro de Controle e Preven\u00e7\u00e3o de Doen\u00e7as dos Estados Unidos (CDC), Robert Redfield, afirmou que se todos os norte-americanos usarem m\u00e1scaras, a onda crescente de casos de covid-19 no pa\u00eds pode estar sob controle em um per\u00edodo entre quatro e oito semanas.<\/p>\n<p>Redfield concedeu entrevista online \u00e0\u00a0publica\u00e7\u00e3o m\u00e9dica\u00a0<em>Journal of the American Medical Association<\/em>.<\/p>\n<p>&#8220;Eu acredito que se conseguirmos que todos usem m\u00e1scaras agora, podemos controlar isso em quatro, seis, oito semanas&#8221;, afirmou.<\/p>\n<p>O diretor do CDC tamb\u00e9m disse que usar m\u00e1scara \u00e9\u00a0uma quest\u00e3o de sa\u00fade p\u00fablica e lamentou que a pr\u00e1tica tenha sido t\u00e3o politizada.<\/p>\n<p>&#8220;Estou feliz em ver o presidente e o vice usarem m\u00e1scaras. Claramente, na situa\u00e7\u00e3o deles, eles poderiam justificar com facilidade que n\u00e3o precisam, mas precisamos que eles deem o exemplo&#8221;, disse Redfield.<\/p>\n<p>Por Dania Nadeem &#8211; Rep\u00f3rter da Reuters &#8211; Washington<\/p>\n<p>&nbsp;<\/p>\n","protected":false},"excerpt":{"rendered":"<p>Alerta \u00e9 do Centro de Controle e Preven\u00e7\u00e3o de Doen\u00e7as dos EUA O diretor do&#8230;<\/p>\n","protected":false},"author":1,"featured_media":11872,"comment_status":"open","ping_status":"open","sticky":false,"template":"","format":"standard","meta":{"_jetpack_memberships_contains_paid_content":false,"footnotes":"","jetpack_publicize_message":"","jetpack_publicize_feature_enabled":true,"jetpack_social_post_already_shared":true,"jetpack_social_options":{"image_generator_settings":{"template":"highway","default_image_id":0,"font":"","enabled":false},"version":2}},"categories":[1],"tags":[],"class_list":["post-11871","post","type-post","status-publish","format-standard","has-post-thumbnail","hentry","category-atualidade"],"jetpack_publicize_connections":[],"jetpack_featured_media_url":"https:\/\/correiodasemana.com\/site\/wp-content\/uploads\/2020\/07\/2020-05-27t165453z_322552613_rc24xg935mq2_rtrmadp_3_health-coronavirus-usa.jpg","jetpack-related-posts":[{"id":15514,"url":"https:\/\/correiodasemana.com\/site\/vacina-contra-covid-19-trabalhador-que-se-recusar-a-tomar-vacina-ou-usar-mascara-pode-ser-demitido-por-justa-causa\/","url_meta":{"origin":11871,"position":0},"title":"Vacina contra COVID-19: trabalhador que se recusar a tomar vacina ou usar m\u00e1scara pode ser demitido por justa causa","author":"","date":"Janeiro 24, 2021","format":false,"excerpt":"Apesar de o governo federal ter dito que a vacina n\u00e3o ser\u00e1 obrigat\u00f3ria, especialistas dizem que os trabalhadores que n\u00e3o forem imunizados poder\u00e3o ser advertidos e at\u00e9 demitidos por justa causa. O Brasil iniciou no \u00faltimo domingo (17\/01) a vacina\u00e7\u00e3o contra a COVID-19. Por enquanto, apenas profissionais de sa\u00fade ser\u00e3o\u2026","rel":"","context":"In &quot;Atualidade&quot;","block_context":{"text":"Atualidade","link":"https:\/\/correiodasemana.com\/site\/category\/atualidade\/"},"img":{"alt_text":"","src":"https:\/\/i0.wp.com\/correiodasemana.com\/site\/wp-content\/uploads\/2021\/01\/7ce6eb6210_carteira-de-trabalho-aberta-ok.jpg?resize=350%2C200&ssl=1","width":350,"height":200,"srcset":"https:\/\/i0.wp.com\/correiodasemana.com\/site\/wp-content\/uploads\/2021\/01\/7ce6eb6210_carteira-de-trabalho-aberta-ok.jpg?resize=350%2C200&ssl=1 1x, https:\/\/i0.wp.com\/correiodasemana.com\/site\/wp-content\/uploads\/2021\/01\/7ce6eb6210_carteira-de-trabalho-aberta-ok.jpg?resize=525%2C300&ssl=1 1.5x, https:\/\/i0.wp.com\/correiodasemana.com\/site\/wp-content\/uploads\/2021\/01\/7ce6eb6210_carteira-de-trabalho-aberta-ok.jpg?resize=700%2C400&ssl=1 2x, https:\/\/i0.wp.com\/correiodasemana.com\/site\/wp-content\/uploads\/2021\/01\/7ce6eb6210_carteira-de-trabalho-aberta-ok.jpg?resize=1050%2C600&ssl=1 3x"},"classes":[]},{"id":13475,"url":"https:\/\/correiodasemana.com\/site\/cidadaos-brasileiros-continuam-proibidos-de-viajar-aos-estados-unidos\/","url_meta":{"origin":11871,"position":1},"title":"Cidad\u00e3os brasileiros continuam proibidos de viajar aos Estados Unidos","author":"","date":"Setembro 14, 2020","format":false,"excerpt":"Em nota, embaixada diz que seguem mantidas exig\u00eancias anteriores Ap\u00f3s o governo dos Estados Unidos anunciar a suspens\u00e3o das\u00a0restri\u00e7\u00f5es de voos\u00a0oriundos do Brasil e de outros pa\u00edses, a embaixada norte-americana esclareceu, em nota publicada ontem (12), que seguem mantidas as exig\u00eancias anteriores para quem deseja entrar no pa\u00eds. Na pr\u00e1tica,\u00a0s\u00f3\u2026","rel":"","context":"In &quot;Atualidade&quot;","block_context":{"text":"Atualidade","link":"https:\/\/correiodasemana.com\/site\/category\/atualidade\/"},"img":{"alt_text":"","src":"https:\/\/i0.wp.com\/correiodasemana.com\/site\/wp-content\/uploads\/2020\/09\/aviao_decola_no_aeroporto_de_congonhas_abr_010819196625330.jpg?resize=350%2C200&ssl=1","width":350,"height":200,"srcset":"https:\/\/i0.wp.com\/correiodasemana.com\/site\/wp-content\/uploads\/2020\/09\/aviao_decola_no_aeroporto_de_congonhas_abr_010819196625330.jpg?resize=350%2C200&ssl=1 1x, https:\/\/i0.wp.com\/correiodasemana.com\/site\/wp-content\/uploads\/2020\/09\/aviao_decola_no_aeroporto_de_congonhas_abr_010819196625330.jpg?resize=525%2C300&ssl=1 1.5x, https:\/\/i0.wp.com\/correiodasemana.com\/site\/wp-content\/uploads\/2020\/09\/aviao_decola_no_aeroporto_de_congonhas_abr_010819196625330.jpg?resize=700%2C400&ssl=1 2x, https:\/\/i0.wp.com\/correiodasemana.com\/site\/wp-content\/uploads\/2020\/09\/aviao_decola_no_aeroporto_de_congonhas_abr_010819196625330.jpg?resize=1050%2C600&ssl=1 3x"},"classes":[]},{"id":11537,"url":"https:\/\/correiodasemana.com\/site\/brasil-registra-1-022-mortes-por-covid-19-e-se-aproxima-de-50-mil-obitos\/","url_meta":{"origin":11871,"position":2},"title":"Brasil registra 1.022 mortes por Covid-19 e se aproxima de 50 mil \u00f3bitos","author":"","date":"Junho 21, 2020","format":false,"excerpt":"O Brasil registrou neste s\u00e1bado 1.022 mortes por Covid-19 e se aproximou dos 50 mil \u00f3bitos pelo v\u00edrus \u2014alcan\u00e7ou exatamente 49.976 nas \u00faltimas 24 horas, segundo dados do Minist\u00e9rio da Sa\u00fade. O pa\u00eds chegou a 1.067.579 casos confirmados, registrando o terceiro maior \u00edndice di\u00e1rio de novos casos do coronav\u00edrus, com\u2026","rel":"","context":"In &quot;Atualidade&quot;","block_context":{"text":"Atualidade","link":"https:\/\/correiodasemana.com\/site\/category\/atualidade\/"},"img":{"alt_text":"","src":"https:\/\/i0.wp.com\/correiodasemana.com\/site\/wp-content\/uploads\/2020\/06\/recuperados-coronavirus-minas-gerais.jpg?resize=350%2C200&ssl=1","width":350,"height":200,"srcset":"https:\/\/i0.wp.com\/correiodasemana.com\/site\/wp-content\/uploads\/2020\/06\/recuperados-coronavirus-minas-gerais.jpg?resize=350%2C200&ssl=1 1x, https:\/\/i0.wp.com\/correiodasemana.com\/site\/wp-content\/uploads\/2020\/06\/recuperados-coronavirus-minas-gerais.jpg?resize=525%2C300&ssl=1 1.5x, https:\/\/i0.wp.com\/correiodasemana.com\/site\/wp-content\/uploads\/2020\/06\/recuperados-coronavirus-minas-gerais.jpg?resize=700%2C400&ssl=1 2x"},"classes":[]},{"id":15438,"url":"https:\/\/correiodasemana.com\/site\/vacinacao-contra-covid-gestantes-e-lactantes-devem-se-vacinar\/","url_meta":{"origin":11871,"position":3},"title":"Vacina\u00e7\u00e3o contra COVID: Gestantes e Lactantes devem se vacinar?","author":"","date":"Janeiro 19, 2021","format":false,"excerpt":"Estudos sobre seguran\u00e7a e efic\u00e1cia das vacinas para a COVID-19 ainda n\u00e3o foram conduzidos em gr\u00e1vidas; Especialista aponta as principais orienta\u00e7\u00f5es para o grupo As mulheres gr\u00e1vidas, geralmente mais vulner\u00e1veis a infec\u00e7\u00f5es fazem parte do grupo de risco da Covid-19, segundo o Minist\u00e9rio da Sa\u00fade. Ent\u00e3o, no geral, entende-se que\u2026","rel":"","context":"In &quot;Atualidade&quot;","block_context":{"text":"Atualidade","link":"https:\/\/correiodasemana.com\/site\/category\/atualidade\/"},"img":{"alt_text":"","src":"https:\/\/i0.wp.com\/correiodasemana.com\/site\/wp-content\/uploads\/2021\/01\/ViewImage.jpg?resize=350%2C200&ssl=1","width":350,"height":200},"classes":[]},{"id":22216,"url":"https:\/\/correiodasemana.com\/site\/casos-de-covid-19-tem-indicativo-de-queda-no-ceara-recomendacao-de-mascara-e-mantida\/","url_meta":{"origin":11871,"position":4},"title":"Casos de covid-19 t\u00eam indicativo de queda no Cear\u00e1; recomenda\u00e7\u00e3o de m\u00e1scara \u00e9 mantida","author":"","date":"Dezembro 11, 2022","format":false,"excerpt":"Fonte: Governo do Estado do Cear\u00e1 Em reuni\u00e3o realizada na manh\u00e3 desta sexta-feira (9), o Comit\u00ea Estadual de Enfrentamento \u00e0 Pandemia deliberou por manter a recomenda\u00e7\u00e3o do uso de m\u00e1scaras faciais em locais fechados ou com aglomera\u00e7\u00e3o, ainda que haja registro do in\u00edcio da redu\u00e7\u00e3o do n\u00famero de casos. A\u2026","rel":"","context":"In &quot;Atualidade&quot;","block_context":{"text":"Atualidade","link":"https:\/\/correiodasemana.com\/site\/category\/atualidade\/"},"img":{"alt_text":"","src":"https:\/\/i0.wp.com\/correiodasemana.com\/site\/wp-content\/uploads\/2022\/12\/prefeitura-de-sobral.jpg?resize=350%2C200&ssl=1","width":350,"height":200,"srcset":"https:\/\/i0.wp.com\/correiodasemana.com\/site\/wp-content\/uploads\/2022\/12\/prefeitura-de-sobral.jpg?resize=350%2C200&ssl=1 1x, https:\/\/i0.wp.com\/correiodasemana.com\/site\/wp-content\/uploads\/2022\/12\/prefeitura-de-sobral.jpg?resize=525%2C300&ssl=1 1.5x, https:\/\/i0.wp.com\/correiodasemana.com\/site\/wp-content\/uploads\/2022\/12\/prefeitura-de-sobral.jpg?resize=700%2C400&ssl=1 2x"},"classes":[]},{"id":11787,"url":"https:\/\/correiodasemana.com\/site\/lei-estadual-determina-multa-para-quem-nao-usar-mascara-no-ceara\/","url_meta":{"origin":11871,"position":5},"title":"Lei estadual determina multa para quem n\u00e3o usar m\u00e1scara no Cear\u00e1","author":"","date":"Julho 13, 2020","format":false,"excerpt":"Desde o dia 11 de maio de 2020, a medida foi estendida para todas as pessoas que circularem nas ruas de Sobral, mesmo que estejam no interior de ve\u00edculos automotores. Ser\u00e1 considerada circula\u00e7\u00e3o a perman\u00eancia do cidad\u00e3o em todo e qualquer ambiente que n\u00e3o seja sua resid\u00eancia oficial. A lei\u00a0N\u00ba\u2026","rel":"","context":"In &quot;Atualidade&quot;","block_context":{"text":"Atualidade","link":"https:\/\/correiodasemana.com\/site\/category\/atualidade\/"},"img":{"alt_text":"","src":"https:\/\/i0.wp.com\/correiodasemana.com\/site\/wp-content\/uploads\/2020\/07\/106088497_1340560659483176_2222295279908822734_n.jpg?resize=350%2C200&ssl=1","width":350,"height":200,"srcset":"https:\/\/i0.wp.com\/correiodasemana.com\/site\/wp-content\/uploads\/2020\/07\/106088497_1340560659483176_2222295279908822734_n.jpg?resize=350%2C200&ssl=1 1x, https:\/\/i0.wp.com\/correiodasemana.com\/site\/wp-content\/uploads\/2020\/07\/106088497_1340560659483176_2222295279908822734_n.jpg?resize=525%2C300&ssl=1 1.5x, https:\/\/i0.wp.com\/correiodasemana.com\/site\/wp-content\/uploads\/2020\/07\/106088497_1340560659483176_2222295279908822734_n.jpg?resize=700%2C400&ssl=1 2x"},"classes":[]}],"jetpack_sharing_enabled":true,"_links":{"self":[{"href":"https:\/\/correiodasemana.com\/site\/wp-json\/wp\/v2\/posts\/11871","targetHints":{"allow":["GET"]}}],"collection":[{"href":"https:\/\/correiodasemana.com\/site\/wp-json\/wp\/v2\/posts"}],"about":[{"href":"https:\/\/correiodasemana.com\/site\/wp-json\/wp\/v2\/types\/post"}],"author":[{"embeddable":true,"href":"https:\/\/correiodasemana.com\/site\/wp-json\/wp\/v2\/users\/1"}],"replies":[{"embeddable":true,"href":"https:\/\/correiodasemana.com\/site\/wp-json\/wp\/v2\/comments?post=11871"}],"version-history":[{"count":2,"href":"https:\/\/correiodasemana.com\/site\/wp-json\/wp\/v2\/posts\/11871\/revisions"}],"predecessor-version":[{"id":11874,"href":"https:\/\/correiodasemana.com\/site\/wp-json\/wp\/v2\/posts\/11871\/revisions\/11874"}],"wp:featuredmedia":[{"embeddable":true,"href":"https:\/\/correiodasemana.com\/site\/wp-json\/wp\/v2\/media\/11872"}],"wp:attachment":[{"href":"https:\/\/correiodasemana.com\/site\/wp-json\/wp\/v2\/media?parent=11871"}],"wp:term":[{"taxonomy":"category","embeddable":true,"href":"https:\/\/correiodasemana.com\/site\/wp-json\/wp\/v2\/categories?post=11871"},{"taxonomy":"post_tag","embeddable":true,"href":"https:\/\/correiodasemana.com\/site\/wp-json\/wp\/v2\/tags?post=11871"}],"curies":[{"name":"wp","href":"https:\/\/api.w.org\/{rel}","templated":true}]}}