{"id":11884,"date":"2020-07-15T13:26:29","date_gmt":"2020-07-15T13:26:29","guid":{"rendered":"https:\/\/correiodasemana.com\/site\/?p=11884"},"modified":"2020-07-15T13:26:29","modified_gmt":"2020-07-15T13:26:29","slug":"taxa-cai-levemente-mas-brasil-ainda-tem-11-milhoes-de-analfabetos","status":"publish","type":"post","link":"https:\/\/correiodasemana.com\/site\/taxa-cai-levemente-mas-brasil-ainda-tem-11-milhoes-de-analfabetos\/","title":{"rendered":"Taxa cai levemente, mas Brasil ainda tem 11 milh\u00f5es de analfabetos"},"content":{"rendered":"<p><strong>\u00c9 o que mostram dados da Pnad Cont\u00ednua Educa\u00e7\u00e3o, divulgados\u00a0hoje\u00a0<\/strong><\/p>\n<p>A taxa de analfabetismo no Brasil passou de 6,8%, em 2018,\u00a0para 6,6%,\u00a0em 2019, de acordo com dados da Pesquisa Nacional por Amostra de Domic\u00edlios (Pnad) Cont\u00ednua Educa\u00e7\u00e3o, divulgada hoje (15). Apesar da queda, que representa cerca de 200 mil pessoas, o Brasil tem ainda 11 milh\u00f5es de analfabetos. S\u00e3o pessoas de 15 anos ou mais que, pelos crit\u00e9rios do Instituto Brasileiro de Geografia e Estat\u00edstica (IBGE), n\u00e3o s\u00e3o capazes de ler e escrever nem ao menos um bilhete simples.<\/p>\n<p>\u201c\u00c9 uma taxa que vem baixando ao longo do tempo\u201d, diz a analista da pesquisa Adriana Beringuy. Em 2016, era 7,2%. \u201cO analfabetismo est\u00e1 mais concentrado entre as pessoas mais velhas, uma vez que os jovens s\u00e3o mais escolarizados e, portanto, v\u00e3o registrar indicador menor\u201d, acrescenta.<\/p>\n<p>Apesar de ter registrado queda, os dados mostram que 18% daqueles com 60 anos ou mais s\u00e3o analfabetos. Em 2018, eram 18,6% e, em 2016, 20,4%.<\/p>\n<p>Reduzir a taxa de analfabetismo no Brasil est\u00e1 entre as metas do Plano Nacional de Educa\u00e7\u00e3o (PNE), Lei 13.005\/2014, que estabelece o que deve ser feito para melhorar a educa\u00e7\u00e3o no pa\u00eds at\u00e9 2024, desde o ensino infantil, at\u00e9 a p\u00f3s-gradua\u00e7\u00e3o. Pela lei, em 2015, o Brasil deveria ter atingido a marca de 6,5% de analfabetos entre a popula\u00e7\u00e3o de 15 anos ou mais. Em 2024, essa taxa dever\u00e1 chegar a zero.<\/p>\n<p>\u201cA gente percebe que chegou em 2019 com a taxa nacional pr\u00f3xima \u00e0 meta de 2015, \u00e9 como se estiv\u00e9ssemos quatro anos atrasados nesse atendimento\u201d, diz Adriana.<\/p>\n<p>Desigualdades<\/p>\n<p>Al\u00e9m das diferen\u00e7as entre as idades, o levantamento mostra que existem desigualdades raciais e regionais na alfabetiza\u00e7\u00e3o no Brasil. Em rela\u00e7\u00e3o aos brancos, a taxa de analfabetismo \u00e9 3,6%\u00a0entre aqueles com 15 anos ou mais. No que se refere\u00a0\u00e0\u00a0popula\u00e7\u00e3o preta e parda, segundo os crit\u00e9rios do IBGE, essa taxa \u00e9 8,9%. A diferen\u00e7a aumenta entre aqueles com 60 anos ou mais. Enquanto 9,5% dos brancos n\u00e3o sabem ler ou escrever, entre os pretos e pardos, esse percentual\u00a0\u00e9 cerca de tr\u00eas vezes maior: 27,1%.<\/p>\n<p>As regi\u00f5es Sul e Sudeste t\u00eam as menores taxa de analfabetismo, 3,3% entre os que t\u00eam 15 anos ou mais. Na Regi\u00e3o Centro-Oeste a taxa \u00e9 4,9% e na Regi\u00e3o Norte, 7,6%. O Nordeste tem o maior percentual de analfabetos, 13,9%.<\/p>\n<p>Entre os que t\u00eam\u00a060 anos ou mais, as taxas s\u00e3o 9,5% na Regi\u00e3o Sul; 9,7% no Sudeste; 16,6% no Centro-Oeste; 25,5% no Norte; e 37,2% no Nordeste.<\/p>\n<p>A Regi\u00e3o Nordeste foi a \u00fanica a apresentar leve aumento da taxa de analfabetismo entre 2018 e 2019. Entre os mais jovens, a taxa praticamente se manteve, variando 0,03 ponto percentual. Entre os mais velhos, a varia\u00e7\u00e3o foi de 0,33 ponto percentual.<\/p>\n<p>Segundo o IBGE, a maior parte do total de analfabetos com 15 anos ou mais, 56,2% &#8211; o que corresponde a 6,2 milh\u00f5es de pessoas &#8211; vive na Regi\u00e3o Nordeste e 21,7%, o equivalente a 2,4 milh\u00f5es de pessoas, no Sudeste.<\/p>\n<p>Anos de estudo<\/p>\n<p>A Pnad Cont\u00ednua Educa\u00e7\u00e3o mostra que, em m\u00e9dia, o brasileiro estuda 9,4 anos. O dado \u00e9 coletado entre as pessoas com 25 anos ou mais. Esse n\u00famero aumentou em rela\u00e7\u00e3o a 2018, quando, em m\u00e9dia, o tempo de estudo no Brasil era de 9,3 anos. Em 2016, de 8,9.<\/p>\n<p>Com rela\u00e7\u00e3o \u00e0 cor ou ra\u00e7a, segundo o IBGE, \u201ca diferen\u00e7a foi consider\u00e1vel\u201d, mostra o estudo. As pessoas brancas estudam, em m\u00e9dia, 10,4 anos, enquanto as pessoas pretas e pardas estudam, em m\u00e9dia, 8,6 anos, ou seja, uma diferen\u00e7a de quase dois anos entre esses grupos, que se mant\u00e9m desde 2016.<\/p>\n<p>As regi\u00f5es Sudeste, Sul e Centro-Oeste t\u00eam m\u00e9dias de anos de estudo acima da nacional, com\u00a010,1; 9,7; e 9,8 anos respectivamente. As regi\u00f5es Nordeste e Norte ficaram abaixo da m\u00e9dia do pa\u00eds, com 8,1 anos e 8,9 anos, respectivamente.<\/p>\n<p>A propor\u00e7\u00e3o daqueles com 25 anos ou mais que conclu\u00edram o ensino m\u00e9dio passou de 47,4% em 2018 para 48,8% em 2019. Entre os brancos, esse \u00edndice \u00e9 maior, 57%. Entre os pretos e pardos, 41,8%. De 2016 para 2019, essa diferen\u00e7a, de acordo com o IBGE,\u00a0 caiu\u00a0um pouco, \u201cpor\u00e9m se manteve em patamar elevado, indicando que as oportunidades educacionais eram distintas para esses grupos\u201d.<\/p>\n<p>O IBGE pondera que, apesar dos avan\u00e7os, mais da metade, o equivalente a 51,2%, da popula\u00e7\u00e3o de 25 anos ou mais no Brasil n\u00e3o completaram a educa\u00e7\u00e3o escolar b\u00e1sica.<\/p>\n<p>Os dados da Pnad Cont\u00ednua Educa\u00e7\u00e3o do IBGE s\u00e3o referentes ao segundo\u00a0 trimestre\u00a0 de\u00a0 2019.<\/p>\n<p>Por Mariana Tokarnia &#8211; Rep\u00f3rter da Ag\u00eancia Brasil &#8211; Rio de Janeiro<\/p>\n<p>&nbsp;<\/p>\n","protected":false},"excerpt":{"rendered":"<p>\u00c9 o que mostram dados da Pnad Cont\u00ednua Educa\u00e7\u00e3o, divulgados\u00a0hoje\u00a0 A taxa de analfabetismo no&#8230;<\/p>\n","protected":false},"author":1,"featured_media":11885,"comment_status":"open","ping_status":"open","sticky":false,"template":"","format":"standard","meta":{"_jetpack_memberships_contains_paid_content":false,"footnotes":"","jetpack_publicize_message":"","jetpack_publicize_feature_enabled":true,"jetpack_social_post_already_shared":true,"jetpack_social_options":{"image_generator_settings":{"template":"highway","default_image_id":0,"font":"","enabled":false},"version":2}},"categories":[1],"tags":[],"class_list":["post-11884","post","type-post","status-publish","format-standard","has-post-thumbnail","hentry","category-atualidade"],"jetpack_publicize_connections":[],"jetpack_featured_media_url":"https:\/\/correiodasemana.com\/site\/wp-content\/uploads\/2020\/07\/educacao8581.jpg","jetpack-related-posts":[{"id":20084,"url":"https:\/\/correiodasemana.com\/site\/o-analfabetismo-que-nao-acaba\/","url_meta":{"origin":11884,"position":0},"title":"O analfabetismo que n\u00e3o acaba","author":"","date":"Junho 13, 2022","format":false,"excerpt":"O Dia Mundial da Alfabetiza\u00e7\u00e3o foi criado pela\u00a0Organiza\u00e7\u00e3o das Na\u00e7\u00f5es Unidas para a Educa\u00e7\u00e3o, a Ci\u00eancia e a Cultura, - UNESCO,\u00a0\u00f3rg\u00e3o vinculado \u00e0 Organiza\u00e7\u00e3o das Na\u00e7\u00f5es Unidas - ONU, em 1966. Essa data \u00e9 usada para relembrar a import\u00e2ncia da\u00a0alfabetiza\u00e7\u00e3o\u00a0e para pensar meios de se combater o\u00a0analfabetismo\u00a0no mundo. O Dia\u2026","rel":"","context":"In &quot;Artigos&quot;","block_context":{"text":"Artigos","link":"https:\/\/correiodasemana.com\/site\/category\/artigos\/"},"img":{"alt_text":"","src":"https:\/\/i0.wp.com\/correiodasemana.com\/site\/wp-content\/uploads\/2021\/08\/Salmito-Campos.jpg?resize=350%2C200&ssl=1","width":350,"height":200,"srcset":"https:\/\/i0.wp.com\/correiodasemana.com\/site\/wp-content\/uploads\/2021\/08\/Salmito-Campos.jpg?resize=350%2C200&ssl=1 1x, https:\/\/i0.wp.com\/correiodasemana.com\/site\/wp-content\/uploads\/2021\/08\/Salmito-Campos.jpg?resize=525%2C300&ssl=1 1.5x, https:\/\/i0.wp.com\/correiodasemana.com\/site\/wp-content\/uploads\/2021\/08\/Salmito-Campos.jpg?resize=700%2C400&ssl=1 2x, https:\/\/i0.wp.com\/correiodasemana.com\/site\/wp-content\/uploads\/2021\/08\/Salmito-Campos.jpg?resize=1050%2C600&ssl=1 3x, https:\/\/i0.wp.com\/correiodasemana.com\/site\/wp-content\/uploads\/2021\/08\/Salmito-Campos.jpg?resize=1400%2C800&ssl=1 4x"},"classes":[]},{"id":33721,"url":"https:\/\/correiodasemana.com\/site\/tres-em-cada-10-brasileiros-sao-analfabetos-funcionais\/","url_meta":{"origin":11884,"position":1},"title":"Tr\u00eas em cada 10 brasileiros s\u00e3o analfabetos funcionais\u00a0","author":"adminredacao","date":"Maio 12, 2025","format":false,"excerpt":"Pesquisa mostra que n\u00edvel \u00e9 o mesmo de 2018 POR Mariana Tokarnia - Rep\u00f3rter da Ag\u00eancia Brasil Tr\u00eas em\u00a0cada dez brasileiros com idade entre 15 e 64 anos ou n\u00e3o sabem ler e escrever ou sabem muito pouco a ponto de n\u00e3o conseguir\u00a0compreender pequenas frases ou identificar n\u00fameros de telefones\u2026","rel":"","context":"In &quot;Atualidade&quot;","block_context":{"text":"Atualidade","link":"https:\/\/correiodasemana.com\/site\/category\/atualidade\/"},"img":{"alt_text":"","src":"https:\/\/i0.wp.com\/correiodasemana.com\/site\/wp-content\/uploads\/2025\/05\/53628410810_2bd7a4d7bd_o.webp?resize=350%2C200&ssl=1","width":350,"height":200,"srcset":"https:\/\/i0.wp.com\/correiodasemana.com\/site\/wp-content\/uploads\/2025\/05\/53628410810_2bd7a4d7bd_o.webp?resize=350%2C200&ssl=1 1x, https:\/\/i0.wp.com\/correiodasemana.com\/site\/wp-content\/uploads\/2025\/05\/53628410810_2bd7a4d7bd_o.webp?resize=525%2C300&ssl=1 1.5x, https:\/\/i0.wp.com\/correiodasemana.com\/site\/wp-content\/uploads\/2025\/05\/53628410810_2bd7a4d7bd_o.webp?resize=700%2C400&ssl=1 2x, https:\/\/i0.wp.com\/correiodasemana.com\/site\/wp-content\/uploads\/2025\/05\/53628410810_2bd7a4d7bd_o.webp?resize=1050%2C600&ssl=1 3x"},"classes":[]},{"id":35556,"url":"https:\/\/correiodasemana.com\/site\/alfabetizacao-de-adultos-pode-aumentar-renda-em-ate-16-aponta-estudo\/","url_meta":{"origin":11884,"position":2},"title":"Alfabetiza\u00e7\u00e3o de adultos pode aumentar renda em at\u00e9 16%, aponta estudo","author":"adminredacao","date":"Setembro 15, 2025","format":false,"excerpt":"Pesquisa in\u00e9dita revela impacto da EJA na renda de alunos Fonte: Ag\u00eancia Brasil A\u00a0educa\u00e7\u00e3o de jovens e adultos (EJA) tem impacto\u00a0positivo\u00a0direto na renda, ocupa\u00e7\u00e3o e formaliza\u00e7\u00e3o no mercado de trabalho dos estudantes que participam dessa etapa de ensino. \u00c9 o que destaca um estudo in\u00e9dito que mapeou qual \u00e9 o\u2026","rel":"","context":"In &quot;Atualidade&quot;","block_context":{"text":"Atualidade","link":"https:\/\/correiodasemana.com\/site\/category\/atualidade\/"},"img":{"alt_text":"","src":"https:\/\/i0.wp.com\/correiodasemana.com\/site\/wp-content\/uploads\/2025\/09\/53627966626_542f52fc40_o.webp?resize=350%2C200&ssl=1","width":350,"height":200,"srcset":"https:\/\/i0.wp.com\/correiodasemana.com\/site\/wp-content\/uploads\/2025\/09\/53627966626_542f52fc40_o.webp?resize=350%2C200&ssl=1 1x, https:\/\/i0.wp.com\/correiodasemana.com\/site\/wp-content\/uploads\/2025\/09\/53627966626_542f52fc40_o.webp?resize=525%2C300&ssl=1 1.5x, https:\/\/i0.wp.com\/correiodasemana.com\/site\/wp-content\/uploads\/2025\/09\/53627966626_542f52fc40_o.webp?resize=700%2C400&ssl=1 2x, https:\/\/i0.wp.com\/correiodasemana.com\/site\/wp-content\/uploads\/2025\/09\/53627966626_542f52fc40_o.webp?resize=1050%2C600&ssl=1 3x"},"classes":[]},{"id":30619,"url":"https:\/\/correiodasemana.com\/site\/837-mil-pessoas-residiam-em-domicilios-coletivos-no-brasil\/","url_meta":{"origin":11884,"position":3},"title":"837 mil pessoas residiam em domic\u00edlios coletivos no Brasil","author":"adminredacao","date":"Setembro 9, 2024","format":false,"excerpt":"Em 2022, 57,2% dos moradores de domic\u00edlios coletivos estavam em penitenci\u00e1rias e 19,2% em asilos. - Foto: Secretaria de Administra\u00e7\u00e3o Penitenciaria do Estado de Goi\u00e1s Editoria:\u00a0IBGE\u00a0| Caio Belandi Destaques Em 2022, 837 mil pessoas residiam em domic\u00edlios coletivos no pa\u00eds, ou 0,4% da popula\u00e7\u00e3o total. \u00c9 a primeira vez que\u2026","rel":"","context":"In &quot;Atualidade&quot;","block_context":{"text":"Atualidade","link":"https:\/\/correiodasemana.com\/site\/category\/atualidade\/"},"img":{"alt_text":"","src":"https:\/\/i0.wp.com\/correiodasemana.com\/site\/wp-content\/uploads\/2024\/09\/Presidio.jpg?resize=350%2C200&ssl=1","width":350,"height":200,"srcset":"https:\/\/i0.wp.com\/correiodasemana.com\/site\/wp-content\/uploads\/2024\/09\/Presidio.jpg?resize=350%2C200&ssl=1 1x, https:\/\/i0.wp.com\/correiodasemana.com\/site\/wp-content\/uploads\/2024\/09\/Presidio.jpg?resize=525%2C300&ssl=1 1.5x, https:\/\/i0.wp.com\/correiodasemana.com\/site\/wp-content\/uploads\/2024\/09\/Presidio.jpg?resize=700%2C400&ssl=1 2x"},"classes":[]},{"id":13835,"url":"https:\/\/correiodasemana.com\/site\/desemprego-chega-a-138-no-trimestre-encerrado-em-julho-maior-taxa-desde-2012\/","url_meta":{"origin":11884,"position":4},"title":"Desemprego chega a 13,8% no trimestre encerrado em julho, maior taxa desde 2012","author":"","date":"Setembro 30, 2020","format":false,"excerpt":"A taxa de desocupa\u00e7\u00e3o no Brasil foi de 13,8%, no trimestre de maio a julho de 2020, a maior taxa da s\u00e9rie hist\u00f3rica, iniciada em 2012. O \u00edndice corresponde a um aumento de 1,2 ponto percentual em rela\u00e7\u00e3o ao trimestre anterior (fevereiro a abril, de 12,6%). J\u00e1 em compara\u00e7\u00e3o com\u2026","rel":"","context":"In &quot;Atualidade&quot;","block_context":{"text":"Atualidade","link":"https:\/\/correiodasemana.com\/site\/category\/atualidade\/"},"img":{"alt_text":"","src":"https:\/\/i0.wp.com\/correiodasemana.com\/site\/wp-content\/uploads\/2020\/09\/desemprego-e-maior-entre-os-jovens-que-tem-dificuldade-para-conseguir-um-primeiro-emprego-com-carteira-assinada-1574329430345_v2_450x337.jpg?resize=350%2C200&ssl=1","width":350,"height":200},"classes":[]},{"id":20492,"url":"https:\/\/correiodasemana.com\/site\/brasil-tem-quase-108-milhoes-de-pessoas-morando-sozinhas\/","url_meta":{"origin":11884,"position":5},"title":"Brasil tem quase 10,8 milh\u00f5es de pessoas morando sozinhas","author":"","date":"Julho 24, 2022","format":false,"excerpt":"Pa\u00eds tem 212,7 milh\u00f5es de habitantes, sendo 51,1% mulheres Por L\u00e9o Rodrigues \u2013 Rep\u00f3rter da Ag\u00eancia Brasil - Rio de Janeiro Em 2012, haviam no Brasil 7,5 milh\u00f5es domic\u00edlios com um \u00fanico morador. Em 2021, esse n\u00famero subiu 43,7%, chegando a quase 10,8 milh\u00f5es. O dado aparece na nova Pesquisa\u2026","rel":"","context":"In &quot;Atualidade&quot;","block_context":{"text":"Atualidade","link":"https:\/\/correiodasemana.com\/site\/category\/atualidade\/"},"img":{"alt_text":"","src":"https:\/\/i0.wp.com\/correiodasemana.com\/site\/wp-content\/uploads\/2022\/07\/iStock-936537340.jpg?resize=350%2C200&ssl=1","width":350,"height":200,"srcset":"https:\/\/i0.wp.com\/correiodasemana.com\/site\/wp-content\/uploads\/2022\/07\/iStock-936537340.jpg?resize=350%2C200&ssl=1 1x, https:\/\/i0.wp.com\/correiodasemana.com\/site\/wp-content\/uploads\/2022\/07\/iStock-936537340.jpg?resize=525%2C300&ssl=1 1.5x, https:\/\/i0.wp.com\/correiodasemana.com\/site\/wp-content\/uploads\/2022\/07\/iStock-936537340.jpg?resize=700%2C400&ssl=1 2x, https:\/\/i0.wp.com\/correiodasemana.com\/site\/wp-content\/uploads\/2022\/07\/iStock-936537340.jpg?resize=1050%2C600&ssl=1 3x"},"classes":[]}],"jetpack_sharing_enabled":true,"_links":{"self":[{"href":"https:\/\/correiodasemana.com\/site\/wp-json\/wp\/v2\/posts\/11884","targetHints":{"allow":["GET"]}}],"collection":[{"href":"https:\/\/correiodasemana.com\/site\/wp-json\/wp\/v2\/posts"}],"about":[{"href":"https:\/\/correiodasemana.com\/site\/wp-json\/wp\/v2\/types\/post"}],"author":[{"embeddable":true,"href":"https:\/\/correiodasemana.com\/site\/wp-json\/wp\/v2\/users\/1"}],"replies":[{"embeddable":true,"href":"https:\/\/correiodasemana.com\/site\/wp-json\/wp\/v2\/comments?post=11884"}],"version-history":[{"count":2,"href":"https:\/\/correiodasemana.com\/site\/wp-json\/wp\/v2\/posts\/11884\/revisions"}],"predecessor-version":[{"id":11888,"href":"https:\/\/correiodasemana.com\/site\/wp-json\/wp\/v2\/posts\/11884\/revisions\/11888"}],"wp:featuredmedia":[{"embeddable":true,"href":"https:\/\/correiodasemana.com\/site\/wp-json\/wp\/v2\/media\/11885"}],"wp:attachment":[{"href":"https:\/\/correiodasemana.com\/site\/wp-json\/wp\/v2\/media?parent=11884"}],"wp:term":[{"taxonomy":"category","embeddable":true,"href":"https:\/\/correiodasemana.com\/site\/wp-json\/wp\/v2\/categories?post=11884"},{"taxonomy":"post_tag","embeddable":true,"href":"https:\/\/correiodasemana.com\/site\/wp-json\/wp\/v2\/tags?post=11884"}],"curies":[{"name":"wp","href":"https:\/\/api.w.org\/{rel}","templated":true}]}}