{"id":11891,"date":"2020-07-15T14:04:49","date_gmt":"2020-07-15T14:04:49","guid":{"rendered":"https:\/\/correiodasemana.com\/site\/?p=11891"},"modified":"2020-07-15T14:04:49","modified_gmt":"2020-07-15T14:04:49","slug":"vacina-para-a-covid-russia-conclui-testes-e-quer-iniciar-distribuicao-em-agosto","status":"publish","type":"post","link":"https:\/\/correiodasemana.com\/site\/vacina-para-a-covid-russia-conclui-testes-e-quer-iniciar-distribuicao-em-agosto\/","title":{"rendered":"Vacina para a Covid: R\u00fassia conclui testes e quer iniciar distribui\u00e7\u00e3o em agosto"},"content":{"rendered":"<p><strong>Pesquisadores preveem in\u00edcio da distribui\u00e7\u00e3o em massa entre os dias 12 e 24 do m\u00eas que vem<\/strong><\/p>\n<p>Por\u00a0<strong>DA REDA\u00c7\u00c3O<\/strong><\/p>\n<p><img fetchpriority=\"high\" decoding=\"async\" class=\"aligncenter size-full wp-image-11893\" src=\"https:\/\/correiodasemana.com\/site\/wp-content\/uploads\/2020\/07\/1_3431076d_ac66_4de3_9e36_7c2d085b1e0d-16247476.jpg\" alt=\"\" width=\"806\" height=\"443\" srcset=\"https:\/\/correiodasemana.com\/site\/wp-content\/uploads\/2020\/07\/1_3431076d_ac66_4de3_9e36_7c2d085b1e0d-16247476.jpg 806w, https:\/\/correiodasemana.com\/site\/wp-content\/uploads\/2020\/07\/1_3431076d_ac66_4de3_9e36_7c2d085b1e0d-16247476-300x165.jpg 300w, https:\/\/correiodasemana.com\/site\/wp-content\/uploads\/2020\/07\/1_3431076d_ac66_4de3_9e36_7c2d085b1e0d-16247476-768x422.jpg 768w\" sizes=\"(max-width: 806px) 100vw, 806px\" \/><\/p>\n<p>A vacina em testes utiliza a forma atenuada de um v\u00edrus causador de resfriado como meio de levar para dentro das c\u00e9lulas o material gen\u00e9tico que codifica uma prote\u00edna do coronav\u00edrus respons\u00e1vel por sua replica\u00e7\u00e3o<\/p>\n<p>A R\u00fassia pode ser o primeiro pa\u00eds no mundo a distribuir, em massa, vacinas contra a Covid-19, doen\u00e7a provocada pelo novo coronav\u00edrus. O ant\u00eddoto deve come\u00e7ar a ser distribu\u00eddo em agosto, conforme informa\u00e7\u00e3o divulgada nesta segunda-feira (13) pela ag\u00eancia de not\u00edcias do governo do pa\u00eds.<\/p>\n<p>O comunicado afirmou ainda que parte dos testes cl\u00ednicos necess\u00e1rios para comprovar a efic\u00e1cia da imuniza\u00e7\u00e3o foram encerrados hoje.<\/p>\n<p>\u201cA pesquisa foi conclu\u00edda e provou que a vacina \u00e9 segura\u201d, disse Yelena Smolyarchuk, chefe do centro de pesquisas cl\u00ednicas da Universidade Sechenov, \u00e0 ag\u00eancia de not\u00edcias estatal TASS.<\/p>\n<p>A vacina foi desenvolvida pelo Centro Nacional de Pesquisa para Epidemiologia e Microbiologia Gamalei, e a expectativa \u00e9 que ela esteja dispon\u00edvel para a popula\u00e7\u00e3o entre 12 e 24 de agosto, conforme afirmou o diretor da institui\u00e7\u00e3o, Alexander Gintsburg.<\/p>\n<p><em>Podcast Tempo H\u00e1bil Entrevista: Como funcionam as vacinas estrangeiras testadas no Brasil<\/em><\/p>\n<p>A R\u00fassia est\u00e1 \u00e0 frente no processo porque seus testes cl\u00ednicos come\u00e7aram em junho, quando a Universidade Sechenov reuniu 38 volunt\u00e1rios remunerados, com idades entre 18 e 65 anos, para a pesquisa. Apesar de eles ainda serem monitorados por seis meses, alguns receber\u00e3o alta nesta quarta-feira (15), ap\u00f3s 28 dias de isolamento, cuja inten\u00e7\u00e3o foi proteg\u00ea-los de outras eventuais infec\u00e7\u00f5es.<\/p>\n<p>O Minist\u00e9rio da Sa\u00fade russo ainda realizar\u00e1 testes bioqu\u00edmicos da vacina, mas espera finalizar o processo at\u00e9 setembro, mesmo m\u00eas para o qual Gintsburg prev\u00ea o in\u00edcio da produ\u00e7\u00e3o em massa por laborat\u00f3rios privados.<\/p>\n<p>Para refor\u00e7ar o estudo, o ex\u00e9rcito do pa\u00eds tamb\u00e9m vem testando a vacina desde junho, e os trabalhos devem seguir por mais dois meses. Com mais de 730 mil infectados e outros 11 mil mortos, a R\u00fassia \u00e9 um dos pa\u00edses mais atingidos pela pandemia do novo coronav\u00edrus.<\/p>\n<p>Foto: Uarlen Val\u00e9rio \/ O Tempo<\/p>\n","protected":false},"excerpt":{"rendered":"<p>Pesquisadores preveem in\u00edcio da distribui\u00e7\u00e3o em massa entre os dias 12 e 24 do m\u00eas&#8230;<\/p>\n","protected":false},"author":1,"featured_media":11892,"comment_status":"open","ping_status":"open","sticky":false,"template":"","format":"standard","meta":{"_jetpack_memberships_contains_paid_content":false,"footnotes":"","jetpack_publicize_message":"","jetpack_publicize_feature_enabled":true,"jetpack_social_post_already_shared":true,"jetpack_social_options":{"image_generator_settings":{"template":"highway","default_image_id":0,"font":"","enabled":false},"version":2}},"categories":[1],"tags":[],"class_list":["post-11891","post","type-post","status-publish","format-standard","has-post-thumbnail","hentry","category-atualidade"],"jetpack_publicize_connections":[],"jetpack_featured_media_url":"https:\/\/correiodasemana.com\/site\/wp-content\/uploads\/2020\/07\/vacina.jpg","jetpack-related-posts":[{"id":13388,"url":"https:\/\/correiodasemana.com\/site\/russia-preve-primeiro-lote-de-vacina-para-setembro-e-distribuicao-em-outubro\/","url_meta":{"origin":11891,"position":0},"title":"R\u00fassia prev\u00ea primeiro lote de vacina para setembro e distribui\u00e7\u00e3o em outubro","author":"","date":"Setembro 7, 2020","format":false,"excerpt":"Por: Joc\u00e9lio Tavares. - Com informa\u00e7\u00f5es da Ag\u00eancia Brasil. N\u00e3o vai demorar muito para que o mundo entenda os potenciais efeitos negativos e positivos da pol\u00eamica vacina russa contra a\u00a0Covid-19. Mikhail Murashko, ministro da Sa\u00fade do pa\u00eds, anunciou que o primeiro lote da\u00a0Sputnik V\u00a0estar\u00e1 pronto no m\u00eas de setembro, permitindo\u2026","rel":"","context":"In &quot;Atualidade&quot;","block_context":{"text":"Atualidade","link":"https:\/\/correiodasemana.com\/site\/category\/atualidade\/"},"img":{"alt_text":"","src":"https:\/\/i0.wp.com\/correiodasemana.com\/site\/wp-content\/uploads\/2020\/09\/20200827105515_1200_675_-_vacina_russia__sputnik.jpg?resize=350%2C200&ssl=1","width":350,"height":200,"srcset":"https:\/\/i0.wp.com\/correiodasemana.com\/site\/wp-content\/uploads\/2020\/09\/20200827105515_1200_675_-_vacina_russia__sputnik.jpg?resize=350%2C200&ssl=1 1x, https:\/\/i0.wp.com\/correiodasemana.com\/site\/wp-content\/uploads\/2020\/09\/20200827105515_1200_675_-_vacina_russia__sputnik.jpg?resize=525%2C300&ssl=1 1.5x, https:\/\/i0.wp.com\/correiodasemana.com\/site\/wp-content\/uploads\/2020\/09\/20200827105515_1200_675_-_vacina_russia__sputnik.jpg?resize=700%2C400&ssl=1 2x, https:\/\/i0.wp.com\/correiodasemana.com\/site\/wp-content\/uploads\/2020\/09\/20200827105515_1200_675_-_vacina_russia__sputnik.jpg?resize=1050%2C600&ssl=1 3x"},"classes":[]},{"id":12028,"url":"https:\/\/correiodasemana.com\/site\/vacina-chinesa-contra-covid-19-comecara-a-ser-testada-amanha-em-sp\/","url_meta":{"origin":11891,"position":1},"title":"Vacina chinesa contra covid-19 come\u00e7ar\u00e1 a ser testada amanh\u00e3 em SP","author":"","date":"Julho 20, 2020","format":false,"excerpt":"Mais de 1 milh\u00e3o de pessoas se cadastraram para testes cl\u00ednicos A vacina chinesa contra o novo coronav\u00edrus, chamada de CoronaVac, come\u00e7ar\u00e1 a ser testada em volunt\u00e1rios brasileiros a partir de amanh\u00e3 (20). A vacina ser\u00e1 aplicada em 890 volunt\u00e1rios da \u00e1rea da sa\u00fade do Hospital das Cl\u00ednicas, na capital\u2026","rel":"","context":"In &quot;Atualidade&quot;","block_context":{"text":"Atualidade","link":"https:\/\/correiodasemana.com\/site\/category\/atualidade\/"},"img":{"alt_text":"","src":"https:\/\/i0.wp.com\/correiodasemana.com\/site\/wp-content\/uploads\/2020\/07\/20_07_2020_vacina_sao_paulo.jpg?resize=350%2C200&ssl=1","width":350,"height":200,"srcset":"https:\/\/i0.wp.com\/correiodasemana.com\/site\/wp-content\/uploads\/2020\/07\/20_07_2020_vacina_sao_paulo.jpg?resize=350%2C200&ssl=1 1x, https:\/\/i0.wp.com\/correiodasemana.com\/site\/wp-content\/uploads\/2020\/07\/20_07_2020_vacina_sao_paulo.jpg?resize=525%2C300&ssl=1 1.5x, https:\/\/i0.wp.com\/correiodasemana.com\/site\/wp-content\/uploads\/2020\/07\/20_07_2020_vacina_sao_paulo.jpg?resize=700%2C400&ssl=1 2x, https:\/\/i0.wp.com\/correiodasemana.com\/site\/wp-content\/uploads\/2020\/07\/20_07_2020_vacina_sao_paulo.jpg?resize=1050%2C600&ssl=1 3x"},"classes":[]},{"id":12769,"url":"https:\/\/correiodasemana.com\/site\/o-mundo-em-busca-de-uma-vacina-que-consiga-frear-a-covid-19\/","url_meta":{"origin":11891,"position":2},"title":"O mundo em busca de uma vacina que consiga frear a Covid-19","author":"","date":"Agosto 17, 2020","format":false,"excerpt":"S\u00e3o mais de 160 candidatas \u00e0 vacina Por Priscila Duarte Ap\u00f3s o primeiro caso de coronav\u00edrus ser registrado na China, em dezembro do ano passado, pesquisadores sequenciaram o genoma do v\u00edrus para detectar muta\u00e7\u00f5es e, a partir disso iniciou uma verdadeira corrida em busca da cura. Atualmente, s\u00e3o mais de\u2026","rel":"","context":"In &quot;Atualidade&quot;","block_context":{"text":"Atualidade","link":"https:\/\/correiodasemana.com\/site\/category\/atualidade\/"},"img":{"alt_text":"","src":"https:\/\/i0.wp.com\/correiodasemana.com\/site\/wp-content\/uploads\/2020\/08\/WhatsApp-Image-2020-08-13-at-21.27.45.jpeg?resize=350%2C200&ssl=1","width":350,"height":200,"srcset":"https:\/\/i0.wp.com\/correiodasemana.com\/site\/wp-content\/uploads\/2020\/08\/WhatsApp-Image-2020-08-13-at-21.27.45.jpeg?resize=350%2C200&ssl=1 1x, https:\/\/i0.wp.com\/correiodasemana.com\/site\/wp-content\/uploads\/2020\/08\/WhatsApp-Image-2020-08-13-at-21.27.45.jpeg?resize=525%2C300&ssl=1 1.5x, https:\/\/i0.wp.com\/correiodasemana.com\/site\/wp-content\/uploads\/2020\/08\/WhatsApp-Image-2020-08-13-at-21.27.45.jpeg?resize=700%2C400&ssl=1 2x, https:\/\/i0.wp.com\/correiodasemana.com\/site\/wp-content\/uploads\/2020\/08\/WhatsApp-Image-2020-08-13-at-21.27.45.jpeg?resize=1050%2C600&ssl=1 3x"},"classes":[]},{"id":12752,"url":"https:\/\/correiodasemana.com\/site\/russia-medicos-serao-vacinados-contra-covid-19-em-duas-semanas\/","url_meta":{"origin":11891,"position":3},"title":"R\u00fassia: m\u00e9dicos ser\u00e3o vacinados contra covid-19 em duas semanas","author":"","date":"Agosto 13, 2020","format":false,"excerpt":"Testes em est\u00e1gio avan\u00e7ado, no entanto, ainda n\u00e3o foram conclu\u00eddos A R\u00fassia anunciou nessa\u00a0quarta-feira (12) que o primeiro lote de sua vacina contra covid-19 estar\u00e1 pronto para ser aplicado em alguns m\u00e9dicos em duas semanas. O pa\u00eds rejeitou as preocupa\u00e7\u00f5es \"sem fundamento\" em rela\u00e7\u00e3o \u00e0 seguran\u00e7a do imunizante, levantadas por\u2026","rel":"","context":"In &quot;Atualidade&quot;","block_context":{"text":"Atualidade","link":"https:\/\/correiodasemana.com\/site\/category\/atualidade\/"},"img":{"alt_text":"","src":"https:\/\/i0.wp.com\/correiodasemana.com\/site\/wp-content\/uploads\/2020\/08\/2020-03-24t213915z_1_lynxmpeg2n2bw_rtroptp_4_health-coronavirus-russia-putin.jpg?resize=350%2C200&ssl=1","width":350,"height":200,"srcset":"https:\/\/i0.wp.com\/correiodasemana.com\/site\/wp-content\/uploads\/2020\/08\/2020-03-24t213915z_1_lynxmpeg2n2bw_rtroptp_4_health-coronavirus-russia-putin.jpg?resize=350%2C200&ssl=1 1x, https:\/\/i0.wp.com\/correiodasemana.com\/site\/wp-content\/uploads\/2020\/08\/2020-03-24t213915z_1_lynxmpeg2n2bw_rtroptp_4_health-coronavirus-russia-putin.jpg?resize=525%2C300&ssl=1 1.5x, https:\/\/i0.wp.com\/correiodasemana.com\/site\/wp-content\/uploads\/2020\/08\/2020-03-24t213915z_1_lynxmpeg2n2bw_rtroptp_4_health-coronavirus-russia-putin.jpg?resize=700%2C400&ssl=1 2x, https:\/\/i0.wp.com\/correiodasemana.com\/site\/wp-content\/uploads\/2020\/08\/2020-03-24t213915z_1_lynxmpeg2n2bw_rtroptp_4_health-coronavirus-russia-putin.jpg?resize=1050%2C600&ssl=1 3x"},"classes":[]},{"id":14890,"url":"https:\/\/correiodasemana.com\/site\/ministerio-vai-buscar-vacina-de-excelencia-diz-pazuello-no-congresso\/","url_meta":{"origin":11891,"position":4},"title":"Minist\u00e9rio vai buscar vacina de excel\u00eancia, diz Pazuello no Congresso","author":"","date":"Dezembro 2, 2020","format":false,"excerpt":"Ele reafirmou que a popula\u00e7\u00e3o n\u00e3o ser\u00e1 obrigada a se imunizar O ministro da Sa\u00fade, Eduardo Pazuello, disse\u00a0nesta quarta-feira (2) que o minist\u00e9rio busca uma vacina segura, eficiente e de excel\u00eancia contra o novo coronav\u00edrus. Ele tamb\u00e9m reafirmou que,\u00a0no que depender do governo, a popula\u00e7\u00e3o n\u00e3o ser\u00e1 obrigada a se\u2026","rel":"","context":"In &quot;Atualidade&quot;","block_context":{"text":"Atualidade","link":"https:\/\/correiodasemana.com\/site\/category\/atualidade\/"},"img":{"alt_text":"","src":"https:\/\/i0.wp.com\/correiodasemana.com\/site\/wp-content\/uploads\/2020\/12\/mcamgo_pazuello_saude_1609201077.jpg?resize=350%2C200&ssl=1","width":350,"height":200,"srcset":"https:\/\/i0.wp.com\/correiodasemana.com\/site\/wp-content\/uploads\/2020\/12\/mcamgo_pazuello_saude_1609201077.jpg?resize=350%2C200&ssl=1 1x, https:\/\/i0.wp.com\/correiodasemana.com\/site\/wp-content\/uploads\/2020\/12\/mcamgo_pazuello_saude_1609201077.jpg?resize=525%2C300&ssl=1 1.5x, https:\/\/i0.wp.com\/correiodasemana.com\/site\/wp-content\/uploads\/2020\/12\/mcamgo_pazuello_saude_1609201077.jpg?resize=700%2C400&ssl=1 2x, https:\/\/i0.wp.com\/correiodasemana.com\/site\/wp-content\/uploads\/2020\/12\/mcamgo_pazuello_saude_1609201077.jpg?resize=1050%2C600&ssl=1 3x"},"classes":[]},{"id":12956,"url":"https:\/\/correiodasemana.com\/site\/covid-19-anvisa-autoriza-testes-para-nova-vacina-da-johnson-johnson\/","url_meta":{"origin":11891,"position":5},"title":"Covid-19: Anvisa autoriza testes para nova vacina da Johnson &#038; Johnson","author":"","date":"Agosto 18, 2020","format":false,"excerpt":"Estudo pode incluir at\u00e9 60 mil volunt\u00e1rios, sendo 7 mil no Brasil A Ag\u00eancia Nacional de Vigil\u00e2ncia Sanit\u00e1ria (Anvisa) autorizou a Jansen-Cilag, unidade farmac\u00eautica da Johnson & Johnson, a realizar testes cl\u00ednicos no Brasil para o desenvolvimento de vacina contra a covid-19. O estudo global prev\u00ea a inclus\u00e3o de at\u00e9\u2026","rel":"","context":"In &quot;Atualidade&quot;","block_context":{"text":"Atualidade","link":"https:\/\/correiodasemana.com\/site\/category\/atualidade\/"},"img":{"alt_text":"","src":"https:\/\/i0.wp.com\/correiodasemana.com\/site\/wp-content\/uploads\/2020\/08\/fiocruz_0749100820.jpg?resize=350%2C200&ssl=1","width":350,"height":200,"srcset":"https:\/\/i0.wp.com\/correiodasemana.com\/site\/wp-content\/uploads\/2020\/08\/fiocruz_0749100820.jpg?resize=350%2C200&ssl=1 1x, https:\/\/i0.wp.com\/correiodasemana.com\/site\/wp-content\/uploads\/2020\/08\/fiocruz_0749100820.jpg?resize=525%2C300&ssl=1 1.5x, https:\/\/i0.wp.com\/correiodasemana.com\/site\/wp-content\/uploads\/2020\/08\/fiocruz_0749100820.jpg?resize=700%2C400&ssl=1 2x, https:\/\/i0.wp.com\/correiodasemana.com\/site\/wp-content\/uploads\/2020\/08\/fiocruz_0749100820.jpg?resize=1050%2C600&ssl=1 3x"},"classes":[]}],"jetpack_sharing_enabled":true,"_links":{"self":[{"href":"https:\/\/correiodasemana.com\/site\/wp-json\/wp\/v2\/posts\/11891","targetHints":{"allow":["GET"]}}],"collection":[{"href":"https:\/\/correiodasemana.com\/site\/wp-json\/wp\/v2\/posts"}],"about":[{"href":"https:\/\/correiodasemana.com\/site\/wp-json\/wp\/v2\/types\/post"}],"author":[{"embeddable":true,"href":"https:\/\/correiodasemana.com\/site\/wp-json\/wp\/v2\/users\/1"}],"replies":[{"embeddable":true,"href":"https:\/\/correiodasemana.com\/site\/wp-json\/wp\/v2\/comments?post=11891"}],"version-history":[{"count":2,"href":"https:\/\/correiodasemana.com\/site\/wp-json\/wp\/v2\/posts\/11891\/revisions"}],"predecessor-version":[{"id":11895,"href":"https:\/\/correiodasemana.com\/site\/wp-json\/wp\/v2\/posts\/11891\/revisions\/11895"}],"wp:featuredmedia":[{"embeddable":true,"href":"https:\/\/correiodasemana.com\/site\/wp-json\/wp\/v2\/media\/11892"}],"wp:attachment":[{"href":"https:\/\/correiodasemana.com\/site\/wp-json\/wp\/v2\/media?parent=11891"}],"wp:term":[{"taxonomy":"category","embeddable":true,"href":"https:\/\/correiodasemana.com\/site\/wp-json\/wp\/v2\/categories?post=11891"},{"taxonomy":"post_tag","embeddable":true,"href":"https:\/\/correiodasemana.com\/site\/wp-json\/wp\/v2\/tags?post=11891"}],"curies":[{"name":"wp","href":"https:\/\/api.w.org\/{rel}","templated":true}]}}