{"id":11906,"date":"2020-07-15T14:54:52","date_gmt":"2020-07-15T14:54:52","guid":{"rendered":"https:\/\/correiodasemana.com\/site\/?p=11906"},"modified":"2020-07-15T14:54:52","modified_gmt":"2020-07-15T14:54:52","slug":"prefeito-se-reune-com-reitor-da-ufc-para-discutir-expansao-da-universidade-em-sobral","status":"publish","type":"post","link":"https:\/\/correiodasemana.com\/site\/prefeito-se-reune-com-reitor-da-ufc-para-discutir-expansao-da-universidade-em-sobral\/","title":{"rendered":"Prefeito se re\u00fane com reitor da UFC para discutir expans\u00e3o da universidade em Sobral"},"content":{"rendered":"<p>O prefeito Ivo Gomes se reuniu, na sexta-feira (10\/07), com o reitor da Universidade Federal do Cear\u00e1 (UFC), Prof. C\u00e2ndido Albuquerque, para discutir possibilidades para a expans\u00e3o f\u00edsica do campus de Sobral.<\/p>\n<p>Dentre as futuras inova\u00e7\u00f5es e reformas est\u00e1 a constru\u00e7\u00e3o do biot\u00e9rio do Campus de Sobral, que servir\u00e1 aos cursos de Medicina, Odontologia e aos programas de p\u00f3s-gradua\u00e7\u00e3o nas \u00e1reas de ci\u00eancias biol\u00f3gicas e de sa\u00fade.<\/p>\n<figure id=\"attachment_11908\" aria-describedby=\"caption-attachment-11908\" style=\"width: 748px\" class=\"wp-caption aligncenter\"><img fetchpriority=\"high\" decoding=\"async\" class=\"size-full wp-image-11908\" src=\"https:\/\/correiodasemana.com\/site\/wp-content\/uploads\/2020\/07\/60751A79-1E40-4482-93F5-270706678C3B-1.jpeg\" alt=\"\" width=\"748\" height=\"490\" srcset=\"https:\/\/correiodasemana.com\/site\/wp-content\/uploads\/2020\/07\/60751A79-1E40-4482-93F5-270706678C3B-1.jpeg 748w, https:\/\/correiodasemana.com\/site\/wp-content\/uploads\/2020\/07\/60751A79-1E40-4482-93F5-270706678C3B-1-300x197.jpeg 300w\" sizes=\"(max-width: 748px) 100vw, 748px\" \/><figcaption id=\"caption-attachment-11908\" class=\"wp-caption-text\">No encontro, os gestores analisaram mapas do munic\u00edpio para estudar terrenos poss\u00edveis com vistas \u00e0 expans\u00e3o, inclusive vertical, das instala\u00e7\u00f5es que hoje abrigam atividades administrativas e acad\u00eamicas\/foto: Luiz Queiroz<\/figcaption><\/figure>\n<p>Outra prioridade \u00e9 a conclus\u00e3o do bloco did\u00e1tico, para abrigar com maior conforto as atividades dos cursos de M\u00fasica, Ci\u00eancias Econ\u00f4micas, Finan\u00e7as e Engenharias.<\/p>\n<p>Segundo o Prof. C\u00e2ndido Albuquerque, o curso de gradua\u00e7\u00e3o em Odontologia, que j\u00e1 conta com um Centro de Especialidades Odontol\u00f3gicas (CEO), receber\u00e1 um olhar cuidadoso no projeto de expans\u00e3o. \u201cA UFC em Sobral \u00e9 muito importante. \u00c9 um interesse priorit\u00e1rio do munic\u00edpio a amplia\u00e7\u00e3o das atividades do campus e de seus equipamentos. O que a Universidade precisar, e estiver ao alcance do poder municipal, como a viabiliza\u00e7\u00e3o de terrenos, o apoio na execu\u00e7\u00e3o de uma poss\u00edvel expans\u00e3o, o restauro de instala\u00e7\u00f5es, ela poder\u00e1 contar conosco\u201d, assegurou o prefeito.<\/p>\n<p>De acordo com Ivo Gomes, em sua gest\u00e3o houve uma redu\u00e7\u00e3o do per\u00edmetro urbano de Sobral em cerca de 40%. O adensamento da cidade foi importante para potencializar a seguran\u00e7a p\u00fablica, o acesso a servi\u00e7os de infraestrutura e o pr\u00f3prio desenvolvimento do munic\u00edpio. \u201cFazer um planejamento com rela\u00e7\u00e3o \u00e0s unidades universit\u00e1rias existentes em Sobral \u00e9 fundamental para estar em sintonia com esse processo\u201d, finalizou.<\/p>\n<p>Fonte: Comunica\u00e7\u00e3o da prefeitura de Sobral<\/p>\n<p>&nbsp;<\/p>\n","protected":false},"excerpt":{"rendered":"<p>O prefeito Ivo Gomes se reuniu, na sexta-feira (10\/07), com o reitor da Universidade Federal&#8230;<\/p>\n","protected":false},"author":1,"featured_media":11907,"comment_status":"open","ping_status":"open","sticky":false,"template":"","format":"standard","meta":{"_jetpack_memberships_contains_paid_content":false,"footnotes":"","jetpack_publicize_message":"","jetpack_publicize_feature_enabled":true,"jetpack_social_post_already_shared":true,"jetpack_social_options":{"image_generator_settings":{"template":"highway","default_image_id":0,"font":"","enabled":false},"version":2}},"categories":[1],"tags":[],"class_list":["post-11906","post","type-post","status-publish","format-standard","has-post-thumbnail","hentry","category-atualidade"],"jetpack_publicize_connections":[],"jetpack_featured_media_url":"https:\/\/correiodasemana.com\/site\/wp-content\/uploads\/2020\/07\/ft_200710_ivo_gomes_gr-1.png","jetpack-related-posts":[{"id":9813,"url":"https:\/\/correiodasemana.com\/site\/cursos-da-area-artistica-danca-bale-e-teatro-serao-ofertados-para-o-campus-da-ufc-em-sobral-com-auxilio-da-prefeitura\/","url_meta":{"origin":11906,"position":0},"title":"Cursos da \u00e1rea art\u00edstica, dan\u00e7a, bal\u00e9 e teatro ser\u00e3o ofertados para o campus da UFC em Sobral, com auxilio da prefeitura","author":"","date":"Novembro 11, 2019","format":false,"excerpt":"\u2022 Participaram do encontro o secret\u00e1rio da Educa\u00e7\u00e3o de Sobral, Herbert Lima; o pr\u00f3-reitor de Pesquisa e P\u00f3s-gradua\u00e7\u00e3o da UCF, Jorge Lira; o Reitor da Universidade Federal do Cear\u00e1 (UFC), C\u00e2ndido Albuquerque e Ivo Ferreira Gomes, prefeito de Sobral Nesta semana, o prefeito Ivo Gomes reuniu-se, em Fortaleza, com o\u2026","rel":"","context":"In &quot;Atualidade&quot;","block_context":{"text":"Atualidade","link":"https:\/\/correiodasemana.com\/site\/category\/atualidade\/"},"img":{"alt_text":"","src":"https:\/\/i0.wp.com\/correiodasemana.com\/site\/wp-content\/uploads\/2019\/11\/74238131_2468908353205926_1304899678290051072_n.jpg?resize=350%2C200&ssl=1","width":350,"height":200,"srcset":"https:\/\/i0.wp.com\/correiodasemana.com\/site\/wp-content\/uploads\/2019\/11\/74238131_2468908353205926_1304899678290051072_n.jpg?resize=350%2C200&ssl=1 1x, https:\/\/i0.wp.com\/correiodasemana.com\/site\/wp-content\/uploads\/2019\/11\/74238131_2468908353205926_1304899678290051072_n.jpg?resize=525%2C300&ssl=1 1.5x, https:\/\/i0.wp.com\/correiodasemana.com\/site\/wp-content\/uploads\/2019\/11\/74238131_2468908353205926_1304899678290051072_n.jpg?resize=700%2C400&ssl=1 2x"},"classes":[]},{"id":11972,"url":"https:\/\/correiodasemana.com\/site\/em-tempo-40\/","url_meta":{"origin":11906,"position":1},"title":"Em Tempo","author":"","date":"Julho 19, 2020","format":false,"excerpt":"F\u00f3ssil de dinossauro encontrado no Cear\u00e1 Pesquisadores da Universidade Federal de Pernambuco, do Museu Nacional e da Universidade Regional do Cariri apresentaram no dia 10 de julho,\u00a0f\u00f3ssil de dinossauro\u00a0de uma esp\u00e9cie in\u00e9dita encontrado em 2008 na unidade geol\u00f3gica Forma\u00e7\u00e3o Romualdo, no\u00a0Cear\u00e1. Trata-se do Aratasaurus museunacionali, animal terrestre e carn\u00edvoro, de\u2026","rel":"","context":"In &quot;Artigos&quot;","block_context":{"text":"Artigos","link":"https:\/\/correiodasemana.com\/site\/category\/artigos\/"},"img":{"alt_text":"","src":"https:\/\/i0.wp.com\/correiodasemana.com\/site\/wp-content\/uploads\/2020\/07\/ft_200710_ivo_gomes_gr-2.png?resize=350%2C200&ssl=1","width":350,"height":200,"srcset":"https:\/\/i0.wp.com\/correiodasemana.com\/site\/wp-content\/uploads\/2020\/07\/ft_200710_ivo_gomes_gr-2.png?resize=350%2C200&ssl=1 1x, https:\/\/i0.wp.com\/correiodasemana.com\/site\/wp-content\/uploads\/2020\/07\/ft_200710_ivo_gomes_gr-2.png?resize=525%2C300&ssl=1 1.5x, https:\/\/i0.wp.com\/correiodasemana.com\/site\/wp-content\/uploads\/2020\/07\/ft_200710_ivo_gomes_gr-2.png?resize=700%2C400&ssl=1 2x"},"classes":[]},{"id":19530,"url":"https:\/\/correiodasemana.com\/site\/em-sessao-solene-professores-izabelle-montalverne-e-francisco-de-carvalho-tomam-posse-como-reitora-e-vice-reitor-da-uva\/","url_meta":{"origin":11906,"position":2},"title":"Em sess\u00e3o solene, professores Izabelle Mont`Alverne e Francisco de Carvalho tomam posse como reitora e vice-reitor da UVA","author":"","date":"Abril 17, 2022","format":false,"excerpt":"Em solenidade realizada na tarde desta ter\u00e7a-feira, 12 de abril de 2022, no audit\u00f3rio do Centro de Ci\u00eancias da Sa\u00fade, no campus do Derby, os professores Izabelle Mont\u2019Alverne Napole\u00e3o Albuquerque e Francisco Carvalho de Arruda Coelho tomaram posse como Reitora e Vice-reitor da Universidade Estadual Vale do Acara\u00fa (UVA), para\u2026","rel":"","context":"In &quot;Atualidade&quot;","block_context":{"text":"Atualidade","link":"https:\/\/correiodasemana.com\/site\/category\/atualidade\/"},"img":{"alt_text":"","src":"https:\/\/i0.wp.com\/correiodasemana.com\/site\/wp-content\/uploads\/2022\/04\/nova-reitora-da-uva.jpg?resize=350%2C200&ssl=1","width":350,"height":200,"srcset":"https:\/\/i0.wp.com\/correiodasemana.com\/site\/wp-content\/uploads\/2022\/04\/nova-reitora-da-uva.jpg?resize=350%2C200&ssl=1 1x, https:\/\/i0.wp.com\/correiodasemana.com\/site\/wp-content\/uploads\/2022\/04\/nova-reitora-da-uva.jpg?resize=525%2C300&ssl=1 1.5x, https:\/\/i0.wp.com\/correiodasemana.com\/site\/wp-content\/uploads\/2022\/04\/nova-reitora-da-uva.jpg?resize=700%2C400&ssl=1 2x, https:\/\/i0.wp.com\/correiodasemana.com\/site\/wp-content\/uploads\/2022\/04\/nova-reitora-da-uva.jpg?resize=1050%2C600&ssl=1 3x, https:\/\/i0.wp.com\/correiodasemana.com\/site\/wp-content\/uploads\/2022\/04\/nova-reitora-da-uva.jpg?resize=1400%2C800&ssl=1 4x"},"classes":[]},{"id":17008,"url":"https:\/\/correiodasemana.com\/site\/uva-e-ufc-assinam-termo-de-cooperacao-nas-areas-de-ensino-pesquisa-e-extensao\/","url_meta":{"origin":11906,"position":3},"title":"UVA e UFC assinam Termo de Coopera\u00e7\u00e3o nas \u00e1reas de Ensino, Pesquisa e Extens\u00e3o","author":"","date":"Julho 19, 2021","format":false,"excerpt":"Por Assessoria de Comunica\u00e7\u00e3o e Marketing Institucional da UVA Os reitores da Universidade Estadual Vale do Acara\u00fa (UVA) e da Universidade Federal do Cear\u00e1 (UFC) assinaram, na manh\u00e3 desta quarta-feira, 14 de julho de 2021, Termo Coopera\u00e7\u00e3o T\u00e9cnico-Cient\u00edfica para execu\u00e7\u00e3o de a\u00e7\u00f5es\u00a0nas \u00e1reas de Ensino, Pesquisa e Extens\u00e3o. O documento,\u2026","rel":"","context":"In &quot;Atualidade&quot;","block_context":{"text":"Atualidade","link":"https:\/\/correiodasemana.com\/site\/category\/atualidade\/"},"img":{"alt_text":"","src":"https:\/\/i0.wp.com\/correiodasemana.com\/site\/wp-content\/uploads\/2021\/07\/ftg_10658bec4dd585b6de24bf07172a5d4a.jpg?resize=350%2C200&ssl=1","width":350,"height":200,"srcset":"https:\/\/i0.wp.com\/correiodasemana.com\/site\/wp-content\/uploads\/2021\/07\/ftg_10658bec4dd585b6de24bf07172a5d4a.jpg?resize=350%2C200&ssl=1 1x, https:\/\/i0.wp.com\/correiodasemana.com\/site\/wp-content\/uploads\/2021\/07\/ftg_10658bec4dd585b6de24bf07172a5d4a.jpg?resize=525%2C300&ssl=1 1.5x, https:\/\/i0.wp.com\/correiodasemana.com\/site\/wp-content\/uploads\/2021\/07\/ftg_10658bec4dd585b6de24bf07172a5d4a.jpg?resize=700%2C400&ssl=1 2x"},"classes":[]},{"id":9821,"url":"https:\/\/correiodasemana.com\/site\/em-tempo-19\/","url_meta":{"origin":11906,"position":4},"title":"Em Tempo","author":"","date":"Novembro 11, 2019","format":false,"excerpt":"Pr\u00eamio Gandhi de Comunica\u00e7\u00e3o 2019 As inscri\u00e7\u00f5es para o Pr\u00eamio Gandhi de Comunica\u00e7\u00e3o 2019 foram encerradas no dia 31 de outubro. Agora \u00e9 o momento de escolher dentre tantos trabalhos que abordam a cultura de paz. O \u201cGandhi\u201d rompeu fronteiras, com participa\u00e7\u00f5es da Bahia, Para\u00edba, S\u00e3o Paulo e Alagoas. Ao\u2026","rel":"","context":"In &quot;Artigos&quot;","block_context":{"text":"Artigos","link":"https:\/\/correiodasemana.com\/site\/category\/artigos\/"},"img":{"alt_text":"","src":"https:\/\/i0.wp.com\/correiodasemana.com\/site\/wp-content\/uploads\/2019\/11\/1_tais_lopes-10392095.png?resize=350%2C200&ssl=1","width":350,"height":200,"srcset":"https:\/\/i0.wp.com\/correiodasemana.com\/site\/wp-content\/uploads\/2019\/11\/1_tais_lopes-10392095.png?resize=350%2C200&ssl=1 1x, https:\/\/i0.wp.com\/correiodasemana.com\/site\/wp-content\/uploads\/2019\/11\/1_tais_lopes-10392095.png?resize=525%2C300&ssl=1 1.5x, https:\/\/i0.wp.com\/correiodasemana.com\/site\/wp-content\/uploads\/2019\/11\/1_tais_lopes-10392095.png?resize=700%2C400&ssl=1 2x"},"classes":[]},{"id":20882,"url":"https:\/\/correiodasemana.com\/site\/uva-realiza-outorga-de-grau-a-264-academicos\/","url_meta":{"origin":11906,"position":5},"title":"UVA realiza Outorga de Grau a 264 acad\u00eamicos","author":"","date":"Setembro 4, 2022","format":false,"excerpt":"Solenidade ocorreu na Pra\u00e7a dos Fundadores, no campus Bet\u00e2nia Za\u00edra Almeida - Assessora de Comunica\u00e7\u00e3o da UVA A Universidade Estadual Vale do Acara\u00fa (UVA) realizou, na noite desta quinta-feira, 1\u00ba de setembro, no campus Bet\u00e2nia, a Outorga de Grau a 264 formandos de 26 cursos de gradua\u00e7\u00e3o do Semestre Letivo\u2026","rel":"","context":"In &quot;Atualidade&quot;","block_context":{"text":"Atualidade","link":"https:\/\/correiodasemana.com\/site\/category\/atualidade\/"},"img":{"alt_text":"","src":"https:\/\/i0.wp.com\/correiodasemana.com\/site\/wp-content\/uploads\/2022\/09\/ortoga-uva-4.jpeg?resize=350%2C200&ssl=1","width":350,"height":200,"srcset":"https:\/\/i0.wp.com\/correiodasemana.com\/site\/wp-content\/uploads\/2022\/09\/ortoga-uva-4.jpeg?resize=350%2C200&ssl=1 1x, https:\/\/i0.wp.com\/correiodasemana.com\/site\/wp-content\/uploads\/2022\/09\/ortoga-uva-4.jpeg?resize=525%2C300&ssl=1 1.5x, https:\/\/i0.wp.com\/correiodasemana.com\/site\/wp-content\/uploads\/2022\/09\/ortoga-uva-4.jpeg?resize=700%2C400&ssl=1 2x, https:\/\/i0.wp.com\/correiodasemana.com\/site\/wp-content\/uploads\/2022\/09\/ortoga-uva-4.jpeg?resize=1050%2C600&ssl=1 3x"},"classes":[]}],"jetpack_sharing_enabled":true,"_links":{"self":[{"href":"https:\/\/correiodasemana.com\/site\/wp-json\/wp\/v2\/posts\/11906","targetHints":{"allow":["GET"]}}],"collection":[{"href":"https:\/\/correiodasemana.com\/site\/wp-json\/wp\/v2\/posts"}],"about":[{"href":"https:\/\/correiodasemana.com\/site\/wp-json\/wp\/v2\/types\/post"}],"author":[{"embeddable":true,"href":"https:\/\/correiodasemana.com\/site\/wp-json\/wp\/v2\/users\/1"}],"replies":[{"embeddable":true,"href":"https:\/\/correiodasemana.com\/site\/wp-json\/wp\/v2\/comments?post=11906"}],"version-history":[{"count":2,"href":"https:\/\/correiodasemana.com\/site\/wp-json\/wp\/v2\/posts\/11906\/revisions"}],"predecessor-version":[{"id":11910,"href":"https:\/\/correiodasemana.com\/site\/wp-json\/wp\/v2\/posts\/11906\/revisions\/11910"}],"wp:featuredmedia":[{"embeddable":true,"href":"https:\/\/correiodasemana.com\/site\/wp-json\/wp\/v2\/media\/11907"}],"wp:attachment":[{"href":"https:\/\/correiodasemana.com\/site\/wp-json\/wp\/v2\/media?parent=11906"}],"wp:term":[{"taxonomy":"category","embeddable":true,"href":"https:\/\/correiodasemana.com\/site\/wp-json\/wp\/v2\/categories?post=11906"},{"taxonomy":"post_tag","embeddable":true,"href":"https:\/\/correiodasemana.com\/site\/wp-json\/wp\/v2\/tags?post=11906"}],"curies":[{"name":"wp","href":"https:\/\/api.w.org\/{rel}","templated":true}]}}