{"id":11938,"date":"2020-07-19T02:52:41","date_gmt":"2020-07-19T02:52:41","guid":{"rendered":"https:\/\/correiodasemana.com\/site\/?p=11938"},"modified":"2020-07-19T02:52:41","modified_gmt":"2020-07-19T02:52:41","slug":"hospital-do-coracao-de-sobral-promove-1a-auditoria-interna","status":"publish","type":"post","link":"https:\/\/correiodasemana.com\/site\/hospital-do-coracao-de-sobral-promove-1a-auditoria-interna\/","title":{"rendered":"Hospital do Cora\u00e7\u00e3o de Sobral promove 1\u00aa Auditoria Interna"},"content":{"rendered":"<p>Abertura do momento foi realizada na segunda-feira (13\/07) e as visitas aos setores da unidade aconteceram em seguida.<\/p>\n<p>Assessoria de Comunica\u00e7\u00e3o Complexo SCMS<br \/>\nO Hospital do Cora\u00e7\u00e3o, unidade de sa\u00fade do Complexo Santa Casa de Miseric\u00f3rdia de Sobral (SCMS), promoveu nos dias 13 e 14 de julho, a 1\u00aa Auditoria Interna na institui\u00e7\u00e3o. A a\u00e7\u00e3o tem como\u00a0intuito desenvolver um plano de a\u00e7\u00e3o que auxilie a unidade a alcan\u00e7ar seus objetivos, adotando uma abordagem sist\u00eamica e disciplinada para a avalia\u00e7\u00e3o, melhorando a efic\u00e1cia dos processos de gerenciamento de riscos com o objetivo de adicionar valor e melhorar as opera\u00e7\u00f5es e resultados.<br \/>\nA abertura do momento foi realizada na segunda-feira (13\/07) e as visitas aos setores da unidade aconteceram em seguida. Nesta ter\u00e7a-feira (14\/07), os servi\u00e7os corporativos tamb\u00e9m foram auditados. Durante o m\u00eas de junho, gestores da unidade participaram de uma capacita\u00e7\u00e3o em Auditoria Interna sobre Processos da Qualidade alinhados ao Manual Brasileiro de Acredita\u00e7\u00e3o.<\/p>\n<p>Acredita\u00e7\u00e3o<br \/>\nA acredita\u00e7\u00e3o hospitalar \u00e9 um sistema de avalia\u00e7\u00e3o e certifica\u00e7\u00e3o da qualidade dos servi\u00e7os de sa\u00fade oferecidos por uma unidade. O car\u00e1ter do processo \u00e9 educativo, voltado para a melhoria cont\u00ednua. O Hospital do Cora\u00e7\u00e3o de Sobral deve passar pela avalia\u00e7\u00e3o da ONA e almeja a conquista da certifica\u00e7\u00e3o ONA 1 \u2013 Acreditado, na qual as institui\u00e7\u00f5es atendem aos crit\u00e9rios de seguran\u00e7a do paciente em todas as \u00e1reas de atividade, incluindo aspectos assistenciais e estruturais.<\/p>\n","protected":false},"excerpt":{"rendered":"<p>Abertura do momento foi realizada na segunda-feira (13\/07) e as visitas aos setores da unidade&#8230;<\/p>\n","protected":false},"author":1,"featured_media":11939,"comment_status":"open","ping_status":"open","sticky":false,"template":"","format":"standard","meta":{"_jetpack_memberships_contains_paid_content":false,"footnotes":"","jetpack_publicize_message":"","jetpack_publicize_feature_enabled":true,"jetpack_social_post_already_shared":true,"jetpack_social_options":{"image_generator_settings":{"template":"highway","default_image_id":0,"font":"","enabled":false},"version":2}},"categories":[1],"tags":[],"class_list":["post-11938","post","type-post","status-publish","format-standard","has-post-thumbnail","hentry","category-atualidade"],"jetpack_publicize_connections":[],"jetpack_featured_media_url":"https:\/\/correiodasemana.com\/site\/wp-content\/uploads\/2020\/07\/Abertura-0-scaled.jpg","jetpack-related-posts":[{"id":16225,"url":"https:\/\/correiodasemana.com\/site\/hospital-do-coracao-de-sobral-realiza-auditoria-interna-nos-servicos\/","url_meta":{"origin":11938,"position":0},"title":"Hospital do Cora\u00e7\u00e3o de Sobral realiza Auditoria Interna nos servi\u00e7os","author":"","date":"Abril 18, 2021","format":false,"excerpt":"Auditorias internas melhoram a experi\u00eancia do paciente ao garantir sua seguran\u00e7a. Ascom Complexo SCMS Tendo conquistado a certifica\u00e7\u00e3o de Hospital N\u00edvel 1 \u2013 Acreditado, pela Organiza\u00e7\u00e3o Nacional de Acredita\u00e7\u00e3o (ONA) neste ano, o Hospital do Cora\u00e7\u00e3o de Sobral segue promovendo mudan\u00e7a de cultura e a melhoria cont\u00ednua dos seus processos\u2026","rel":"","context":"In &quot;Atualidade&quot;","block_context":{"text":"Atualidade","link":"https:\/\/correiodasemana.com\/site\/category\/atualidade\/"},"img":{"alt_text":"","src":"https:\/\/i0.wp.com\/correiodasemana.com\/site\/wp-content\/uploads\/2021\/04\/Auditoria-Interna-HC-1.jpg?resize=350%2C200&ssl=1","width":350,"height":200,"srcset":"https:\/\/i0.wp.com\/correiodasemana.com\/site\/wp-content\/uploads\/2021\/04\/Auditoria-Interna-HC-1.jpg?resize=350%2C200&ssl=1 1x, https:\/\/i0.wp.com\/correiodasemana.com\/site\/wp-content\/uploads\/2021\/04\/Auditoria-Interna-HC-1.jpg?resize=525%2C300&ssl=1 1.5x, https:\/\/i0.wp.com\/correiodasemana.com\/site\/wp-content\/uploads\/2021\/04\/Auditoria-Interna-HC-1.jpg?resize=700%2C400&ssl=1 2x"},"classes":[]},{"id":20468,"url":"https:\/\/correiodasemana.com\/site\/hospital-do-coracao-de-sobral-promove-auditoria-do-programa-5s\/","url_meta":{"origin":11938,"position":1},"title":"Hospital do Cora\u00e7\u00e3o de Sobral promove Auditoria do Programa 5S","author":"","date":"Julho 17, 2022","format":false,"excerpt":"O programa foi institu\u00eddo no Hospital do Cora\u00e7\u00e3o de Sobral no ano de 2021 e se estendeu tamb\u00e9m a alguns servi\u00e7os da Santa Casa de Miseric\u00f3rdia de Sobral. Ascom Complexo SCMS O programa 5S \u00e9 uma metodologia aplicada para a melhora da qualidade no ambiente de trabalho atrav\u00e9s da organiza\u00e7\u00e3o,\u2026","rel":"","context":"In &quot;Atualidade&quot;","block_context":{"text":"Atualidade","link":"https:\/\/correiodasemana.com\/site\/category\/atualidade\/"},"img":{"alt_text":"","src":"https:\/\/i0.wp.com\/correiodasemana.com\/site\/wp-content\/uploads\/2022\/07\/foto-1-5s.jpeg?resize=350%2C200&ssl=1","width":350,"height":200,"srcset":"https:\/\/i0.wp.com\/correiodasemana.com\/site\/wp-content\/uploads\/2022\/07\/foto-1-5s.jpeg?resize=350%2C200&ssl=1 1x, https:\/\/i0.wp.com\/correiodasemana.com\/site\/wp-content\/uploads\/2022\/07\/foto-1-5s.jpeg?resize=525%2C300&ssl=1 1.5x, https:\/\/i0.wp.com\/correiodasemana.com\/site\/wp-content\/uploads\/2022\/07\/foto-1-5s.jpeg?resize=700%2C400&ssl=1 2x, https:\/\/i0.wp.com\/correiodasemana.com\/site\/wp-content\/uploads\/2022\/07\/foto-1-5s.jpeg?resize=1050%2C600&ssl=1 3x"},"classes":[]},{"id":14365,"url":"https:\/\/correiodasemana.com\/site\/visita-tecnica-do-hemoce-evidencia-100-de-conformidades-na-agencia-transfusional-do-hospital-do-coracao-de-sobral\/","url_meta":{"origin":11938,"position":2},"title":"Visita t\u00e9cnica do Hemoce evidencia 100% de conformidades na Ag\u00eancia Transfusional do Hospital do Cora\u00e7\u00e3o de Sobral","author":"","date":"Novembro 2, 2020","format":false,"excerpt":"A a\u00e7\u00e3o tem como objetivo o alcance de melhorias cont\u00ednuas nos servi\u00e7os de hematologia e hemoterapia. Assessoria de Comunica\u00e7\u00e3o do Complexo SCMS A busca pela qualidade nas organiza\u00e7\u00f5es de sa\u00fade vem sendo cada vez mais discutida e compartilhada entre os profissionais que buscam a excel\u00eancia dos servi\u00e7os prestados. No Hospital\u2026","rel":"","context":"In &quot;Atualidade&quot;","block_context":{"text":"Atualidade","link":"https:\/\/correiodasemana.com\/site\/category\/atualidade\/"},"img":{"alt_text":"","src":"https:\/\/i0.wp.com\/correiodasemana.com\/site\/wp-content\/uploads\/2020\/11\/HC-Fachada.jpg?resize=350%2C200&ssl=1","width":350,"height":200,"srcset":"https:\/\/i0.wp.com\/correiodasemana.com\/site\/wp-content\/uploads\/2020\/11\/HC-Fachada.jpg?resize=350%2C200&ssl=1 1x, https:\/\/i0.wp.com\/correiodasemana.com\/site\/wp-content\/uploads\/2020\/11\/HC-Fachada.jpg?resize=525%2C300&ssl=1 1.5x"},"classes":[]},{"id":17532,"url":"https:\/\/correiodasemana.com\/site\/hospital-do-coracao-de-sobral-realiza-premiacao-do-programa-5s-e-abre-semana-da-seguranca-do-paciente\/","url_meta":{"origin":11938,"position":3},"title":"Hospital do Cora\u00e7\u00e3o de Sobral realiza premia\u00e7\u00e3o do Programa 5S e abre Semana da Seguran\u00e7a do Paciente","author":"","date":"Setembro 19, 2021","format":false,"excerpt":"O programa 5S teve como objetivo promover resultados organizacionais eficazes e melhor desempenho entre os colaboradores da unidade. O Hospital do Cora\u00e7\u00e3o de Sobral promoveu, nesta segunda-feira (13\/09), o lan\u00e7amento da Semana da Seguran\u00e7a do Paciente que ocorre at\u00e9 sexta-feira (17\/09) em toda a Institui\u00e7\u00e3o. Na ocasi\u00e3o, foi realizada a\u2026","rel":"","context":"In &quot;Atualidade&quot;","block_context":{"text":"Atualidade","link":"https:\/\/correiodasemana.com\/site\/category\/atualidade\/"},"img":{"alt_text":"","src":"https:\/\/i0.wp.com\/correiodasemana.com\/site\/wp-content\/uploads\/2021\/09\/Foto-1-1.jpg?resize=350%2C200&ssl=1","width":350,"height":200,"srcset":"https:\/\/i0.wp.com\/correiodasemana.com\/site\/wp-content\/uploads\/2021\/09\/Foto-1-1.jpg?resize=350%2C200&ssl=1 1x, https:\/\/i0.wp.com\/correiodasemana.com\/site\/wp-content\/uploads\/2021\/09\/Foto-1-1.jpg?resize=525%2C300&ssl=1 1.5x, https:\/\/i0.wp.com\/correiodasemana.com\/site\/wp-content\/uploads\/2021\/09\/Foto-1-1.jpg?resize=700%2C400&ssl=1 2x"},"classes":[]},{"id":13530,"url":"https:\/\/correiodasemana.com\/site\/hospital-do-coracao-de-sobral-passa-por-diagnostico-organizacional\/","url_meta":{"origin":11938,"position":4},"title":"Hospital do Cora\u00e7\u00e3o de Sobral passa por Diagn\u00f3stico Organizacional","author":"","date":"Setembro 15, 2020","format":false,"excerpt":"A unidade est\u00e1 buscando a certifica\u00e7\u00e3o da Organiza\u00e7\u00e3o Nacional de Acredita\u00e7\u00e3o (ONA). Com foco na qualidade e seguran\u00e7a do paciente, o Hospital do Cora\u00e7\u00e3o, unidade de assist\u00eancia \u00e0 sa\u00fade do Complexo Santa Casa de Miseric\u00f3rdia de Sobral (SCMS), recebeu a visita de avaliadoras da Funda\u00e7\u00e3o Carlos Alberto Vanzolini, nos dias\u2026","rel":"","context":"In &quot;Atualidade&quot;","block_context":{"text":"Atualidade","link":"https:\/\/correiodasemana.com\/site\/category\/atualidade\/"},"img":{"alt_text":"","src":"https:\/\/i0.wp.com\/correiodasemana.com\/site\/wp-content\/uploads\/2020\/09\/Foto-1-1.jpg?resize=350%2C200&ssl=1","width":350,"height":200,"srcset":"https:\/\/i0.wp.com\/correiodasemana.com\/site\/wp-content\/uploads\/2020\/09\/Foto-1-1.jpg?resize=350%2C200&ssl=1 1x, https:\/\/i0.wp.com\/correiodasemana.com\/site\/wp-content\/uploads\/2020\/09\/Foto-1-1.jpg?resize=525%2C300&ssl=1 1.5x, https:\/\/i0.wp.com\/correiodasemana.com\/site\/wp-content\/uploads\/2020\/09\/Foto-1-1.jpg?resize=700%2C400&ssl=1 2x"},"classes":[]},{"id":11138,"url":"https:\/\/correiodasemana.com\/site\/hospital-do-coracao-de-sobral-promove-planejamento-estrategico\/","url_meta":{"origin":11938,"position":5},"title":"Hospital do Cora\u00e7\u00e3o de Sobral promove Planejamento Estrat\u00e9gico","author":"","date":"Mar\u00e7o 9, 2020","format":false,"excerpt":"A a\u00e7\u00e3o tem como objetivo viabilizar uma administra\u00e7\u00e3o sustent\u00e1vel, a qual garanta qualidade e efici\u00eancia no atendimento \u00e0 popula\u00e7\u00e3o. O Hospital do Cora\u00e7\u00e3o, unidade de sa\u00fade do Complexo Santa Casa de Miseric\u00f3rdia de Sobral (SCMS), promoveu na quarta-feira (04\/03), o Planejamento Estrat\u00e9gico para o ano de 2020. A a\u00e7\u00e3o tem\u2026","rel":"","context":"In &quot;Santa Casa&quot;","block_context":{"text":"Santa Casa","link":"https:\/\/correiodasemana.com\/site\/category\/santa-casa\/"},"img":{"alt_text":"","src":"https:\/\/i0.wp.com\/correiodasemana.com\/site\/wp-content\/uploads\/2020\/03\/batch_santa-casa2-2-scaled.jpg?resize=350%2C200&ssl=1","width":350,"height":200,"srcset":"https:\/\/i0.wp.com\/correiodasemana.com\/site\/wp-content\/uploads\/2020\/03\/batch_santa-casa2-2-scaled.jpg?resize=350%2C200&ssl=1 1x, https:\/\/i0.wp.com\/correiodasemana.com\/site\/wp-content\/uploads\/2020\/03\/batch_santa-casa2-2-scaled.jpg?resize=525%2C300&ssl=1 1.5x, https:\/\/i0.wp.com\/correiodasemana.com\/site\/wp-content\/uploads\/2020\/03\/batch_santa-casa2-2-scaled.jpg?resize=700%2C400&ssl=1 2x, https:\/\/i0.wp.com\/correiodasemana.com\/site\/wp-content\/uploads\/2020\/03\/batch_santa-casa2-2-scaled.jpg?resize=1050%2C600&ssl=1 3x, https:\/\/i0.wp.com\/correiodasemana.com\/site\/wp-content\/uploads\/2020\/03\/batch_santa-casa2-2-scaled.jpg?resize=1400%2C800&ssl=1 4x"},"classes":[]}],"jetpack_sharing_enabled":true,"_links":{"self":[{"href":"https:\/\/correiodasemana.com\/site\/wp-json\/wp\/v2\/posts\/11938","targetHints":{"allow":["GET"]}}],"collection":[{"href":"https:\/\/correiodasemana.com\/site\/wp-json\/wp\/v2\/posts"}],"about":[{"href":"https:\/\/correiodasemana.com\/site\/wp-json\/wp\/v2\/types\/post"}],"author":[{"embeddable":true,"href":"https:\/\/correiodasemana.com\/site\/wp-json\/wp\/v2\/users\/1"}],"replies":[{"embeddable":true,"href":"https:\/\/correiodasemana.com\/site\/wp-json\/wp\/v2\/comments?post=11938"}],"version-history":[{"count":1,"href":"https:\/\/correiodasemana.com\/site\/wp-json\/wp\/v2\/posts\/11938\/revisions"}],"predecessor-version":[{"id":11940,"href":"https:\/\/correiodasemana.com\/site\/wp-json\/wp\/v2\/posts\/11938\/revisions\/11940"}],"wp:featuredmedia":[{"embeddable":true,"href":"https:\/\/correiodasemana.com\/site\/wp-json\/wp\/v2\/media\/11939"}],"wp:attachment":[{"href":"https:\/\/correiodasemana.com\/site\/wp-json\/wp\/v2\/media?parent=11938"}],"wp:term":[{"taxonomy":"category","embeddable":true,"href":"https:\/\/correiodasemana.com\/site\/wp-json\/wp\/v2\/categories?post=11938"},{"taxonomy":"post_tag","embeddable":true,"href":"https:\/\/correiodasemana.com\/site\/wp-json\/wp\/v2\/tags?post=11938"}],"curies":[{"name":"wp","href":"https:\/\/api.w.org\/{rel}","templated":true}]}}