{"id":11941,"date":"2020-07-19T03:26:04","date_gmt":"2020-07-19T03:26:04","guid":{"rendered":"https:\/\/correiodasemana.com\/site\/?p=11941"},"modified":"2020-07-19T03:26:04","modified_gmt":"2020-07-19T03:26:04","slug":"de-forma-emocionante-recem-nascida-recebe-alta-na-santa-casa-de-misericordia-de-sobral","status":"publish","type":"post","link":"https:\/\/correiodasemana.com\/site\/de-forma-emocionante-recem-nascida-recebe-alta-na-santa-casa-de-misericordia-de-sobral\/","title":{"rendered":"De forma emocionante, rec\u00e9m-nascida recebe alta na Santa Casa de Miseric\u00f3rdia de Sobral"},"content":{"rendered":"<p>Sendo refer\u00eancia em alto risco para gestantes de 55 munic\u00edpios da regi\u00e3o Noroeste do Estado do Cear\u00e1, a Santa Casa de Miseric\u00f3rdia de Sobral realiza mais de 400 partos por m\u00eas, preocupando-se com a qualidade assistencial prestada e cuidado humanizado.<\/p>\n<p>Assessoria de Comunica\u00e7\u00e3o Complexo SCMS<br \/>\nUma alta hospitalar emocionou m\u00e3e e profissionais da sa\u00fade no domingo (12\/07). A rec\u00e9m-nascida Maria Elisa Vasconcelos Pinto, internada na Santa Casa de Miseric\u00f3rdia de Sobral deixou a unidade ap\u00f3s tr\u00eas meses de tratamento. Ela nasceu com 0,904 gramas e 26 semanas, no dia 8 de abril deste ano. A beb\u00ea era gemelar e o seu irm\u00e3o n\u00e3o sobreviveu. Maria Elisa esteve na UTI Neonatal II, no Berc\u00e1rio para rec\u00e9m-nascidos de alto risco e na unidade Canguru. Com a filha em seus bra\u00e7os, a m\u00e3e Francisca Erica Vasconcelos despediu-se sob os aplausos dos profissionais do servi\u00e7o de Neonatologia da Santa Casa.<br \/>\nEm 2019, dos 5.451 partos que a Santa Casa realizou, 776 foram de beb\u00eas prematuros (rec\u00e9m-nascidos menores de 36 semanas). Muitas vezes esse beb\u00ea permanece internado na Unidade de Terapia Intensiva Neonatal (UTIN) por longo per\u00edodo, afastado de seus pais para receber os cuidados necess\u00e1rios \u00e0 manuten\u00e7\u00e3o de sua vida, podendo at\u00e9 dar continuidade ao tratamento na Unidade de Cuidados Intermedi\u00e1rios Convencionais (UCINCo) ou Unidade de Cuidados Intermedi\u00e1rios Canguru (UCINCa). Em 2019, a taxa de ocupa\u00e7\u00e3o e perman\u00eancia nas UTIN\u2019s da Santa Casa foi de 102,28% e de 113,10% na UCINCo e UCINCa.<br \/>\nBuscando prestar assist\u00eancia de qualidade e cuidado humanizado, os profissionais do servi\u00e7o de Neonatologia da Santa Casa realizam a\u00e7\u00f5es com os prematuros e a fam\u00edlia, proporcionando o fortalecimento das rela\u00e7\u00f5es de humaniza\u00e7\u00e3o entre familiares e hospital.<\/p>\n","protected":false},"excerpt":{"rendered":"<p>Sendo refer\u00eancia em alto risco para gestantes de 55 munic\u00edpios da regi\u00e3o Noroeste do Estado&#8230;<\/p>\n","protected":false},"author":1,"featured_media":11942,"comment_status":"open","ping_status":"open","sticky":false,"template":"","format":"standard","meta":{"_jetpack_memberships_contains_paid_content":false,"footnotes":"","jetpack_publicize_message":"","jetpack_publicize_feature_enabled":true,"jetpack_social_post_already_shared":true,"jetpack_social_options":{"image_generator_settings":{"template":"highway","default_image_id":0,"font":"","enabled":false},"version":2}},"categories":[1],"tags":[],"class_list":["post-11941","post","type-post","status-publish","format-standard","has-post-thumbnail","hentry","category-atualidade"],"jetpack_publicize_connections":[],"jetpack_featured_media_url":"https:\/\/correiodasemana.com\/site\/wp-content\/uploads\/2020\/07\/Alta-rec\u00e9m-nascida-Maria-Elisa.jpeg","jetpack-related-posts":[{"id":13483,"url":"https:\/\/correiodasemana.com\/site\/alta-de-recem-nascida-prematura-que-ficou-tres-meses-internada-na-santa-casa-de-misericordia-de-sobral-emociona-familiares-e-profissionais\/","url_meta":{"origin":11941,"position":0},"title":"Alta de rec\u00e9m-nascida prematura que ficou tr\u00eas meses internada na Santa Casa de Miseric\u00f3rdia de Sobral emociona familiares e profissionais","author":"","date":"Setembro 14, 2020","format":false,"excerpt":"A pequena Maria Lis veio ao mundo no dia 02 de junho deste ano com apenas 25 semanas (seis meses) e 640 gramas. Depois de tr\u00eas meses internada na Santa Casa de Miseric\u00f3rdia de Sobral (SCMS) - mais de dois apenas na Unidade de Terapia Intensiva (UTI) Neonatal \u2013 onde\u2026","rel":"","context":"In &quot;Atualidade&quot;","block_context":{"text":"Atualidade","link":"https:\/\/correiodasemana.com\/site\/category\/atualidade\/"},"img":{"alt_text":"","src":"https:\/\/i0.wp.com\/correiodasemana.com\/site\/wp-content\/uploads\/2020\/09\/Alta-Lis.jpeg?resize=350%2C200&ssl=1","width":350,"height":200,"srcset":"https:\/\/i0.wp.com\/correiodasemana.com\/site\/wp-content\/uploads\/2020\/09\/Alta-Lis.jpeg?resize=350%2C200&ssl=1 1x, https:\/\/i0.wp.com\/correiodasemana.com\/site\/wp-content\/uploads\/2020\/09\/Alta-Lis.jpeg?resize=525%2C300&ssl=1 1.5x, https:\/\/i0.wp.com\/correiodasemana.com\/site\/wp-content\/uploads\/2020\/09\/Alta-Lis.jpeg?resize=700%2C400&ssl=1 2x"},"classes":[]},{"id":9625,"url":"https:\/\/correiodasemana.com\/site\/maternidade-da-santa-casa-de-misericordia-de-sobral-e-referencia-para-gestacoes-de-alto-risco-e-abre-suas-portas-para-55-municipios-da-regiao-norte-do-ceara\/","url_meta":{"origin":11941,"position":1},"title":"Maternidade da Santa Casa de Miseric\u00f3rdia de Sobral \u00e9 refer\u00eancia para gesta\u00e7\u00f5es de alto risco e abre suas portas para 55 munic\u00edpios da regi\u00e3o Norte do Cear\u00e1","author":"","date":"Outubro 28, 2019","format":false,"excerpt":"Assessoria de Comunica\u00e7\u00e3o da Santa Casa de Miseric\u00f3rdia de Sobral A Maternidade Sant\u2019Ana da Santa Casa de Miseric\u00f3rdia de Sobral (SCMS) \u00e9 refer\u00eancia para gesta\u00e7\u00f5es de alto risco na macrorregi\u00e3o de Sobral, abrindo suas portas para 55 munic\u00edpios. Desde o come\u00e7o do ano j\u00e1 foram realizados 13.676 atendimentos, 5.355 internamentos\u2026","rel":"","context":"In &quot;Santa Casa&quot;","block_context":{"text":"Santa Casa","link":"https:\/\/correiodasemana.com\/site\/category\/santa-casa\/"},"img":{"alt_text":"","src":"https:\/\/i0.wp.com\/correiodasemana.com\/site\/wp-content\/uploads\/2019\/10\/2_1.png?resize=350%2C200&ssl=1","width":350,"height":200,"srcset":"https:\/\/i0.wp.com\/correiodasemana.com\/site\/wp-content\/uploads\/2019\/10\/2_1.png?resize=350%2C200&ssl=1 1x, https:\/\/i0.wp.com\/correiodasemana.com\/site\/wp-content\/uploads\/2019\/10\/2_1.png?resize=525%2C300&ssl=1 1.5x, https:\/\/i0.wp.com\/correiodasemana.com\/site\/wp-content\/uploads\/2019\/10\/2_1.png?resize=700%2C400&ssl=1 2x, https:\/\/i0.wp.com\/correiodasemana.com\/site\/wp-content\/uploads\/2019\/10\/2_1.png?resize=1050%2C600&ssl=1 3x"},"classes":[]},{"id":20978,"url":"https:\/\/correiodasemana.com\/site\/obras-da-nova-unidade-neonatal-da-santa-casa-de-sobral-avancam\/","url_meta":{"origin":11941,"position":2},"title":"Obras da nova Unidade Neonatal da Santa Casa de Sobral avan\u00e7am","author":"","date":"Setembro 11, 2022","format":false,"excerpt":"Ascom Complexo SCMS Sendo um hospital de refer\u00eancia para a popula\u00e7\u00e3o dos 55 munic\u00edpios da Regi\u00e3o Norte do Estado do Cear\u00e1, a Santa Casa de Miseric\u00f3rdia de Sobral \u00e9 tamb\u00e9m porta aberta para gestantes de alto risco. O cuidado integral a m\u00e3e e ao rec\u00e9m-nascido grave ou potencialmente grave \u00e9\u2026","rel":"","context":"In &quot;Atualidade&quot;","block_context":{"text":"Atualidade","link":"https:\/\/correiodasemana.com\/site\/category\/atualidade\/"},"img":{"alt_text":"","src":"https:\/\/i0.wp.com\/correiodasemana.com\/site\/wp-content\/uploads\/2022\/09\/reforma-sta-casa-sobral.jpg?resize=350%2C200&ssl=1","width":350,"height":200,"srcset":"https:\/\/i0.wp.com\/correiodasemana.com\/site\/wp-content\/uploads\/2022\/09\/reforma-sta-casa-sobral.jpg?resize=350%2C200&ssl=1 1x, https:\/\/i0.wp.com\/correiodasemana.com\/site\/wp-content\/uploads\/2022\/09\/reforma-sta-casa-sobral.jpg?resize=525%2C300&ssl=1 1.5x"},"classes":[]},{"id":13073,"url":"https:\/\/correiodasemana.com\/site\/santa-casa-de-misericordia-de-sobral-inicia-reestruturacao-de-uti-neonatal-com-aquisicao-de-14-incubadoras-de-alta-tecnologia\/","url_meta":{"origin":11941,"position":3},"title":"Santa Casa de Miseric\u00f3rdia de Sobral inicia reestrutura\u00e7\u00e3o de UTI Neonatal com aquisi\u00e7\u00e3o de 14 incubadoras de alta tecnologia","author":"","date":"Agosto 24, 2020","format":false,"excerpt":"Novas incubadoras proporcionar\u00e3o assist\u00eancia de qualidade a rec\u00e9m-nascidos prematuros de Sobral e outros 54 munic\u00edpios da regi\u00e3o norte do Cear\u00e1, atendidos pela institui\u00e7\u00e3o. Ascom Complexo SCMS Somente em 2019, cerca de 800 rec\u00e9m-nascidos prematuros precisaram dos cuidados do Servi\u00e7o de Neonatologia da Santa Casa de Miseric\u00f3rdia de Sobral (SCMS), principalmente\u2026","rel":"","context":"In &quot;Atualidade&quot;","block_context":{"text":"Atualidade","link":"https:\/\/correiodasemana.com\/site\/category\/atualidade\/"},"img":{"alt_text":"","src":"https:\/\/i0.wp.com\/correiodasemana.com\/site\/wp-content\/uploads\/2020\/08\/Incubadoras-scaled.jpg?resize=350%2C200&ssl=1","width":350,"height":200,"srcset":"https:\/\/i0.wp.com\/correiodasemana.com\/site\/wp-content\/uploads\/2020\/08\/Incubadoras-scaled.jpg?resize=350%2C200&ssl=1 1x, https:\/\/i0.wp.com\/correiodasemana.com\/site\/wp-content\/uploads\/2020\/08\/Incubadoras-scaled.jpg?resize=525%2C300&ssl=1 1.5x, https:\/\/i0.wp.com\/correiodasemana.com\/site\/wp-content\/uploads\/2020\/08\/Incubadoras-scaled.jpg?resize=700%2C400&ssl=1 2x, https:\/\/i0.wp.com\/correiodasemana.com\/site\/wp-content\/uploads\/2020\/08\/Incubadoras-scaled.jpg?resize=1050%2C600&ssl=1 3x, https:\/\/i0.wp.com\/correiodasemana.com\/site\/wp-content\/uploads\/2020\/08\/Incubadoras-scaled.jpg?resize=1400%2C800&ssl=1 4x"},"classes":[]},{"id":16412,"url":"https:\/\/correiodasemana.com\/site\/santa-casa-de-misericordia-de-sobral-realiza-cirurgia-inedita-de-gravidez-abdominal\/","url_meta":{"origin":11941,"position":4},"title":"Santa Casa de Miseric\u00f3rdia de Sobral realiza cirurgia in\u00e9dita de gravidez abdominal","author":"","date":"Maio 10, 2021","format":false,"excerpt":"A condi\u00e7\u00e3o ocorre em cerca de 0,64% a 3% das gesta\u00e7\u00f5es, sendo a principal respons\u00e1vel pelas mortes maternas no primeiro trimestre de gesta\u00e7\u00e3o. Procedimento foi um sucesso. Ascom Complexo SCMS Refer\u00eancia no atendimento a gesta\u00e7\u00f5es de alto risco para os 55 munic\u00edpios que comp\u00f5em a Regi\u00e3o Norte do estado do\u2026","rel":"","context":"In &quot;Atualidade&quot;","block_context":{"text":"Atualidade","link":"https:\/\/correiodasemana.com\/site\/category\/atualidade\/"},"img":{"alt_text":"","src":"https:\/\/i0.wp.com\/correiodasemana.com\/site\/wp-content\/uploads\/2021\/05\/Foto-2-Cirurgia-inedita.jpg?resize=350%2C200&ssl=1","width":350,"height":200,"srcset":"https:\/\/i0.wp.com\/correiodasemana.com\/site\/wp-content\/uploads\/2021\/05\/Foto-2-Cirurgia-inedita.jpg?resize=350%2C200&ssl=1 1x, https:\/\/i0.wp.com\/correiodasemana.com\/site\/wp-content\/uploads\/2021\/05\/Foto-2-Cirurgia-inedita.jpg?resize=525%2C300&ssl=1 1.5x"},"classes":[]},{"id":10375,"url":"https:\/\/correiodasemana.com\/site\/primeiro-bebe-do-ano-nascido-na-santa-casa-de-misericordia-de-sobral-e-homem\/","url_meta":{"origin":11941,"position":5},"title":"Primeiro beb\u00ea do ano nascido na Santa Casa de Miseric\u00f3rdia de Sobral \u00e9 homem\u00a0","author":"","date":"Janeiro 5, 2020","format":false,"excerpt":"O pequeno Bruno Henrique esperou o rel\u00f3gio marcar a chegada do novo ano para manifestar sua vontade de vir ao mundo. A dona de casa Camila Costa, 24, estava em casa quando pouco depois de meia noite come\u00e7ou a sentir as dores que alertavam sobre o momento mais aguardado dos\u2026","rel":"","context":"In &quot;Santa Casa&quot;","block_context":{"text":"Santa Casa","link":"https:\/\/correiodasemana.com\/site\/category\/santa-casa\/"},"img":{"alt_text":"","src":"https:\/\/i0.wp.com\/correiodasemana.com\/site\/wp-content\/uploads\/2020\/01\/IMG_9101-1024x691-1.jpg?resize=350%2C200&ssl=1","width":350,"height":200,"srcset":"https:\/\/i0.wp.com\/correiodasemana.com\/site\/wp-content\/uploads\/2020\/01\/IMG_9101-1024x691-1.jpg?resize=350%2C200&ssl=1 1x, https:\/\/i0.wp.com\/correiodasemana.com\/site\/wp-content\/uploads\/2020\/01\/IMG_9101-1024x691-1.jpg?resize=525%2C300&ssl=1 1.5x"},"classes":[]}],"jetpack_sharing_enabled":true,"_links":{"self":[{"href":"https:\/\/correiodasemana.com\/site\/wp-json\/wp\/v2\/posts\/11941","targetHints":{"allow":["GET"]}}],"collection":[{"href":"https:\/\/correiodasemana.com\/site\/wp-json\/wp\/v2\/posts"}],"about":[{"href":"https:\/\/correiodasemana.com\/site\/wp-json\/wp\/v2\/types\/post"}],"author":[{"embeddable":true,"href":"https:\/\/correiodasemana.com\/site\/wp-json\/wp\/v2\/users\/1"}],"replies":[{"embeddable":true,"href":"https:\/\/correiodasemana.com\/site\/wp-json\/wp\/v2\/comments?post=11941"}],"version-history":[{"count":1,"href":"https:\/\/correiodasemana.com\/site\/wp-json\/wp\/v2\/posts\/11941\/revisions"}],"predecessor-version":[{"id":11943,"href":"https:\/\/correiodasemana.com\/site\/wp-json\/wp\/v2\/posts\/11941\/revisions\/11943"}],"wp:featuredmedia":[{"embeddable":true,"href":"https:\/\/correiodasemana.com\/site\/wp-json\/wp\/v2\/media\/11942"}],"wp:attachment":[{"href":"https:\/\/correiodasemana.com\/site\/wp-json\/wp\/v2\/media?parent=11941"}],"wp:term":[{"taxonomy":"category","embeddable":true,"href":"https:\/\/correiodasemana.com\/site\/wp-json\/wp\/v2\/categories?post=11941"},{"taxonomy":"post_tag","embeddable":true,"href":"https:\/\/correiodasemana.com\/site\/wp-json\/wp\/v2\/tags?post=11941"}],"curies":[{"name":"wp","href":"https:\/\/api.w.org\/{rel}","templated":true}]}}