{"id":11946,"date":"2020-07-19T03:29:10","date_gmt":"2020-07-19T03:29:10","guid":{"rendered":"https:\/\/correiodasemana.com\/site\/?p=11946"},"modified":"2020-07-19T03:29:10","modified_gmt":"2020-07-19T03:29:10","slug":"regiao-norte-recebe-57-novos-respiradores-e-soma-agora-185-leitos-de-uti-2","status":"publish","type":"post","link":"https:\/\/correiodasemana.com\/site\/regiao-norte-recebe-57-novos-respiradores-e-soma-agora-185-leitos-de-uti-2\/","title":{"rendered":"Regi\u00e3o Norte recebe 57 novos respiradores e soma agora 185 leitos de UTI"},"content":{"rendered":"<p>Os munic\u00edpios de Sobral, Crate\u00fas, Tiangu\u00e1, Ubajara e Camocim receberam juntos mais 57 respiradores e com isso a regi\u00e3o agora conta com 185 leitos de Unidade de Terapia Intensiva (UTI), a maioria exclusivos para o tratamento de Covid-19.<br \/>\nA distribui\u00e7\u00e3o dos 300 novos ventiladores mec\u00e2nicos do modelo VG70, adquiridos com recursos pr\u00f3prios do Governo do Cear\u00e1, foi conclu\u00edda para a Regi\u00e3o de Sa\u00fade Norte. Os munic\u00edpios de Sobral, Crate\u00fas, Tiangu\u00e1, Ubajara e Camocim receberam juntos mais 57 respiradores e com isso a regi\u00e3o agora conta com 185 leitos de Unidade de Terapia Intensiva (UTI), a maioria exclusivos para o tratamento de Covid-19.<br \/>\nO munic\u00edpio de Sobral recebeu novos 30 respiradores, sendo 10 para o Hospital Regional Norte (HRN), principal unidade para casos graves da Covid-19 e refer\u00eancia para os munic\u00edpios da Regi\u00e3o de Sa\u00fade Norte; 10 para a Santa Casa de Miseric\u00f3rdia de Sobral; cinco para o Hospital do Cora\u00e7\u00e3o e outros cinco para o Hospital de Campanha de Sobral.<br \/>\nO HRN concentra o maior n\u00famero de leitos para Covid-19 na regi\u00e3o. Hoje s\u00e3o 192 leitos exclusivos para atender pacientes com coronav\u00edrus, sendo 111 leitos de UTI e 81 leitos de enfermaria.<br \/>\nCrate\u00fas recebeu 10 ventiladores mec\u00e2nicos e equipou o Hospital S\u00e3o Lucas com 10 UTIs; para Tiangu\u00e1 foram outros 10 respiradores e o Hospital Madalena Nunes agora conta com 10 UTIs; seis respiradores foram para Ubajara e mais um para Camocim. A distribui\u00e7\u00e3o \u00e9 de acordo com os indicadores epidemiol\u00f3gicos, seguindo planejamento da Secretaria da Sa\u00fade do Cear\u00e1 (Sesa), que avalia diariamente a situa\u00e7\u00e3o da pandemia no Estado.<br \/>\nA superintendente da Regi\u00e3o de Sa\u00fade Norte, M\u00f4nica Lima, avalia que os leitos de UTI s\u00e3o fundamentais para a regi\u00e3o que contempla 55 munic\u00edpios. \u201cNesses meses de pandemia disponibilizamos tudo o que foi poss\u00edvel para que a gente evitasse um colapso no sistema de sa\u00fade, para que a gente evitasse \u00f3bitos por falta de assist\u00eancia\u201d, afirma, destacando que al\u00e9m dos ventiladores mec\u00e2nicos, que proporcionaram a abertura de 185 leitos de UTI, ocorreram capacita\u00e7\u00f5es para os profissionais de sa\u00fade destacados para o trabalho em UTIs, atrav\u00e9s da Escola de Sa\u00fade P\u00fablica do Cear\u00e1 Paulo Marcelo Martins Rodrigues (ESP\/CE).<\/p>\n<p>UTIs m\u00f3veis<br \/>\nAl\u00e9m dos respiradores, foram entregues novas bases e UTIs m\u00f3veis do SAMU 192 Cear\u00e1. \u201cHoje na Regi\u00e3o Norte n\u00f3s temos 32 bases do SAMU, distribu\u00eddas entre os 55 munic\u00edpios, para dar apoio aos gestores municipais na transfer\u00eancia dos seus pacientes graves\u201d, complementa M\u00f4nica Lima.<br \/>\nAs Unidades de Suporte Avan\u00e7ado (UTI m\u00f3vel) s\u00e3o ve\u00edculos que contam com todos os equipamentos para suporte \u00e0 vida, mesmo para os casos mais graves da doen\u00e7a. O atendimento do servi\u00e7o funciona 24 horas por dia e pode ser solicitado gratuitamente com uma liga\u00e7\u00e3o para o n\u00famero 192. O Samu 192 Cear\u00e1 \u00e9 resultado de uma parceria entre o Governo do Cear\u00e1, Uni\u00e3o e munic\u00edpios.<\/p>\n<p>Por Teresa Fernandes,<br \/>\nAssessora de comunica\u00e7\u00e3o do Hospital Regional Norte (HRN).<\/p>\n","protected":false},"excerpt":{"rendered":"<p>Os munic\u00edpios de Sobral, Crate\u00fas, Tiangu\u00e1, Ubajara e Camocim receberam juntos mais 57 respiradores e&#8230;<\/p>\n","protected":false},"author":1,"featured_media":11947,"comment_status":"open","ping_status":"open","sticky":false,"template":"","format":"standard","meta":{"_jetpack_memberships_contains_paid_content":false,"footnotes":"","jetpack_publicize_message":"","jetpack_publicize_feature_enabled":true,"jetpack_social_post_already_shared":true,"jetpack_social_options":{"image_generator_settings":{"template":"highway","default_image_id":0,"font":"","enabled":false},"version":2}},"categories":[1],"tags":[],"class_list":["post-11946","post","type-post","status-publish","format-standard","has-post-thumbnail","hentry","category-atualidade"],"jetpack_publicize_connections":[],"jetpack_featured_media_url":"https:\/\/correiodasemana.com\/site\/wp-content\/uploads\/2020\/07\/HRN-UTI-COVID19.jpg","jetpack-related-posts":[{"id":11933,"url":"https:\/\/correiodasemana.com\/site\/regiao-norte-recebe-57-novos-respiradores-e-soma-agora-185-leitos-de-uti\/","url_meta":{"origin":11946,"position":0},"title":"Regi\u00e3o Norte recebe 57 novos respiradores e soma agora 185 leitos de UTI","author":"","date":"Julho 16, 2020","format":false,"excerpt":"A distribui\u00e7\u00e3o dos 300 novos ventiladores mec\u00e2nicos do modelo VG70, adquiridos com recursos pr\u00f3prios do Governo do Cear\u00e1, foi conclu\u00edda para a Regi\u00e3o de Sa\u00fade Norte. Os munic\u00edpios de Sobral, Crate\u00fas, Tiangu\u00e1, Ubajara e Camocim receberam juntos mais 57 respiradores e com isso a regi\u00e3o agora conta com 185 leitos\u2026","rel":"","context":"In &quot;Atualidade&quot;","block_context":{"text":"Atualidade","link":"https:\/\/correiodasemana.com\/site\/category\/atualidade\/"},"img":{"alt_text":"","src":"https:\/\/i0.wp.com\/correiodasemana.com\/site\/wp-content\/uploads\/2020\/07\/200618_HRN-UTI-COVID19_TF19082.jpg?resize=350%2C200&ssl=1","width":350,"height":200,"srcset":"https:\/\/i0.wp.com\/correiodasemana.com\/site\/wp-content\/uploads\/2020\/07\/200618_HRN-UTI-COVID19_TF19082.jpg?resize=350%2C200&ssl=1 1x, https:\/\/i0.wp.com\/correiodasemana.com\/site\/wp-content\/uploads\/2020\/07\/200618_HRN-UTI-COVID19_TF19082.jpg?resize=525%2C300&ssl=1 1.5x, https:\/\/i0.wp.com\/correiodasemana.com\/site\/wp-content\/uploads\/2020\/07\/200618_HRN-UTI-COVID19_TF19082.jpg?resize=700%2C400&ssl=1 2x, https:\/\/i0.wp.com\/correiodasemana.com\/site\/wp-content\/uploads\/2020\/07\/200618_HRN-UTI-COVID19_TF19082.jpg?resize=1050%2C600&ssl=1 3x, https:\/\/i0.wp.com\/correiodasemana.com\/site\/wp-content\/uploads\/2020\/07\/200618_HRN-UTI-COVID19_TF19082.jpg?resize=1400%2C800&ssl=1 4x"},"classes":[]},{"id":15877,"url":"https:\/\/correiodasemana.com\/site\/profissionais-da-uti-covid-da-santa-casa-de-misericordia-de-sobral-recebem-treinamento-sobre-manejo-do-capacete-elmo\/","url_meta":{"origin":11946,"position":1},"title":"Profissionais da UTI Covid da Santa Casa de Miseric\u00f3rdia de Sobral recebem treinamento sobre manejo do capacete Elmo","author":"","date":"Mar\u00e7o 7, 2021","format":false,"excerpt":"O equipamento reduz em 60% a necessidade de interna\u00e7\u00f5es em leitos de UTI. Profissionais de sa\u00fade que atuam na Unidade de Terapia Intensiva (UTI) Covid-19 da Santa Casa de Miseric\u00f3rdia de Sobral participaram, nesta quarta-feira (03\/03), de uma capacita\u00e7\u00e3o para o uso do capacete respirat\u00f3rio Elmo, equipamento de respira\u00e7\u00e3o assistida\u2026","rel":"","context":"In &quot;Atualidade&quot;","block_context":{"text":"Atualidade","link":"https:\/\/correiodasemana.com\/site\/category\/atualidade\/"},"img":{"alt_text":"","src":"https:\/\/i0.wp.com\/correiodasemana.com\/site\/wp-content\/uploads\/2021\/03\/Capacete-Elmo.png?resize=350%2C200&ssl=1","width":350,"height":200,"srcset":"https:\/\/i0.wp.com\/correiodasemana.com\/site\/wp-content\/uploads\/2021\/03\/Capacete-Elmo.png?resize=350%2C200&ssl=1 1x, https:\/\/i0.wp.com\/correiodasemana.com\/site\/wp-content\/uploads\/2021\/03\/Capacete-Elmo.png?resize=525%2C300&ssl=1 1.5x, https:\/\/i0.wp.com\/correiodasemana.com\/site\/wp-content\/uploads\/2021\/03\/Capacete-Elmo.png?resize=700%2C400&ssl=1 2x"},"classes":[]},{"id":15911,"url":"https:\/\/correiodasemana.com\/site\/com-dez-novos-leitos-hrn-soma-100-unidades-de-enfermaria-e-de-uti-para-covid-19\/","url_meta":{"origin":11946,"position":2},"title":"Com dez novos leitos, HRN soma 100 unidades de enfermaria e de UTI para Covid-19","author":"","date":"Mar\u00e7o 8, 2021","format":false,"excerpt":"Em meio ao avan\u00e7o de casos de Covid-19 na regi\u00e3o Norte do Cear\u00e1, o Hospital Regional Norte (HRN), unidade da Secretaria de Sa\u00fade da Estado (Sesa), vem ampliando os leitos de enfermaria e de Unidade de Terapia Intensiva (UTI\u2019s) exclusivos para atendimento a pacientes Covid. Nesta semana, foram disponibilizados mais\u2026","rel":"","context":"In &quot;Atualidade&quot;","block_context":{"text":"Atualidade","link":"https:\/\/correiodasemana.com\/site\/category\/atualidade\/"},"img":{"alt_text":"","src":"https:\/\/i0.wp.com\/correiodasemana.com\/site\/wp-content\/uploads\/2021\/03\/image-40-768x481-1.png?resize=350%2C200&ssl=1","width":350,"height":200,"srcset":"https:\/\/i0.wp.com\/correiodasemana.com\/site\/wp-content\/uploads\/2021\/03\/image-40-768x481-1.png?resize=350%2C200&ssl=1 1x, https:\/\/i0.wp.com\/correiodasemana.com\/site\/wp-content\/uploads\/2021\/03\/image-40-768x481-1.png?resize=525%2C300&ssl=1 1.5x, https:\/\/i0.wp.com\/correiodasemana.com\/site\/wp-content\/uploads\/2021\/03\/image-40-768x481-1.png?resize=700%2C400&ssl=1 2x"},"classes":[]},{"id":17033,"url":"https:\/\/correiodasemana.com\/site\/sobral-segue-avancando-na-vacinacao-com-mais-de-1-700-pessoas-vacinadas-em-um-unico-dia-e-ocupacao-de-numero-de-leitos-decresce\/","url_meta":{"origin":11946,"position":3},"title":"Sobral segue avan\u00e7ando na vacina\u00e7\u00e3o com mais de 1.700 pessoas vacinadas em um \u00fanico dia e ocupa\u00e7\u00e3o de n\u00famero de leitos decresce","author":"","date":"Julho 19, 2021","format":false,"excerpt":"Por Samuel Carvalho - Reda\u00e7\u00e3o Correio da Semana A Secretaria da Sa\u00fade de Sobral aplicou 1.717 doses da vacina contra a Covid-19, em drive-thru, na noite do \u00faltimo domingo (11), na Pra\u00e7a do Theatro S\u00e3o Jo\u00e3o. Nessa leva de imuniza\u00e7\u00e3o foi disponibilizada em sua maioria a primeira dose dos imunizantes.\u2026","rel":"","context":"In &quot;Atualidade&quot;","block_context":{"text":"Atualidade","link":"https:\/\/correiodasemana.com\/site\/category\/atualidade\/"},"img":{"alt_text":"","src":"https:\/\/i0.wp.com\/correiodasemana.com\/site\/wp-content\/uploads\/2021\/07\/Sobral.jpg?resize=350%2C200&ssl=1","width":350,"height":200,"srcset":"https:\/\/i0.wp.com\/correiodasemana.com\/site\/wp-content\/uploads\/2021\/07\/Sobral.jpg?resize=350%2C200&ssl=1 1x, https:\/\/i0.wp.com\/correiodasemana.com\/site\/wp-content\/uploads\/2021\/07\/Sobral.jpg?resize=525%2C300&ssl=1 1.5x"},"classes":[]},{"id":16009,"url":"https:\/\/correiodasemana.com\/site\/santa-casa-de-misericordia-de-sobral-abre-novos-leitos-de-uti-e-enfermaria-para-tratamento-de-pacientes-com-covid-19\/","url_meta":{"origin":11946,"position":4},"title":"Santa Casa de Miseric\u00f3rdia de Sobral abre novos leitos de UTI e enfermaria para tratamento de pacientes com Covid-19","author":"","date":"Mar\u00e7o 22, 2021","format":false,"excerpt":"A\u00a0abertura dos novos leitos reitera o compromisso que a Santa Casa tem com a sociedade.\u00a0\u00a0 Com o avan\u00e7o da Covid-19 na Regi\u00e3o Norte do estado do Cear\u00e1, a Santa Casa de Miseric\u00f3rdia de Sobral abriu, nesta ter\u00e7a-feira (16\/03), dez leitos de Unidade de Terapia Intensiva (UTI) e dezesseis de enfermaria\u2026","rel":"","context":"In &quot;Atualidade&quot;","block_context":{"text":"Atualidade","link":"https:\/\/correiodasemana.com\/site\/category\/atualidade\/"},"img":{"alt_text":"","src":"https:\/\/i0.wp.com\/correiodasemana.com\/site\/wp-content\/uploads\/2021\/03\/IMG_5716.jpg?resize=350%2C200&ssl=1","width":350,"height":200,"srcset":"https:\/\/i0.wp.com\/correiodasemana.com\/site\/wp-content\/uploads\/2021\/03\/IMG_5716.jpg?resize=350%2C200&ssl=1 1x, https:\/\/i0.wp.com\/correiodasemana.com\/site\/wp-content\/uploads\/2021\/03\/IMG_5716.jpg?resize=525%2C300&ssl=1 1.5x, https:\/\/i0.wp.com\/correiodasemana.com\/site\/wp-content\/uploads\/2021\/03\/IMG_5716.jpg?resize=700%2C400&ssl=1 2x"},"classes":[]},{"id":11605,"url":"https:\/\/correiodasemana.com\/site\/santa-casa-de-misericordia-de-sobral-abre-nova-uti-com-10-leitos-para-covid-19\/","url_meta":{"origin":11946,"position":5},"title":"Santa Casa de Miseric\u00f3rdia de Sobral abre nova UTI com 10 leitos para Covid-19","author":"","date":"Julho 2, 2020","format":false,"excerpt":"A Santa Casa de Miseric\u00f3rdia de Sobral abriu, nesta sexta-feira (26\/06), a segunda Unidade de Terapia Intensiva (UTI) com 10 leitos destinados \u00e0 pacientes com Covid-19. O hospital, que passou a ser uma das refer\u00eancias na Regi\u00e3o Norte do Estado do Cear\u00e1 para atendimento e tratamento da doen\u00e7a, reestruturou alguns\u2026","rel":"","context":"In &quot;Atualidade&quot;","block_context":{"text":"Atualidade","link":"https:\/\/correiodasemana.com\/site\/category\/atualidade\/"},"img":{"alt_text":"","src":"https:\/\/i0.wp.com\/correiodasemana.com\/site\/wp-content\/uploads\/2020\/07\/Entrega-de-Flores-2-scaled.jpg?resize=350%2C200&ssl=1","width":350,"height":200,"srcset":"https:\/\/i0.wp.com\/correiodasemana.com\/site\/wp-content\/uploads\/2020\/07\/Entrega-de-Flores-2-scaled.jpg?resize=350%2C200&ssl=1 1x, https:\/\/i0.wp.com\/correiodasemana.com\/site\/wp-content\/uploads\/2020\/07\/Entrega-de-Flores-2-scaled.jpg?resize=525%2C300&ssl=1 1.5x, https:\/\/i0.wp.com\/correiodasemana.com\/site\/wp-content\/uploads\/2020\/07\/Entrega-de-Flores-2-scaled.jpg?resize=700%2C400&ssl=1 2x, https:\/\/i0.wp.com\/correiodasemana.com\/site\/wp-content\/uploads\/2020\/07\/Entrega-de-Flores-2-scaled.jpg?resize=1050%2C600&ssl=1 3x, https:\/\/i0.wp.com\/correiodasemana.com\/site\/wp-content\/uploads\/2020\/07\/Entrega-de-Flores-2-scaled.jpg?resize=1400%2C800&ssl=1 4x"},"classes":[]}],"jetpack_sharing_enabled":true,"_links":{"self":[{"href":"https:\/\/correiodasemana.com\/site\/wp-json\/wp\/v2\/posts\/11946","targetHints":{"allow":["GET"]}}],"collection":[{"href":"https:\/\/correiodasemana.com\/site\/wp-json\/wp\/v2\/posts"}],"about":[{"href":"https:\/\/correiodasemana.com\/site\/wp-json\/wp\/v2\/types\/post"}],"author":[{"embeddable":true,"href":"https:\/\/correiodasemana.com\/site\/wp-json\/wp\/v2\/users\/1"}],"replies":[{"embeddable":true,"href":"https:\/\/correiodasemana.com\/site\/wp-json\/wp\/v2\/comments?post=11946"}],"version-history":[{"count":1,"href":"https:\/\/correiodasemana.com\/site\/wp-json\/wp\/v2\/posts\/11946\/revisions"}],"predecessor-version":[{"id":11948,"href":"https:\/\/correiodasemana.com\/site\/wp-json\/wp\/v2\/posts\/11946\/revisions\/11948"}],"wp:featuredmedia":[{"embeddable":true,"href":"https:\/\/correiodasemana.com\/site\/wp-json\/wp\/v2\/media\/11947"}],"wp:attachment":[{"href":"https:\/\/correiodasemana.com\/site\/wp-json\/wp\/v2\/media?parent=11946"}],"wp:term":[{"taxonomy":"category","embeddable":true,"href":"https:\/\/correiodasemana.com\/site\/wp-json\/wp\/v2\/categories?post=11946"},{"taxonomy":"post_tag","embeddable":true,"href":"https:\/\/correiodasemana.com\/site\/wp-json\/wp\/v2\/tags?post=11946"}],"curies":[{"name":"wp","href":"https:\/\/api.w.org\/{rel}","templated":true}]}}