{"id":11949,"date":"2020-07-19T04:13:40","date_gmt":"2020-07-19T04:13:40","guid":{"rendered":"https:\/\/correiodasemana.com\/site\/?p=11949"},"modified":"2020-07-19T04:14:22","modified_gmt":"2020-07-19T04:14:22","slug":"dom-vasconcelos-preside-celebracao-a-nossa-senhora-do-carmo","status":"publish","type":"post","link":"https:\/\/correiodasemana.com\/site\/dom-vasconcelos-preside-celebracao-a-nossa-senhora-do-carmo\/","title":{"rendered":"Dom Vasconcelos preside celebra\u00e7\u00e3o \u00e0 Nossa Senhora do Carmo"},"content":{"rendered":"<p><img fetchpriority=\"high\" decoding=\"async\" class=\"aligncenter size-full wp-image-11950\" src=\"https:\/\/correiodasemana.com\/site\/wp-content\/uploads\/2020\/07\/DSC0117.jpg\" alt=\"\" width=\"968\" height=\"648\" srcset=\"https:\/\/correiodasemana.com\/site\/wp-content\/uploads\/2020\/07\/DSC0117.jpg 968w, https:\/\/correiodasemana.com\/site\/wp-content\/uploads\/2020\/07\/DSC0117-300x201.jpg 300w, https:\/\/correiodasemana.com\/site\/wp-content\/uploads\/2020\/07\/DSC0117-768x514.jpg 768w\" sizes=\"(max-width: 968px) 100vw, 968px\" \/><\/p>\n<p><img decoding=\"async\" class=\"aligncenter size-full wp-image-11951\" src=\"https:\/\/correiodasemana.com\/site\/wp-content\/uploads\/2020\/07\/DSC0222.jpg\" alt=\"\" width=\"968\" height=\"648\" srcset=\"https:\/\/correiodasemana.com\/site\/wp-content\/uploads\/2020\/07\/DSC0222.jpg 968w, https:\/\/correiodasemana.com\/site\/wp-content\/uploads\/2020\/07\/DSC0222-300x201.jpg 300w, https:\/\/correiodasemana.com\/site\/wp-content\/uploads\/2020\/07\/DSC0222-768x514.jpg 768w\" sizes=\"(max-width: 968px) 100vw, 968px\" \/><\/p>\n<p><img decoding=\"async\" class=\"aligncenter size-full wp-image-11952\" src=\"https:\/\/correiodasemana.com\/site\/wp-content\/uploads\/2020\/07\/DSC0385.jpg\" alt=\"\" width=\"999\" height=\"669\" srcset=\"https:\/\/correiodasemana.com\/site\/wp-content\/uploads\/2020\/07\/DSC0385.jpg 999w, https:\/\/correiodasemana.com\/site\/wp-content\/uploads\/2020\/07\/DSC0385-300x201.jpg 300w, https:\/\/correiodasemana.com\/site\/wp-content\/uploads\/2020\/07\/DSC0385-768x514.jpg 768w\" sizes=\"(max-width: 999px) 100vw, 999px\" \/><\/p>\n<p>Na ocasi\u00e3o, foram homenageados os profissionais da sa\u00fade, motoristas de carros f\u00fanebres, profissionais da seguran\u00e7a, coveiros, garis e os demais trabalhadores relacionados \u00e0 luta di\u00e1ria instalada pelo coronav\u00edrus<\/p>\n<p>Na \u00faltima quinta-feira (16) a igreja cat\u00f3lica celebrou o dia de Nossa Senhora do Carmo, padroeira da Ordem dos Carmelitas. No mesmo dia, o bispo Dom Vasconcelos presidiu a solene celebra\u00e7\u00e3o eucar\u00edstica, acompanhado pelo padre Lucione Queiroz e padre Herlandino, na igreja Catedral da S\u00e9.<br \/>\nNa ocasi\u00e3o, foram homenageados os profissionais da sa\u00fade, motoristas de carros f\u00fanebres, profissionais da seguran\u00e7a, coveiros, garis e os demais trabalhadores relacionados \u00e0 luta di\u00e1ria instalada pelo coronav\u00edrus. Esteve presente na catedral, um representante de cada profiss\u00e3o envolvida, seguindo o distanciamento aconselhado pelas autoridades sanit\u00e1rias. Em seguida, o padre Lucione iniciou a celebra\u00e7\u00e3o em honra de Maria, a m\u00e3e de Jesus, em seus diversos t\u00edtulos de venera\u00e7\u00e3o.<br \/>\nDom Vasconcelos mencionou a alegria em retornar a casa da m\u00e3e de Jesus e festejar a Virgem do Monte Carmelo, Nossa Senhora do Carmo.<br \/>\nEm homilia, o bispo falou sobre o Monte Carmelo, de onde se enxerga o Mar Mediterr\u00e2neo, citado na sagrada escritura, e testemunho do duelo espiritual de profetas. \u201cEle foi procurado por alguns eremitas, monges eremitas que queriam viver anos de solid\u00e3o mas uma vida de comunh\u00e3o com Deus. E ali iniciaram a devo\u00e7\u00e3o por Nossa Senhora do Monte Carmelo\u201d, explica.<br \/>\nDom Vasconcelos refletiu sobre a busca do monte como a procura de um lugar elevado e um encontro com Deus na vida. Citando santos carmelitas que fizeram a trajet\u00f3ria at\u00e9 o Monte Carmelo. \u201cComo \u00e9 que n\u00f3s pudemos subir ao monte?\u201d, questionou o bispo diocesano, contando a experi\u00eancia do profeta Elias. \u201c\u00c9 necess\u00e1rio, em primeiro lugar, abrir os ouvidos para escutar Deus. Na montanha, Elias fez uma experi\u00eancia de Deus. Ele descobriu que Deus n\u00e3o estava em uma ventania, que Deus n\u00e3o estava presente em um terremoto, ele n\u00e3o encontrou Deus no fogo abrasador. Ele encontrou Deus em uma brisa suave\u201d, pontuou Dom Vasconcelos.<br \/>\nEle tamb\u00e9m falou sobre a palavra de Deus e suas provoca\u00e7\u00f5es, dando exemplo de Maria sant\u00edssima que abriu seu cora\u00e7\u00e3o para a palavra do Senhor. \u201cEis aqui a serva do senhor, fa\u00e7a de mim segundo a tua palavra. E a partir daquele momento, o verbo de Deus, a palavra de Deus, se encarnou no ventre pur\u00edssimo da Virgem Maria\u201d. disse.<br \/>\nSegundo o bispo diocesano, \u00e9 preciso usar o sil\u00eancio para escutar a palavra. \u201cEu conhe\u00e7o pessoas que n\u00e3o suportam o sil\u00eancio, que se inquietam durante o sil\u00eancio. Eu admiro muito as monjas, as carmelitas, os monges, os carmelitas, aqueles que fazem uma op\u00e7\u00e3o de silenciar, de passar a maior parte do tempo no sil\u00eancio. No sil\u00eancio, Deus fala mais alto. \u00c9 necess\u00e1rio saber ouvir. Tem gente que n\u00e3o sabe escutar, tem gente que at\u00e9 para dormir liga o r\u00e1dio e fica inquieto quando chega em um lugar silencioso [&#8230;] \u00c9 necess\u00e1rio purificar os ouvidos, purificar a mente, purificar o cora\u00e7\u00e3o e saber escutar. Bem aventurado aquele que ouve a palavra de Deus, mas n\u00e3o apenas ouve, primeiro ouve, depois p\u00f5e em pr\u00e1tica. Quantas vezes Deus fala de diversas formas, de diversos modos e n\u00f3s n\u00e3o percebemos a sua voz? Que Nossa Senhora do Carmo, cuja festa hoje celebramos com tanta solenidade interceda por n\u00f3s\u201d.<br \/>\nDom Vasconcelos desejou que nesse per\u00edodo de pandemia, o entretenimento seja de uma leitura da palavra de Deus, acompanhado de uma reflex\u00e3o profunda da palavra da sagrada escritura.<br \/>\n\u201cTamb\u00e9m as nossas ora\u00e7\u00f5es por todos os irm\u00e3os e irm\u00e3s recuperados dessa Covid-19 que retornaram para suas casas ou aqueles que nem chegaram a ir para o hospital mas foram curados\u201d, dedicou o Pe. Lucione Queiroz.<br \/>\nPor Priscila Duarte<\/p>\n","protected":false},"excerpt":{"rendered":"<p>Na ocasi\u00e3o, foram homenageados os profissionais da sa\u00fade, motoristas de carros f\u00fanebres, profissionais da seguran\u00e7a,&#8230;<\/p>\n","protected":false},"author":1,"featured_media":11952,"comment_status":"open","ping_status":"open","sticky":false,"template":"","format":"standard","meta":{"_jetpack_memberships_contains_paid_content":false,"footnotes":"","jetpack_publicize_message":"","jetpack_publicize_feature_enabled":true,"jetpack_social_post_already_shared":true,"jetpack_social_options":{"image_generator_settings":{"template":"highway","default_image_id":0,"font":"","enabled":false},"version":2}},"categories":[1],"tags":[],"class_list":["post-11949","post","type-post","status-publish","format-standard","has-post-thumbnail","hentry","category-atualidade"],"jetpack_publicize_connections":[],"jetpack_featured_media_url":"https:\/\/correiodasemana.com\/site\/wp-content\/uploads\/2020\/07\/DSC0385.jpg","jetpack-related-posts":[{"id":34695,"url":"https:\/\/correiodasemana.com\/site\/capela-do-menino-deus-celebra-a-festa-de-sua-co-padroeira-nossa-senhora-do-carmo\/","url_meta":{"origin":11949,"position":0},"title":"Capela do Menino Deus celebra a Festa de sua co-padroeira, Nossa Senhora do Carmo","author":"adminredacao","date":"Julho 21, 2025","format":false,"excerpt":"A Capela do Menino Deus realizou, de 7 a 16 de julho, a Festa em honra a Nossa Senhora do Carmo, com o tema: \u201cCom Nossa Senhora do Carmo, somos povo de Deus, peregrinos da esperan\u00e7a\u201d. Os noven\u00e1rios em prepara\u00e7\u00e3o para a festa lit\u00fargica contaram com a participa\u00e7\u00e3o expressiva de\u2026","rel":"","context":"In &quot;Atualidade&quot;","block_context":{"text":"Atualidade","link":"https:\/\/correiodasemana.com\/site\/category\/atualidade\/"},"img":{"alt_text":"","src":"https:\/\/i0.wp.com\/correiodasemana.com\/site\/wp-content\/uploads\/2025\/07\/WhatsApp-Image-2025-07-18-at-19.18.21-2-scaled.jpeg?resize=350%2C200&ssl=1","width":350,"height":200,"srcset":"https:\/\/i0.wp.com\/correiodasemana.com\/site\/wp-content\/uploads\/2025\/07\/WhatsApp-Image-2025-07-18-at-19.18.21-2-scaled.jpeg?resize=350%2C200&ssl=1 1x, https:\/\/i0.wp.com\/correiodasemana.com\/site\/wp-content\/uploads\/2025\/07\/WhatsApp-Image-2025-07-18-at-19.18.21-2-scaled.jpeg?resize=525%2C300&ssl=1 1.5x, https:\/\/i0.wp.com\/correiodasemana.com\/site\/wp-content\/uploads\/2025\/07\/WhatsApp-Image-2025-07-18-at-19.18.21-2-scaled.jpeg?resize=700%2C400&ssl=1 2x, https:\/\/i0.wp.com\/correiodasemana.com\/site\/wp-content\/uploads\/2025\/07\/WhatsApp-Image-2025-07-18-at-19.18.21-2-scaled.jpeg?resize=1050%2C600&ssl=1 3x, https:\/\/i0.wp.com\/correiodasemana.com\/site\/wp-content\/uploads\/2025\/07\/WhatsApp-Image-2025-07-18-at-19.18.21-2-scaled.jpeg?resize=1400%2C800&ssl=1 4x"},"classes":[]},{"id":20558,"url":"https:\/\/correiodasemana.com\/site\/diocese-de-sobral-acolhe-imagem-peregrina-e-dom-vasconcelos-ordena-primeiro-diacono-permanente\/","url_meta":{"origin":11949,"position":1},"title":"Diocese de Sobral acolhe imagem peregrina e Dom Vasconcelos ordena primeiro Di\u00e1cono Permanente","author":"","date":"Julho 25, 2022","format":false,"excerpt":"(Thais Helena \u2013 Reda\u00e7\u00e3o Correio da Semana) No S\u00e1bado, dia 16 de Julho, na comemora\u00e7\u00e3o da festa de Nossa Senhora do Carmo, no patamar da Igreja Catedral de Sobral, ocorreu o acolhimento da imagem peregrina de Nossa Senhora de F\u00e1tima. Dezenas de fi\u00e9is estiverem presentes e foram animados por can\u00e7\u00f5es\u2026","rel":"","context":"In &quot;Atualidade&quot;","block_context":{"text":"Atualidade","link":"https:\/\/correiodasemana.com\/site\/category\/atualidade\/"},"img":{"alt_text":"","src":"https:\/\/i0.wp.com\/correiodasemana.com\/site\/wp-content\/uploads\/2022\/07\/WhatsApp-Image-2022-07-22-at-20.51.54.jpeg?resize=350%2C200&ssl=1","width":350,"height":200,"srcset":"https:\/\/i0.wp.com\/correiodasemana.com\/site\/wp-content\/uploads\/2022\/07\/WhatsApp-Image-2022-07-22-at-20.51.54.jpeg?resize=350%2C200&ssl=1 1x, https:\/\/i0.wp.com\/correiodasemana.com\/site\/wp-content\/uploads\/2022\/07\/WhatsApp-Image-2022-07-22-at-20.51.54.jpeg?resize=525%2C300&ssl=1 1.5x, https:\/\/i0.wp.com\/correiodasemana.com\/site\/wp-content\/uploads\/2022\/07\/WhatsApp-Image-2022-07-22-at-20.51.54.jpeg?resize=700%2C400&ssl=1 2x, https:\/\/i0.wp.com\/correiodasemana.com\/site\/wp-content\/uploads\/2022\/07\/WhatsApp-Image-2022-07-22-at-20.51.54.jpeg?resize=1050%2C600&ssl=1 3x"},"classes":[]},{"id":20423,"url":"https:\/\/correiodasemana.com\/site\/igreja-do-menino-deus-dom-vasconcelos-preside-santa-missa-na-ultima-novena-de-nossa-senhora-do-carmo\/","url_meta":{"origin":11949,"position":2},"title":"Igreja do Menino Deus: Dom Vasconcelos preside Santa Missa na \u00faltima novena de Nossa Senhora do Carmo","author":"","date":"Julho 17, 2022","format":false,"excerpt":"(Thais Helena \u2013 Reda\u00e7\u00e3o Correio da Semana) Nesta sexta-feira (15), aconteceu a \u00faltima novena em honra a Nossa Senhora do Carmo na Igreja do Menino Deus. Assim como nos dias anteriores, os devotos e devotas participaram efetivamente deste retiro espiritual em prepara\u00e7\u00e3o para a festa. Dom Vasconcelos presidiu a Santa\u2026","rel":"","context":"In &quot;Atualidade&quot;","block_context":{"text":"Atualidade","link":"https:\/\/correiodasemana.com\/site\/category\/atualidade\/"},"img":{"alt_text":"","src":"https:\/\/i0.wp.com\/correiodasemana.com\/site\/wp-content\/uploads\/2022\/07\/menino-deus.jpg?resize=350%2C200&ssl=1","width":350,"height":200,"srcset":"https:\/\/i0.wp.com\/correiodasemana.com\/site\/wp-content\/uploads\/2022\/07\/menino-deus.jpg?resize=350%2C200&ssl=1 1x, https:\/\/i0.wp.com\/correiodasemana.com\/site\/wp-content\/uploads\/2022\/07\/menino-deus.jpg?resize=525%2C300&ssl=1 1.5x, https:\/\/i0.wp.com\/correiodasemana.com\/site\/wp-content\/uploads\/2022\/07\/menino-deus.jpg?resize=700%2C400&ssl=1 2x, https:\/\/i0.wp.com\/correiodasemana.com\/site\/wp-content\/uploads\/2022\/07\/menino-deus.jpg?resize=1050%2C600&ssl=1 3x"},"classes":[]},{"id":29319,"url":"https:\/\/correiodasemana.com\/site\/dom-vasconcelos-preside-solenidade-da-ascensao-do-senhor-na-catedral\/","url_meta":{"origin":11949,"position":3},"title":"Dom Vasconcelos preside Solenidade da Ascens\u00e3o do Senhor na Catedral","author":"adminredacao","date":"Maio 20, 2024","format":false,"excerpt":"No 7\u00ba Domingo da P\u00e1scoa, 12 de maio, a Igreja Cat\u00f3lica celebra a Solenidade da Ascens\u00e3o do Senhor. Na ocasi\u00e3o, os diocesanos celebraram tamb\u00e9m em A\u00e7\u00e3o de Gra\u00e7as pelos dias das m\u00e3es e Anivers\u00e1rio Natal\u00edcio de Dom Vasconcelos, bispo diocesano. A ascens\u00e3o do Senhor \u00e9 o coroamento da Sua Ressurrei\u00e7\u00e3o;\u2026","rel":"","context":"In &quot;Atualidade&quot;","block_context":{"text":"Atualidade","link":"https:\/\/correiodasemana.com\/site\/category\/atualidade\/"},"img":{"alt_text":"","src":"https:\/\/i0.wp.com\/correiodasemana.com\/site\/wp-content\/uploads\/2024\/05\/WhatsApp-Image-2024-05-17-at-21.22.59.jpeg?resize=350%2C200&ssl=1","width":350,"height":200,"srcset":"https:\/\/i0.wp.com\/correiodasemana.com\/site\/wp-content\/uploads\/2024\/05\/WhatsApp-Image-2024-05-17-at-21.22.59.jpeg?resize=350%2C200&ssl=1 1x, https:\/\/i0.wp.com\/correiodasemana.com\/site\/wp-content\/uploads\/2024\/05\/WhatsApp-Image-2024-05-17-at-21.22.59.jpeg?resize=525%2C300&ssl=1 1.5x, https:\/\/i0.wp.com\/correiodasemana.com\/site\/wp-content\/uploads\/2024\/05\/WhatsApp-Image-2024-05-17-at-21.22.59.jpeg?resize=700%2C400&ssl=1 2x, https:\/\/i0.wp.com\/correiodasemana.com\/site\/wp-content\/uploads\/2024\/05\/WhatsApp-Image-2024-05-17-at-21.22.59.jpeg?resize=1050%2C600&ssl=1 3x, https:\/\/i0.wp.com\/correiodasemana.com\/site\/wp-content\/uploads\/2024\/05\/WhatsApp-Image-2024-05-17-at-21.22.59.jpeg?resize=1400%2C800&ssl=1 4x"},"classes":[]},{"id":32017,"url":"https:\/\/correiodasemana.com\/site\/dom-vasconcelos-preside-solenidades-que-marcam-o-natal-do-senhor-na-se-catedral-de-sobral\/","url_meta":{"origin":11949,"position":4},"title":"Dom Vasconcelos preside solenidades que marcam o Natal do Senhor na S\u00e9 Catedral de Sobral","author":"adminredacao","date":"Janeiro 15, 2025","format":false,"excerpt":"Solene Vig\u00edlia Pascal No dia 24 de dezembro, a Igreja em todo o mundo celebrou a Solene Vig\u00edlia do Natal do Senhor. Dom Vasconcelos presidiu a solenidade na S\u00e9 Catedral de Nossa Senhora da Concei\u00e7\u00e3o, em Sobral. Com a celebra\u00e7\u00e3o das Primeiras V\u00e9speras, inicia-se o Tempo do Natal do Senhor,\u2026","rel":"","context":"In &quot;Atualidade&quot;","block_context":{"text":"Atualidade","link":"https:\/\/correiodasemana.com\/site\/category\/atualidade\/"},"img":{"alt_text":"","src":"https:\/\/i0.wp.com\/correiodasemana.com\/site\/wp-content\/uploads\/2025\/01\/foto-1.jpeg?resize=350%2C200&ssl=1","width":350,"height":200,"srcset":"https:\/\/i0.wp.com\/correiodasemana.com\/site\/wp-content\/uploads\/2025\/01\/foto-1.jpeg?resize=350%2C200&ssl=1 1x, https:\/\/i0.wp.com\/correiodasemana.com\/site\/wp-content\/uploads\/2025\/01\/foto-1.jpeg?resize=525%2C300&ssl=1 1.5x, https:\/\/i0.wp.com\/correiodasemana.com\/site\/wp-content\/uploads\/2025\/01\/foto-1.jpeg?resize=700%2C400&ssl=1 2x, https:\/\/i0.wp.com\/correiodasemana.com\/site\/wp-content\/uploads\/2025\/01\/foto-1.jpeg?resize=1050%2C600&ssl=1 3x"},"classes":[]},{"id":33854,"url":"https:\/\/correiodasemana.com\/site\/comunidade-fraternidade-mariana-porta-do-ceu-celebra-20-anos-de-missao-em-ipu\/","url_meta":{"origin":11949,"position":5},"title":"Comunidade Fraternidade Mariana Porta do C\u00e9u celebra 20 anos de miss\u00e3o em Ipu","author":"adminredacao","date":"Maio 19, 2025","format":false,"excerpt":"No final da tarde da \u00faltima quinta-feira, 14 de maio, Dom Vasconcelos realizou uma visita \u00e0 casa da Comunidade Fraternidade Mariana Porta do C\u00e9u, localizada no munic\u00edpio de Ipu. Na ocasi\u00e3o festiva, o bispo diocesano descerrrou a placa comemorativa pelos 20 anos de funda\u00e7\u00e3o da comunidade, celebrando junto aos membros,\u2026","rel":"","context":"In &quot;Atualidade&quot;","block_context":{"text":"Atualidade","link":"https:\/\/correiodasemana.com\/site\/category\/atualidade\/"},"img":{"alt_text":"","src":"https:\/\/i0.wp.com\/correiodasemana.com\/site\/wp-content\/uploads\/2025\/05\/Aniversario-Porta-do-Ceu-150.jpg?resize=350%2C200&ssl=1","width":350,"height":200,"srcset":"https:\/\/i0.wp.com\/correiodasemana.com\/site\/wp-content\/uploads\/2025\/05\/Aniversario-Porta-do-Ceu-150.jpg?resize=350%2C200&ssl=1 1x, https:\/\/i0.wp.com\/correiodasemana.com\/site\/wp-content\/uploads\/2025\/05\/Aniversario-Porta-do-Ceu-150.jpg?resize=525%2C300&ssl=1 1.5x, https:\/\/i0.wp.com\/correiodasemana.com\/site\/wp-content\/uploads\/2025\/05\/Aniversario-Porta-do-Ceu-150.jpg?resize=700%2C400&ssl=1 2x, https:\/\/i0.wp.com\/correiodasemana.com\/site\/wp-content\/uploads\/2025\/05\/Aniversario-Porta-do-Ceu-150.jpg?resize=1050%2C600&ssl=1 3x, https:\/\/i0.wp.com\/correiodasemana.com\/site\/wp-content\/uploads\/2025\/05\/Aniversario-Porta-do-Ceu-150.jpg?resize=1400%2C800&ssl=1 4x"},"classes":[]}],"jetpack_sharing_enabled":true,"_links":{"self":[{"href":"https:\/\/correiodasemana.com\/site\/wp-json\/wp\/v2\/posts\/11949","targetHints":{"allow":["GET"]}}],"collection":[{"href":"https:\/\/correiodasemana.com\/site\/wp-json\/wp\/v2\/posts"}],"about":[{"href":"https:\/\/correiodasemana.com\/site\/wp-json\/wp\/v2\/types\/post"}],"author":[{"embeddable":true,"href":"https:\/\/correiodasemana.com\/site\/wp-json\/wp\/v2\/users\/1"}],"replies":[{"embeddable":true,"href":"https:\/\/correiodasemana.com\/site\/wp-json\/wp\/v2\/comments?post=11949"}],"version-history":[{"count":1,"href":"https:\/\/correiodasemana.com\/site\/wp-json\/wp\/v2\/posts\/11949\/revisions"}],"predecessor-version":[{"id":11953,"href":"https:\/\/correiodasemana.com\/site\/wp-json\/wp\/v2\/posts\/11949\/revisions\/11953"}],"wp:featuredmedia":[{"embeddable":true,"href":"https:\/\/correiodasemana.com\/site\/wp-json\/wp\/v2\/media\/11952"}],"wp:attachment":[{"href":"https:\/\/correiodasemana.com\/site\/wp-json\/wp\/v2\/media?parent=11949"}],"wp:term":[{"taxonomy":"category","embeddable":true,"href":"https:\/\/correiodasemana.com\/site\/wp-json\/wp\/v2\/categories?post=11949"},{"taxonomy":"post_tag","embeddable":true,"href":"https:\/\/correiodasemana.com\/site\/wp-json\/wp\/v2\/tags?post=11949"}],"curies":[{"name":"wp","href":"https:\/\/api.w.org\/{rel}","templated":true}]}}